{"id":93231,"date":"2025-01-27T23:50:45","date_gmt":"2025-01-28T03:50:45","guid":{"rendered":"https:\/\/lasprimeras.com.do\/?p=93231"},"modified":"2025-01-27T23:50:50","modified_gmt":"2025-01-28T03:50:50","slug":"la-policia-se-lambe-a-andres-de-los-santos-yanepa","status":"publish","type":"post","link":"https:\/\/lasprimeras.com.do\/index.php\/2025\/01\/27\/la-policia-se-lambe-a-andres-de-los-santos-yanepa\/","title":{"rendered":"La Polic\u00eda se lambe a Andr\u00e9s de los Santos &#8220;Yanepa&#8221;"},"content":{"rendered":"\n<p><strong>A\u00fan con temor, en Villa Mella-Yamas\u00e1 vuelven a la normalidad. El temor de la banda provoc\u00f3 un toque de queda similar a los tiempos del COVID-19, dicen comunitarios<\/strong>.<\/p>\n\n\n\n<p>Los residentes del Kil\u00f3metro 20, de la carretera Villa Mella-Yamas\u00e1, est\u00e1n volviendo a la normalidad luego de varios d\u00edas de toques de queda voluntarios por temor a represalia de Andr\u00e9s de los Santos &#8220;Yanepa&#8221;, abatido este lunes por la Polic\u00eda Nacional.<\/p>\n\n\n\n<p>Desde el pasado jueves, negocios y escuelas cerraron y los comunitarios se recogieron ante la amenaza de la banda juvenil, a la que atribuyen la muerte de cinco personas que hab\u00edan denunciado sus fechor\u00edas.<\/p>\n\n\n\n<p>En sus v\u00edctimas est\u00e1n, seg\u00fan la uniformada, Jimmy Mu\u00f1oz, Adolfo Vergal Javier, Jos\u00e9 Augusto de la Rosa y Guillermo N\u00fa\u00f1ez de la Cruz. Adem\u00e1s, hirieron a Gengry N\u00fa\u00f1ez Montero y al cabo policial Jarlin de los Santos.<\/p>\n\n\n\n<p>Luego de ventilarse el caso, la Polic\u00eda despleg\u00f3 un contingente de 200 agentes de la Direcci\u00f3n Central de Investigaci\u00f3n (Dicrim) y unidades de \u00e9lites, quienes abatieron a Yanepa en el sector El Proyecto, a seis kil\u00f3metros del poblado, seg\u00fan un comunicado de prensa de la instituci\u00f3n.<\/p>\n\n\n\n<p>D\u00edas antes, la entidad apres\u00f3 a los supuestos miembros de la banda Rafaelito Valera Fr\u00edas, alias &#8220;Ponguita&#8221;, mientras que el nombrado Leandro Carmona se entreg\u00f3 voluntariamente.<\/p>\n\n\n\n<p>La noche de este lunes, algunos negocios, como colmados, bancas y drinks, estaban abiertos, mientras que otros segu\u00edan cerrados por prevenci\u00f3n.<\/p>\n\n\n\n<p>La Escuela Primaria Maricano y el Liceo Liceo Nicol\u00e1s Herrera Pimentel reabrieron la docencia, informaron de forma breve algunos comunitarios, quienes ped\u00edan no tomarles fotos.<\/p>\n\n\n\n<p>Joaqu\u00edn Pedi\u00e9 Cleto narr\u00f3 que, el pasado s\u00e1bado, la situaci\u00f3n era como si fuera el confinamiento de la pandemia con la desolaci\u00f3n que hab\u00eda en el sector.<\/p>\n\n\n\n<p>Daniel Aquino, de su lado, tambi\u00e9n describi\u00f3 la situaci\u00f3n temeroso, pero reconoci\u00f3 el trabajo de la Polic\u00eda para normalizar la situaci\u00f3n.<\/p>\n\n\n\n<p>El se\u00f1or Euclides y sus amigos eran uno de los que estaba fuera del colmado jugando domin\u00f3 con sus amigos. Dijo que la gente se recogi\u00f3 por precauci\u00f3n, pero no porque sent\u00edan temor.<\/p>\n\n\n\n<p>Otros consultados indicaron que escucharon de la situaci\u00f3n, pero que no ten\u00edan mucho conocimiento, porque laboraban en Santo Domingo y regresaban a sus residencias en horas de la noche.<\/p>\n\n\n\n<p>En total, seis miembros de la banda de Yanepa est\u00e1n detenidos. Fueron remitidos al Ministerio P\u00fablico para conocerle medida de coerci\u00f3n, inform\u00f3 Diego Pesquiera, vocero de la Polic\u00eda.<\/p>\n","protected":false},"excerpt":{"rendered":"<p>A\u00fan con temor, en Villa Mella-Yamas\u00e1 vuelven a la normalidad. El temor de la banda provoc\u00f3 un toque de queda similar a los tiempos del COVID-19, dicen comunitarios. Los residentes&hellip;<\/p>\n","protected":false},"author":2,"featured_media":81683,"comment_status":"open","ping_status":"open","sticky":false,"template":"","format":"standard","meta":{"content-type":"","jetpack_post_was_ever_published":false,"_jetpack_newsletter_access":"","_jetpack_dont_email_post_to_subs":false,"_jetpack_newsletter_tier_id":0,"_jetpack_memberships_contains_paywalled_content":false,"_jetpack_memberships_contains_paid_content":false,"footnotes":""},"categories":[3057],"tags":[17183,48,16699,684,3666,17184],"class_list":["post-93231","post","type-post","status-publish","format-standard","has-post-thumbnail","hentry","category-militares","tag-andres-de-los-santos","tag-policia","tag-se-lambe","tag-villa-mella","tag-yamasa","tag-yanepa"],"jetpack_featured_media_url":"https:\/\/lasprimeras.com.do\/wp-content\/uploads\/2024\/04\/Patrulla-PN.jpg","jetpack-related-posts":[{"id":109798,"url":"https:\/\/lasprimeras.com.do\/index.php\/2025\/09\/22\/apresan-uno-de-cinco-antisociales-tras-asalto-a-comercio-en-villa-mella\/","url_meta":{"origin":93231,"position":0},"title":"Apresan uno de cinco antisociales tras asalto a comercio en Villa Mella","author":"Nelson Feliz","date":"22 de septiembre de 2025","format":false,"excerpt":"Agentes de la Polic\u00eda Preventiva y de la Subdirecci\u00f3n Central de Investigaci\u00f3n (DICRIM) apresaron en flagrante delito a uno de cinco antisociales que asaltaron un establecimiento comercial ubicado en la carretera Villa Mella\u2013Yamas\u00e1, sector San Felipe, Santo Domingo Norte. El detenido es Wilford Alexis P\u00e9rez (a) \u201cEl Realdiga\u201d, de 18\u2026","rel":"","context":"En \u00abMILITARES\u00bb","block_context":{"text":"MILITARES","link":"https:\/\/lasprimeras.com.do\/index.php\/category\/militares\/"},"img":{"alt_text":"","src":"https:\/\/i0.wp.com\/lasprimeras.com.do\/wp-content\/uploads\/2025\/09\/El-Realdiga.jpg?resize=350%2C200&ssl=1","width":350,"height":200,"srcset":"https:\/\/i0.wp.com\/lasprimeras.com.do\/wp-content\/uploads\/2025\/09\/El-Realdiga.jpg?resize=350%2C200&ssl=1 1x, https:\/\/i0.wp.com\/lasprimeras.com.do\/wp-content\/uploads\/2025\/09\/El-Realdiga.jpg?resize=525%2C300&ssl=1 1.5x, https:\/\/i0.wp.com\/lasprimeras.com.do\/wp-content\/uploads\/2025\/09\/El-Realdiga.jpg?resize=700%2C400&ssl=1 2x"},"classes":[]},{"id":124197,"url":"https:\/\/lasprimeras.com.do\/index.php\/2026\/03\/09\/reconocidos-ladrones-mantienen-en-zozobra-al-sector-la-esperanza-de-villa-mella\/","url_meta":{"origin":93231,"position":1},"title":"Reconocidos ladrones mantienen en zozobra al sector La Esperanza de Villa Mella","author":"Nelson Feliz","date":"9 de marzo de 2026","format":false,"excerpt":"\u201cViejo\u201d (el hijo) y \u201cChago\u201d (el padre) dos reconocidos ladrones del sector La Esperanza de Villa Mella Residentes de la calle Miguel Ma\u00f1\u00f3n, en el sector La Esperanza de Villa Mella, entrada de los Guaricanos, denuncian vivir en estado de p\u00e1nico ante la presencia de dos delincuentes, lacras sociales \u2014padre\u2026","rel":"","context":"En \u00abNACIONALES\u00bb","block_context":{"text":"NACIONALES","link":"https:\/\/lasprimeras.com.do\/index.php\/category\/nacionales\/"},"img":{"alt_text":"","src":"https:\/\/i0.wp.com\/lasprimeras.com.do\/wp-content\/uploads\/2026\/03\/robando-casa-ganzuado-tecnicas-robo-protege-tu-comunidad-con-esvision.jpg?resize=350%2C200&ssl=1","width":350,"height":200,"srcset":"https:\/\/i0.wp.com\/lasprimeras.com.do\/wp-content\/uploads\/2026\/03\/robando-casa-ganzuado-tecnicas-robo-protege-tu-comunidad-con-esvision.jpg?resize=350%2C200&ssl=1 1x, https:\/\/i0.wp.com\/lasprimeras.com.do\/wp-content\/uploads\/2026\/03\/robando-casa-ganzuado-tecnicas-robo-protege-tu-comunidad-con-esvision.jpg?resize=525%2C300&ssl=1 1.5x"},"classes":[]},{"id":112165,"url":"https:\/\/lasprimeras.com.do\/index.php\/2025\/10\/19\/abinader-inaugura-el-polideportivo-club-rafael-osvaldo-mercedes-crom-en-villa-mella\/","url_meta":{"origin":93231,"position":2},"title":"Abinader inaugura el Polideportivo Club Rafael Osvaldo Mercedes \u201cCROM\u201d en Villa Mella","author":"Nelson Feliz","date":"19 de octubre de 2025","format":false,"excerpt":"Indica que, adem\u00e1s de este polideportivo, se han construido techados en Sabana Perdida Norte y Los Guaricanos, como parte de un plan de 30 instalaciones deportivas en el Gran Santo Domingo. El presidente Luis Abinader inaugur\u00f3 el Polideportivo Club Rafael Osvaldo Mercedes \u201cCROM\u201d en Villa Mella, una obra largamente esperada\u2026","rel":"","context":"En \u00abDEPORTES\u00bb","block_context":{"text":"DEPORTES","link":"https:\/\/lasprimeras.com.do\/index.php\/category\/deportes\/"},"img":{"alt_text":"","src":"https:\/\/i0.wp.com\/lasprimeras.com.do\/wp-content\/uploads\/2025\/10\/crom.jpg?resize=350%2C200&ssl=1","width":350,"height":200,"srcset":"https:\/\/i0.wp.com\/lasprimeras.com.do\/wp-content\/uploads\/2025\/10\/crom.jpg?resize=350%2C200&ssl=1 1x, https:\/\/i0.wp.com\/lasprimeras.com.do\/wp-content\/uploads\/2025\/10\/crom.jpg?resize=525%2C300&ssl=1 1.5x, https:\/\/i0.wp.com\/lasprimeras.com.do\/wp-content\/uploads\/2025\/10\/crom.jpg?resize=700%2C400&ssl=1 2x"},"classes":[]},{"id":125902,"url":"https:\/\/lasprimeras.com.do\/index.php\/2026\/03\/27\/fuertes-aguaceros-provocan-caos-en-el-gran-santo-domingo-y-el-dn\/","url_meta":{"origin":93231,"position":3},"title":"Fuertes aguaceros provocan caos en el Gran Santo Domingo y el DN","author":"Nelson Feliz","date":"27 de marzo de 2026","format":false,"excerpt":"Por Abdias Estrella Un fuerte aguacero que azot\u00f3 la ciudad de Santo Domingo ayer jueves provoc\u00f3 desorden y caos en varios sectores, especialmente en el puente que une el Santo Domingo con Villa Mella. El tr\u00e1nsito se vio gravemente afectado, con un enorme tap\u00f3n que se extendi\u00f3 desde la entrada\u2026","rel":"","context":"En \u00abNACIONALES\u00bb","block_context":{"text":"NACIONALES","link":"https:\/\/lasprimeras.com.do\/index.php\/category\/nacionales\/"},"img":{"alt_text":"","src":"https:\/\/i0.wp.com\/lasprimeras.com.do\/wp-content\/uploads\/2026\/03\/IMG-20260327-WA0248-scaled.jpg?resize=350%2C200&ssl=1","width":350,"height":200,"srcset":"https:\/\/i0.wp.com\/lasprimeras.com.do\/wp-content\/uploads\/2026\/03\/IMG-20260327-WA0248-scaled.jpg?resize=350%2C200&ssl=1 1x, https:\/\/i0.wp.com\/lasprimeras.com.do\/wp-content\/uploads\/2026\/03\/IMG-20260327-WA0248-scaled.jpg?resize=525%2C300&ssl=1 1.5x, https:\/\/i0.wp.com\/lasprimeras.com.do\/wp-content\/uploads\/2026\/03\/IMG-20260327-WA0248-scaled.jpg?resize=700%2C400&ssl=1 2x, https:\/\/i0.wp.com\/lasprimeras.com.do\/wp-content\/uploads\/2026\/03\/IMG-20260327-WA0248-scaled.jpg?resize=1050%2C600&ssl=1 3x, https:\/\/i0.wp.com\/lasprimeras.com.do\/wp-content\/uploads\/2026\/03\/IMG-20260327-WA0248-scaled.jpg?resize=1400%2C800&ssl=1 4x"},"classes":[]},{"id":92440,"url":"https:\/\/lasprimeras.com.do\/index.php\/2025\/01\/04\/la-iglesia-de-jesucristo-sud-deja-iniciada-la-construccion-de-una-capilla-en-punta-de-villa-mella\/","url_meta":{"origin":93231,"position":4},"title":"La Iglesia de Jesucristo SUD deja iniciada la construcci\u00f3n de una capilla en Punta de Villa Mella","author":"Nelson Feliz","date":"4 de enero de 2025","format":false,"excerpt":"Dicha capilla fue dedicada como un espacio de adoraci\u00f3n a Dios, refugio, amor, paz, armon\u00eda y espiritualidad. Con la presencia de gran parte de sus miembros, l\u00edderes comunitarios y pol\u00edticos del municipio, La Iglesia de Jesucristo de los Santos de los \u00daltimos D\u00edas dej\u00f3 iniciado este s\u00e1bado los trabajos de\u2026","rel":"","context":"En \u00abNACIONALES\u00bb","block_context":{"text":"NACIONALES","link":"https:\/\/lasprimeras.com.do\/index.php\/category\/nacionales\/"},"img":{"alt_text":"","src":"https:\/\/i0.wp.com\/lasprimeras.com.do\/wp-content\/uploads\/2025\/01\/capilla.jpg?resize=350%2C200&ssl=1","width":350,"height":200,"srcset":"https:\/\/i0.wp.com\/lasprimeras.com.do\/wp-content\/uploads\/2025\/01\/capilla.jpg?resize=350%2C200&ssl=1 1x, https:\/\/i0.wp.com\/lasprimeras.com.do\/wp-content\/uploads\/2025\/01\/capilla.jpg?resize=525%2C300&ssl=1 1.5x, https:\/\/i0.wp.com\/lasprimeras.com.do\/wp-content\/uploads\/2025\/01\/capilla.jpg?resize=700%2C400&ssl=1 2x"},"classes":[]},{"id":115114,"url":"https:\/\/lasprimeras.com.do\/index.php\/2025\/11\/19\/pn-proteje-joven-y-su-hijo-menor-tras-evitar-suicidio-en-puente-el-villa-mella-sdn\/","url_meta":{"origin":93231,"position":5},"title":"PN proteje joven y su hijo menor tras evitar suicidio en puente el Villa Mella, SDN","author":"Nelson Feliz","date":"19 de noviembre de 2025","format":false,"excerpt":"La Polic\u00eda Nacional, a trav\u00e9s del Departamento de Investigaci\u00f3n de Trata y Tr\u00e1fico de Personas y Delitos Conexos contra Menores de Edad, rescat\u00f3 y brind\u00f3 protecci\u00f3n a una joven y a su hijo de un a\u00f1o y ocho meses, luego de impedir que ambos se lanzaran desde el puente de\u2026","rel":"","context":"En \u00abMILITARES\u00bb","block_context":{"text":"MILITARES","link":"https:\/\/lasprimeras.com.do\/index.php\/category\/militares\/"},"img":{"alt_text":"","src":"https:\/\/i0.wp.com\/lasprimeras.com.do\/wp-content\/uploads\/2025\/11\/una-2.jpg?resize=350%2C200&ssl=1","width":350,"height":200,"srcset":"https:\/\/i0.wp.com\/lasprimeras.com.do\/wp-content\/uploads\/2025\/11\/una-2.jpg?resize=350%2C200&ssl=1 1x, https:\/\/i0.wp.com\/lasprimeras.com.do\/wp-content\/uploads\/2025\/11\/una-2.jpg?resize=525%2C300&ssl=1 1.5x, https:\/\/i0.wp.com\/lasprimeras.com.do\/wp-content\/uploads\/2025\/11\/una-2.jpg?resize=700%2C400&ssl=1 2x"},"classes":[]}],"jetpack_sharing_enabled":true,"_links":{"self":[{"href":"https:\/\/lasprimeras.com.do\/index.php\/wp-json\/wp\/v2\/posts\/93231","targetHints":{"allow":["GET"]}}],"collection":[{"href":"https:\/\/lasprimeras.com.do\/index.php\/wp-json\/wp\/v2\/posts"}],"about":[{"href":"https:\/\/lasprimeras.com.do\/index.php\/wp-json\/wp\/v2\/types\/post"}],"author":[{"embeddable":true,"href":"https:\/\/lasprimeras.com.do\/index.php\/wp-json\/wp\/v2\/users\/2"}],"replies":[{"embeddable":true,"href":"https:\/\/lasprimeras.com.do\/index.php\/wp-json\/wp\/v2\/comments?post=93231"}],"version-history":[{"count":1,"href":"https:\/\/lasprimeras.com.do\/index.php\/wp-json\/wp\/v2\/posts\/93231\/revisions"}],"predecessor-version":[{"id":93232,"href":"https:\/\/lasprimeras.com.do\/index.php\/wp-json\/wp\/v2\/posts\/93231\/revisions\/93232"}],"wp:featuredmedia":[{"embeddable":true,"href":"https:\/\/lasprimeras.com.do\/index.php\/wp-json\/wp\/v2\/media\/81683"}],"wp:attachment":[{"href":"https:\/\/lasprimeras.com.do\/index.php\/wp-json\/wp\/v2\/media?parent=93231"}],"wp:term":[{"taxonomy":"category","embeddable":true,"href":"https:\/\/lasprimeras.com.do\/index.php\/wp-json\/wp\/v2\/categories?post=93231"},{"taxonomy":"post_tag","embeddable":true,"href":"https:\/\/lasprimeras.com.do\/index.php\/wp-json\/wp\/v2\/tags?post=93231"}],"curies":[{"name":"wp","href":"https:\/\/api.w.org\/{rel}","templated":true}]}}