{"id":93263,"date":"2025-02-05T23:22:53","date_gmt":"2025-02-06T03:22:53","guid":{"rendered":"https:\/\/lasprimeras.com.do\/?p=93263"},"modified":"2025-02-05T23:22:54","modified_gmt":"2025-02-06T03:22:54","slug":"mp-concluye-con-la-incorporacion-de-pruebas-en-el-juicio-de-fondo-del-caso-antipulpo","status":"publish","type":"post","link":"https:\/\/lasprimeras.com.do\/index.php\/2025\/02\/05\/mp-concluye-con-la-incorporacion-de-pruebas-en-el-juicio-de-fondo-del-caso-antipulpo\/","title":{"rendered":"MP concluye con la incorporaci\u00f3n de pruebas en el juicio de fondo del caso Antipulpo"},"content":{"rendered":"\n<p><strong>Las pruebas testimoniales son m\u00e1s de cien, mientras que las materiales superan las cincuenta.<\/strong><\/p>\n\n\n\n<p>El Ministerio P\u00fablico concluy\u00f3 este mi\u00e9rcoles con la incorporaci\u00f3n de todas las pruebas en el juicio de fondo del caso de supuesta corrupci\u00f3n administrativa denominado operaci\u00f3n Antipulpo. El juicio se conoce en el Segundo Tribunal Colegiado del Distrito Nacional, conformado por las juezas Claribel Nivar, Clara Castillo y Jisell Soto.<\/p>\n\n\n\n<p>Seg\u00fan lo explicado por Mirna Ortiz, procuradora de Corte y coordinadora de Litigaci\u00f3n de la Procuradur\u00eda Especializada de Persecuci\u00f3n a la Corrupci\u00f3n Administrativa (Pepca), las pruebas testimoniales son m\u00e1s de cien, mientras que las materiales superan las cincuenta.<\/p>\n\n\n\n<p>&#8220;M\u00e1s de veinte peritajes fueron realizados a distintos equipos inform\u00e1ticos con extracciones de informaciones. Estos para el Ministerio P\u00fablico constituyen un gran paso de avance porque estamos cada vez m\u00e1s cerca de una sentencia condenatoria, cuando el tribunal examine y eval\u00fae&#8221;, signific\u00f3 Ortiz.<\/p>\n\n\n\n<p>Estas \u00faltimas semanas del juicio de fondo se han caracterizado por la presentaci\u00f3n de testigos en el sonado caso de corrupci\u00f3n.<\/p>\n\n\n\n<p>La perito perteneciente a la C\u00e1mara de Cuentas, Francisca Javier Santos, arremeti\u00f3 contra la supuesta &#8220;mafia de combustibles&#8221; que, aleg\u00f3, que se dio durante los a\u00f1os 2015 y 2017 entre la Polic\u00eda Nacional y la empresa Fuel Am\u00e9rica, propiedad del imputado Juan Alexis Medina S\u00e1nchez, el principal acusado en el caso.<\/p>\n\n\n\n<p>Declar\u00f3 que las auditor\u00edas realizadas a la empresa Fuel Am\u00e9rica, arrojaron que no exist\u00edan conduces de varias entregas de combustible a la Polic\u00eda Nacional.<\/p>\n\n\n\n<p>Adem\u00e1s, testific\u00f3 que la Polic\u00eda Nacional pag\u00f3 por combustible premium cuando se entreg\u00f3 combustible regular, lo que habr\u00eda beneficiado a Fuel Am\u00e9rica.<\/p>\n\n\n\n<p>En este juicio se sindica a Medina y otros encartados de asociaci\u00f3n de malhechores y de desfalcar al Estado con m\u00e1s de 4,500 millones de pesos.<\/p>\n\n\n\n<p>El Ministerio P\u00fablico dice, sobre todo, que Medina S\u00e1nchez se aprovech\u00f3 de su condici\u00f3n de hermano del expresidente Danilo Medina para, a trav\u00e9s de diversas instituciones negociar y as\u00ed estafar al Estado.<\/p>\n\n\n\n<p>Imputados<\/p>\n\n\n\n<p>El proceso sigue contra Juan Alexis Medina S\u00e1nchez, a quien se le acusa de utilizar su influencia como hermano del expresidente Medina para organizar un entramado societario que desviaba fondos del Estado dominicano mediante empresas interpuestas en los procesos de compras.<br>&#8220;Estas empresas se beneficiaban de contratos fraudulentos obtenidos gracias a su posici\u00f3n de poder.&#8221;<\/p>\n\n\n\n<p>As\u00ed como contra Carmen Magalys Medina S\u00e1nchez, quien en su calidad de vicepresidenta del Fondo Patrimonial de las Empresas Reformadas (Fonper), habr\u00eda facilitado procesos de compras simulados en beneficio de las empresas vinculadas al entramado liderado por su hermano.<\/p>\n\n\n\n<p>Por su parte, Fernando Manuel Rosa Rosa, expresidente del Fonper, presuntamente utiliz\u00f3 los recursos de la instituci\u00f3n para fines proselitistas, incluyendo la construcci\u00f3n de viviendas destinadas a campa\u00f1as pol\u00edticas.&#8221;<\/p>\n\n\n\n<p>El exministro de Salud P\u00fablica, Lorenzo Wilfredo (Freddy) Hidalgo N\u00fa\u00f1ez, est\u00e1 acusado de participar en la adjudicaci\u00f3n irregular de contratos a empresas vinculadas al entramado, permitiendo el desv\u00edo de fondos p\u00fablicos.<\/p>\n\n\n\n<p>Rafael Antonio Germos\u00e9n And\u00fajar, como excontralor general de la Rep\u00fablica, presuntamente facilit\u00f3 y encubri\u00f3 las operaciones fraudulentas, impidiendo que fueran detectadas por los controles internos.<\/p>\n\n\n\n<p>Aquiles Alejandro Christopher S\u00e1nchez, exdirector de Fiscalizaci\u00f3n de la Oisoe, es se\u00f1alado por aprobar y supervisar obras con sobrevaluaciones y pagos irregulares en beneficio de las empresas del entramado.<\/p>\n\n\n\n<p>Jos\u00e9 Dolores Santana Carmona es acusado de ser uno de los principales testaferros, prestando su nombre para la creaci\u00f3n de empresas ficticias que canalizaban los fondos desviados.<\/p>\n\n\n\n<p>De manera similar, Wacal Bernab\u00e9 M\u00e9ndez Pineda est\u00e1 acusado de participar en la falsificaci\u00f3n de documentos y la creaci\u00f3n de empresas fantasmas para simular competencias en licitaciones p\u00fablicas.<\/p>\n\n\n\n<p>Libni Arodi Valenzuela Matos habr\u00eda participado en la elaboraci\u00f3n de documentos falsos y gestionado empresas de carpeta que desviaban recursos hacia los l\u00edderes del entramado.<\/p>\n\n\n\n<p>Paola Mercedes Molina Suazo es acusada de ser intermediaria en las transacciones financieras del entramado, facilitando el movimiento y lavado de fondos il\u00edcitos.<\/p>\n\n\n\n<p>Carlos Mart\u00edn Montes de Oca V\u00e1squez, por su parte, habr\u00eda creado y administrado empresas ficticias, mientras que V\u00edctor Encarnaci\u00f3n Mat\u00edas Montero est\u00e1 imputado por colaborar en la log\u00edstica de los fraudes, incluyendo la coordinaci\u00f3n de entregas y servicios ficticios.<\/p>\n\n\n\n<p>Francisco Ram\u00f3n Brea Morel (Johnny Brea) habr\u00eda falsificado documentos relacionados con la entrega de materiales como el AC-30 para justificar pagos millonarios por servicios no realizados.<\/p>\n\n\n\n<p>Rigoberto Alc\u00e1ntara, Carlos Alarc\u00f3n Veras y Lina Ercilia de la Cruz est\u00e1n imputados por la administraci\u00f3n y creaci\u00f3n de empresas utilizadas para justificar los contratos fraudulentos.<\/p>\n\n\n\n<p>Finalmente, Pachristy Emmanuel Ram\u00edrez Pacheco, Antonio Florentino, Jos\u00e9 Miguel Genao, Fulvio Antonio Cabreja G\u00f3mez y Jos\u00e9 Idelfonso Correa son se\u00f1alados por facilitar la creaci\u00f3n de empresas y estructuras financieras para el blanqueo de capitales, permitiendo que los recursos desviados llegaran a los l\u00edderes del entramado sin levantar sospechas.<\/p>\n\n\n\n<p>Empresas vinculadas<\/p>\n\n\n\n<p>Domedical Supply, Fuel American Inc. Dominicana S.R.L., General Supply Corporations S.R.L., General Medical Solution A.M. S.R.L., Kyanred Supply S.R.L., Suim Suplidores Institucionales M\u00e9ndez, United Suppliers Corporations S.R.L.<\/p>\n\n\n\n<p>Tambi\u00e9n, Wattmax Dominicana S.R.L., WMI International SRL, Wonder Island Park S.R.L, Editorama S.R.L, Acorpor S.R.L, Centro de Medicina Reproductiva Integral y Atenci\u00f3n Femenina (Cemeraf) S.R.L, Ichor Oil S.R.L., Globus Electrical, Contratas Solution Services CSS S.R.L.<\/p>\n\n\n\n<p>Adem\u00e1s, figuran tambi\u00e9n Constructora Alc\u00e1ntara Bobea (Conalbo) S.R.L., R&amp;T Construcciones e Inversiones S.R.L., Proyectos Engineering &amp; Construction Pic SRL, Reivasapt Investments SRL, Suhold Transporte y Log\u00edstica.<\/p>\n","protected":false},"excerpt":{"rendered":"<p>Las pruebas testimoniales son m\u00e1s de cien, mientras que las materiales superan las cincuenta. El Ministerio P\u00fablico concluy\u00f3 este mi\u00e9rcoles con la incorporaci\u00f3n de todas las pruebas en el juicio&hellip;<\/p>\n","protected":false},"author":2,"featured_media":71333,"comment_status":"open","ping_status":"open","sticky":false,"template":"","format":"standard","meta":{"content-type":"","jetpack_post_was_ever_published":false,"_jetpack_newsletter_access":"","_jetpack_dont_email_post_to_subs":false,"_jetpack_newsletter_tier_id":0,"_jetpack_memberships_contains_paywalled_content":false,"_jetpack_memberships_contains_paid_content":false,"footnotes":""},"categories":[289],"tags":[8566,6051,8617,290,2269],"class_list":["post-93263","post","type-post","status-publish","format-standard","has-post-thumbnail","hentry","category-justicia","tag-caso-antipulpo","tag-incorporacion","tag-juicio-de-fondo","tag-ministerio-publico","tag-pruebas"],"jetpack_featured_media_url":"https:\/\/lasprimeras.com.do\/wp-content\/uploads\/2023\/12\/Alexis-Medina-Sanchez.jpg","jetpack-related-posts":[{"id":71288,"url":"https:\/\/lasprimeras.com.do\/index.php\/2023\/12\/19\/levantan-prision-domiciliaria-a-alexis-medina\/","url_meta":{"origin":93263,"position":0},"title":"Levantan prisi\u00f3n domiciliaria a Alexis Medina","author":"BIMARY DE JES\u00daS Matos","date":"19 de diciembre de 2023","format":false,"excerpt":"Santo Domingo.-El Segundo Tribunal Colegiado del Distrito Nacional levant\u00f3 la prisi\u00f3n domiciliaria y grillete electr\u00f3nico contra Alexis Medina, principal imputado del caso Antipulpo, sobre presunta corrupci\u00f3n administrativa. La jueza Yissel Soto estableci\u00f3 que mantiene impedimento de salida y garant\u00eda de 60 millones de pesos a trav\u00e9s de una compa\u00f1\u00eda aseguradora.\u2026","rel":"","context":"En \u00abNACIONALES\u00bb","block_context":{"text":"NACIONALES","link":"https:\/\/lasprimeras.com.do\/index.php\/category\/nacionales\/"},"img":{"alt_text":"","src":"https:\/\/i0.wp.com\/lasprimeras.com.do\/wp-content\/uploads\/2023\/12\/con-6-1.jpg?resize=350%2C200&ssl=1","width":350,"height":200,"srcset":"https:\/\/i0.wp.com\/lasprimeras.com.do\/wp-content\/uploads\/2023\/12\/con-6-1.jpg?resize=350%2C200&ssl=1 1x, https:\/\/i0.wp.com\/lasprimeras.com.do\/wp-content\/uploads\/2023\/12\/con-6-1.jpg?resize=525%2C300&ssl=1 1.5x"},"classes":[]},{"id":79221,"url":"https:\/\/lasprimeras.com.do\/index.php\/2024\/03\/25\/ministerio-publico-presenta-testigos-para-el-caso-pulpo\/","url_meta":{"origin":93263,"position":1},"title":"Ministerio P\u00fablico presenta testigos para el caso Pulpo","author":"BIMARY DE JES\u00daS Matos","date":"25 de marzo de 2024","format":false,"excerpt":"Santo Domingo.-Las juezas del Segundo Tribunal Colegiado del Distrito Nacional escuchar\u00e1n hoy a los testigos adoptados por el Ministerio P\u00fablico contra los imputados en el caso de corrupci\u00f3n denominado Pulpo. El proceso se reanuda luego de que el imputado Carlos Alarc\u00f3n Veras cumpliera una licencia de 14 d\u00edas por padecer\u2026","rel":"","context":"En \u00abNACIONALES\u00bb","block_context":{"text":"NACIONALES","link":"https:\/\/lasprimeras.com.do\/index.php\/category\/nacionales\/"},"img":{"alt_text":"","src":"https:\/\/i0.wp.com\/lasprimeras.com.do\/wp-content\/uploads\/2024\/03\/1-millon-de-jovenes-votaran-en-las-elecciones-municipales-3-1.jpg?resize=350%2C200&ssl=1","width":350,"height":200},"classes":[]},{"id":59130,"url":"https:\/\/lasprimeras.com.do\/index.php\/2023\/08\/31\/jueza-rechaza-poner-en-libertad-a-magalys-medina-y-a-fernando-rosa\/","url_meta":{"origin":93263,"position":2},"title":"Jueza rechaza poner en libertad a Magalys Medina y a Fernando Rosa","author":"Nelson Feliz","date":"31 de agosto de 2023","format":false,"excerpt":"La jueza del Segundo Tribunal Colegiado del Distrito Nacional, Claribel Nivar, rechaz\u00f3 este mi\u00e9rcoles el pedimento de variaci\u00f3n de medida de coerci\u00f3n a Carmen Magaly Medina y Fernando Rosa, imputados por el Ministerio P\u00fablico en el supuesto entramado de corrupci\u00f3n Antipulpo, que tiene como principal implicado a Alexis Medina, hermano\u2026","rel":"","context":"En \u00abJUSTICIA\u00bb","block_context":{"text":"JUSTICIA","link":"https:\/\/lasprimeras.com.do\/index.php\/category\/justicia\/"},"img":{"alt_text":"Fernando Rosa","src":"https:\/\/i0.wp.com\/lasprimeras.com.do\/wp-content\/uploads\/2023\/08\/Fernando-Rosa.jpg?resize=350%2C200&ssl=1","width":350,"height":200,"srcset":"https:\/\/i0.wp.com\/lasprimeras.com.do\/wp-content\/uploads\/2023\/08\/Fernando-Rosa.jpg?resize=350%2C200&ssl=1 1x, https:\/\/i0.wp.com\/lasprimeras.com.do\/wp-content\/uploads\/2023\/08\/Fernando-Rosa.jpg?resize=525%2C300&ssl=1 1.5x, https:\/\/i0.wp.com\/lasprimeras.com.do\/wp-content\/uploads\/2023\/08\/Fernando-Rosa.jpg?resize=700%2C400&ssl=1 2x"},"classes":[]},{"id":63863,"url":"https:\/\/lasprimeras.com.do\/index.php\/2023\/10\/16\/corte-debera-decidir-sobre-recusacion-del-mp-a-juezas-que-conocen-juicio-en-caso-antipulpo\/","url_meta":{"origin":93263,"position":3},"title":"Corte deber\u00e1 decidir sobre recusaci\u00f3n del MP a juezas que conocen juicio en caso Antipulpo","author":"Nelson Feliz","date":"16 de octubre de 2023","format":false,"excerpt":"La Segunda Sala Penal del Distrito Nacional conocer\u00e1 en c\u00e1mara de consejo en las pr\u00f3ximas horas la recusaci\u00f3n en contra de las juezas del Segundo Tribunal Colegiado, que conocen el juicio preliminar en contra de Alexis Medina y dem\u00e1s implicados en caso Antipulpo. El tribunal, integrado por Isis Mu\u00f1iz, Te\u00f3filo\u2026","rel":"","context":"En \u00abJUSTICIA\u00bb","block_context":{"text":"JUSTICIA","link":"https:\/\/lasprimeras.com.do\/index.php\/category\/justicia\/"},"img":{"alt_text":"Alexis Medina","src":"https:\/\/i0.wp.com\/lasprimeras.com.do\/wp-content\/uploads\/2023\/10\/Alexis-Medina.jpeg?resize=350%2C200&ssl=1","width":350,"height":200,"srcset":"https:\/\/i0.wp.com\/lasprimeras.com.do\/wp-content\/uploads\/2023\/10\/Alexis-Medina.jpeg?resize=350%2C200&ssl=1 1x, https:\/\/i0.wp.com\/lasprimeras.com.do\/wp-content\/uploads\/2023\/10\/Alexis-Medina.jpeg?resize=525%2C300&ssl=1 1.5x, https:\/\/i0.wp.com\/lasprimeras.com.do\/wp-content\/uploads\/2023\/10\/Alexis-Medina.jpeg?resize=700%2C400&ssl=1 2x"},"classes":[]},{"id":112869,"url":"https:\/\/lasprimeras.com.do\/index.php\/2025\/10\/27\/adan-caceres-recurre-a-supuestos-problemas-de-salud-como-tacticas-dilatorias-para-evitar-juicio-por-corrupcion\/","url_meta":{"origin":93263,"position":4},"title":"Ad\u00e1n C\u00e1ceres recurre a supuestos problemas de salud como t\u00e1cticas dilatorias para evitar juicio por corrupci\u00f3n","author":"Nelson Feliz","date":"27 de octubre de 2025","format":false,"excerpt":"\u00a0El proceso contra la red desmantelada con la Operaci\u00f3n Coral se encuentra en la recta final, solo a espera de que las defensas presenten sus conclusiones y las dem\u00e1s partes repliquen El Ministerio P\u00fablico revel\u00f3 este lunes que, a semanas de concluir el juicio, la defensa del mayor general Ad\u00e1n\u2026","rel":"","context":"En \u00abJUSTICIA\u00bb","block_context":{"text":"JUSTICIA","link":"https:\/\/lasprimeras.com.do\/index.php\/category\/justicia\/"},"img":{"alt_text":"Ad\u00e1n Benoni C\u00e1ceres Silvestre","src":"https:\/\/i0.wp.com\/lasprimeras.com.do\/wp-content\/uploads\/2025\/06\/ADAN.jpeg?resize=350%2C200&ssl=1","width":350,"height":200,"srcset":"https:\/\/i0.wp.com\/lasprimeras.com.do\/wp-content\/uploads\/2025\/06\/ADAN.jpeg?resize=350%2C200&ssl=1 1x, https:\/\/i0.wp.com\/lasprimeras.com.do\/wp-content\/uploads\/2025\/06\/ADAN.jpeg?resize=525%2C300&ssl=1 1.5x, https:\/\/i0.wp.com\/lasprimeras.com.do\/wp-content\/uploads\/2025\/06\/ADAN.jpeg?resize=700%2C400&ssl=1 2x"},"classes":[]},{"id":71321,"url":"https:\/\/lasprimeras.com.do\/index.php\/2023\/12\/19\/tribunal-levanta-la-prision-domiciliaria-y-uso-de-grilletes-a-alexis-medina\/","url_meta":{"origin":93263,"position":5},"title":"Tribunal levanta la prisi\u00f3n domiciliaria y uso de grilletes a Alexis Medina","author":"Nelson Feliz","date":"19 de diciembre de 2023","format":false,"excerpt":"Le mantuvo las medidas de coerci\u00f3n de impedimento de salida y el pago de garant\u00eda econ\u00f3mica. El Segundo Tribunal Colegiado del Distrito Nacional vari\u00f3 la noche de este lunes la medida de coerci\u00f3n a Alexis Medina, quien figura como el principal imputado del caso Antipulpo. La magistrada Yissell Soto dispuso\u2026","rel":"","context":"En \u00abJUSTICIA\u00bb","block_context":{"text":"JUSTICIA","link":"https:\/\/lasprimeras.com.do\/index.php\/category\/justicia\/"},"img":{"alt_text":"Alexis Medina S\u00e1nchez","src":"https:\/\/i0.wp.com\/lasprimeras.com.do\/wp-content\/uploads\/2023\/12\/Alexis-Medina-Sanchez.jpg?resize=350%2C200&ssl=1","width":350,"height":200,"srcset":"https:\/\/i0.wp.com\/lasprimeras.com.do\/wp-content\/uploads\/2023\/12\/Alexis-Medina-Sanchez.jpg?resize=350%2C200&ssl=1 1x, https:\/\/i0.wp.com\/lasprimeras.com.do\/wp-content\/uploads\/2023\/12\/Alexis-Medina-Sanchez.jpg?resize=525%2C300&ssl=1 1.5x, https:\/\/i0.wp.com\/lasprimeras.com.do\/wp-content\/uploads\/2023\/12\/Alexis-Medina-Sanchez.jpg?resize=700%2C400&ssl=1 2x"},"classes":[]}],"jetpack_sharing_enabled":true,"_links":{"self":[{"href":"https:\/\/lasprimeras.com.do\/index.php\/wp-json\/wp\/v2\/posts\/93263","targetHints":{"allow":["GET"]}}],"collection":[{"href":"https:\/\/lasprimeras.com.do\/index.php\/wp-json\/wp\/v2\/posts"}],"about":[{"href":"https:\/\/lasprimeras.com.do\/index.php\/wp-json\/wp\/v2\/types\/post"}],"author":[{"embeddable":true,"href":"https:\/\/lasprimeras.com.do\/index.php\/wp-json\/wp\/v2\/users\/2"}],"replies":[{"embeddable":true,"href":"https:\/\/lasprimeras.com.do\/index.php\/wp-json\/wp\/v2\/comments?post=93263"}],"version-history":[{"count":1,"href":"https:\/\/lasprimeras.com.do\/index.php\/wp-json\/wp\/v2\/posts\/93263\/revisions"}],"predecessor-version":[{"id":93264,"href":"https:\/\/lasprimeras.com.do\/index.php\/wp-json\/wp\/v2\/posts\/93263\/revisions\/93264"}],"wp:featuredmedia":[{"embeddable":true,"href":"https:\/\/lasprimeras.com.do\/index.php\/wp-json\/wp\/v2\/media\/71333"}],"wp:attachment":[{"href":"https:\/\/lasprimeras.com.do\/index.php\/wp-json\/wp\/v2\/media?parent=93263"}],"wp:term":[{"taxonomy":"category","embeddable":true,"href":"https:\/\/lasprimeras.com.do\/index.php\/wp-json\/wp\/v2\/categories?post=93263"},{"taxonomy":"post_tag","embeddable":true,"href":"https:\/\/lasprimeras.com.do\/index.php\/wp-json\/wp\/v2\/tags?post=93263"}],"curies":[{"name":"wp","href":"https:\/\/api.w.org\/{rel}","templated":true}]}}