{"id":93319,"date":"2025-02-07T22:14:30","date_gmt":"2025-02-08T02:14:30","guid":{"rendered":"https:\/\/lasprimeras.com.do\/?p=93319"},"modified":"2025-02-07T22:14:32","modified_gmt":"2025-02-08T02:14:32","slug":"deportistas-llenan-nueva-orleans-de-emocion-por-celebracion-super-bowl","status":"publish","type":"post","link":"https:\/\/lasprimeras.com.do\/index.php\/2025\/02\/07\/deportistas-llenan-nueva-orleans-de-emocion-por-celebracion-super-bowl\/","title":{"rendered":"Deportistas llenan Nueva Orleans de emoci\u00f3n por celebraci\u00f3n Super Bowl"},"content":{"rendered":"\n<p>NUEVA ORLEANS.- El Super Bowl no es s\u00f3lo un partido este domingo. Implicar\u00e1 un espect\u00e1culo de casi una semana que se apoderar\u00e1 de Nueva Orleans con entretenimiento ininterrumpido hasta el gran enfrentamiento entre los Chiefs de Kansas City y los Eagles de Filadelfia.<\/p>\n\n\n\n<p>Mientras los Chiefs y los Eagles se preparan para su revancha por el campeonato, el Big Easy ser\u00e1 el epicentro de conciertos repletos de estrellas, fiestas exclusivas, un espect\u00e1culo de comedia y listas de invitados repletas de estrellas. Desde Post Malone, Cardi B hasta Shaquille O\u2019Neal, la ciudad estar\u00e1 animada mucho antes de que Patrick Mahomes y los Chiefs intenten un monumental triplete.<\/p>\n\n\n\n<p>\u00abVa a ser divertido. Va a ser diferente a otros Super Bowls\u00bb, dijo Shaquille O\u2019Neal, quien presentar\u00e1 su popular Shaq\u2019s Fun House con tem\u00e1tica de carnaval el viernes por la noche. Es una entrada muy solicitada (a partir de $199) para el festival de la leyenda de la NBA, que contar\u00e1 con las actuaciones principales de Ludacris, John Summit y O\u2019Neal bajo su nombre art\u00edstico DJ Diesel.<\/p>\n\n\n\n<p>El evento de O\u2019Neal contar\u00e1 con varias atracciones, incluida una rueda de la fortuna, artistas de circo y un bar de primera. Esta ser\u00e1 una especie de semana de regreso a casa para O\u2019Neal, que jug\u00f3 baloncesto universitario en la Universidad Estatal de Luisiana y visita Luisiana unas cuatro veces al a\u00f1o.<\/p>\n\n\n\n<p>Para Flavor Flav, quiere ayudar a levantar la moral en Nueva Orleans tras las secuelas del ataque terrorista que mat\u00f3 a 14 personas el d\u00eda de A\u00f1o Nuevo.<\/p>\n\n\n\n<p>\u00abEsto va a ser especial. Estoy aqu\u00ed para levantar el \u00e1nimo\u00bb, dijo Flav, que actuar\u00e1 en Flavortown Tailgate de Guy Fieri junto con Diplo y Cowboy Mouth el domingo por la tarde. La entrada general es gratuita y las experiencias mejoradas se pagan por $49,99 y $349 por una entrada VIP.<\/p>\n\n\n\n<p>\u00abMe subo a los platos para que la gente se divierta y se divierta\u00bb, dijo.<\/p>\n\n\n\n<p>Fiesta de los Fan\u00e1ticos<\/p>\n\n\n\n<p>Es imposible entrar a la fiesta del Super Bowl de los Fan\u00e1ticos de Michael Rubin sin una invitaci\u00f3n. El evento repleto de estrellas del s\u00e1bado por la tarde es estrictamente para los m\u00e1s destacados del mundo del deporte y el entretenimiento.<\/p>\n\n\n\n<p>Rubin, el fundador y director ejecutivo de Fanatics, probablemente estar\u00e1 al frente y en el centro, viendo las actuaciones de Post Malone, Travis Scott, Don Tolliver y muchos m\u00e1s.<\/p>\n\n\n\n<p>Entre los asistentes esperados se incluyen grandes nombres como Kim Kardashian, Justin Bieber, Lil Baby, Tiffany Haddish y Tom Brady.<\/p>\n\n\n\n<p>Madden Bowl<\/p>\n\n\n\n<p>Al igual que la frase ic\u00f3nica de EA Sports, \u00abIt\u2019s in the game\u00bb, Jelly Roll, Chris Stapleton y Shaboozey estar\u00e1n literalmente en el juego en el Madden Bowl. El tr\u00edo subir\u00e1 al escenario por separado el viernes por la noche, lo que generar\u00e1 entusiasmo antes de que comience la competencia.<\/p>\n\n\n\n<p>\u00abNo puedo esperar a que contin\u00fae esta fiesta\u00bb, dijo Shaboozey.<\/p>\n\n\n\n<p>Adem\u00e1s de las presentaciones, el evento incluir\u00e1 la Madden NFL 25 Championship Series frente a una audiencia en vivo, donde dos de los mejores jugadores del mundo viajar\u00e1n a Nueva Orleans para recibir su parte del pozo de premios de $1 mill\u00f3n.<\/p>\n\n\n\n<p>El Madden Bowl no ser\u00e1 el \u00fanico escenario donde Stapleton exhibir\u00e1 su poderosa voz. La estrella del country encabezar\u00e1 el concierto de SiriusXM y Pandora el jueves por la noche.<\/p>\n\n\n\n<p>La presentaci\u00f3n de Stapleton se emitir\u00e1 en Chris Stapleton Radio de SiriusXM, un canal exclusivo curado y presentado por \u00e9l y su banda. Los oyentes de Pandora pueden acceder a la estaci\u00f3n de radio Chris Stapleton.<\/p>\n\n\n\n<p>Despu\u00e9s de que Ludacris suba al escenario en Shaq\u2019s Fun House el viernes, el rapero actuar\u00e1 el domingo en la fiesta previa al Super Bowl de On Location. Se unir\u00e1 a la banda de rock The Revivalists en el Club 67 y Touchdown Club, justo afuera del Caesars Superdome, para One Location, un proveedor de hospitalidad premium de la NFL.<\/p>\n\n\n\n<p>Post Malone tambi\u00e9n har\u00e1 cambios. Est\u00e1 programado que act\u00fae en tres eventos diferentes. Junto con Fanatics, el artista superestrella subir\u00e1 al escenario en el Bud Light Backyard Tour el viernes, luego est\u00e1 listo para encabezar el concierto YouTube Tailgate el domingo cerca del Superdome.<\/p>\n\n\n\n<p>Diplo actuar\u00e1 en fiestas para Sports Illustrated y Maxim junto con el evento de tailgate de Guy Fieri.<\/p>\n\n\n\n<p>Celebraci\u00f3n gospel<\/p>\n\n\n\n<p>Bill Bellamy y Rocsi Diaz traer\u00e1n un poco de sabor gospel a Big Easy.<\/p>\n\n\n\n<p>El t\u00e1ndem presentar\u00e1 la Super Bowl Soulful Celebration el mi\u00e9rcoles por la noche. El programa incluye algunos de los mejores \u00e9xitos musicales de The Isley Brothers, Muni Long, Yolanda Adams, Tori Kelly y Jonathan McReynolds.<\/p>\n\n\n\n<p>Otras actuaciones incluyen a los nativos de Nueva Orleans Master P, Big Freedia, Lucky Daye y Trombone Shorty. El Coro de Jugadores de la NFL tambi\u00e9n participar\u00e1.<\/p>\n\n\n\n<p>\u00abSer el anfitri\u00f3n de la Super Bowl Soulful Celebration es como lograr la triple corona: m\u00fasica, fe y f\u00fatbol americano, todo en un solo espect\u00e1culo\u00bb, dijo Bellamy. \u00abEstoy emocionado de traer algunas risas, algo de energ\u00eda y ser parte de esta incre\u00edble noche con un elenco asombroso\u00bb.<\/p>\n","protected":false},"excerpt":{"rendered":"<p>NUEVA ORLEANS.- El Super Bowl no es s\u00f3lo un partido este domingo. Implicar\u00e1 un espect\u00e1culo de casi una semana que se apoderar\u00e1 de Nueva Orleans con entretenimiento ininterrumpido hasta el&hellip;<\/p>\n","protected":false},"author":2,"featured_media":93320,"comment_status":"open","ping_status":"open","sticky":false,"template":"","format":"standard","meta":{"content-type":"","jetpack_post_was_ever_published":false,"_jetpack_newsletter_access":"","_jetpack_dont_email_post_to_subs":false,"_jetpack_newsletter_tier_id":0,"_jetpack_memberships_contains_paywalled_content":false,"_jetpack_memberships_contains_paid_content":false,"footnotes":""},"categories":[630],"tags":[5119,17210,8810,11738],"class_list":["post-93319","post","type-post","status-publish","format-standard","has-post-thumbnail","hentry","category-deportes","tag-deportistas","tag-emocion","tag-nueva-orleans","tag-super-bowl"],"jetpack_featured_media_url":"https:\/\/lasprimeras.com.do\/wp-content\/uploads\/2025\/02\/Super-Bowl.jpg","jetpack-related-posts":[{"id":93411,"url":"https:\/\/lasprimeras.com.do\/index.php\/2025\/02\/07\/muere-periodista-de-telemundo-durante-la-cobertura-del-super-bowl\/","url_meta":{"origin":93319,"position":0},"title":"Muere periodista de Telemundo durante la cobertura del Super Bowl","author":"Nelson Feliz","date":"7 de febrero de 2025","format":false,"excerpt":"Hasta el momento no se tienen detalles del fallecimiento. El periodista deportivo oriundo de M\u00e9xico, Ad\u00e1n Manzano muri\u00f3 en plena cobertura del Super Bowl LIX, que se realizar\u00e1 este domingo 9 de febrero. Manzano, de 27 a\u00f1os, reportaba para Telemundo Kansas City y Tico Sports. \"Lamentamos compartir que Ad\u00e1n Manzano,\u2026","rel":"","context":"En \u00abINTERNACIONALES\u00bb","block_context":{"text":"INTERNACIONALES","link":"https:\/\/lasprimeras.com.do\/index.php\/category\/sin-categoria\/internacionales\/"},"img":{"alt_text":"Adan Manzano","src":"https:\/\/i0.wp.com\/lasprimeras.com.do\/wp-content\/uploads\/2025\/02\/Adan-Manzano.webp?resize=350%2C200&ssl=1","width":350,"height":200,"srcset":"https:\/\/i0.wp.com\/lasprimeras.com.do\/wp-content\/uploads\/2025\/02\/Adan-Manzano.webp?resize=350%2C200&ssl=1 1x, https:\/\/i0.wp.com\/lasprimeras.com.do\/wp-content\/uploads\/2025\/02\/Adan-Manzano.webp?resize=525%2C300&ssl=1 1.5x, https:\/\/i0.wp.com\/lasprimeras.com.do\/wp-content\/uploads\/2025\/02\/Adan-Manzano.webp?resize=700%2C400&ssl=1 2x"},"classes":[]},{"id":49505,"url":"https:\/\/lasprimeras.com.do\/index.php\/2023\/05\/11\/nfl-comienza-con-los-campeones-chiefs-contra-los-lions\/","url_meta":{"origin":93319,"position":1},"title":"NFL comienza con los campeones Chiefs contra los Lions","author":"prenxa100","date":"11 de mayo de 2023","format":false,"excerpt":"Patrick Mahomes y el campe\u00f3n del Super Bowl Kansas City Chiefs iniciar\u00e1n la temporada 2023 contra los Detroit Lions en un enfrentamiento de ofensivas de alto poder, mientras que Aaron Rodgers har\u00e1 su debut con los New York Jets en \u201cMonday Night Football\u201d contra los Buffalo Bills. Luego de su\u2026","rel":"","context":"En \u00abSin categor\u00eda\u00bb","block_context":{"text":"Sin categor\u00eda","link":"https:\/\/lasprimeras.com.do\/index.php\/category\/sin-categoria\/"},"img":{"alt_text":"","src":"","width":0,"height":0},"classes":[]},{"id":76631,"url":"https:\/\/lasprimeras.com.do\/index.php\/2024\/02\/13\/el-thriller-del-super-bowl-fue-el-programa-mas-visto-de-la-historia\/","url_meta":{"origin":93319,"position":2},"title":"El thriller del Super Bowl fue el programa m\u00e1s visto de la historia","author":"Nelson Feliz","date":"13 de febrero de 2024","format":false,"excerpt":"Un promedio de 123,4 millones de espectadores vieron el thriller del Super Bowl. POR JOE REEDY El partido m\u00e1s largo del Super Bowl tambi\u00e9n pasar\u00e1 a ser el programa m\u00e1s visto en la historia de la televisi\u00f3n. Seg\u00fan Nielsen y Adobe Analytics, la victoria de Kansas City en tiempo extra\u2026","rel":"","context":"En \u00abSin categor\u00eda\u00bb","block_context":{"text":"Sin categor\u00eda","link":"https:\/\/lasprimeras.com.do\/index.php\/category\/sin-categoria\/"},"img":{"alt_text":"Super Bowl","src":"https:\/\/i0.wp.com\/lasprimeras.com.do\/wp-content\/uploads\/2024\/02\/Super-Bowl.jpg?resize=350%2C200&ssl=1","width":350,"height":200,"srcset":"https:\/\/i0.wp.com\/lasprimeras.com.do\/wp-content\/uploads\/2024\/02\/Super-Bowl.jpg?resize=350%2C200&ssl=1 1x, https:\/\/i0.wp.com\/lasprimeras.com.do\/wp-content\/uploads\/2024\/02\/Super-Bowl.jpg?resize=525%2C300&ssl=1 1.5x, https:\/\/i0.wp.com\/lasprimeras.com.do\/wp-content\/uploads\/2024\/02\/Super-Bowl.jpg?resize=700%2C400&ssl=1 2x"},"classes":[]},{"id":76695,"url":"https:\/\/lasprimeras.com.do\/index.php\/2024\/02\/13\/super-bowl-fue-el-programa-mas-visto-con-un-promedio-de-1234-millones-de-espectadores\/","url_meta":{"origin":93319,"position":3},"title":"Super Bowl fue el programa m\u00e1s visto con un promedio de 123,4 millones de espectadores","author":"BIMARY DE JES\u00daS Matos","date":"13 de febrero de 2024","format":false,"excerpt":"Santo Domingo.-El partido m\u00e1s largo del Super Bowl tambi\u00e9n pasar\u00e1 a ser el programa m\u00e1s visto en la historia de la televisi\u00f3n estadounidense. Seg\u00fan Nielsen y Adobe Analytics, la victoria de Kansas City en tiempo extra por 25-22 sobre San Francisco el domingo por la noche promedi\u00f3 123,4 millones de\u2026","rel":"","context":"En \u00abSin categor\u00eda\u00bb","block_context":{"text":"Sin categor\u00eda","link":"https:\/\/lasprimeras.com.do\/index.php\/category\/sin-categoria\/"},"img":{"alt_text":"","src":"https:\/\/i0.wp.com\/lasprimeras.com.do\/wp-content\/uploads\/2024\/02\/WhatsApp-Image-2024-02-13-at-1.46.45-PM-1.webp?resize=350%2C200&ssl=1","width":350,"height":200,"srcset":"https:\/\/i0.wp.com\/lasprimeras.com.do\/wp-content\/uploads\/2024\/02\/WhatsApp-Image-2024-02-13-at-1.46.45-PM-1.webp?resize=350%2C200&ssl=1 1x, https:\/\/i0.wp.com\/lasprimeras.com.do\/wp-content\/uploads\/2024\/02\/WhatsApp-Image-2024-02-13-at-1.46.45-PM-1.webp?resize=525%2C300&ssl=1 1.5x"},"classes":[]},{"id":76850,"url":"https:\/\/lasprimeras.com.do\/index.php\/2024\/02\/14\/un-muerto-y-9-heridos-en-tiroteo-en-la-celebracion-del-super-bowl\/","url_meta":{"origin":93319,"position":4},"title":"Un muerto y 9 heridos en tiroteo en la celebraci\u00f3n del Super Bowl","author":"BIMARY DE JES\u00daS Matos","date":"14 de febrero de 2024","format":false,"excerpt":"Washington.- Al menos una persona muri\u00f3 y m\u00e1s de 10 resultaron heridas este mi\u00e9rcoles en un tiroteo ocurrido al finalizar el desfile de celebraci\u00f3n del Super Bowl de los Kansas City Chiefs en la ciudad de Kansas City (Misuri, EE.UU.), de acuerdo a medios locales. El suceso tuvo lugar en\u2026","rel":"","context":"En \u00abSin categor\u00eda\u00bb","block_context":{"text":"Sin categor\u00eda","link":"https:\/\/lasprimeras.com.do\/index.php\/category\/sin-categoria\/"},"img":{"alt_text":"","src":"https:\/\/i0.wp.com\/lasprimeras.com.do\/wp-content\/uploads\/2024\/02\/tiroteo22222-e1707959493431.jpg?resize=350%2C200&ssl=1","width":350,"height":200,"srcset":"https:\/\/i0.wp.com\/lasprimeras.com.do\/wp-content\/uploads\/2024\/02\/tiroteo22222-e1707959493431.jpg?resize=350%2C200&ssl=1 1x, https:\/\/i0.wp.com\/lasprimeras.com.do\/wp-content\/uploads\/2024\/02\/tiroteo22222-e1707959493431.jpg?resize=525%2C300&ssl=1 1.5x, https:\/\/i0.wp.com\/lasprimeras.com.do\/wp-content\/uploads\/2024\/02\/tiroteo22222-e1707959493431.jpg?resize=700%2C400&ssl=1 2x, https:\/\/i0.wp.com\/lasprimeras.com.do\/wp-content\/uploads\/2024\/02\/tiroteo22222-e1707959493431.jpg?resize=1050%2C600&ssl=1 3x"},"classes":[]},{"id":77432,"url":"https:\/\/lasprimeras.com.do\/index.php\/2024\/02\/20\/acusan-dos-hombres-del-asesinato-en-la-celebracion-del-super-bowl-de-kansas-city\/","url_meta":{"origin":93319,"position":5},"title":"Acusan dos hombres \u200b\u200bdel asesinato en la celebraci\u00f3n del Super Bowl de Kansas City","author":"Nelson Feliz","date":"20 de febrero de 2024","format":false,"excerpt":"POR NICK INGRAM Y MARGERY A. BECK KANSAS CITY, Missouri, EE.UU. (AP) \u2014 Dos hombres acusados \u200b\u200bde asesinato en el tiroteo de la semana pasada despu\u00e9s del desfile del Super Bowl de los Kansas City Chiefs eran desconocidos que sacaron armas y comenzaron a disparar segundos despu\u00e9s de iniciar una\u2026","rel":"","context":"En \u00abSin categor\u00eda\u00bb","block_context":{"text":"Sin categor\u00eda","link":"https:\/\/lasprimeras.com.do\/index.php\/category\/sin-categoria\/"},"img":{"alt_text":"acusan","src":"https:\/\/i0.wp.com\/lasprimeras.com.do\/wp-content\/uploads\/2024\/02\/acusan.jpg?resize=350%2C200&ssl=1","width":350,"height":200,"srcset":"https:\/\/i0.wp.com\/lasprimeras.com.do\/wp-content\/uploads\/2024\/02\/acusan.jpg?resize=350%2C200&ssl=1 1x, https:\/\/i0.wp.com\/lasprimeras.com.do\/wp-content\/uploads\/2024\/02\/acusan.jpg?resize=525%2C300&ssl=1 1.5x, https:\/\/i0.wp.com\/lasprimeras.com.do\/wp-content\/uploads\/2024\/02\/acusan.jpg?resize=700%2C400&ssl=1 2x"},"classes":[]}],"jetpack_sharing_enabled":true,"_links":{"self":[{"href":"https:\/\/lasprimeras.com.do\/index.php\/wp-json\/wp\/v2\/posts\/93319","targetHints":{"allow":["GET"]}}],"collection":[{"href":"https:\/\/lasprimeras.com.do\/index.php\/wp-json\/wp\/v2\/posts"}],"about":[{"href":"https:\/\/lasprimeras.com.do\/index.php\/wp-json\/wp\/v2\/types\/post"}],"author":[{"embeddable":true,"href":"https:\/\/lasprimeras.com.do\/index.php\/wp-json\/wp\/v2\/users\/2"}],"replies":[{"embeddable":true,"href":"https:\/\/lasprimeras.com.do\/index.php\/wp-json\/wp\/v2\/comments?post=93319"}],"version-history":[{"count":1,"href":"https:\/\/lasprimeras.com.do\/index.php\/wp-json\/wp\/v2\/posts\/93319\/revisions"}],"predecessor-version":[{"id":93321,"href":"https:\/\/lasprimeras.com.do\/index.php\/wp-json\/wp\/v2\/posts\/93319\/revisions\/93321"}],"wp:featuredmedia":[{"embeddable":true,"href":"https:\/\/lasprimeras.com.do\/index.php\/wp-json\/wp\/v2\/media\/93320"}],"wp:attachment":[{"href":"https:\/\/lasprimeras.com.do\/index.php\/wp-json\/wp\/v2\/media?parent=93319"}],"wp:term":[{"taxonomy":"category","embeddable":true,"href":"https:\/\/lasprimeras.com.do\/index.php\/wp-json\/wp\/v2\/categories?post=93319"},{"taxonomy":"post_tag","embeddable":true,"href":"https:\/\/lasprimeras.com.do\/index.php\/wp-json\/wp\/v2\/tags?post=93319"}],"curies":[{"name":"wp","href":"https:\/\/api.w.org\/{rel}","templated":true}]}}