{"id":93352,"date":"2025-02-07T23:44:33","date_gmt":"2025-02-08T03:44:33","guid":{"rendered":"https:\/\/lasprimeras.com.do\/?p=93352"},"modified":"2025-02-07T23:44:33","modified_gmt":"2025-02-08T03:44:33","slug":"aneika-mendez-santana-busca-coronarse-como-miss-teen-nacional-2025","status":"publish","type":"post","link":"https:\/\/lasprimeras.com.do\/index.php\/2025\/02\/07\/aneika-mendez-santana-busca-coronarse-como-miss-teen-nacional-2025\/","title":{"rendered":"Aneika M\u00e9ndez Santana busca coronarse como Miss Teen Nacional 2025"},"content":{"rendered":"\n<p>La joven representar\u00e1 la provincia Bahoruco.<\/p>\n\n\n\n<p>NEIBA: La joven Aneika M\u00e9ndez Santana representar\u00e1 a la provincia Bahoruco en el certamen de belleza Teen Nacional 2025, que se llevar\u00e1 a cabo el 8 de febrero en la provincia de San Crist\u00f3bal.<\/p>\n\n\n\n<p>Seleccionada en agosto como Reina de las Fiestas San Bartolom\u00e9 2024, Aneika es egresada del Polit\u00e9cnico Fe y Alegr\u00eda en el \u00e1rea de Electr\u00f3nica y Telecomunicaciones y actualmente cursa Ingenier\u00eda Electromec\u00e1nica en la Universidad Aut\u00f3noma de Santo Domingo (UASD).<\/p>\n\n\n\n<p>La informaci\u00f3n fue suministrada por Ad\u00e1n Sarih, quien destac\u00f3 las cualidades de la aspirante y afirm\u00f3 que Aneika cuenta con todas las condiciones para representar con orgullo a Neiba y a la provincia Bahoruco en este prestigioso certamen de belleza, Miss Teen Dominicana.<\/p>\n\n\n\n<p>Con apenas 18 a\u00f1os, Aneika est\u00e1 decidida a darlo todo por su tierra natal en este importante evento, organizado por Jos\u00e9 Villasmil, quien posee una amplia trayectoria en concursos nacionales e internacionales.<\/p>\n\n\n\n<p>Con esta participaci\u00f3n, Bahoruco suma su segunda representaci\u00f3n en el certamen, que este a\u00f1o celebra su s\u00e9ptima edici\u00f3n.<\/p>\n\n\n\n<p>Sobre el certamen<\/p>\n\n\n\n<p>El evento establece como norma que las candidatas solo se presenten en traje de ba\u00f1o antes de la entrevista con el jurado. Adem\u00e1s, recibir\u00e1n entrenamiento y clases en cultura, historia, buenos modales, dicci\u00f3n, relaciones p\u00fablicas, relaciones humanas, refinamiento y pasarela.<\/p>\n\n\n\n<p>Las participantes recibir\u00e1n obsequios y tratamientos para el cuidado del cabello, cortes\u00eda de Star Products. Asimismo, sus sesiones fotogr\u00e1ficas est\u00e1n siendo realizadas por fot\u00f3grafos profesionales con amplia experiencia en el mundo de la pasarela.<\/p>\n\n\n\n<p>En cuanto a los trajes de noche, las concursantes ser\u00e1n vestidas por la reconocida dise\u00f1adora Giannina Azar, mientras que los atuendos del show y el opening estar\u00e1n a cargo de una destacada personalidad del mundo de la moda.<\/p>\n","protected":false},"excerpt":{"rendered":"<p>La joven representar\u00e1 la provincia Bahoruco. NEIBA: La joven Aneika M\u00e9ndez Santana representar\u00e1 a la provincia Bahoruco en el certamen de belleza Teen Nacional 2025, que se llevar\u00e1 a cabo&hellip;<\/p>\n","protected":false},"author":2,"featured_media":93353,"comment_status":"open","ping_status":"open","sticky":false,"template":"","format":"standard","meta":{"content-type":"","jetpack_post_was_ever_published":false,"_jetpack_newsletter_access":"","_jetpack_dont_email_post_to_subs":false,"_jetpack_newsletter_tier_id":0,"_jetpack_memberships_contains_paywalled_content":false,"_jetpack_memberships_contains_paid_content":false,"footnotes":""},"categories":[84],"tags":[17231],"class_list":["post-93352","post","type-post","status-publish","format-standard","has-post-thumbnail","hentry","category-entretenimiento","tag-aneika-mendez-santana"],"jetpack_featured_media_url":"https:\/\/lasprimeras.com.do\/wp-content\/uploads\/2025\/02\/WhatsApp-Image-2025-02-07-at-5.06.02-PM.jpeg","jetpack-related-posts":[{"id":92383,"url":"https:\/\/lasprimeras.com.do\/index.php\/2025\/01\/02\/hombre-dispara-a-otro-y-mata-mujer-de-20-anos\/","url_meta":{"origin":93352,"position":0},"title":"Hombre dispara a otro y mata mujer de 20 a\u00f1os","author":"Nelson Feliz","date":"2 de enero de 2025","format":false,"excerpt":"Yomerica Santana se encontraba vendiendo en un negocio de fritura cuando fue impactada cerca de la una de la ma\u00f1ana de este jueves. Faustino Reyes D\u00edaz El Palmar, Bahoruco.-.Una joven de 20 a\u00f1os de edad muri\u00f3 tras ser alcanzada por una bala que hab\u00edan disparado a un hombre, quien result\u00f3\u2026","rel":"","context":"En \u00abSin categor\u00eda\u00bb","block_context":{"text":"Sin categor\u00eda","link":"https:\/\/lasprimeras.com.do\/index.php\/category\/sin-categoria\/"},"img":{"alt_text":"","src":"https:\/\/i0.wp.com\/lasprimeras.com.do\/wp-content\/uploads\/2025\/01\/Yomerica-Santana.jpg?resize=350%2C200&ssl=1","width":350,"height":200,"srcset":"https:\/\/i0.wp.com\/lasprimeras.com.do\/wp-content\/uploads\/2025\/01\/Yomerica-Santana.jpg?resize=350%2C200&ssl=1 1x, https:\/\/i0.wp.com\/lasprimeras.com.do\/wp-content\/uploads\/2025\/01\/Yomerica-Santana.jpg?resize=525%2C300&ssl=1 1.5x, https:\/\/i0.wp.com\/lasprimeras.com.do\/wp-content\/uploads\/2025\/01\/Yomerica-Santana.jpg?resize=700%2C400&ssl=1 2x"},"classes":[]},{"id":102528,"url":"https:\/\/lasprimeras.com.do\/index.php\/2025\/07\/06\/danilo-medina-y-johnny-pujols-encabezan-asamblea-de-dirigentes-en-bahoruco-este-domingo\/","url_meta":{"origin":93352,"position":1},"title":"Danilo Medina y Johnny Pujols encabezan asamblea de dirigentes en Bahoruco este domingo","author":"Nelson Feliz","date":"6 de julio de 2025","format":false,"excerpt":"El presidente del Partido de la Liberaci\u00f3n Dominicana (PLD) Danilo Medina, y su secretario general Johnny Pujols, encabez\u00e1n este domingo la asamblea de dirigentes de esa organizaci\u00f3n en la provincia Bahoruco, dando continuidad a un programa de encuentros de esa naturaleza con los fines del fortalecimiento de la organizaci\u00f3n mediante\u2026","rel":"","context":"En \u00abPOLITICA\u00bb","block_context":{"text":"POLITICA","link":"https:\/\/lasprimeras.com.do\/index.php\/category\/politica\/"},"img":{"alt_text":"Danilo Medina y Johnny Pujols","src":"https:\/\/i0.wp.com\/lasprimeras.com.do\/wp-content\/uploads\/2025\/07\/Danilo-Medina-y-Johnny-Pujols.jpg?resize=350%2C200&ssl=1","width":350,"height":200,"srcset":"https:\/\/i0.wp.com\/lasprimeras.com.do\/wp-content\/uploads\/2025\/07\/Danilo-Medina-y-Johnny-Pujols.jpg?resize=350%2C200&ssl=1 1x, https:\/\/i0.wp.com\/lasprimeras.com.do\/wp-content\/uploads\/2025\/07\/Danilo-Medina-y-Johnny-Pujols.jpg?resize=525%2C300&ssl=1 1.5x, https:\/\/i0.wp.com\/lasprimeras.com.do\/wp-content\/uploads\/2025\/07\/Danilo-Medina-y-Johnny-Pujols.jpg?resize=700%2C400&ssl=1 2x"},"classes":[]},{"id":91674,"url":"https:\/\/lasprimeras.com.do\/index.php\/2024\/11\/30\/senador-de-bahoruco-valora-desarrollo-de-la-provincia-y-la-region\/","url_meta":{"origin":93352,"position":2},"title":"Senador de Bahoruco valora desarrollo de la provincia y la regi\u00f3n","author":"Nelson Feliz","date":"30 de noviembre de 2024","format":false,"excerpt":"El Senador por la provincia Bahoruco, Guillermo Lama, valor\u00f3 como positivo el aporte en materia de cohesi\u00f3n social y al desarrollo de la provincia y la regi\u00f3n, que arrojar\u00e1 la Feria Ecotur\u00edstica y de Producci\u00f3n que realiza la Fundaci\u00f3n Ciencia y Arte. La inauguraci\u00f3n de la Feria Ecoturistica Neyba 2024,\u2026","rel":"","context":"En \u00abNACIONALES\u00bb","block_context":{"text":"NACIONALES","link":"https:\/\/lasprimeras.com.do\/index.php\/category\/nacionales\/"},"img":{"alt_text":"","src":"https:\/\/i0.wp.com\/lasprimeras.com.do\/wp-content\/uploads\/2024\/11\/feria.jpg?resize=350%2C200&ssl=1","width":350,"height":200,"srcset":"https:\/\/i0.wp.com\/lasprimeras.com.do\/wp-content\/uploads\/2024\/11\/feria.jpg?resize=350%2C200&ssl=1 1x, https:\/\/i0.wp.com\/lasprimeras.com.do\/wp-content\/uploads\/2024\/11\/feria.jpg?resize=525%2C300&ssl=1 1.5x, https:\/\/i0.wp.com\/lasprimeras.com.do\/wp-content\/uploads\/2024\/11\/feria.jpg?resize=700%2C400&ssl=1 2x"},"classes":[]},{"id":125950,"url":"https:\/\/lasprimeras.com.do\/index.php\/2026\/03\/27\/rafael-mendez-urge-accion-en-rios-de-bahoruco\/","url_meta":{"origin":93352,"position":3},"title":"Rafael M\u00e9ndez urge acci\u00f3n en r\u00edos de Bahoruco","author":"Nelson Feliz","date":"27 de marzo de 2026","format":false,"excerpt":"Valor\u00f3 como \u201catinada y oportuna\u201d la propuesta t\u00e9cnica presentada por el expresidente del CODIA, ingeniero Teodoro Tejada quien sugiri\u00f3 un plan nacional de adecuaci\u00f3n hidr\u00e1ulica para frenar el impacto de las inundaciones. El ex diputado Rafael M\u00e9ndez urgi\u00f3 al Gobierno a intervenir de manera inmediata los cauces de r\u00edos y\u2026","rel":"","context":"En \u00abPOLITICA\u00bb","block_context":{"text":"POLITICA","link":"https:\/\/lasprimeras.com.do\/index.php\/category\/politica\/"},"img":{"alt_text":"Rafael M\u00e9ndez","src":"https:\/\/i0.wp.com\/lasprimeras.com.do\/wp-content\/uploads\/2024\/04\/Rafal-Mendez.jpg?resize=350%2C200&ssl=1","width":350,"height":200},"classes":[]},{"id":127684,"url":"https:\/\/lasprimeras.com.do\/index.php\/2026\/04\/14\/raquel-pena-visita-comunidades-de-bahoruco-afectadas-por-lluvias\/","url_meta":{"origin":93352,"position":4},"title":"Raquel Pe\u00f1a visita comunidades de Bahoruco afectadas por lluvias","author":"Nelson Feliz","date":"14 de abril de 2026","format":false,"excerpt":"Autoridades eval\u00faan da\u00f1os tras la crecida del r\u00edo El Manguito y coordinan acciones de asistencia. La vicepresidenta de la Rep\u00fablica, Raquel Pe\u00f1a, visit\u00f3 este martes las comunidades de El Estero y Jaragua, en la provincia Bahoruco, donde evalu\u00f3 los da\u00f1os ocasionados por las recientes lluvias que provocaron la crecida del\u2026","rel":"","context":"En \u00abNACIONALES\u00bb","block_context":{"text":"NACIONALES","link":"https:\/\/lasprimeras.com.do\/index.php\/category\/nacionales\/"},"img":{"alt_text":"","src":"https:\/\/i0.wp.com\/lasprimeras.com.do\/wp-content\/uploads\/2026\/04\/dos2.jpg?resize=350%2C200&ssl=1","width":350,"height":200,"srcset":"https:\/\/i0.wp.com\/lasprimeras.com.do\/wp-content\/uploads\/2026\/04\/dos2.jpg?resize=350%2C200&ssl=1 1x, https:\/\/i0.wp.com\/lasprimeras.com.do\/wp-content\/uploads\/2026\/04\/dos2.jpg?resize=525%2C300&ssl=1 1.5x, https:\/\/i0.wp.com\/lasprimeras.com.do\/wp-content\/uploads\/2026\/04\/dos2.jpg?resize=700%2C400&ssl=1 2x"},"classes":[]},{"id":119867,"url":"https:\/\/lasprimeras.com.do\/index.php\/2026\/01\/18\/ramon-lopez-la-inauguracion-uasd-neiba-un-hito-para-la-educacion-en-bahoruco\/","url_meta":{"origin":93352,"position":5},"title":"Ram\u00f3n L\u00f3pez la inauguraci\u00f3n UASD Neiba: Un hito para la Educaci\u00f3n en Bahoruco","author":"Nelson Feliz","date":"18 de enero de 2026","format":false,"excerpt":"Ram\u00f3n L\u00f3pez","rel":"","context":"En \u00abNACIONALES\u00bb","block_context":{"text":"NACIONALES","link":"https:\/\/lasprimeras.com.do\/index.php\/category\/nacionales\/"},"img":{"alt_text":"Ram\u00f3n L\u00f3pez","src":"https:\/\/i0.wp.com\/lasprimeras.com.do\/wp-content\/uploads\/2026\/01\/Ramon-Lopez.jpg?resize=350%2C200&ssl=1","width":350,"height":200,"srcset":"https:\/\/i0.wp.com\/lasprimeras.com.do\/wp-content\/uploads\/2026\/01\/Ramon-Lopez.jpg?resize=350%2C200&ssl=1 1x, https:\/\/i0.wp.com\/lasprimeras.com.do\/wp-content\/uploads\/2026\/01\/Ramon-Lopez.jpg?resize=525%2C300&ssl=1 1.5x, https:\/\/i0.wp.com\/lasprimeras.com.do\/wp-content\/uploads\/2026\/01\/Ramon-Lopez.jpg?resize=700%2C400&ssl=1 2x"},"classes":[]}],"jetpack_sharing_enabled":true,"_links":{"self":[{"href":"https:\/\/lasprimeras.com.do\/index.php\/wp-json\/wp\/v2\/posts\/93352","targetHints":{"allow":["GET"]}}],"collection":[{"href":"https:\/\/lasprimeras.com.do\/index.php\/wp-json\/wp\/v2\/posts"}],"about":[{"href":"https:\/\/lasprimeras.com.do\/index.php\/wp-json\/wp\/v2\/types\/post"}],"author":[{"embeddable":true,"href":"https:\/\/lasprimeras.com.do\/index.php\/wp-json\/wp\/v2\/users\/2"}],"replies":[{"embeddable":true,"href":"https:\/\/lasprimeras.com.do\/index.php\/wp-json\/wp\/v2\/comments?post=93352"}],"version-history":[{"count":1,"href":"https:\/\/lasprimeras.com.do\/index.php\/wp-json\/wp\/v2\/posts\/93352\/revisions"}],"predecessor-version":[{"id":93354,"href":"https:\/\/lasprimeras.com.do\/index.php\/wp-json\/wp\/v2\/posts\/93352\/revisions\/93354"}],"wp:featuredmedia":[{"embeddable":true,"href":"https:\/\/lasprimeras.com.do\/index.php\/wp-json\/wp\/v2\/media\/93353"}],"wp:attachment":[{"href":"https:\/\/lasprimeras.com.do\/index.php\/wp-json\/wp\/v2\/media?parent=93352"}],"wp:term":[{"taxonomy":"category","embeddable":true,"href":"https:\/\/lasprimeras.com.do\/index.php\/wp-json\/wp\/v2\/categories?post=93352"},{"taxonomy":"post_tag","embeddable":true,"href":"https:\/\/lasprimeras.com.do\/index.php\/wp-json\/wp\/v2\/tags?post=93352"}],"curies":[{"name":"wp","href":"https:\/\/api.w.org\/{rel}","templated":true}]}}