{"id":93358,"date":"2025-02-07T23:53:41","date_gmt":"2025-02-08T03:53:41","guid":{"rendered":"https:\/\/lasprimeras.com.do\/?p=93358"},"modified":"2025-02-07T23:53:43","modified_gmt":"2025-02-08T03:53:43","slug":"exito-rotundo-en-el-congreso-online-the-power-of-women","status":"publish","type":"post","link":"https:\/\/lasprimeras.com.do\/index.php\/2025\/02\/07\/exito-rotundo-en-el-congreso-online-the-power-of-women\/","title":{"rendered":"\u00c9xito Rotundo en el Congreso Online \u00abThe Power of Women\u00bb"},"content":{"rendered":"\n<p>Nos complace anunciar la exitosa realizaci\u00f3n del Congreso Online \u00abThe Power of Women\u00bb, un evento organizado por Met2Het2 International y la International NetConnection Woman, liderado por la Dra. Carbery Mitchell.<\/p>\n\n\n\n<p>Este congreso reuni\u00f3 a 12 conferencistas, coaches y mentoras de renombre, quienes compartieron sus valiosas experiencias y conocimientos, inspirando a una audiencia diversa y comprometida.<\/p>\n\n\n\n<p>La moderaci\u00f3n especial estuvo a cargo de la talentosa Coach Liliana Miranda, quien, desde Colombia, gui\u00f3 las conversaciones y foment\u00f3 un ambiente de aprendizaje y empoderamiento.<\/p>\n\n\n\n<p>Las participantes tuvieron la oportunidad de interactuar, hacer preguntas y conectar con expertas en diversas \u00e1reas, lo que enriqueci\u00f3 a\u00fan m\u00e1s la experiencia del congreso.<\/p>\n\n\n\n<p>Queremos expresar nuestro m\u00e1s sincero agradecimiento a nuestros aliados: Noti-Am\u00e9rica, Conexi\u00f3n sin L\u00edmites RD y el Consorcio Global Magazine, cuyo apoyo fue fundamental para el \u00e9xito de este evento.<\/p>\n\n\n\n<p>Juntos, hemos creado un espacio donde las mujeres pueden unirse, aprender y crecer, reafirmando el poder y la importancia de la colaboraci\u00f3n en la b\u00fasqueda de la igualdad y el empoderamiento femenino.<\/p>\n\n\n\n<p>Ponentes invitadas<br>*Dra. Lissette Hern\u00e1ndez @lissettesalud<br>Pa\u00eds: Rep\u00fablica Dominicana<\/p>\n\n\n\n<p>*Coach Narkys Rodr\u00edguez @coachnarkysr<br>Pa\u00eds:Venezuela<\/p>\n\n\n\n<p>*Speaker Liliana Miranda @emprenderesmicuento<br>Pa\u00eds: Colombia<\/p>\n\n\n\n<p>*Coach Digna Encarnaci\u00f3n @dignaencarnacion_<br>Pa\u00eds: USA<\/p>\n\n\n\n<p>*Escritora Laura L\u00f3pez @lauralucerolopezrios<br>Pa\u00eds: Alemania<\/p>\n\n\n\n<p>*Astr\u00f3loga Elizabeth Rodr\u00edguez @apoyemos_a_los_mejores<br>Pa\u00eds:USA<\/p>\n\n\n\n<p>*Coach Jomar Hern\u00e1ndez @jomarholistica<br>Pa\u00eds:USA<\/p>\n\n\n\n<p>*Abogada Victoria Aristy @victorias_aristy<br>Pa\u00eds: Rep\u00fablica Dominicana<\/p>\n\n\n\n<p>*Coach Ivelisse Encarnaci\u00f3n @ivelissecoaching<br>Pa\u00eds: USA<\/p>\n\n\n\n<p>*Life Coach Rossy Da Silva @Rossydasilvacoach<br>Pa\u00eds:Ecuador<\/p>\n\n\n\n<p>*Coach Jacquie Medina @jacquiemedinaofficial<br>Pa\u00eds:USA<\/p>\n\n\n\n<p>*Lic.Francis Dadua @darah.mls<br>Pa\u00eds: Rep\u00fablica Dominicana<\/p>\n\n\n\n<p>Agradecemos a todos los participantes por su entusiasmo y compromiso. \u00a1Esperamos verlos en futuros eventos!<\/p>\n","protected":false},"excerpt":{"rendered":"<p>Nos complace anunciar la exitosa realizaci\u00f3n del Congreso Online \u00abThe Power of Women\u00bb, un evento organizado por Met2Het2 International y la International NetConnection Woman, liderado por la Dra. Carbery Mitchell.&hellip;<\/p>\n","protected":false},"author":2,"featured_media":93359,"comment_status":"open","ping_status":"open","sticky":false,"template":"","format":"standard","meta":{"content-type":"","jetpack_post_was_ever_published":false,"_jetpack_newsletter_access":"","_jetpack_dont_email_post_to_subs":false,"_jetpack_newsletter_tier_id":0,"_jetpack_memberships_contains_paywalled_content":false,"_jetpack_memberships_contains_paid_content":false,"footnotes":""},"categories":[84],"tags":[17233],"class_list":["post-93358","post","type-post","status-publish","format-standard","has-post-thumbnail","hentry","category-entretenimiento","tag-the-power-of-women"],"jetpack_featured_media_url":"https:\/\/lasprimeras.com.do\/wp-content\/uploads\/2025\/02\/BANNER.jpg","jetpack-related-posts":[{"id":90091,"url":"https:\/\/lasprimeras.com.do\/index.php\/2024\/10\/13\/concluye-exitosamente-el-women-economic-forum-rd-2024\/","url_meta":{"origin":93358,"position":0},"title":"Concluye exitosamente el\u00a0Women Economic F\u00f3rum RD 2024","author":"Nelson Feliz","date":"13 de octubre de 2024","format":false,"excerpt":"Concluy\u00f3 con \u00e9xito el\u00a0Women Economic F\u00f3rum Rep\u00fablica Dominicana 2024\u00a0(WEF RD 2024), bajo el lema\u00a0\u201cMujeres Sustentables, Destinos Tur\u00edsticos Inteligentes\u201d, consolid\u00e1ndose como un espacio clave para el empoderamiento econ\u00f3mico de las mujeres y el impulso del turismo sostenible en el pa\u00eds. Este foro, que cont\u00f3 con la participaci\u00f3n de destacados l\u00edderes y\u2026","rel":"","context":"En \u00abECONOM\u00cdA\u00bb","block_context":{"text":"ECONOM\u00cdA","link":"https:\/\/lasprimeras.com.do\/index.php\/category\/economia\/"},"img":{"alt_text":"","src":"https:\/\/i0.wp.com\/lasprimeras.com.do\/wp-content\/uploads\/2024\/10\/Forum.jpg?resize=350%2C200&ssl=1","width":350,"height":200,"srcset":"https:\/\/i0.wp.com\/lasprimeras.com.do\/wp-content\/uploads\/2024\/10\/Forum.jpg?resize=350%2C200&ssl=1 1x, https:\/\/i0.wp.com\/lasprimeras.com.do\/wp-content\/uploads\/2024\/10\/Forum.jpg?resize=525%2C300&ssl=1 1.5x, https:\/\/i0.wp.com\/lasprimeras.com.do\/wp-content\/uploads\/2024\/10\/Forum.jpg?resize=700%2C400&ssl=1 2x"},"classes":[]},{"id":65626,"url":"https:\/\/lasprimeras.com.do\/index.php\/2023\/10\/30\/realizaran-congreso-enfocado-en-mantenimiento-energia-y-confiabilidad\/","url_meta":{"origin":93358,"position":1},"title":"Realizar\u00e1n congreso enfocado en mantenimiento, energ\u00eda y confiabilidad","author":"Nelson Feliz","date":"30 de octubre de 2023","format":false,"excerpt":"El Power, Maintenance & Reliability Congress (PRMC) se llevar\u00e1 a cabo el 7 y 8 de noviembre en el Hotel Intercontinental Con la finalidad de continuar aportando al desarrollo de la industria energ\u00e9tica en Latinoam\u00e9rica, INPROCA realizar\u00e1 su tercer congreso de mantenimiento e ingenier\u00eda de confiabilidad (Power, Maintenance & Reliability\u2026","rel":"","context":"En \u00abNACIONALES\u00bb","block_context":{"text":"NACIONALES","link":"https:\/\/lasprimeras.com.do\/index.php\/category\/nacionales\/"},"img":{"alt_text":"INPROCA","src":"https:\/\/i0.wp.com\/lasprimeras.com.do\/wp-content\/uploads\/2023\/10\/Taller.jpg?resize=350%2C200&ssl=1","width":350,"height":200,"srcset":"https:\/\/i0.wp.com\/lasprimeras.com.do\/wp-content\/uploads\/2023\/10\/Taller.jpg?resize=350%2C200&ssl=1 1x, https:\/\/i0.wp.com\/lasprimeras.com.do\/wp-content\/uploads\/2023\/10\/Taller.jpg?resize=525%2C300&ssl=1 1.5x, https:\/\/i0.wp.com\/lasprimeras.com.do\/wp-content\/uploads\/2023\/10\/Taller.jpg?resize=700%2C400&ssl=1 2x"},"classes":[]},{"id":109728,"url":"https:\/\/lasprimeras.com.do\/index.php\/2025\/09\/21\/coopreservas-inaugura-dispensario-medico-con-motivo-de-su-37%cb%9a-aniversario\/","url_meta":{"origin":93358,"position":2},"title":"CoopReservas inaugura dispensario m\u00e9dico con motivo de su 37\u02da Aniversario","author":"Nelson Feliz","date":"21 de septiembre de 2025","format":false,"excerpt":"La Cooperativa Reservas inaugur\u00f3 un dispensario m\u00e9dico como parte de la celebraci\u00f3n de su 37\u02da Aniversario, el cual ofrecer\u00e1 servicios a decenas deasociados, colaboradores del Banco de Reservas y sus filiales. El presidente ejecutivo de Banreservas, doctor Leonardo Aguilera, en una comunicaci\u00f3n enviada a los directivos de CoopReservas,resalt\u00f3 los logros\u2026","rel":"","context":"En \u00abECONOM\u00cdA\u00bb","block_context":{"text":"ECONOM\u00cdA","link":"https:\/\/lasprimeras.com.do\/index.php\/category\/economia\/"},"img":{"alt_text":"","src":"https:\/\/i0.wp.com\/lasprimeras.com.do\/wp-content\/uploads\/2025\/09\/DISPENSARIO.jpg?resize=350%2C200&ssl=1","width":350,"height":200,"srcset":"https:\/\/i0.wp.com\/lasprimeras.com.do\/wp-content\/uploads\/2025\/09\/DISPENSARIO.jpg?resize=350%2C200&ssl=1 1x, https:\/\/i0.wp.com\/lasprimeras.com.do\/wp-content\/uploads\/2025\/09\/DISPENSARIO.jpg?resize=525%2C300&ssl=1 1.5x, https:\/\/i0.wp.com\/lasprimeras.com.do\/wp-content\/uploads\/2025\/09\/DISPENSARIO.jpg?resize=700%2C400&ssl=1 2x"},"classes":[]},{"id":127861,"url":"https:\/\/lasprimeras.com.do\/index.php\/2026\/04\/16\/vi-congreso-mundial-de-mujeres-lideres-en-la-universidad-de-harvard-23-y-24-de-abril-de-2026\/","url_meta":{"origin":93358,"position":3},"title":"VI Congreso Mundial de MUJERES l\u00edderes en la Universidad de Harvard 23 y 24 de abril de 2026","author":"Nelson Feliz","date":"16 de abril de 2026","format":false,"excerpt":"Cambridge Massachusetts. Boston (EEUU). L\u00edderes de Hispanoam\u00e9rica se dar\u00e1n cita el 23 y 24 de abril de 2026 para celebrar el VI Congreso Mundial de Mujeres L\u00edderes 2026 en la Universidad de Harvard, organizado por la Dra. Roselin Cabrales y EntreL\u00edderes, Business Strategy School. Este Congreso es catalogado como uno\u2026","rel":"","context":"En \u00abENTRETENIMIENTO\u00bb","block_context":{"text":"ENTRETENIMIENTO","link":"https:\/\/lasprimeras.com.do\/index.php\/category\/entretenimiento\/"},"img":{"alt_text":"","src":"https:\/\/i0.wp.com\/lasprimeras.com.do\/wp-content\/uploads\/2026\/04\/mujeres.jpg?resize=350%2C200&ssl=1","width":350,"height":200,"srcset":"https:\/\/i0.wp.com\/lasprimeras.com.do\/wp-content\/uploads\/2026\/04\/mujeres.jpg?resize=350%2C200&ssl=1 1x, https:\/\/i0.wp.com\/lasprimeras.com.do\/wp-content\/uploads\/2026\/04\/mujeres.jpg?resize=525%2C300&ssl=1 1.5x, https:\/\/i0.wp.com\/lasprimeras.com.do\/wp-content\/uploads\/2026\/04\/mujeres.jpg?resize=700%2C400&ssl=1 2x"},"classes":[]},{"id":105087,"url":"https:\/\/lasprimeras.com.do\/index.php\/2025\/07\/30\/carbery-mitchell-sera-reconocida-en-la-casa-de-gobierno-de-boston\/","url_meta":{"origin":93358,"position":4},"title":"Carbery Mitchell ser\u00e1 reconocida en la Casa de Gobierno de Boston","author":"Nelson Feliz","date":"30 de julio de 2025","format":false,"excerpt":"Boston, Massachusetts \u2013 La doctora Carbery Mitchell venezolana residente en la Rep\u00fablica Dominicana desde hace 9 a\u00f1os representando en ese pa\u00eds al WEF Women Economic Forum,a la Global Coaching Federation y a su propia Organizaci\u00f3n Met2het2 International dedicada al Empoderamiento Femenino y al impulso de marcas ha sido formalmente invitada\u2026","rel":"","context":"En \u00abSALUD\u00bb","block_context":{"text":"SALUD","link":"https:\/\/lasprimeras.com.do\/index.php\/category\/salud\/"},"img":{"alt_text":"","src":"https:\/\/i0.wp.com\/lasprimeras.com.do\/wp-content\/uploads\/2025\/07\/Carbery-Mitchell.jpg?resize=350%2C200&ssl=1","width":350,"height":200,"srcset":"https:\/\/i0.wp.com\/lasprimeras.com.do\/wp-content\/uploads\/2025\/07\/Carbery-Mitchell.jpg?resize=350%2C200&ssl=1 1x, https:\/\/i0.wp.com\/lasprimeras.com.do\/wp-content\/uploads\/2025\/07\/Carbery-Mitchell.jpg?resize=525%2C300&ssl=1 1.5x, https:\/\/i0.wp.com\/lasprimeras.com.do\/wp-content\/uploads\/2025\/07\/Carbery-Mitchell.jpg?resize=700%2C400&ssl=1 2x"},"classes":[]},{"id":108393,"url":"https:\/\/lasprimeras.com.do\/index.php\/2025\/09\/05\/punta-cana-consolida-liderazgo-con-el-congreso-inmobiliario-latinoamericano\/","url_meta":{"origin":93358,"position":5},"title":"Punta Cana consolida liderazgo con el Congreso Inmobiliario Latinoamericano","author":"Nelson Feliz","date":"5 de septiembre de 2025","format":false,"excerpt":"Con una asistencia r\u00e9cord y una agenda acad\u00e9mica de alto nivel, el X Congreso Inmobiliario Latinoamericano de CILA y el VI Congreso Internacional de AEI, marcaronun antes y un despu\u00e9s en la historia de estas instituciones. Con la participaci\u00f3n de 430 profesionales inmobiliarios de 21 pa\u00edses, incluyendo 192 delegados internacionales,\u2026","rel":"","context":"En \u00abNACIONALES\u00bb","block_context":{"text":"NACIONALES","link":"https:\/\/lasprimeras.com.do\/index.php\/category\/nacionales\/"},"img":{"alt_text":"Cesar Latrilla, Alberto V\u00e1squez, Juan Francisco Rojas, Yermys Pe\u00f1a, Carlos Rentalo, Joan Trilla y Alberto Bogaert","src":"https:\/\/i0.wp.com\/lasprimeras.com.do\/wp-content\/uploads\/2025\/09\/cila.jpg?resize=350%2C200&ssl=1","width":350,"height":200,"srcset":"https:\/\/i0.wp.com\/lasprimeras.com.do\/wp-content\/uploads\/2025\/09\/cila.jpg?resize=350%2C200&ssl=1 1x, https:\/\/i0.wp.com\/lasprimeras.com.do\/wp-content\/uploads\/2025\/09\/cila.jpg?resize=525%2C300&ssl=1 1.5x, https:\/\/i0.wp.com\/lasprimeras.com.do\/wp-content\/uploads\/2025\/09\/cila.jpg?resize=700%2C400&ssl=1 2x"},"classes":[]}],"jetpack_sharing_enabled":true,"_links":{"self":[{"href":"https:\/\/lasprimeras.com.do\/index.php\/wp-json\/wp\/v2\/posts\/93358","targetHints":{"allow":["GET"]}}],"collection":[{"href":"https:\/\/lasprimeras.com.do\/index.php\/wp-json\/wp\/v2\/posts"}],"about":[{"href":"https:\/\/lasprimeras.com.do\/index.php\/wp-json\/wp\/v2\/types\/post"}],"author":[{"embeddable":true,"href":"https:\/\/lasprimeras.com.do\/index.php\/wp-json\/wp\/v2\/users\/2"}],"replies":[{"embeddable":true,"href":"https:\/\/lasprimeras.com.do\/index.php\/wp-json\/wp\/v2\/comments?post=93358"}],"version-history":[{"count":1,"href":"https:\/\/lasprimeras.com.do\/index.php\/wp-json\/wp\/v2\/posts\/93358\/revisions"}],"predecessor-version":[{"id":93360,"href":"https:\/\/lasprimeras.com.do\/index.php\/wp-json\/wp\/v2\/posts\/93358\/revisions\/93360"}],"wp:featuredmedia":[{"embeddable":true,"href":"https:\/\/lasprimeras.com.do\/index.php\/wp-json\/wp\/v2\/media\/93359"}],"wp:attachment":[{"href":"https:\/\/lasprimeras.com.do\/index.php\/wp-json\/wp\/v2\/media?parent=93358"}],"wp:term":[{"taxonomy":"category","embeddable":true,"href":"https:\/\/lasprimeras.com.do\/index.php\/wp-json\/wp\/v2\/categories?post=93358"},{"taxonomy":"post_tag","embeddable":true,"href":"https:\/\/lasprimeras.com.do\/index.php\/wp-json\/wp\/v2\/tags?post=93358"}],"curies":[{"name":"wp","href":"https:\/\/api.w.org\/{rel}","templated":true}]}}