{"id":93386,"date":"2025-02-09T11:53:53","date_gmt":"2025-02-09T15:53:53","guid":{"rendered":"https:\/\/lasprimeras.com.do\/?p=93386"},"modified":"2025-02-09T11:53:53","modified_gmt":"2025-02-09T15:53:53","slug":"nets-dan-de-baja-a-ben-simmons-tras-acordar-rescision-contractual","status":"publish","type":"post","link":"https:\/\/lasprimeras.com.do\/index.php\/2025\/02\/09\/nets-dan-de-baja-a-ben-simmons-tras-acordar-rescision-contractual\/","title":{"rendered":"Nets dan de baja a Ben Simmons tras acordar rescisi\u00f3n contractual"},"content":{"rendered":"\n<p>POR BRIAN MAHONEY<\/p>\n\n\n\n<p>NUEVA YORK (AP) \u2014 Ben Simmons fue dado de baja por los Nets de Brooklyn el s\u00e1bado, despu\u00e9s de que el equipo acord\u00f3 una rescisi\u00f3n de contrato con el \u00faltimo jugador que quedaba de una fallida construcci\u00f3n basada en estrellas.<\/p>\n\n\n\n<p>El primer seleccionado general del draft de 2016 no estuvo con los Nets el viernes para su victoria sobre el Heat de Miami, mientras las partes trabajaban en completar el acuerdo.<\/p>\n\n\n\n<p>El entrenador espa\u00f1ol Jordi Fern\u00e1ndez elogi\u00f3 a Simmons antes del encuentro por trabajar para recuperarse de una serie de lesiones que fueron la causa principal de una estad\u00eda tan desventurada en Brooklyn.<\/p>\n\n\n\n<p>\u201cS\u00e9 que no ha jugado durante una temporada, luego tuvo partidos limitados otra campa\u00f1a y ahora lucha por volver, jugando creo que un poco m\u00e1s de 20 minutos o unos 25\u201d, dijo Fern\u00e1ndez, quien en su primera temporada con los Nets. \u201cAs\u00ed que eso es bastante bueno. Fue realmente bueno ver eso despu\u00e9s de pasar por una cirug\u00eda y ahora estar de vuelta jugando al baloncesto\u201d.<\/p>\n\n\n\n<p>Pero fue mucho menos de lo que esperaban los Nets cuando adquirieron al australiano, tres veces elegido al Juego de Estrellas, en un canje por James Harden en la fecha l\u00edmite de traspasos de 2022.<\/p>\n\n\n\n<p>Nunca pudo unirse a Kevin Durant y Kyrie Irving en la cancha esa temporada despu\u00e9s de lastimarse la espalda tratando de volver a ponerse en forma despu\u00e9s de haberse ausentado la primera mitad de esa campa\u00f1a en Filadelfia.<\/p>\n\n\n\n<p>Los problemas de lesiones, principalmente debido a da\u00f1os en los nervios lumbares, continuaron limitando a Simmons. Logr\u00f3 jugar solo la mitad de la temporada 2022-23, durante la cual Durant e Irving fueron transferidos, y disput\u00f3 solo 15 partidos la temporada pasada.<\/p>\n\n\n\n<p>Simmons particip\u00f3 en 33 de los 52 partidos de los Nets esta temporada, comenzando 24. Promedi\u00f3 6,2 puntos y 6,9 asistencias.<\/p>\n\n\n\n<p>El australiano est\u00e1 ganando 40 millones de d\u00f3lares esta temporada y ser\u00eda agente libre despu\u00e9s. ESPN inform\u00f3 que tiene la intenci\u00f3n de firmar con los Clippers de Los \u00c1ngeles por el resto de esta temporada.<\/p>\n\n\n\n<p>El presidente de operaciones deportivas de los Clippers, Lawrence Frank, dijo antes del duelo del s\u00e1bado por la noche contra el Jazz de Utah que su equipo todav\u00eda ten\u00eda un par de movimientos por hacer, pero no mencion\u00f3 a Simmons ya que a\u00fan no ha sido liberado de su contrato.<\/p>\n\n\n\n<p>\u201cHemos tenido suerte en el mercado de rescisiones. Mira a Nico (Batum), Reggie Jackson y Russ (Russell Westbrook), esos chicos tuvieron un enorme impacto\u201d, dijo Frank.<\/p>\n\n\n\n<p>\u201cSomos afortunados de que siempre hemos sido un destino para los jugadores con contratos rescindidos. A los chicos les encanta jugar para (el entrenador) Tyronn Lue, se han enamorado de la franquicia. As\u00ed que miraremos el mercado de rescisiones y veremos c\u00f3mo podemos abordar algunas necesidades adicionales que tenemos\u201d.<\/p>\n","protected":false},"excerpt":{"rendered":"<p>POR BRIAN MAHONEY NUEVA YORK (AP) \u2014 Ben Simmons fue dado de baja por los Nets de Brooklyn el s\u00e1bado, despu\u00e9s de que el equipo acord\u00f3 una rescisi\u00f3n de contrato&hellip;<\/p>\n","protected":false},"author":2,"featured_media":93387,"comment_status":"open","ping_status":"open","sticky":false,"template":"","format":"standard","meta":{"content-type":"","jetpack_post_was_ever_published":false,"_jetpack_newsletter_access":"","_jetpack_dont_email_post_to_subs":false,"_jetpack_newsletter_tier_id":0,"_jetpack_memberships_contains_paywalled_content":false,"_jetpack_memberships_contains_paid_content":false,"footnotes":""},"categories":[630],"tags":[17256],"class_list":["post-93386","post","type-post","status-publish","format-standard","has-post-thumbnail","hentry","category-deportes","tag-nets-dan-de-baja-a-ben-simmons"],"jetpack_featured_media_url":"https:\/\/lasprimeras.com.do\/wp-content\/uploads\/2025\/02\/Ben-Simmons-de-los-Nets-de-Brooklyn-trata-de-avanzar-frente-a-Malcolm-Brogdon-de-los-Wizards-de-Washington-el-miercoles-5-de-febrero-de-2025-.jpg","jetpack-related-posts":[{"id":93920,"url":"https:\/\/lasprimeras.com.do\/index.php\/2025\/02\/23\/claxton-encesta-en-el-ultimo-segundo-y-nets-se-imponen-a-76ers-por-105-103\/","url_meta":{"origin":93386,"position":0},"title":"Claxton encesta en el \u00faltimo segundo y Nets se imponen a 76ers por 105-103","author":"Nelson Feliz","date":"23 de febrero de 2025","format":false,"excerpt":"FILADELFIA (AP) \u2014 Nic Claxton anot\u00f3 16 puntos y encest\u00f3 cuando el tiempo expiraba, mientras que Cam Johnson sum\u00f3 23 puntos y los Nets de Brooklyn superaron el s\u00e1bado 105-103 a los 76ers de Filadelfia. Tyrese Maxey atin\u00f3 un triple con 25 segundos restantes que empat\u00f3 el marcador a 103\u2026","rel":"","context":"En \u00abDEPORTES\u00bb","block_context":{"text":"DEPORTES","link":"https:\/\/lasprimeras.com.do\/index.php\/category\/deportes\/"},"img":{"alt_text":"","src":"https:\/\/i0.wp.com\/lasprimeras.com.do\/wp-content\/uploads\/2025\/02\/Nic-Claxton.jpg?resize=350%2C200&ssl=1","width":350,"height":200,"srcset":"https:\/\/i0.wp.com\/lasprimeras.com.do\/wp-content\/uploads\/2025\/02\/Nic-Claxton.jpg?resize=350%2C200&ssl=1 1x, https:\/\/i0.wp.com\/lasprimeras.com.do\/wp-content\/uploads\/2025\/02\/Nic-Claxton.jpg?resize=525%2C300&ssl=1 1.5x, https:\/\/i0.wp.com\/lasprimeras.com.do\/wp-content\/uploads\/2025\/02\/Nic-Claxton.jpg?resize=700%2C400&ssl=1 2x"},"classes":[]},{"id":95782,"url":"https:\/\/lasprimeras.com.do\/index.php\/2025\/03\/19\/baylor-scheierman-y-kristaps-porzingis-lideran-triunfo-de-celtics-104-96-ante-nets\/","url_meta":{"origin":93386,"position":1},"title":"Baylor Scheierman y Kristaps Porzingis lideran triunfo de Celtics 104-96 ante Nets","author":"Nelson Feliz","date":"19 de marzo de 2025","format":false,"excerpt":"BOSTON (AP) \u2014 Baylor Scheierman anot\u00f3 13 de su 20 puntos, el m\u00e1ximo de su carrera, en el \u00faltimo periodo y Kristaps Porzingis tuvo 25 unidades y 13 rebotes en la victoria 104-96 el martes de los Celtics de Boston ante los Nets de Brooklyn. Scheierman aprovech\u00f3 el tiempo adicional\u2026","rel":"","context":"En \u00abDEPORTES\u00bb","block_context":{"text":"DEPORTES","link":"https:\/\/lasprimeras.com.do\/index.php\/category\/deportes\/"},"img":{"alt_text":"","src":"https:\/\/i0.wp.com\/lasprimeras.com.do\/wp-content\/uploads\/2025\/03\/cektics.jpg?resize=350%2C200&ssl=1","width":350,"height":200,"srcset":"https:\/\/i0.wp.com\/lasprimeras.com.do\/wp-content\/uploads\/2025\/03\/cektics.jpg?resize=350%2C200&ssl=1 1x, https:\/\/i0.wp.com\/lasprimeras.com.do\/wp-content\/uploads\/2025\/03\/cektics.jpg?resize=525%2C300&ssl=1 1.5x, https:\/\/i0.wp.com\/lasprimeras.com.do\/wp-content\/uploads\/2025\/03\/cektics.jpg?resize=700%2C400&ssl=1 2x"},"classes":[]},{"id":95310,"url":"https:\/\/lasprimeras.com.do\/index.php\/2025\/03\/12\/cavaliers-vencen-109-104-a-los-nets-y-logran-su-segunda-racha-de-15-victorias\/","url_meta":{"origin":93386,"position":2},"title":"Cavaliers vencen 109-104 a los Nets y logran su segunda racha de 15 victorias","author":"Nelson Feliz","date":"12 de marzo de 2025","format":false,"excerpt":"CLEVELAND (AP) \u2014 El estelar Darius Garland anot\u00f3 18 de sus 30 puntos en el cuarto periodo y los Cavaliers de Cleveland, l\u00edderes de la NBA, vencieron 109-104 a los Nets de Brooklyn el martes por la noche. Los Cavs llegaron a 15 victorias seguidas para igualar la racha de\u2026","rel":"","context":"En \u00abDEPORTES\u00bb","block_context":{"text":"DEPORTES","link":"https:\/\/lasprimeras.com.do\/index.php\/category\/deportes\/"},"img":{"alt_text":"","src":"https:\/\/i0.wp.com\/lasprimeras.com.do\/wp-content\/uploads\/2025\/03\/Cavaliers-vencen-109-104-a-los-Nets.png?resize=350%2C200&ssl=1","width":350,"height":200,"srcset":"https:\/\/i0.wp.com\/lasprimeras.com.do\/wp-content\/uploads\/2025\/03\/Cavaliers-vencen-109-104-a-los-Nets.png?resize=350%2C200&ssl=1 1x, https:\/\/i0.wp.com\/lasprimeras.com.do\/wp-content\/uploads\/2025\/03\/Cavaliers-vencen-109-104-a-los-Nets.png?resize=525%2C300&ssl=1 1.5x, https:\/\/i0.wp.com\/lasprimeras.com.do\/wp-content\/uploads\/2025\/03\/Cavaliers-vencen-109-104-a-los-Nets.png?resize=700%2C400&ssl=1 2x"},"classes":[]},{"id":94947,"url":"https:\/\/lasprimeras.com.do\/index.php\/2025\/03\/07\/curry-aporta-40-puntos-a-warriors-que-superan-121-119-a-nets-y-cierran-gira-con-foja-de-4-1\/","url_meta":{"origin":93386,"position":3},"title":"Curry aporta 40 puntos a Warriors, que superan 121-119 a Nets y cierran gira con foja de 4-1","author":"Nelson Feliz","date":"7 de marzo de 2025","format":false,"excerpt":"NUEVA YORK (AP) \u2014 Stephen Curry anot\u00f3 40 puntos, incluido un tiro desde pr\u00e1cticamente la mitad de la cancha mediante un giro, para que los Warriors de Golden State remontaran un d\u00e9ficit de 22 puntos y superaran el jueves 121-119 a los Nets de Brooklyn. El disparo espectacular de Curry\u2026","rel":"","context":"En \u00abDEPORTES\u00bb","block_context":{"text":"DEPORTES","link":"https:\/\/lasprimeras.com.do\/index.php\/category\/deportes\/"},"img":{"alt_text":"Stephen Curry","src":"https:\/\/i0.wp.com\/lasprimeras.com.do\/wp-content\/uploads\/2025\/03\/Stephen-Curry.png?resize=350%2C200&ssl=1","width":350,"height":200,"srcset":"https:\/\/i0.wp.com\/lasprimeras.com.do\/wp-content\/uploads\/2025\/03\/Stephen-Curry.png?resize=350%2C200&ssl=1 1x, https:\/\/i0.wp.com\/lasprimeras.com.do\/wp-content\/uploads\/2025\/03\/Stephen-Curry.png?resize=525%2C300&ssl=1 1.5x, https:\/\/i0.wp.com\/lasprimeras.com.do\/wp-content\/uploads\/2025\/03\/Stephen-Curry.png?resize=700%2C400&ssl=1 2x"},"classes":[]},{"id":89880,"url":"https:\/\/lasprimeras.com.do\/index.php\/2024\/10\/06\/cirujana-oncologa-de-ee-uu-dictara-conferencia-sobre-el-cancer-de-mama\/","url_meta":{"origin":93386,"position":4},"title":"Cirujana onc\u00f3loga de EE.UU. dictar\u00e1 conferencia sobre el c\u00e1ncer de mama","author":"Nelson Feliz","date":"6 de octubre de 2024","format":false,"excerpt":"La conferencia es organizada por la firma Pe\u00f1a-Izquierdo Corredores de Seguros y el New York Presbyterian Hospital. La reconocida cirujana onc\u00f3loga de Estados Unidos, Rache M. Simmons, ofrecer\u00e1 este martes 8 de octubre, la conferencia \"La trayectoria de una mujer con c\u00e1ncer de mama a trav\u00e9s del diagn\u00f3stico, tratamiento y\u2026","rel":"","context":"En \u00abSin categor\u00eda\u00bb","block_context":{"text":"Sin categor\u00eda","link":"https:\/\/lasprimeras.com.do\/index.php\/category\/sin-categoria\/"},"img":{"alt_text":"La vicepresidenta ejecutiva de la firma Pe\u00f1a-Izquierdo Corredores de Seguros, Laura Pe\u00f1a Izquierdo, ofrece los detalles de la actividad.","src":"https:\/\/i0.wp.com\/lasprimeras.com.do\/wp-content\/uploads\/2024\/10\/La-vicepresidenta-ejecutiva-de-Pena-Izquierdo-Corredores-Seguros-Laura-Pena-Izquierdo.jpg?resize=350%2C200&ssl=1","width":350,"height":200,"srcset":"https:\/\/i0.wp.com\/lasprimeras.com.do\/wp-content\/uploads\/2024\/10\/La-vicepresidenta-ejecutiva-de-Pena-Izquierdo-Corredores-Seguros-Laura-Pena-Izquierdo.jpg?resize=350%2C200&ssl=1 1x, https:\/\/i0.wp.com\/lasprimeras.com.do\/wp-content\/uploads\/2024\/10\/La-vicepresidenta-ejecutiva-de-Pena-Izquierdo-Corredores-Seguros-Laura-Pena-Izquierdo.jpg?resize=525%2C300&ssl=1 1.5x, https:\/\/i0.wp.com\/lasprimeras.com.do\/wp-content\/uploads\/2024\/10\/La-vicepresidenta-ejecutiva-de-Pena-Izquierdo-Corredores-Seguros-Laura-Pena-Izquierdo.jpg?resize=700%2C400&ssl=1 2x"},"classes":[]},{"id":127566,"url":"https:\/\/lasprimeras.com.do\/index.php\/2026\/04\/13\/trump-da-100-de-propina-a-repartidora-de-mcdonalds\/","url_meta":{"origin":93386,"position":5},"title":"Trump da $100 de propina a repartidora de McDonald&#8217;s","author":"Nelson Feliz","date":"13 de abril de 2026","format":false,"excerpt":"POR WILL WEISSERT WASHINGTON (AP) \u2014 El presidente Donald Trump orden\u00f3 el lunes dos paquetes de McDonald\u2019s por DoorDash hasta la puerta del Despacho Oval, dej\u00e1ndole una propina de 100 d\u00f3lares a la repartidora. La comida predilecta del mandatario y toda la escena fueron para promover una pol\u00edtica fiscal que,\u2026","rel":"","context":"En \u00abINTERNACIONALES\u00bb","block_context":{"text":"INTERNACIONALES","link":"https:\/\/lasprimeras.com.do\/index.php\/category\/sin-categoria\/internacionales\/"},"img":{"alt_text":"Sharon Simmons","src":"https:\/\/i0.wp.com\/lasprimeras.com.do\/wp-content\/uploads\/2026\/04\/Sharon-Simmons.jpg?resize=350%2C200&ssl=1","width":350,"height":200,"srcset":"https:\/\/i0.wp.com\/lasprimeras.com.do\/wp-content\/uploads\/2026\/04\/Sharon-Simmons.jpg?resize=350%2C200&ssl=1 1x, https:\/\/i0.wp.com\/lasprimeras.com.do\/wp-content\/uploads\/2026\/04\/Sharon-Simmons.jpg?resize=525%2C300&ssl=1 1.5x, https:\/\/i0.wp.com\/lasprimeras.com.do\/wp-content\/uploads\/2026\/04\/Sharon-Simmons.jpg?resize=700%2C400&ssl=1 2x"},"classes":[]}],"jetpack_sharing_enabled":true,"_links":{"self":[{"href":"https:\/\/lasprimeras.com.do\/index.php\/wp-json\/wp\/v2\/posts\/93386","targetHints":{"allow":["GET"]}}],"collection":[{"href":"https:\/\/lasprimeras.com.do\/index.php\/wp-json\/wp\/v2\/posts"}],"about":[{"href":"https:\/\/lasprimeras.com.do\/index.php\/wp-json\/wp\/v2\/types\/post"}],"author":[{"embeddable":true,"href":"https:\/\/lasprimeras.com.do\/index.php\/wp-json\/wp\/v2\/users\/2"}],"replies":[{"embeddable":true,"href":"https:\/\/lasprimeras.com.do\/index.php\/wp-json\/wp\/v2\/comments?post=93386"}],"version-history":[{"count":1,"href":"https:\/\/lasprimeras.com.do\/index.php\/wp-json\/wp\/v2\/posts\/93386\/revisions"}],"predecessor-version":[{"id":93388,"href":"https:\/\/lasprimeras.com.do\/index.php\/wp-json\/wp\/v2\/posts\/93386\/revisions\/93388"}],"wp:featuredmedia":[{"embeddable":true,"href":"https:\/\/lasprimeras.com.do\/index.php\/wp-json\/wp\/v2\/media\/93387"}],"wp:attachment":[{"href":"https:\/\/lasprimeras.com.do\/index.php\/wp-json\/wp\/v2\/media?parent=93386"}],"wp:term":[{"taxonomy":"category","embeddable":true,"href":"https:\/\/lasprimeras.com.do\/index.php\/wp-json\/wp\/v2\/categories?post=93386"},{"taxonomy":"post_tag","embeddable":true,"href":"https:\/\/lasprimeras.com.do\/index.php\/wp-json\/wp\/v2\/tags?post=93386"}],"curies":[{"name":"wp","href":"https:\/\/api.w.org\/{rel}","templated":true}]}}