{"id":93399,"date":"2025-02-09T14:31:55","date_gmt":"2025-02-09T18:31:55","guid":{"rendered":"https:\/\/lasprimeras.com.do\/?p=93399"},"modified":"2025-02-09T14:31:57","modified_gmt":"2025-02-09T18:31:57","slug":"yolandita-monge-reafirma-su-conexion-con-el-publico-dominicano","status":"publish","type":"post","link":"https:\/\/lasprimeras.com.do\/index.php\/2025\/02\/09\/yolandita-monge-reafirma-su-conexion-con-el-publico-dominicano\/","title":{"rendered":"Yolandita Monge reafirma su conexi\u00f3n con el p\u00fablico dominicano"},"content":{"rendered":"\n<p><strong>Adem\u00e1s de cantar, aprovech\u00f3 para enviar un mensaje en defensa de la mujer: &#8220;Lo \u00fanico que una mujer debe recibir en la vida es amor, que no haya una v\u00edctima m\u00e1s\u201d.<\/strong><\/p>\n\n\n\n<p>Por Yeil\u00edn Pe\u00f1a<\/p>\n\n\n\n<p>Vestida de dorado, con su cabellera rubia resplandeciente bajo las luces, Yolandita Monge abri\u00f3 su espect\u00e1culo en el Teatro Nacional Eduardo Brito con la canci\u00f3n &#8220;A todo pulm\u00f3n&#8221;, dejando claro que su voz sigue poderosa y llena de sentimiento.<\/p>\n\n\n\n<p>Eran las 8:45 de la noche del pasado s\u00e1bado cuando los telones de l a sala Carlos Piantini se abrieron para dar paso a una de las artistas m\u00e1s ic\u00f3nicas de Puerto Rico como parte de su gira \u201cEternamente Yolandita\u201d.<\/p>\n\n\n\n<p>El p\u00fablico, entregado desde el primer instante, la acompa\u00f1\u00f3 con aplausos mientras la artista continuaba con &#8220;Por ti&#8221;.<\/p>\n\n\n\n<p>El escenario, un despliegue de luces coloridas, complementaba cada cambio de vestuario de la diva, quien a lo largo de la noche realiz\u00f3 cuatro transformaciones espectaculares. Cada look parec\u00eda contar una historia distinta: brillo, sofisticaci\u00f3n y pasi\u00f3n en cada atuendo.<\/p>\n\n\n\n<p>Uno de los momentos m\u00e1s memorables fue el medley conformado por &#8220;Dime&#8221;, &#8220;Sin amor&#8221;, &#8220;Laberinto de amor&#8221; y otras m\u00e1s.<\/p>\n\n\n\n<p>Yolandita Monge es cargada por dos de sus bailarines durante su concierto en el Teatro Nacional, la noche del 8 de febrero 2025.<\/p>\n\n\n\n<p>Con su presencia imponente y el glamour art\u00edstico que no pierde en 69 a\u00f1os de edad, transport\u00f3 al p\u00fablico a trav\u00e9s de los \u00e9xitos que han definido su carrera.<\/p>\n\n\n\n<p>La noche se torn\u00f3 a\u00fan m\u00e1s intensa cuando, con un vestido largo rojo y acompa\u00f1ada por un grupo de talentosos bailarines, la cantante dio rienda suelta a su lado m\u00e1s pasional.<\/p>\n\n\n\n<p>Con el tema &#8220;Mala\u201d, en cada movimiento de Yolandita se reflejaba la imagen de una mujer empoderada y seductora.<\/p>\n\n\n\n<p>Sus expresiones, su entrega y su actitud dejaron claro su capacidad innata para apoderarse de cualquier escenario a pesar de su edad.<\/p>\n\n\n\n<p>El sonido impecable y la cuidada producci\u00f3n hicieron que cada canci\u00f3n y cada baile brillara.<\/p>\n\n\n\n<p>Yolandita Monge cuando abr\u00eda sus brazos al p\u00fablico dominicano congregado en el Teatro Nacional la noche del 8 de febrero de 2025.<\/p>\n\n\n\n<p>Con la canci\u00f3n \u201cContra la pared\u201d alz\u00f3 su voz para honrar a todas las mujeres que han sufrido la violencia dom\u00e9stica.<\/p>\n\n\n\n<p>\u201cYo me opongo al maltrato, a la violencia, al abuso a la desigualdad y me opongo a la falta de leyes que protegen a las mujeres\u201d expres\u00f3.<\/p>\n\n\n\n<p>Agreg\u00f3 tambi\u00e9n que \u201cno demos la espalda a todas aquellas que la necesitan, lo \u00fanico que una mujer debe recibir en la vida es amor, que no haya una v\u00edctima m\u00e1s\u201d.<\/p>\n\n\n\n<p>Con un cambio a un enterizo brillante y m\u00e1s c\u00f3modo para bailar, demostr\u00f3 su destreza en el baile y a ritmo de \u201cVivir\u00e9 sin ti\u201d, puso a muchos a moverse al comp\u00e1s de la m\u00fasica.<\/p>\n\n\n\n<p>Adem\u00e1s, rindi\u00f3 homenaje a su amiga la cantante dominicana Sonia Silvestre interpretando su canci\u00f3n \u201cYo quiero andar\u201d (composici\u00f3n de Luis D\u00edas).<\/p>\n\n\n\n<p>Present\u00f3 a sus m\u00fasicos y bailarines, destacando a Wanda Reyes, Giannina Torres y Tony Cordero en los coros; Jorge Laboy y Vicky Sullivan en la guitarra; Cristian Gal\u00edndez en la percusi\u00f3n; Ito Col\u00f3n en la bater\u00eda; Eddie Sierra en el bajo; y Seferino Cabral en el piano.<\/p>\n\n\n\n<p>Para ninguna dominicana es un secreto que Yolandita es una artista que nunca puede faltar en las labores diarias o la cocina, con \u201cCierra los ojos\u201d puso a todos a cantar con fuerzas, incluso a los hombres.<\/p>\n\n\n\n<p>Interactu\u00f3 con sus fan\u00e1ticas mientras interpretaba su \u00e9xito &#8220;La distancia&#8221;, donde se tom\u00f3 fotos y hasta pas\u00f3 el micr\u00f3fono a una de ellas, generando un momento especial.<\/p>\n\n\n\n<p>&#8220;Sususubir&#8221; fue la canci\u00f3n con la que cerr\u00f3 el concierto, dejando a la audiencia euf\u00f3rica.<\/p>\n\n\n\n<p>Sin embargo, al finalizar, algunas personas quedaron con sentimientos encontrados y se quejaron por la ausencia de &#8220;S\u00ed&#8221;, &#8220;El amor&#8221; y &#8220;Se\u00f1or del pasado&#8221;, canciones ic\u00f3nicas y muy a\u00f1oradas por los dominicanos.<\/p>\n\n\n\n<p>Fuente List\u00edn Diario<\/p>\n","protected":false},"excerpt":{"rendered":"<p>Adem\u00e1s de cantar, aprovech\u00f3 para enviar un mensaje en defensa de la mujer: &#8220;Lo \u00fanico que una mujer debe recibir en la vida es amor, que no haya una v\u00edctima&hellip;<\/p>\n","protected":false},"author":2,"featured_media":93400,"comment_status":"open","ping_status":"open","sticky":false,"template":"","format":"standard","meta":{"content-type":"","jetpack_post_was_ever_published":false,"_jetpack_newsletter_access":"","_jetpack_dont_email_post_to_subs":false,"_jetpack_newsletter_tier_id":0,"_jetpack_memberships_contains_paywalled_content":false,"_jetpack_memberships_contains_paid_content":false,"footnotes":""},"categories":[84],"tags":[1867,14818,17262,17264,17263],"class_list":["post-93399","post","type-post","status-publish","format-standard","has-post-thumbnail","hentry","category-entretenimiento","tag-canciones","tag-conexion","tag-expresiones","tag-publico-dominicano","tag-yolandita-monge"],"jetpack_featured_media_url":"https:\/\/lasprimeras.com.do\/wp-content\/uploads\/2025\/02\/Yolandita-Monge-1.jpeg","jetpack-related-posts":[{"id":65586,"url":"https:\/\/lasprimeras.com.do\/index.php\/2023\/10\/30\/ana-barbara-cautiva-al-publico-dominicano-con-una-fiesta-de-emociones\/","url_meta":{"origin":93399,"position":0},"title":"Ana B\u00e1rbara cautiva al p\u00fablico dominicano con una fiesta de emociones","author":"BIMARY DE JES\u00daS Matos","date":"30 de octubre de 2023","format":false,"excerpt":"Santo Domingo.-La cantante mexicana Ana B\u00e1rbara, conocida popularmente como \u201cLa Reina Grupera\u201d demostr\u00f3 este s\u00e1bado en el Teatro Nacional Eduardo Brito su talento y pasi\u00f3n con su show \u201cBandidosTour2023\u201d. Entre recuerdos y nuevos lanzamientos, la artista y modelo de San Luis Potos\u00ed, municipio mexicano, supo complacer a sus fans que\u2026","rel":"","context":"En \u00abENTRETENIMIENTO\u00bb","block_context":{"text":"ENTRETENIMIENTO","link":"https:\/\/lasprimeras.com.do\/index.php\/category\/entretenimiento\/"},"img":{"alt_text":"","src":"https:\/\/i0.wp.com\/lasprimeras.com.do\/wp-content\/uploads\/2023\/10\/WhatsApp-Image-2023-10-29-at-4.17.21-PM-1-1.webp?resize=350%2C200&ssl=1","width":350,"height":200,"srcset":"https:\/\/i0.wp.com\/lasprimeras.com.do\/wp-content\/uploads\/2023\/10\/WhatsApp-Image-2023-10-29-at-4.17.21-PM-1-1.webp?resize=350%2C200&ssl=1 1x, https:\/\/i0.wp.com\/lasprimeras.com.do\/wp-content\/uploads\/2023\/10\/WhatsApp-Image-2023-10-29-at-4.17.21-PM-1-1.webp?resize=525%2C300&ssl=1 1.5x, https:\/\/i0.wp.com\/lasprimeras.com.do\/wp-content\/uploads\/2023\/10\/WhatsApp-Image-2023-10-29-at-4.17.21-PM-1-1.webp?resize=700%2C400&ssl=1 2x, https:\/\/i0.wp.com\/lasprimeras.com.do\/wp-content\/uploads\/2023\/10\/WhatsApp-Image-2023-10-29-at-4.17.21-PM-1-1.webp?resize=1050%2C600&ssl=1 3x"},"classes":[]},{"id":76961,"url":"https:\/\/lasprimeras.com.do\/index.php\/2024\/02\/16\/alvaro-torres-y-luis-vargas-cautivan-al-publico\/","url_meta":{"origin":93399,"position":1},"title":"\u00c1lvaro Torres y Luis Vargas cautivan al p\u00fablico","author":"BIMARY DE JES\u00daS Matos","date":"16 de febrero de 2024","format":false,"excerpt":"Santo Domingo.-Los artista \u00c1lvaro Torres y Luis Vargas consiguieron animar al p\u00fablico con sus repertorios de \u00e9xitos, en un concierto con motivo del D\u00eda del Amor y la Amistad, en el Teatro La Fiesta del hotel Jaragua. Con sus canciones rom\u00e1nticas, que a pesar de los a\u00f1os siguen sonando en\u2026","rel":"","context":"En \u00abENTRETENIMIENTO\u00bb","block_context":{"text":"ENTRETENIMIENTO","link":"https:\/\/lasprimeras.com.do\/index.php\/category\/entretenimiento\/"},"img":{"alt_text":"","src":"https:\/\/i0.wp.com\/lasprimeras.com.do\/wp-content\/uploads\/2024\/02\/silueta-2020-7p01-e1708048273710.jpg.webp?resize=350%2C200&ssl=1","width":350,"height":200,"srcset":"https:\/\/i0.wp.com\/lasprimeras.com.do\/wp-content\/uploads\/2024\/02\/silueta-2020-7p01-e1708048273710.jpg.webp?resize=350%2C200&ssl=1 1x, https:\/\/i0.wp.com\/lasprimeras.com.do\/wp-content\/uploads\/2024\/02\/silueta-2020-7p01-e1708048273710.jpg.webp?resize=525%2C300&ssl=1 1.5x, https:\/\/i0.wp.com\/lasprimeras.com.do\/wp-content\/uploads\/2024\/02\/silueta-2020-7p01-e1708048273710.jpg.webp?resize=700%2C400&ssl=1 2x"},"classes":[]},{"id":75642,"url":"https:\/\/lasprimeras.com.do\/index.php\/2024\/02\/03\/entre-anecdotas-y-canciones-kany-garcia-inicia-su-fin-de-semana-en-el-teatro-nacional\/","url_meta":{"origin":93399,"position":2},"title":"Entre an\u00e9cdotas y canciones, Kany Garc\u00eda inicia su fin de semana en el Teatro Nacional","author":"BIMARY DE JES\u00daS Matos","date":"3 de febrero de 2024","format":false,"excerpt":"Santo Domingo.-A Kany Garc\u00eda le pas\u00f3 algo con Rep\u00fablica Dominicana y es que la cantautora puertorrique\u00f1a se siente \u201ccompletamente feliz\u201d en esta media isla y los dominicanos se lo agradecen llenando sus conciertos, no solo una noche, sino tres como en esta ocasi\u00f3n. La artista present\u00f3 la noche de este\u2026","rel":"","context":"En \u00abENTRETENIMIENTO\u00bb","block_context":{"text":"ENTRETENIMIENTO","link":"https:\/\/lasprimeras.com.do\/index.php\/category\/entretenimiento\/"},"img":{"alt_text":"","src":"https:\/\/i0.wp.com\/lasprimeras.com.do\/wp-content\/uploads\/2024\/02\/Conoceran-esta-tarde-solicitud-de-cese-de-medida-de-coercion-a-Jean-Alain-Rodriguez-1.jpg?resize=350%2C200&ssl=1","width":350,"height":200,"srcset":"https:\/\/i0.wp.com\/lasprimeras.com.do\/wp-content\/uploads\/2024\/02\/Conoceran-esta-tarde-solicitud-de-cese-de-medida-de-coercion-a-Jean-Alain-Rodriguez-1.jpg?resize=350%2C200&ssl=1 1x, https:\/\/i0.wp.com\/lasprimeras.com.do\/wp-content\/uploads\/2024\/02\/Conoceran-esta-tarde-solicitud-de-cese-de-medida-de-coercion-a-Jean-Alain-Rodriguez-1.jpg?resize=525%2C300&ssl=1 1.5x, https:\/\/i0.wp.com\/lasprimeras.com.do\/wp-content\/uploads\/2024\/02\/Conoceran-esta-tarde-solicitud-de-cese-de-medida-de-coercion-a-Jean-Alain-Rodriguez-1.jpg?resize=700%2C400&ssl=1 2x"},"classes":[]},{"id":92181,"url":"https:\/\/lasprimeras.com.do\/index.php\/2024\/12\/31\/romeo-santos-desacata-y-viola-ley-de-espectaculos-publicos-al-cantar-en-concierto-tema-prohibido-la-suegra\/","url_meta":{"origin":93399,"position":3},"title":"Romeo Santos desacata y viola Ley de Espect\u00e1culos P\u00fablicos al cantar en concierto tema prohibido \u201cLa Suegra\u201d","author":"Nelson Feliz","date":"31 de diciembre de 2024","format":false,"excerpt":"El afamado cantante bachatero de origen dominicano, Romero Santos, desacat\u00f3 y viol\u00f3 anoche la resoluci\u00f3n 001- 2023, emitida por el Consejo Nacional de Espect\u00e1culos P\u00fablicos y Radiofon\u00eda(CNEPR) al cantar en su concierto de anoche 29 de diciembre en el Estadio Ol\u00edmpico, la canci\u00f3n \u201cLa Suegra\u201d, que fue prohibida por la\u2026","rel":"","context":"En \u00abENTRETENIMIENTO\u00bb","block_context":{"text":"ENTRETENIMIENTO","link":"https:\/\/lasprimeras.com.do\/index.php\/category\/entretenimiento\/"},"img":{"alt_text":"Romeo Santos","src":"https:\/\/i0.wp.com\/lasprimeras.com.do\/wp-content\/uploads\/2024\/12\/Romeo-Santos.jpg?resize=350%2C200&ssl=1","width":350,"height":200,"srcset":"https:\/\/i0.wp.com\/lasprimeras.com.do\/wp-content\/uploads\/2024\/12\/Romeo-Santos.jpg?resize=350%2C200&ssl=1 1x, https:\/\/i0.wp.com\/lasprimeras.com.do\/wp-content\/uploads\/2024\/12\/Romeo-Santos.jpg?resize=525%2C300&ssl=1 1.5x, https:\/\/i0.wp.com\/lasprimeras.com.do\/wp-content\/uploads\/2024\/12\/Romeo-Santos.jpg?resize=700%2C400&ssl=1 2x"},"classes":[]},{"id":57763,"url":"https:\/\/lasprimeras.com.do\/index.php\/2023\/08\/15\/victor-del-villar-se-presenta-este-18-de-agosto-en-el-restaurante-dia-noche-latin-cuisine\/","url_meta":{"origin":93399,"position":4},"title":"V\u00edctor del Villar se presenta este 18 de agosto en el restaurante D\u00eda &#038; Noche Latin Cuisine","author":"Nelson Feliz","date":"15 de agosto de 2023","format":false,"excerpt":"https:\/\/youtu.be\/-XWs5hN6Rd4 Por Emmanuel Solano New York.- El cantautor y compositor dominicano radicado en esta ciudad ,Victor del Villar, nos invita a su gran concierto ,este 18 de agosto , en el restaurante D\u00eda & Noche Latin Cuisine, a partir de las 10 de la noche. El artista dominicano autor de\u2026","rel":"","context":"En \u00abENTRETENIMIENTO\u00bb","block_context":{"text":"ENTRETENIMIENTO","link":"https:\/\/lasprimeras.com.do\/index.php\/category\/entretenimiento\/"},"img":{"alt_text":"VICTOR DEL VILLAR","src":"https:\/\/i0.wp.com\/lasprimeras.com.do\/wp-content\/uploads\/2023\/08\/VICTOR-DEL-VILLAR.jpg?resize=350%2C200&ssl=1","width":350,"height":200,"srcset":"https:\/\/i0.wp.com\/lasprimeras.com.do\/wp-content\/uploads\/2023\/08\/VICTOR-DEL-VILLAR.jpg?resize=350%2C200&ssl=1 1x, https:\/\/i0.wp.com\/lasprimeras.com.do\/wp-content\/uploads\/2023\/08\/VICTOR-DEL-VILLAR.jpg?resize=525%2C300&ssl=1 1.5x"},"classes":[]},{"id":64733,"url":"https:\/\/lasprimeras.com.do\/index.php\/2023\/10\/23\/emmanuel-se-aduena-de-los-corazones-dominicanos\/","url_meta":{"origin":93399,"position":5},"title":"Emmanuel se adue\u00f1a de los corazones dominicanos","author":"BIMARY DE JES\u00daS Matos","date":"23 de octubre de 2023","format":false,"excerpt":"Santo Domingo, RD.- Ante una sala completamente llena se present\u00f3 con su espect\u00e1culo \u201cEmmanuel Live \u201cAll The Hits\u201d, el astro de la canci\u00f3n mexicana, Emmanuel. El imponente cantante mexicano, int\u00e9rprete de innumerables \u00e9xitos como \u201cInsoportablemente bella\u201d, se present\u00f3 ante un p\u00fablico euf\u00f3rico, en la sala Carlos Piantini del Teatro Nacional,\u2026","rel":"","context":"En \u00abENTRETENIMIENTO\u00bb","block_context":{"text":"ENTRETENIMIENTO","link":"https:\/\/lasprimeras.com.do\/index.php\/category\/entretenimiento\/"},"img":{"alt_text":"","src":"","width":0,"height":0},"classes":[]}],"jetpack_sharing_enabled":true,"_links":{"self":[{"href":"https:\/\/lasprimeras.com.do\/index.php\/wp-json\/wp\/v2\/posts\/93399","targetHints":{"allow":["GET"]}}],"collection":[{"href":"https:\/\/lasprimeras.com.do\/index.php\/wp-json\/wp\/v2\/posts"}],"about":[{"href":"https:\/\/lasprimeras.com.do\/index.php\/wp-json\/wp\/v2\/types\/post"}],"author":[{"embeddable":true,"href":"https:\/\/lasprimeras.com.do\/index.php\/wp-json\/wp\/v2\/users\/2"}],"replies":[{"embeddable":true,"href":"https:\/\/lasprimeras.com.do\/index.php\/wp-json\/wp\/v2\/comments?post=93399"}],"version-history":[{"count":1,"href":"https:\/\/lasprimeras.com.do\/index.php\/wp-json\/wp\/v2\/posts\/93399\/revisions"}],"predecessor-version":[{"id":93401,"href":"https:\/\/lasprimeras.com.do\/index.php\/wp-json\/wp\/v2\/posts\/93399\/revisions\/93401"}],"wp:featuredmedia":[{"embeddable":true,"href":"https:\/\/lasprimeras.com.do\/index.php\/wp-json\/wp\/v2\/media\/93400"}],"wp:attachment":[{"href":"https:\/\/lasprimeras.com.do\/index.php\/wp-json\/wp\/v2\/media?parent=93399"}],"wp:term":[{"taxonomy":"category","embeddable":true,"href":"https:\/\/lasprimeras.com.do\/index.php\/wp-json\/wp\/v2\/categories?post=93399"},{"taxonomy":"post_tag","embeddable":true,"href":"https:\/\/lasprimeras.com.do\/index.php\/wp-json\/wp\/v2\/tags?post=93399"}],"curies":[{"name":"wp","href":"https:\/\/api.w.org\/{rel}","templated":true}]}}