{"id":93402,"date":"2025-02-09T14:35:13","date_gmt":"2025-02-09T18:35:13","guid":{"rendered":"https:\/\/lasprimeras.com.do\/?p=93402"},"modified":"2025-02-09T14:35:15","modified_gmt":"2025-02-09T18:35:15","slug":"dncd-desmantela-centro-de-empaque-de-drogas-en-santiago","status":"publish","type":"post","link":"https:\/\/lasprimeras.com.do\/index.php\/2025\/02\/09\/dncd-desmantela-centro-de-empaque-de-drogas-en-santiago\/","title":{"rendered":"DNCD desmantela centro de empaque de drogas en Santiago"},"content":{"rendered":"\n<p><strong>Las autoridades contin\u00faan investigando para identificar a otros posibles involucrados en esta red criminal.<\/strong><\/p>\n\n\n\n<p>Agentes de la Direcci\u00f3n Nacional de Control de Drogas (DNCD) y el Ministerio P\u00fablico desmantelaron un centro que empacaba y distribu\u00eda sustancias narc\u00f3ticas en el sector Valle Verde de la ciudad de Santiago.<\/p>\n\n\n\n<p>En el operativo se apres\u00f3 a Raymiel Alexander Aponte Mercedes alias \u201cMoreno\u201d, quien es se\u00f1alado como parte de una red de narcotr\u00e1fico, mientras se inspeccion\u00f3 el veh\u00edculo que estaba bajo su dominio.<\/p>\n\n\n\n<p>En el autom\u00f3vil marca, KIA, color gris, placa A846298, fue encontrada un arma de fuego, municiones, cuatro pastillas de \u00e9xtasis, dos porciones de coca\u00edna y 30 c\u00e1psulas calibre 9mm.<\/p>\n\n\n\n<p>Al continuar con la operaci\u00f3n, los agentes se trasladaron al sector Buena Vista, donde intervinieron una vivienda en la calle C de la carretera Molinos; esta ocupaba 34 paquetes y 452 l\u00e1minas, as\u00ed como siete porciones de un polvo blanco presuntamente coca\u00edna y ocho porciones de presunta marihuana.<\/p>\n\n\n\n<p>En el operativo se ocuparon 4,000 mil pesos en efectivo, tres celulares, dos sierras industriales, dos estuches para pistola Glock, seis m\u00e1quinas de sellado, ocho cajas de pegamento, dos cajas de pl\u00e1stico para sellado al vac\u00edo y 12 balanzas.<\/p>\n\n\n\n<p>Tambi\u00e9n se incautaron una prensa hidr\u00e1ulica, una aspiradora, una mascarilla, un radio de comunicaci\u00f3n y varios documentos. Las autoridades contin\u00faan investigando para identificar a otros posibles involucrados en esta red criminal.<\/p>\n\n\n\n<p>Seg\u00fan informes de los agentes, el imputado enfrentar\u00e1 medidas de coerci\u00f3n por violaci\u00f3n a la ley 50-88 sobre Drogas y Sustancias Controladas, las cuales se conocer\u00e1n a partir de las pr\u00f3ximas horas.<\/p>\n","protected":false},"excerpt":{"rendered":"<p>Las autoridades contin\u00faan investigando para identificar a otros posibles involucrados en esta red criminal. Agentes de la Direcci\u00f3n Nacional de Control de Drogas (DNCD) y el Ministerio P\u00fablico desmantelaron un&hellip;<\/p>\n","protected":false},"author":2,"featured_media":93403,"comment_status":"open","ping_status":"open","sticky":false,"template":"","format":"standard","meta":{"content-type":"","jetpack_post_was_ever_published":false,"_jetpack_newsletter_access":"","_jetpack_dont_email_post_to_subs":false,"_jetpack_newsletter_tier_id":0,"_jetpack_memberships_contains_paywalled_content":false,"_jetpack_memberships_contains_paid_content":false,"footnotes":""},"categories":[3057],"tags":[743,5110,3707,5970,17265,1049],"class_list":["post-93402","post","type-post","status-publish","format-standard","has-post-thumbnail","hentry","category-militares","tag-centro","tag-desmantela","tag-dncd","tag-drogas","tag-empaque","tag-santiago"],"jetpack_featured_media_url":"https:\/\/lasprimeras.com.do\/wp-content\/uploads\/2025\/02\/cocaina.jpeg","jetpack-related-posts":[{"id":100219,"url":"https:\/\/lasprimeras.com.do\/index.php\/2025\/06\/03\/ocupan-60-paquetes-de-marihuana-y-apresan-cinco-personas-en-santiago\/","url_meta":{"origin":93402,"position":0},"title":"Ocupan 60 paquetes de marihuana y apresan cinco personas en Santiago","author":"Nelson Feliz","date":"3 de junio de 2025","format":false,"excerpt":"Agentes de la Direcci\u00f3n Nacional de Control de Drogas (DNCD) y miembros del Ministerio P\u00fablico, desmantelaron una estructura de tr\u00e1fico y venta de sustancias narc\u00f3ticas, arrestaron a cinco personas y confiscaron 60 paquetes presumiblemente marihuana, un arma de fuego, as\u00ed como dinero en efectivo, durante un allanamiento en un apartamento\u2026","rel":"","context":"En \u00abMILITARES\u00bb","block_context":{"text":"MILITARES","link":"https:\/\/lasprimeras.com.do\/index.php\/category\/militares\/"},"img":{"alt_text":"","src":"https:\/\/i0.wp.com\/lasprimeras.com.do\/wp-content\/uploads\/2025\/06\/dncd-1.jpg?resize=350%2C200&ssl=1","width":350,"height":200},"classes":[]},{"id":56945,"url":"https:\/\/lasprimeras.com.do\/index.php\/2023\/08\/07\/desmantelan-red-ocupan-190-paquetes-presumiblemente-cacaina-en-dos-operativos\/","url_meta":{"origin":93402,"position":1},"title":"Desmantelan Red: Ocupan 190 paquetes presumiblemente caca\u00edna en dos operativos","author":"Nelson Feliz","date":"7 de agosto de 2023","format":false,"excerpt":"Por Mart\u00edn Restituyo Agentes de la Direcci\u00f3n Nacional de Control de Drogas (DNCD) y miembros del Ministerio P\u00fablico, apresaron a cuatro hombres y ocuparon 190 paquetes presumiblemente coca\u00edna, en dos operaciones simult\u00e1neas, realizadas en el municipio Santo Domingo Este y la provincia la Altagracia. En una primera operaci\u00f3n, las autoridades\u2026","rel":"","context":"En \u00abMILITARES\u00bb","block_context":{"text":"MILITARES","link":"https:\/\/lasprimeras.com.do\/index.php\/category\/militares\/"},"img":{"alt_text":"","src":"https:\/\/i0.wp.com\/lasprimeras.com.do\/wp-content\/uploads\/2023\/08\/DNCD-1.jpg?resize=350%2C200&ssl=1","width":350,"height":200,"srcset":"https:\/\/i0.wp.com\/lasprimeras.com.do\/wp-content\/uploads\/2023\/08\/DNCD-1.jpg?resize=350%2C200&ssl=1 1x, https:\/\/i0.wp.com\/lasprimeras.com.do\/wp-content\/uploads\/2023\/08\/DNCD-1.jpg?resize=525%2C300&ssl=1 1.5x, https:\/\/i0.wp.com\/lasprimeras.com.do\/wp-content\/uploads\/2023\/08\/DNCD-1.jpg?resize=700%2C400&ssl=1 2x"},"classes":[]},{"id":64627,"url":"https:\/\/lasprimeras.com.do\/index.php\/2023\/10\/22\/dncd-arrestan-a-tres-personas-y-ocupan-10-milgramos-de-drogas-en-santiago\/","url_meta":{"origin":93402,"position":2},"title":"DNCD arrestan a tres personas y ocupan 10 milgramos de drogas en Santiago","author":"Nelson Feliz","date":"22 de octubre de 2023","format":false,"excerpt":"Por Martin Restituyo Agentes de la Direcci\u00f3n Nacional de Control de Drogas (DNCD) y miembros del Ministerio P\u00fablico, como parte del reforzamiento de las labores contra del microtr\u00e1fico, arrestaron a tres personas y ocuparon m\u00e1s de 10 mil gramos de distintas drogas, en un operativo de vigilancia y seguimiento, desarrollado\u2026","rel":"","context":"En \u00abMILITARES\u00bb","block_context":{"text":"MILITARES","link":"https:\/\/lasprimeras.com.do\/index.php\/category\/militares\/"},"img":{"alt_text":"DNCD","src":"https:\/\/i0.wp.com\/lasprimeras.com.do\/wp-content\/uploads\/2023\/10\/DNCD-2.jpg?resize=350%2C200&ssl=1","width":350,"height":200,"srcset":"https:\/\/i0.wp.com\/lasprimeras.com.do\/wp-content\/uploads\/2023\/10\/DNCD-2.jpg?resize=350%2C200&ssl=1 1x, https:\/\/i0.wp.com\/lasprimeras.com.do\/wp-content\/uploads\/2023\/10\/DNCD-2.jpg?resize=525%2C300&ssl=1 1.5x, https:\/\/i0.wp.com\/lasprimeras.com.do\/wp-content\/uploads\/2023\/10\/DNCD-2.jpg?resize=700%2C400&ssl=1 2x"},"classes":[]},{"id":74967,"url":"https:\/\/lasprimeras.com.do\/index.php\/2024\/01\/28\/dncd-ocupa-seis-mil-gramos-de-distintas-drogas-y-detienen-23-personas-en-la-zona-norte\/","url_meta":{"origin":93402,"position":3},"title":"DNCD ocupa seis mil gramos de distintas drogas y detienen 23 personas en la Zona Norte","author":"Nelson Feliz","date":"28 de enero de 2024","format":false,"excerpt":"Por Martin Restituyo La Direcci\u00f3n Nacional de Control de Drogas (DNCD) y miembros del Ministerio P\u00fablico, intensificaron las acciones conjuntas en contra del microtr\u00e1fico de sustancias controladas en la regi\u00f3n norte del pa\u00eds. Los agentes de la DNCD han logrado ocupar y sacar de las calles m\u00e1s de seis mil\u2026","rel":"","context":"En \u00abMILITARES\u00bb","block_context":{"text":"MILITARES","link":"https:\/\/lasprimeras.com.do\/index.php\/category\/militares\/"},"img":{"alt_text":"DNCD","src":"https:\/\/i0.wp.com\/lasprimeras.com.do\/wp-content\/uploads\/2024\/01\/DNCD-1-1.jpg?resize=350%2C200&ssl=1","width":350,"height":200,"srcset":"https:\/\/i0.wp.com\/lasprimeras.com.do\/wp-content\/uploads\/2024\/01\/DNCD-1-1.jpg?resize=350%2C200&ssl=1 1x, https:\/\/i0.wp.com\/lasprimeras.com.do\/wp-content\/uploads\/2024\/01\/DNCD-1-1.jpg?resize=525%2C300&ssl=1 1.5x"},"classes":[]},{"id":85147,"url":"https:\/\/lasprimeras.com.do\/index.php\/2024\/06\/23\/desmantelan-red-en-santiago-apresan-tres-y-confiscan-mas-de-500-libras-presumiblemente-marihuana\/","url_meta":{"origin":93402,"position":4},"title":"Desmantelan red en Santiago; apresan tres y confiscan m\u00e1s de 500 libras presumiblemente marihuana","author":"Nelson Feliz","date":"23 de junio de 2024","format":false,"excerpt":"Por Martin Restituyo Agentes de la Direcci\u00f3n Nacional de Control de Drogas (DNCD) y miembros de la Procuradur\u00eda Especializada de Anti-lavado de Activos y Financiamiento al Terrrorismo, ejecutaron cuatro allanamientos de manera simult\u00e1nea en la provincia de Santiago. En dichos allanamientos, apresaron a varias personas y ocuparon m\u00e1s de 500\u2026","rel":"","context":"En \u00abMILITARES\u00bb","block_context":{"text":"MILITARES","link":"https:\/\/lasprimeras.com.do\/index.php\/category\/militares\/"},"img":{"alt_text":"","src":"https:\/\/i0.wp.com\/lasprimeras.com.do\/wp-content\/uploads\/2024\/06\/marihuana-1.jpg?resize=350%2C200&ssl=1","width":350,"height":200,"srcset":"https:\/\/i0.wp.com\/lasprimeras.com.do\/wp-content\/uploads\/2024\/06\/marihuana-1.jpg?resize=350%2C200&ssl=1 1x, https:\/\/i0.wp.com\/lasprimeras.com.do\/wp-content\/uploads\/2024\/06\/marihuana-1.jpg?resize=525%2C300&ssl=1 1.5x, https:\/\/i0.wp.com\/lasprimeras.com.do\/wp-content\/uploads\/2024\/06\/marihuana-1.jpg?resize=700%2C400&ssl=1 2x"},"classes":[]},{"id":58125,"url":"https:\/\/lasprimeras.com.do\/index.php\/2023\/08\/20\/desmantelan-otra-red-ocupan-21-paquetes-de-cocaina-armas-vehiculos-y-detienen-cinco-personas-en-sde\/","url_meta":{"origin":93402,"position":5},"title":"Desmantelan otra Red: Ocupan 21 paquetes de coca\u00edna, armas, veh\u00edculos y detienen cinco personas en SDE","author":"Nelson Feliz","date":"20 de agosto de 2023","format":false,"excerpt":"Por Martin Restituyo Agentes de la Direcci\u00f3n Nacional de Control de Drogas (DNCD) y miembros del Ministerio P\u00fablico, desarticularon otra red de narcotr\u00e1fico, donde confiscaron 21 paquetes presumiblemente coca\u00edna, dos armas de fuego y varios veh\u00edculos en Santo Domingo Este. Los agentes de la DNCD, tras realizar las investigaciones, procedieron\u2026","rel":"","context":"En \u00abMILITARES\u00bb","block_context":{"text":"MILITARES","link":"https:\/\/lasprimeras.com.do\/index.php\/category\/militares\/"},"img":{"alt_text":"DNCD","src":"https:\/\/i0.wp.com\/lasprimeras.com.do\/wp-content\/uploads\/2023\/08\/DNCD-2.jpg?resize=350%2C200&ssl=1","width":350,"height":200,"srcset":"https:\/\/i0.wp.com\/lasprimeras.com.do\/wp-content\/uploads\/2023\/08\/DNCD-2.jpg?resize=350%2C200&ssl=1 1x, https:\/\/i0.wp.com\/lasprimeras.com.do\/wp-content\/uploads\/2023\/08\/DNCD-2.jpg?resize=525%2C300&ssl=1 1.5x, https:\/\/i0.wp.com\/lasprimeras.com.do\/wp-content\/uploads\/2023\/08\/DNCD-2.jpg?resize=700%2C400&ssl=1 2x"},"classes":[]}],"jetpack_sharing_enabled":true,"_links":{"self":[{"href":"https:\/\/lasprimeras.com.do\/index.php\/wp-json\/wp\/v2\/posts\/93402","targetHints":{"allow":["GET"]}}],"collection":[{"href":"https:\/\/lasprimeras.com.do\/index.php\/wp-json\/wp\/v2\/posts"}],"about":[{"href":"https:\/\/lasprimeras.com.do\/index.php\/wp-json\/wp\/v2\/types\/post"}],"author":[{"embeddable":true,"href":"https:\/\/lasprimeras.com.do\/index.php\/wp-json\/wp\/v2\/users\/2"}],"replies":[{"embeddable":true,"href":"https:\/\/lasprimeras.com.do\/index.php\/wp-json\/wp\/v2\/comments?post=93402"}],"version-history":[{"count":1,"href":"https:\/\/lasprimeras.com.do\/index.php\/wp-json\/wp\/v2\/posts\/93402\/revisions"}],"predecessor-version":[{"id":93404,"href":"https:\/\/lasprimeras.com.do\/index.php\/wp-json\/wp\/v2\/posts\/93402\/revisions\/93404"}],"wp:featuredmedia":[{"embeddable":true,"href":"https:\/\/lasprimeras.com.do\/index.php\/wp-json\/wp\/v2\/media\/93403"}],"wp:attachment":[{"href":"https:\/\/lasprimeras.com.do\/index.php\/wp-json\/wp\/v2\/media?parent=93402"}],"wp:term":[{"taxonomy":"category","embeddable":true,"href":"https:\/\/lasprimeras.com.do\/index.php\/wp-json\/wp\/v2\/categories?post=93402"},{"taxonomy":"post_tag","embeddable":true,"href":"https:\/\/lasprimeras.com.do\/index.php\/wp-json\/wp\/v2\/tags?post=93402"}],"curies":[{"name":"wp","href":"https:\/\/api.w.org\/{rel}","templated":true}]}}