{"id":93446,"date":"2025-02-09T21:18:54","date_gmt":"2025-02-10T01:18:54","guid":{"rendered":"https:\/\/lasprimeras.com.do\/?p=93446"},"modified":"2025-02-09T21:18:56","modified_gmt":"2025-02-10T01:18:56","slug":"hector-jose-torres-la-fuerza-una-figura-iconica-de-la-radio-dominicana","status":"publish","type":"post","link":"https:\/\/lasprimeras.com.do\/index.php\/2025\/02\/09\/hector-jose-torres-la-fuerza-una-figura-iconica-de-la-radio-dominicana\/","title":{"rendered":"H\u00e9ctor Jos\u00e9 Torres &#8220;La Fuerza&#8221; una figura ic\u00f3nica de la radio dominicana"},"content":{"rendered":"\n<p>H\u00e9ctor Jos\u00e9 Torres conocido como &#8220;La Fuerza&#8221;, es una figura ic\u00f3nica de la radio dominicana. Su trayectoria de casi 40 a\u00f1os lo ha consolidado como uno de los locutores m\u00e1s destacados del pa\u00eds.<\/p>\n\n\n\n<p>Un pionero de la radio<\/p>\n\n\n\n<p>H\u00e9ctor Jos\u00e9 Torres comenz\u00f3 su carrera en la radio en la d\u00e9cada de 1970, demostrando desde el inicio su pasi\u00f3n y talento. Su voz inconfundible y su carisma lo llevaron a convertirse en un referente de la radiodifusi\u00f3n dominicana.<\/p>\n\n\n\n<p>De emisora en emisora hasta construir un imperio<\/p>\n\n\n\n<p>A lo largo de su carrera, Torres ha pasado por diversas emisoras, siempre dejando una huella imborrable. Su perseverancia y visi\u00f3n empresarial lo llevaron a convertirse en propietario de un consorcio de estaciones radiales, consolidando su posici\u00f3n como uno de los grandes de la radio.<\/p>\n\n\n\n<p>Reconocido por sus colegas y el p\u00fablico<\/p>\n\n\n\n<p>La trayectoria de H\u00e9ctor Jos\u00e9 Torres ha sido reconocida tanto por sus colegas como por el p\u00fablico. Su influencia en la radio dominicana es innegable y su legado perdurar\u00e1 por muchas generaciones.<\/p>\n","protected":false},"excerpt":{"rendered":"<p>H\u00e9ctor Jos\u00e9 Torres conocido como &#8220;La Fuerza&#8221;, es una figura ic\u00f3nica de la radio dominicana. Su trayectoria de casi 40 a\u00f1os lo ha consolidado como uno de los locutores m\u00e1s&hellip;<\/p>\n","protected":false},"author":2,"featured_media":93447,"comment_status":"open","ping_status":"open","sticky":false,"template":"","format":"standard","meta":{"content-type":"","jetpack_post_was_ever_published":false,"_jetpack_newsletter_access":"","_jetpack_dont_email_post_to_subs":false,"_jetpack_newsletter_tier_id":0,"_jetpack_memberships_contains_paywalled_content":false,"_jetpack_memberships_contains_paid_content":false,"footnotes":""},"categories":[84],"tags":[17294,17293,17295,3506],"class_list":["post-93446","post","type-post","status-publish","format-standard","has-post-thumbnail","hentry","category-entretenimiento","tag-figura-iconica","tag-hector-jose-torres","tag-la-fuerza","tag-radio-dominicana"],"jetpack_featured_media_url":"https:\/\/lasprimeras.com.do\/wp-content\/uploads\/2025\/02\/Hector-Jose-Torres.jpg","jetpack-related-posts":[{"id":49341,"url":"https:\/\/lasprimeras.com.do\/index.php\/2023\/05\/10\/profesional-del-habla-advierte-sobre-la-influencia-del-broadcast-en-la-locucion\/","url_meta":{"origin":93446,"position":0},"title":"Profesional del habla advierte sobre la influencia del broadcast en la locuci\u00f3n","author":"prenxa100","date":"10 de mayo de 2023","format":false,"excerpt":"Santo Domingo. La locuci\u00f3n en lo adelante debe ser cercana, natural y rec\u00edproca al mensaje que se env\u00eda a trav\u00e9s del esfuerzo broadcast que hacen el profesional de la comunicaci\u00f3n y los radioescuchas, seg\u00fan el locutor Mart\u00edn Alc\u00e1ntara. Alc\u00e1ntara, con 30 a\u00f1os de carrera profesional, entiende que el locutor de\u2026","rel":"","context":"En \u00abENTRETENIMIENTO\u00bb","block_context":{"text":"ENTRETENIMIENTO","link":"https:\/\/lasprimeras.com.do\/index.php\/category\/entretenimiento\/"},"img":{"alt_text":"","src":"","width":0,"height":0},"classes":[]},{"id":128643,"url":"https:\/\/lasprimeras.com.do\/index.php\/2026\/04\/25\/estudio-amplificadores-de-radio-beneficiarian-al-80-de-emisoras-am\/","url_meta":{"origin":93446,"position":1},"title":"Estudio: Amplificadores de radio beneficiar\u00edan al 80 % de emisoras AM","author":"Nelson Feliz","date":"25 de abril de 2026","format":false,"excerpt":"Se llev\u00f3 a cabo el NAB Show en Las Vegas, Nevada, un evento en el que especialistas de la industria de la radio y el entretenimiento en general se re\u00fanen para hablar sobre tendencias, tecnolog\u00eda, contenidos y audiencias. En este espacio se habl\u00f3 que la Asociaci\u00f3n Nacional de Radiodifusores (NAB)\u2026","rel":"","context":"En \u00abTECNOL\u00d3GIA\u00bb","block_context":{"text":"TECNOL\u00d3GIA","link":"https:\/\/lasprimeras.com.do\/index.php\/category\/tecnologia\/"},"img":{"alt_text":"","src":"https:\/\/i0.wp.com\/lasprimeras.com.do\/wp-content\/uploads\/2026\/04\/RSDIO-NOTA.jpg?resize=350%2C200&ssl=1","width":350,"height":200,"srcset":"https:\/\/i0.wp.com\/lasprimeras.com.do\/wp-content\/uploads\/2026\/04\/RSDIO-NOTA.jpg?resize=350%2C200&ssl=1 1x, https:\/\/i0.wp.com\/lasprimeras.com.do\/wp-content\/uploads\/2026\/04\/RSDIO-NOTA.jpg?resize=525%2C300&ssl=1 1.5x, https:\/\/i0.wp.com\/lasprimeras.com.do\/wp-content\/uploads\/2026\/04\/RSDIO-NOTA.jpg?resize=700%2C400&ssl=1 2x"},"classes":[]},{"id":126779,"url":"https:\/\/lasprimeras.com.do\/index.php\/2026\/04\/05\/republica-dominicana-celebra-hoy-100-anos-de-historia-y-evolucion-de-la-radio-nacional\/","url_meta":{"origin":93446,"position":2},"title":"Rep\u00fablica Dominicana celebra hoy 100 a\u00f1os de historia y evoluci\u00f3n de la radio nacional","author":"Nelson Feliz","date":"5 de abril de 2026","format":false,"excerpt":"La Rep\u00fablica Dominicana se viste de gala este 5 de abril al conmemorar el centenario de la llegada de la radio al pa\u00eds, un medio de comunicaci\u00f3n que ha sido el alma y la voz de la naci\u00f3n durante un siglo. Desde sus primeras transmisiones experimentales hasta la era digital,\u2026","rel":"","context":"En \u00abHISTORIA\u00bb","block_context":{"text":"HISTORIA","link":"https:\/\/lasprimeras.com.do\/index.php\/category\/historia\/"},"img":{"alt_text":"","src":"https:\/\/i0.wp.com\/lasprimeras.com.do\/wp-content\/uploads\/2025\/08\/radio-dominicana.jpg?resize=350%2C200&ssl=1","width":350,"height":200},"classes":[]},{"id":91460,"url":"https:\/\/lasprimeras.com.do\/index.php\/2024\/11\/24\/grupo-de-medios-panorama-y-sd-media-relanzan-emisora-radial-panorama-fm-96-9\/","url_meta":{"origin":93446,"position":3},"title":"Grupo de Medios Panorama y SD Media relanzan emisora radial Panorama FM 96.9","author":"Nelson Feliz","date":"24 de noviembre de 2024","format":false,"excerpt":"En una alianza estrat\u00e9gica con SD Media, Grupo de Medios Panorama relanz\u00f3 la emisora radial Panorama FM 96.9, bajo el slogan \u201cLa emisora donde habla la gente\u201d. Panorama FM 96.9 ofrecer\u00e1 contenido en vivo desde las 5:00 de la ma\u00f1ana hasta las 8:00 de la noche con el prop\u00f3sito de\u2026","rel":"","context":"En \u00abENTRETENIMIENTO\u00bb","block_context":{"text":"ENTRETENIMIENTO","link":"https:\/\/lasprimeras.com.do\/index.php\/category\/entretenimiento\/"},"img":{"alt_text":"","src":"https:\/\/i0.wp.com\/lasprimeras.com.do\/wp-content\/uploads\/2024\/11\/panorama.jpg?resize=350%2C200&ssl=1","width":350,"height":200,"srcset":"https:\/\/i0.wp.com\/lasprimeras.com.do\/wp-content\/uploads\/2024\/11\/panorama.jpg?resize=350%2C200&ssl=1 1x, https:\/\/i0.wp.com\/lasprimeras.com.do\/wp-content\/uploads\/2024\/11\/panorama.jpg?resize=525%2C300&ssl=1 1.5x"},"classes":[]},{"id":79165,"url":"https:\/\/lasprimeras.com.do\/index.php\/2020\/06\/06\/ramon-pacheco-pionero-de-la-radiodifusion-rd\/","url_meta":{"origin":93446,"position":4},"title":"Ram\u00f3n Pacheco, pionero de la radiodifusi\u00f3n RD","author":"Nelson Feliz","date":"6 de junio de 2020","format":false,"excerpt":"MIGUEL PINEDA L\u00d3PEZ Don Ram\u00f3n Pacheco, fundador \u2013 propietario de la emblem\u00e1tica y tradicional emisora de AM Onda Musical e ingenioso t\u00e9cnico de estaciones radiales, falleci\u00f3 el pasado 8 de mayo a los 97 a\u00f1os en medio de la pandemia del coronavirus. Seg\u00fan una impresionante biograf\u00eda sobre Ram\u00f3n Pacheco, divulgada\u2026","rel":"","context":"En \u00abHISTORIA\u00bb","block_context":{"text":"HISTORIA","link":"https:\/\/lasprimeras.com.do\/index.php\/category\/historia\/"},"img":{"alt_text":"Ram\u00f3n Pacheco","src":"https:\/\/i0.wp.com\/lasprimeras.com.do\/wp-content\/uploads\/2024\/03\/Ramon-Pacheco.jpg?resize=350%2C200&ssl=1","width":350,"height":200,"srcset":"https:\/\/i0.wp.com\/lasprimeras.com.do\/wp-content\/uploads\/2024\/03\/Ramon-Pacheco.jpg?resize=350%2C200&ssl=1 1x, https:\/\/i0.wp.com\/lasprimeras.com.do\/wp-content\/uploads\/2024\/03\/Ramon-Pacheco.jpg?resize=525%2C300&ssl=1 1.5x"},"classes":[]},{"id":106114,"url":"https:\/\/lasprimeras.com.do\/index.php\/2025\/07\/23\/la-voz-que-nos-une-dia-de-la-radiodifusion-en-la-republica-dominicana\/","url_meta":{"origin":93446,"position":5},"title":"La Voz que Nos Une: D\u00eda de la Radiodifusi\u00f3n en la Rep\u00fablica Dominicana","author":"Nelson Feliz","date":"23 de julio de 2025","format":false,"excerpt":"Por Andr\u00e9s Germ\u00e1n Cada 23 de julio, la Rep\u00fablica Dominicana celebra el D\u00eda de la Radiodifusi\u00f3n Nacional, una fecha que rinde homenaje a uno de los medios de comunicaci\u00f3n m\u00e1s influyentes en la historia del pa\u00eds. La radio ha sido testigo y protagonista de los principales acontecimientos sociales, pol\u00edticos y\u2026","rel":"","context":"En \u00abOPINI\u00d3N\u00bb","block_context":{"text":"OPINI\u00d3N","link":"https:\/\/lasprimeras.com.do\/index.php\/category\/opinion\/"},"img":{"alt_text":"","src":"https:\/\/i0.wp.com\/lasprimeras.com.do\/wp-content\/uploads\/2025\/08\/radio-dominicana.jpg?resize=350%2C200&ssl=1","width":350,"height":200},"classes":[]}],"jetpack_sharing_enabled":true,"_links":{"self":[{"href":"https:\/\/lasprimeras.com.do\/index.php\/wp-json\/wp\/v2\/posts\/93446","targetHints":{"allow":["GET"]}}],"collection":[{"href":"https:\/\/lasprimeras.com.do\/index.php\/wp-json\/wp\/v2\/posts"}],"about":[{"href":"https:\/\/lasprimeras.com.do\/index.php\/wp-json\/wp\/v2\/types\/post"}],"author":[{"embeddable":true,"href":"https:\/\/lasprimeras.com.do\/index.php\/wp-json\/wp\/v2\/users\/2"}],"replies":[{"embeddable":true,"href":"https:\/\/lasprimeras.com.do\/index.php\/wp-json\/wp\/v2\/comments?post=93446"}],"version-history":[{"count":1,"href":"https:\/\/lasprimeras.com.do\/index.php\/wp-json\/wp\/v2\/posts\/93446\/revisions"}],"predecessor-version":[{"id":93448,"href":"https:\/\/lasprimeras.com.do\/index.php\/wp-json\/wp\/v2\/posts\/93446\/revisions\/93448"}],"wp:featuredmedia":[{"embeddable":true,"href":"https:\/\/lasprimeras.com.do\/index.php\/wp-json\/wp\/v2\/media\/93447"}],"wp:attachment":[{"href":"https:\/\/lasprimeras.com.do\/index.php\/wp-json\/wp\/v2\/media?parent=93446"}],"wp:term":[{"taxonomy":"category","embeddable":true,"href":"https:\/\/lasprimeras.com.do\/index.php\/wp-json\/wp\/v2\/categories?post=93446"},{"taxonomy":"post_tag","embeddable":true,"href":"https:\/\/lasprimeras.com.do\/index.php\/wp-json\/wp\/v2\/tags?post=93446"}],"curies":[{"name":"wp","href":"https:\/\/api.w.org\/{rel}","templated":true}]}}