{"id":93454,"date":"2025-02-09T21:51:56","date_gmt":"2025-02-10T01:51:56","guid":{"rendered":"https:\/\/lasprimeras.com.do\/?p=93454"},"modified":"2025-02-09T21:51:58","modified_gmt":"2025-02-10T01:51:58","slug":"matan-a-balazos-y-cuchilladas-artista-urbano-en-bavaro","status":"publish","type":"post","link":"https:\/\/lasprimeras.com.do\/index.php\/2025\/02\/09\/matan-a-balazos-y-cuchilladas-artista-urbano-en-bavaro\/","title":{"rendered":"Matan a balazos y cuchilladas artista urbano en B\u00e1varo"},"content":{"rendered":"\n<p>Por Manuel Antonio Vega<\/p>\n\n\n\n<p>B\u00c1VARO.- A tiros y cuchilladas habr\u00eda sido asesinado el artista urbano, Malvin Flow, quien presenta heridas m\u00faltiples de balas y cortopunzantes en su anatom\u00eda.<\/p>\n\n\n\n<p>El cuerpo fue hallado en el interior de una Jipeta marca Honda, color gris en las proximidades del Hotel Hard Rock.<\/p>\n\n\n\n<p>Los investigadores analizan en la tarde de este domingo la escena del crimen para recopilar pistas que ayuden a esclarecer los hechos y determinar el m\u00f3vil del asesinato.<\/p>\n\n\n\n<p>Melvin Flow se destacaba en redeso Sociales por su m\u00fasica y sol\u00eda presentarse en fiestas dentro de la zona tur\u00edstica.<\/p>\n\n\n\n<p>Su muerte ha sido sentida en todo B\u00e1varo y Punta Cana d\u00f3nde participaci\u00f3n era recurrente.<\/p>\n","protected":false},"excerpt":{"rendered":"<p>Por Manuel Antonio Vega B\u00c1VARO.- A tiros y cuchilladas habr\u00eda sido asesinado el artista urbano, Malvin Flow, quien presenta heridas m\u00faltiples de balas y cortopunzantes en su anatom\u00eda. El cuerpo&hellip;<\/p>\n","protected":false},"author":2,"featured_media":93455,"comment_status":"open","ping_status":"open","sticky":false,"template":"","format":"standard","meta":{"content-type":"","jetpack_post_was_ever_published":false,"_jetpack_newsletter_access":"","_jetpack_dont_email_post_to_subs":false,"_jetpack_newsletter_tier_id":0,"_jetpack_memberships_contains_paywalled_content":false,"_jetpack_memberships_contains_paid_content":false,"footnotes":""},"categories":[84],"tags":[17299,4104,4137,1391,17298,2823],"class_list":["post-93454","post","type-post","status-publish","format-standard","has-post-thumbnail","hentry","category-entretenimiento","tag-artista-urbano","tag-balazos","tag-bavaro","tag-cuchilladas","tag-malvin-flow","tag-matan"],"jetpack_featured_media_url":"https:\/\/lasprimeras.com.do\/wp-content\/uploads\/2025\/02\/Malvin-Flow.jpg","jetpack-related-posts":[{"id":68636,"url":"https:\/\/lasprimeras.com.do\/index.php\/2023\/11\/26\/rochy-rd-hace-vibrar-el-cocacola-flow-fest-en-mexico\/","url_meta":{"origin":93454,"position":0},"title":"Rochy RD hace vibrar el CocaCola Flow Fest, en M\u00e9xico","author":"Nelson Feliz","date":"26 de noviembre de 2023","format":false,"excerpt":"El reconocido artista urbano Rochy RD cautiv\u00f3 al p\u00fablico mexicano con una actuaci\u00f3n inolvidable en el prestigioso CocaCola Flow Fest, la noche del pasado s\u00e1bado. El escenario vibr\u00f3 con la energ\u00eda y el talento de Rochy, quien se entreg\u00f3 completamente a los miles de espectadores, llevando la esencia de su\u2026","rel":"","context":"En \u00abENTRETENIMIENTO\u00bb","block_context":{"text":"ENTRETENIMIENTO","link":"https:\/\/lasprimeras.com.do\/index.php\/category\/entretenimiento\/"},"img":{"alt_text":"Rochy RD","src":"https:\/\/i0.wp.com\/lasprimeras.com.do\/wp-content\/uploads\/2023\/11\/Rochy-RD-1.jpg?resize=350%2C200&ssl=1","width":350,"height":200,"srcset":"https:\/\/i0.wp.com\/lasprimeras.com.do\/wp-content\/uploads\/2023\/11\/Rochy-RD-1.jpg?resize=350%2C200&ssl=1 1x, https:\/\/i0.wp.com\/lasprimeras.com.do\/wp-content\/uploads\/2023\/11\/Rochy-RD-1.jpg?resize=525%2C300&ssl=1 1.5x, https:\/\/i0.wp.com\/lasprimeras.com.do\/wp-content\/uploads\/2023\/11\/Rochy-RD-1.jpg?resize=700%2C400&ssl=1 2x"},"classes":[]},{"id":110943,"url":"https:\/\/lasprimeras.com.do\/index.php\/2025\/10\/02\/mujer-muere-tras-caer-de-un-cuarto-piso-mientras-pintaba-en-bavaro\/","url_meta":{"origin":93454,"position":1},"title":"Mujer muere tras caer de un cuarto piso mientras pintaba en B\u00e1varo","author":"Nelson Feliz","date":"2 de octubre de 2025","format":false,"excerpt":"Una mujer perdi\u00f3 la vida ayer, mi\u00e9rcoles, tras caer desde un cuarto piso mientras pintaba las \u00e1reas acabadas de una obra en construcci\u00f3n, en el sector Los Corales, B\u00e1varo, provincia La Altagracia. La fallecida fue identificada como Ermita Simeon, de 34 a\u00f1os, quien resid\u00eda en la misma zona. Seg\u00fan el\u2026","rel":"","context":"En \u00abNACIONALES\u00bb","block_context":{"text":"NACIONALES","link":"https:\/\/lasprimeras.com.do\/index.php\/category\/nacionales\/"},"img":{"alt_text":"","src":"https:\/\/i0.wp.com\/lasprimeras.com.do\/wp-content\/uploads\/2025\/10\/inacif.jpg?resize=350%2C200&ssl=1","width":350,"height":200,"srcset":"https:\/\/i0.wp.com\/lasprimeras.com.do\/wp-content\/uploads\/2025\/10\/inacif.jpg?resize=350%2C200&ssl=1 1x, https:\/\/i0.wp.com\/lasprimeras.com.do\/wp-content\/uploads\/2025\/10\/inacif.jpg?resize=525%2C300&ssl=1 1.5x, https:\/\/i0.wp.com\/lasprimeras.com.do\/wp-content\/uploads\/2025\/10\/inacif.jpg?resize=700%2C400&ssl=1 2x"},"classes":[]},{"id":128858,"url":"https:\/\/lasprimeras.com.do\/index.php\/2026\/04\/27\/esperanza-para-ninas-con-bavaro-adventure-park-y-royal-holiday\/","url_meta":{"origin":93454,"position":2},"title":"Esperanza para ni\u00f1as con B\u00e1varo Adventure Park y Royal Holiday","author":"Nelson Feliz","date":"27 de abril de 2026","format":false,"excerpt":"En Punta Cana, un solo d\u00eda puede transformarse en un recuerdo que atesorar de por vida. As\u00ed lo vivieron las 23 ni\u00f1as y adolescentes del hogar Casa de Esperanza, quienes, gracias a B\u00e1varo Adventure Park y al Movimiento Vacaciones para Todos de la Fundaci\u00f3n Royal Holiday, disfrutaron un emocionante Day\u2026","rel":"","context":"En \u00abTURISMO\u00bb","block_context":{"text":"TURISMO","link":"https:\/\/lasprimeras.com.do\/index.php\/category\/turismo\/"},"img":{"alt_text":"","src":"https:\/\/i0.wp.com\/lasprimeras.com.do\/wp-content\/uploads\/2026\/04\/aventure1.jpg?resize=350%2C200&ssl=1","width":350,"height":200,"srcset":"https:\/\/i0.wp.com\/lasprimeras.com.do\/wp-content\/uploads\/2026\/04\/aventure1.jpg?resize=350%2C200&ssl=1 1x, https:\/\/i0.wp.com\/lasprimeras.com.do\/wp-content\/uploads\/2026\/04\/aventure1.jpg?resize=525%2C300&ssl=1 1.5x, https:\/\/i0.wp.com\/lasprimeras.com.do\/wp-content\/uploads\/2026\/04\/aventure1.jpg?resize=700%2C400&ssl=1 2x"},"classes":[]},{"id":53745,"url":"https:\/\/lasprimeras.com.do\/index.php\/2023\/06\/30\/muere-mujer-al-caer-supuestamente-de-un-cuarto-piso-en-hotel-de-bavaro\/","url_meta":{"origin":93454,"position":3},"title":"Muere mujer al caer supuestamente de un cuarto piso en hotel de B\u00e1varo","author":"Nelson Feliz","date":"30 de junio de 2023","format":false,"excerpt":"Una mujer oriunda de La Romana, perdi\u00f3 la vida, al ser lanzada presuntamente por su pareja sentimental, del cuarto piso de un hotel de la zona tur\u00edstica B\u00e1varo Punta Cana. La v\u00edctima fue identificada como Yessy Yomaira Jim\u00e9nez. Se supo que \u00e9sta se encontraba en un resort con su pareja,\u2026","rel":"","context":"En \u00abNACIONALES\u00bb","block_context":{"text":"NACIONALES","link":"https:\/\/lasprimeras.com.do\/index.php\/category\/nacionales\/"},"img":{"alt_text":"","src":"https:\/\/i0.wp.com\/lasprimeras.com.do\/wp-content\/uploads\/2023\/06\/muere.jpg?resize=350%2C200&ssl=1","width":350,"height":200,"srcset":"https:\/\/i0.wp.com\/lasprimeras.com.do\/wp-content\/uploads\/2023\/06\/muere.jpg?resize=350%2C200&ssl=1 1x, https:\/\/i0.wp.com\/lasprimeras.com.do\/wp-content\/uploads\/2023\/06\/muere.jpg?resize=525%2C300&ssl=1 1.5x"},"classes":[]},{"id":107164,"url":"https:\/\/lasprimeras.com.do\/index.php\/2025\/08\/24\/agentes-de-la-digesett-sufren-accidentes-en-bavaro-institucion-aclara-circulacion-video\/","url_meta":{"origin":93454,"position":4},"title":"Agentes de la Digesett sufren accidentes en B\u00e1varo, instituci\u00f3n aclara circulaci\u00f3n video","author":"Nelson Feliz","date":"24 de agosto de 2025","format":false,"excerpt":"-Informa ambos sufrieron accidente mientras se desplazaban en motocicleta y se encuentran fuera de peligro. La Polic\u00eda Nacional inform\u00f3 que es totalmente falso el audio que circula en redes sociales donde se afirma que dos agentes de la Direcci\u00f3n General de Seguridad de Tr\u00e1nsito y Transporte Terrestre (Digesett) fueron ultimados\u2026","rel":"","context":"En \u00abMILITARES\u00bb","block_context":{"text":"MILITARES","link":"https:\/\/lasprimeras.com.do\/index.php\/category\/militares\/"},"img":{"alt_text":"","src":"https:\/\/i0.wp.com\/lasprimeras.com.do\/wp-content\/uploads\/2025\/08\/agentes.jpg?resize=350%2C200&ssl=1","width":350,"height":200,"srcset":"https:\/\/i0.wp.com\/lasprimeras.com.do\/wp-content\/uploads\/2025\/08\/agentes.jpg?resize=350%2C200&ssl=1 1x, https:\/\/i0.wp.com\/lasprimeras.com.do\/wp-content\/uploads\/2025\/08\/agentes.jpg?resize=525%2C300&ssl=1 1.5x, https:\/\/i0.wp.com\/lasprimeras.com.do\/wp-content\/uploads\/2025\/08\/agentes.jpg?resize=700%2C400&ssl=1 2x"},"classes":[]},{"id":50534,"url":"https:\/\/lasprimeras.com.do\/index.php\/2023\/05\/22\/suprema-falla-contra-el-aeropuerto-en-bavaro\/","url_meta":{"origin":93454,"position":5},"title":"Suprema falla contra el aeropuerto en B\u00e1varo","author":"prenxa100","date":"22 de mayo de 2023","format":false,"excerpt":"SANTO DOMINGO.-.La Suprema Corte de Justicia rechaz\u00f3 un recurso de casaci\u00f3n interpuesto por el Grupo Abrisa y el Aeropuerto Internacional B\u00e1varo, contra una resoluci\u00f3n del Tribunal Superior Administrativo que establece posici\u00f3n contra la construcci\u00f3n de una terminal aeroportuaria en B\u00e1varo. La decisi\u00f3n fue tomada por la Tercera Sala de la\u2026","rel":"","context":"En \u00abJUSTICIA\u00bb","block_context":{"text":"JUSTICIA","link":"https:\/\/lasprimeras.com.do\/index.php\/category\/justicia\/"},"img":{"alt_text":"","src":"","width":0,"height":0},"classes":[]}],"jetpack_sharing_enabled":true,"_links":{"self":[{"href":"https:\/\/lasprimeras.com.do\/index.php\/wp-json\/wp\/v2\/posts\/93454","targetHints":{"allow":["GET"]}}],"collection":[{"href":"https:\/\/lasprimeras.com.do\/index.php\/wp-json\/wp\/v2\/posts"}],"about":[{"href":"https:\/\/lasprimeras.com.do\/index.php\/wp-json\/wp\/v2\/types\/post"}],"author":[{"embeddable":true,"href":"https:\/\/lasprimeras.com.do\/index.php\/wp-json\/wp\/v2\/users\/2"}],"replies":[{"embeddable":true,"href":"https:\/\/lasprimeras.com.do\/index.php\/wp-json\/wp\/v2\/comments?post=93454"}],"version-history":[{"count":1,"href":"https:\/\/lasprimeras.com.do\/index.php\/wp-json\/wp\/v2\/posts\/93454\/revisions"}],"predecessor-version":[{"id":93456,"href":"https:\/\/lasprimeras.com.do\/index.php\/wp-json\/wp\/v2\/posts\/93454\/revisions\/93456"}],"wp:featuredmedia":[{"embeddable":true,"href":"https:\/\/lasprimeras.com.do\/index.php\/wp-json\/wp\/v2\/media\/93455"}],"wp:attachment":[{"href":"https:\/\/lasprimeras.com.do\/index.php\/wp-json\/wp\/v2\/media?parent=93454"}],"wp:term":[{"taxonomy":"category","embeddable":true,"href":"https:\/\/lasprimeras.com.do\/index.php\/wp-json\/wp\/v2\/categories?post=93454"},{"taxonomy":"post_tag","embeddable":true,"href":"https:\/\/lasprimeras.com.do\/index.php\/wp-json\/wp\/v2\/tags?post=93454"}],"curies":[{"name":"wp","href":"https:\/\/api.w.org\/{rel}","templated":true}]}}