{"id":93471,"date":"2025-02-11T23:25:17","date_gmt":"2025-02-12T03:25:17","guid":{"rendered":"https:\/\/lasprimeras.com.do\/?p=93471"},"modified":"2025-02-11T23:25:19","modified_gmt":"2025-02-12T03:25:19","slug":"muere-el-merenguero-y-bachatero-felix-cumbe","status":"publish","type":"post","link":"https:\/\/lasprimeras.com.do\/index.php\/2025\/02\/11\/muere-el-merenguero-y-bachatero-felix-cumbe\/","title":{"rendered":"Muere el merenguero y bachatero F\u00e9lix Cumb\u00e9"},"content":{"rendered":"\n<p><strong>El deceso del merenguero y bachatero se produjo en Cedimat.<\/strong><\/p>\n\n\n\n<p>El reconocido cantante F\u00e9lix Cumb\u00e9 falleci\u00f3 este martes durante un procedimiento de cateterismo, seg\u00fan confirm\u00f3 su esposa Fanny Carolina Adames.<\/p>\n\n\n\n<p>El artista se hab\u00eda sido sometido a ese procedimiento, pero sufri\u00f3 varios paros cardiacos que le provocaron la muerte.<\/p>\n\n\n\n<p>Esto ocurri\u00f3 en Cedimat, donde llevaba varios d\u00edas ingresado por complicaciones de salud.<\/p>\n\n\n\n<p>Este ingreso hospitalario ocurri\u00f3 meses despu\u00e9s de que Cumb\u00e9 sufriera un accidente cerebro vascular (ACV) en mayo de 2024, de cuyo impacto no se recuper\u00f3 por completo.<\/p>\n\n\n\n<p>A pesar de estos desaf\u00edos, su salud mostr\u00f3 se\u00f1ales positivas y su entorno familiar se mantuvo optimista.<\/p>\n\n\n\n<p>F\u00e9lix Cumb\u00e9, nacido Critz Sterlin, en Hait\u00ed, en 1961, se naturaliz\u00f3 como dominicano en diciembre de 2022.<\/p>\n\n\n\n<p>A lo largo de su carrera, logr\u00f3 gran reconocimiento, especialmente por su regreso al escenario como bachatero en 2012, cuando alcanz\u00f3 la popularidad con su tema &#8220;T\u00fa no ta&#8217; pa&#8217; m\u00ed&#8221;.<\/p>\n\n\n\n<p>Su \u00e9xito m\u00e1s reciente, &#8220;Fui fu\u00e1&#8221;, se convirti\u00f3 en un fen\u00f3meno viral en plataformas como TikTok.<\/p>\n","protected":false},"excerpt":{"rendered":"<p>El deceso del merenguero y bachatero se produjo en Cedimat. El reconocido cantante F\u00e9lix Cumb\u00e9 falleci\u00f3 este martes durante un procedimiento de cateterismo, seg\u00fan confirm\u00f3 su esposa Fanny Carolina Adames.&hellip;<\/p>\n","protected":false},"author":2,"featured_media":93472,"comment_status":"open","ping_status":"open","sticky":false,"template":"","format":"standard","meta":{"content-type":"","jetpack_post_was_ever_published":false,"_jetpack_newsletter_access":"","_jetpack_dont_email_post_to_subs":false,"_jetpack_newsletter_tier_id":0,"_jetpack_memberships_contains_paywalled_content":false,"_jetpack_memberships_contains_paid_content":false,"footnotes":""},"categories":[84],"tags":[15696,17306,17305,650],"class_list":["post-93471","post","type-post","status-publish","format-standard","has-post-thumbnail","hentry","category-entretenimiento","tag-bachatero","tag-felix-cumbe","tag-merenguero","tag-muere"],"jetpack_featured_media_url":"https:\/\/lasprimeras.com.do\/wp-content\/uploads\/2025\/02\/Felix-Cumbe.jpg","jetpack-related-posts":[{"id":125063,"url":"https:\/\/lasprimeras.com.do\/index.php\/2026\/03\/18\/dalvin-la-melodia-brilla-y-gana-el-premio-revelacion-del-ano-en-los-soberano-2026\/","url_meta":{"origin":93471,"position":0},"title":"Dalvin La Melod\u00eda brilla y gana el premio Revelaci\u00f3n del A\u00f1o en los Soberano 2026","author":"Nelson Feliz","date":"18 de marzo de 2026","format":false,"excerpt":"El bachatero Dalvin La Melod\u00eda se alz\u00f3 con el premio Revelaci\u00f3n del A\u00f1o en los Premios Soberano 2026, celebrados la noche de este mi\u00e9rcoles en la capital dominicana. El int\u00e9rprete de \u201cMi reina\u201d compet\u00eda junto a Evenezer Guerra, la cantante cristiana Martha Candela y La Fiera T\u00edpica. El galard\u00f3n fue\u2026","rel":"","context":"En \u00abENTRETENIMIENTO\u00bb","block_context":{"text":"ENTRETENIMIENTO","link":"https:\/\/lasprimeras.com.do\/index.php\/category\/entretenimiento\/"},"img":{"alt_text":"","src":"https:\/\/i0.wp.com\/lasprimeras.com.do\/wp-content\/uploads\/2026\/03\/Dalvin-La-Melodia.jpg?resize=350%2C200&ssl=1","width":350,"height":200,"srcset":"https:\/\/i0.wp.com\/lasprimeras.com.do\/wp-content\/uploads\/2026\/03\/Dalvin-La-Melodia.jpg?resize=350%2C200&ssl=1 1x, https:\/\/i0.wp.com\/lasprimeras.com.do\/wp-content\/uploads\/2026\/03\/Dalvin-La-Melodia.jpg?resize=525%2C300&ssl=1 1.5x, https:\/\/i0.wp.com\/lasprimeras.com.do\/wp-content\/uploads\/2026\/03\/Dalvin-La-Melodia.jpg?resize=700%2C400&ssl=1 2x"},"classes":[]},{"id":125055,"url":"https:\/\/lasprimeras.com.do\/index.php\/2026\/03\/18\/omega-se-lleva-el-premio-como-merenguero-urbano-en-la-gala-de-los-premios-soberano\/","url_meta":{"origin":93471,"position":1},"title":"Omega se lleva el premio como merenguero urbano en la gala de los Premios Soberano","author":"Nelson Feliz","date":"18 de marzo de 2026","format":false,"excerpt":"Carlos S\u00e1nchez tambi\u00e9n fue reconocido en la gala, llev\u00e1ndose el premio a Mejor stand up comedy en una noche de grandes sorpresas. El int\u00e9rprete urbano Omega le arrebat\u00f3 la estatuilla, en la categor\u00eda de \"Merenguero urbano\" a sus colegas, Al\u00e1 Jaz\u00e1 y El Sujeto, con quienes compet\u00eda en la categor\u00eda\u2026","rel":"","context":"En \u00abENTRETENIMIENTO\u00bb","block_context":{"text":"ENTRETENIMIENTO","link":"https:\/\/lasprimeras.com.do\/index.php\/category\/entretenimiento\/"},"img":{"alt_text":"","src":"https:\/\/i0.wp.com\/lasprimeras.com.do\/wp-content\/uploads\/2026\/03\/Omega.jpg?resize=350%2C200&ssl=1","width":350,"height":200,"srcset":"https:\/\/i0.wp.com\/lasprimeras.com.do\/wp-content\/uploads\/2026\/03\/Omega.jpg?resize=350%2C200&ssl=1 1x, https:\/\/i0.wp.com\/lasprimeras.com.do\/wp-content\/uploads\/2026\/03\/Omega.jpg?resize=525%2C300&ssl=1 1.5x, https:\/\/i0.wp.com\/lasprimeras.com.do\/wp-content\/uploads\/2026\/03\/Omega.jpg?resize=700%2C400&ssl=1 2x"},"classes":[]},{"id":57604,"url":"https:\/\/lasprimeras.com.do\/index.php\/2023\/08\/14\/fernando-villalona-sigue-volando-alto-en-chavon\/","url_meta":{"origin":93471,"position":2},"title":"Fernando Villalona sigue volando alto en Chav\u00f3n","author":"Nelson Feliz","date":"14 de agosto de 2023","format":false,"excerpt":"En el a\u00f1o 1986, el ic\u00f3nico artista dominicano Fernando Villalona revent\u00f3 las piedras de un naciente anfiteatro de Altos de Chav\u00f3n que ya hab\u00eda recibido a grandes estrellas de fama mundial, como el insigne Frank Sinatra, Buddy Rich, Santana, Joan Jett y Heart. Treinta y siete a\u00f1os despu\u00e9s, \u201cEl Ni\u00f1o\u2026","rel":"","context":"En \u00abENTRETENIMIENTO\u00bb","block_context":{"text":"ENTRETENIMIENTO","link":"https:\/\/lasprimeras.com.do\/index.php\/category\/entretenimiento\/"},"img":{"alt_text":"Fernando Villalona","src":"https:\/\/i0.wp.com\/lasprimeras.com.do\/wp-content\/uploads\/2023\/08\/fernando-villalona.jpeg?resize=350%2C200&ssl=1","width":350,"height":200,"srcset":"https:\/\/i0.wp.com\/lasprimeras.com.do\/wp-content\/uploads\/2023\/08\/fernando-villalona.jpeg?resize=350%2C200&ssl=1 1x, https:\/\/i0.wp.com\/lasprimeras.com.do\/wp-content\/uploads\/2023\/08\/fernando-villalona.jpeg?resize=525%2C300&ssl=1 1.5x, https:\/\/i0.wp.com\/lasprimeras.com.do\/wp-content\/uploads\/2023\/08\/fernando-villalona.jpeg?resize=700%2C400&ssl=1 2x, https:\/\/i0.wp.com\/lasprimeras.com.do\/wp-content\/uploads\/2023\/08\/fernando-villalona.jpeg?resize=1050%2C600&ssl=1 3x"},"classes":[]},{"id":75511,"url":"https:\/\/lasprimeras.com.do\/index.php\/2024\/02\/02\/jueza-ordena-arresto-a-bachatero-anthony-santos\/","url_meta":{"origin":93471,"position":3},"title":"Jueza ordena arresto a bachatero Anthony Santos","author":"BIMARY DE JES\u00daS Matos","date":"2 de febrero de 2024","format":false,"excerpt":"SANTO DOMINGO.- La jueza de la Segunda Sala de la C\u00e1mara Penal del Distrito Nacional, Clara Luz Almonte, emite orden de arresto al bachatero Domingo Antonio Santos (Anthony Santos), al ser declararlo en rebeld\u00eda al no presentarse en la audiencia por presunta violaci\u00f3n a la ley de derecho de autor.\u2026","rel":"","context":"En \u00abENTRETENIMIENTO\u00bb","block_context":{"text":"ENTRETENIMIENTO","link":"https:\/\/lasprimeras.com.do\/index.php\/category\/entretenimiento\/"},"img":{"alt_text":"","src":"","width":0,"height":0},"classes":[]},{"id":95017,"url":"https:\/\/lasprimeras.com.do\/index.php\/2025\/03\/09\/muere-el-destacado-merenguero-diomedes-nunez-en-el-centro-medico-uce\/","url_meta":{"origin":93471,"position":4},"title":"Muere el destacado merenguero Diomedes N\u00fa\u00f1ez en el Centro M\u00e9dico UCE","author":"Nelson Feliz","date":"9 de marzo de 2025","format":false,"excerpt":"El mundo de la m\u00fasica se viste de luto este domingo por el fallecimiento del merenguero Diomedes N\u00fa\u00f1ez, a los 58 a\u00f1os de edad. El artista fue ingresado anoche en el Centro M\u00e9dico UCE, de Santo Domingo, luego de presentar problemas respiratorios. Diomedes N\u00fa\u00f1ez, reconocido por sus aportes al merengue\u2026","rel":"","context":"En \u00abENTRETENIMIENTO\u00bb","block_context":{"text":"ENTRETENIMIENTO","link":"https:\/\/lasprimeras.com.do\/index.php\/category\/entretenimiento\/"},"img":{"alt_text":"","src":"https:\/\/i0.wp.com\/lasprimeras.com.do\/wp-content\/uploads\/2025\/03\/Diomedes-Nunez.jpg?resize=350%2C200&ssl=1","width":350,"height":200,"srcset":"https:\/\/i0.wp.com\/lasprimeras.com.do\/wp-content\/uploads\/2025\/03\/Diomedes-Nunez.jpg?resize=350%2C200&ssl=1 1x, https:\/\/i0.wp.com\/lasprimeras.com.do\/wp-content\/uploads\/2025\/03\/Diomedes-Nunez.jpg?resize=525%2C300&ssl=1 1.5x"},"classes":[]},{"id":112364,"url":"https:\/\/lasprimeras.com.do\/index.php\/2025\/10\/21\/luis-segura-lleva-a-los-tribunales-a-bonny-cepeda-por-su-tema-mas-emblematico\/","url_meta":{"origin":93471,"position":5},"title":"Luis Segura lleva a los tribunales a Bonny Cepeda por su tema m\u00e1s emblem\u00e1tico","author":"Nelson Feliz","date":"21 de octubre de 2025","format":false,"excerpt":"Tribunal conoce demanda por presunta infracci\u00f3n de derechos de autor sobre \"Pena por ti\" El reconocido merenguero y compositor Fernando Antonio Cruz Paz, art\u00edsticamente conocido como Bonny Cepeda, se presentar\u00e1 este martes ante la justicia dominicana para enfrentar la primera audiencia del juicio de fondo en su contra, por presunta\u2026","rel":"","context":"En \u00abENTRETENIMIENTO\u00bb","block_context":{"text":"ENTRETENIMIENTO","link":"https:\/\/lasprimeras.com.do\/index.php\/category\/entretenimiento\/"},"img":{"alt_text":"","src":"https:\/\/i0.wp.com\/lasprimeras.com.do\/wp-content\/uploads\/2025\/10\/Bonny-Cepeda-vs-Luis-Segura.jpg?resize=350%2C200&ssl=1","width":350,"height":200,"srcset":"https:\/\/i0.wp.com\/lasprimeras.com.do\/wp-content\/uploads\/2025\/10\/Bonny-Cepeda-vs-Luis-Segura.jpg?resize=350%2C200&ssl=1 1x, https:\/\/i0.wp.com\/lasprimeras.com.do\/wp-content\/uploads\/2025\/10\/Bonny-Cepeda-vs-Luis-Segura.jpg?resize=525%2C300&ssl=1 1.5x, https:\/\/i0.wp.com\/lasprimeras.com.do\/wp-content\/uploads\/2025\/10\/Bonny-Cepeda-vs-Luis-Segura.jpg?resize=700%2C400&ssl=1 2x"},"classes":[]}],"jetpack_sharing_enabled":true,"_links":{"self":[{"href":"https:\/\/lasprimeras.com.do\/index.php\/wp-json\/wp\/v2\/posts\/93471","targetHints":{"allow":["GET"]}}],"collection":[{"href":"https:\/\/lasprimeras.com.do\/index.php\/wp-json\/wp\/v2\/posts"}],"about":[{"href":"https:\/\/lasprimeras.com.do\/index.php\/wp-json\/wp\/v2\/types\/post"}],"author":[{"embeddable":true,"href":"https:\/\/lasprimeras.com.do\/index.php\/wp-json\/wp\/v2\/users\/2"}],"replies":[{"embeddable":true,"href":"https:\/\/lasprimeras.com.do\/index.php\/wp-json\/wp\/v2\/comments?post=93471"}],"version-history":[{"count":1,"href":"https:\/\/lasprimeras.com.do\/index.php\/wp-json\/wp\/v2\/posts\/93471\/revisions"}],"predecessor-version":[{"id":93473,"href":"https:\/\/lasprimeras.com.do\/index.php\/wp-json\/wp\/v2\/posts\/93471\/revisions\/93473"}],"wp:featuredmedia":[{"embeddable":true,"href":"https:\/\/lasprimeras.com.do\/index.php\/wp-json\/wp\/v2\/media\/93472"}],"wp:attachment":[{"href":"https:\/\/lasprimeras.com.do\/index.php\/wp-json\/wp\/v2\/media?parent=93471"}],"wp:term":[{"taxonomy":"category","embeddable":true,"href":"https:\/\/lasprimeras.com.do\/index.php\/wp-json\/wp\/v2\/categories?post=93471"},{"taxonomy":"post_tag","embeddable":true,"href":"https:\/\/lasprimeras.com.do\/index.php\/wp-json\/wp\/v2\/tags?post=93471"}],"curies":[{"name":"wp","href":"https:\/\/api.w.org\/{rel}","templated":true}]}}