{"id":93477,"date":"2025-02-11T23:43:22","date_gmt":"2025-02-12T03:43:22","guid":{"rendered":"https:\/\/lasprimeras.com.do\/?p=93477"},"modified":"2025-02-11T23:43:23","modified_gmt":"2025-02-12T03:43:23","slug":"banco-popular-auspicia-documental-suenos-dorados-sobre-marileidy-paulino","status":"publish","type":"post","link":"https:\/\/lasprimeras.com.do\/index.php\/2025\/02\/11\/banco-popular-auspicia-documental-suenos-dorados-sobre-marileidy-paulino\/","title":{"rendered":"Banco Popular auspicia documental &#8220;Sue\u00f1os dorados&#8221; sobre Marileidy Paulino"},"content":{"rendered":"\n<p><strong>La producci\u00f3n de Kokaleka Films resalta la trayectoria de la campeona ol\u00edmpica.<\/strong><\/p>\n\n\n\n<p>El Banco Popular Dominicano particip\u00f3 como auspiciador en la premier del documental &#8220;Sue\u00f1os dorados&#8221;, producido por Kokaleka Films, que retrata la trayectoria de la triple medallista ol\u00edmpica Marileidy Paulino, desde sus inicios en Don Gregorio de Nizao, provincia Peravia, hasta su consagraci\u00f3n con la medalla de oro en los Juegos Ol\u00edmpicos de Par\u00eds 2024, donde estableci\u00f3 adem\u00e1s un r\u00e9cord mundial en los 400 metros planos femeninos, con un tiempo de 48.17 segundos.<\/p>\n\n\n\n<p>Con el auspicio de esta iniciativa, la entidad bancaria reafirma su compromiso con el desarrollo del talento nacional y la promoci\u00f3n del deporte en la Rep\u00fablica Dominicana, representados en la figura de la medallista ol\u00edmpica Marileidy Paulino, que es embajadora de la marca Popular desde 2022.<\/p>\n\n\n\n<p>El estreno cinematogr\u00e1fico tuvo lugar en las instalaciones de Caribbean Cinemas del centro comercial Downtown Center, en el Distrito Nacional, con la asistencia de ejecutivos del Banco Popular, representantes de medios de comunicaci\u00f3n, figuras del \u00e1mbito deportivo y cultural, miembros de la comunidad digital, as\u00ed como familiares y allegados de la destacada atleta dominicana.<\/p>\n\n\n\n<p>Un testimonio de esfuerzo y perseverancia<\/p>\n\n\n\n<p>Durante la presentaci\u00f3n, Federico Ozores, presidente y productor ejecutivo de Kokaleka Films, expres\u00f3 el compromiso de su empresa &#8220;con la producci\u00f3n de contenidos que inspiren y resalten los valores del esfuerzo y la perseverancia. Nos enorgullece la cinematograf\u00eda lograda en este documental, que combina tomas espectaculares con una narrativa visual cautivadora&#8221;.<\/p>\n\n\n\n<p>El director del largometraje, Mariano Pichardo, destac\u00f3 la importancia de este trabajo audiovisual.<\/p>\n\n\n\n<p>&#8220;Desde el inicio, nuestro objetivo fue contar la historia de Marileidy desde una perspectiva aut\u00e9ntica, mostrando no solo su grandeza como atleta, sino tambi\u00e9n su humanidad y su lucha diaria&#8221;, comparti\u00f3.<\/p>\n\n\n\n<p>En tanto, Jos\u00e9 M\u00e1rmol, vicepresidente ejecutivo de Comunicaciones Corporativas, Reputaci\u00f3n y Banca Responsable del Grupo Popular, resalt\u00f3 la figura de Marileidy Paulino como &#8220;un referente de tes\u00f3n, responsabilidad, sacrificio y la b\u00fasqueda continua de la excelencia&#8221;.<\/p>\n\n\n\n<p>&#8220;Su colaboraci\u00f3n con nosotros desde hace varios a\u00f1os es un reflejo de la misi\u00f3n del Banco Popular de apoyar a aquellos que trabajan incansablemente para alcanzar sus sue\u00f1os&#8221;, expres\u00f3 el ejecutivo.<\/p>\n\n\n\n<p>El documental<\/p>\n\n\n\n<p>Con una duraci\u00f3n de una hora y 18 minutos, el documental &#8220;Sue\u00f1os dorados&#8221; estar\u00e1 disponible a partir del 13 de febrero en Santo Domingo, en las salas de:<\/p>\n\n\n\n<p>Downtown Center<br>Megacentro<br>Sambil<br>Silver Sun<br>Galer\u00eda 360<br>Fine Arts<\/p>\n","protected":false},"excerpt":{"rendered":"<p>La producci\u00f3n de Kokaleka Films resalta la trayectoria de la campeona ol\u00edmpica. El Banco Popular Dominicano particip\u00f3 como auspiciador en la premier del documental &#8220;Sue\u00f1os dorados&#8221;, producido por Kokaleka Films,&hellip;<\/p>\n","protected":false},"author":2,"featured_media":93478,"comment_status":"open","ping_status":"open","sticky":false,"template":"","format":"standard","meta":{"content-type":"","jetpack_post_was_ever_published":false,"_jetpack_newsletter_access":"","_jetpack_dont_email_post_to_subs":false,"_jetpack_newsletter_tier_id":0,"_jetpack_memberships_contains_paywalled_content":false,"_jetpack_memberships_contains_paid_content":false,"footnotes":""},"categories":[84],"tags":[17307,3152,3317,17308],"class_list":["post-93477","post","type-post","status-publish","format-standard","has-post-thumbnail","hentry","category-entretenimiento","tag-auspicia-documental","tag-banco-popular","tag-marileidy-paulino","tag-suenos-dorados"],"jetpack_featured_media_url":"https:\/\/lasprimeras.com.do\/wp-content\/uploads\/2025\/02\/Mariano-Pichardo-Federico-Ozores-Mariela-Valdez-Rene-Grullon-Mariel-Bera-Jose-Marmol-y-Esteban-Martinez-Murga.jpg","jetpack-related-posts":[{"id":87308,"url":"https:\/\/lasprimeras.com.do\/index.php\/2024\/08\/09\/presidente-del-senado-felicita-a-marileidy-paulino-ganadora-medalla-oro-en-juegos-olimpicos-de-paris\/","url_meta":{"origin":93477,"position":0},"title":"Presidente del Senado felicita a Marileidy Paulino ganadora medalla oro en Juegos Ol\u00edmpicos de Par\u00eds","author":"Nelson Feliz","date":"9 de agosto de 2024","format":false,"excerpt":"El presidente del Senado, Ricardo de los Santos, felicit\u00f3 este viernes a la atleta velocista dominicana, Marileidy Paulino, quien conquist\u00f3 la medalla de oro en la final de los 400 metros planos de los XXXIII\u00a0Juegos Ol\u00edmpicos de Par\u00eds, Francia, 2024, con un tiempo de 48.17 segundos, quien adem\u00e1s rompi\u00f3 el\u2026","rel":"","context":"En \u00abNACIONALES\u00bb","block_context":{"text":"NACIONALES","link":"https:\/\/lasprimeras.com.do\/index.php\/category\/nacionales\/"},"img":{"alt_text":"Ricardo de los Santos","src":"https:\/\/i0.wp.com\/lasprimeras.com.do\/wp-content\/uploads\/2024\/08\/Ricardo-de-los-Santos-2.jpg?resize=350%2C200&ssl=1","width":350,"height":200,"srcset":"https:\/\/i0.wp.com\/lasprimeras.com.do\/wp-content\/uploads\/2024\/08\/Ricardo-de-los-Santos-2.jpg?resize=350%2C200&ssl=1 1x, https:\/\/i0.wp.com\/lasprimeras.com.do\/wp-content\/uploads\/2024\/08\/Ricardo-de-los-Santos-2.jpg?resize=525%2C300&ssl=1 1.5x"},"classes":[]},{"id":65676,"url":"https:\/\/lasprimeras.com.do\/index.php\/2023\/10\/30\/marileidy-paulino-cierra-el-oro-para-la-cuarteta-4x400-metros-en-los-panamericanos\/","url_meta":{"origin":93477,"position":1},"title":"Marileidy Paulino cierra el oro para la cuarteta 4&#215;400 metros en los Panamericanos","author":"Nelson Feliz","date":"30 de octubre de 2023","format":false,"excerpt":"Dominicana llega a 20 medallas, entre ellas seis de oro en el certamen. La Rep\u00fablica Dominicana gan\u00f3 la medalla de oro en el relevo mixto 4x400 metros de los Juegos Panamericanos, con un gran cierre de Marileidy Paulino. Una inmensa Paulino, que 'vol\u00f3' este lunes en la pista del Estadio\u2026","rel":"","context":"En \u00abPORTADA\u00bb","block_context":{"text":"PORTADA","link":"https:\/\/lasprimeras.com.do\/index.php\/category\/portada\/"},"img":{"alt_text":"marileydi","src":"https:\/\/i0.wp.com\/lasprimeras.com.do\/wp-content\/uploads\/2023\/10\/marileydi.jpg?resize=350%2C200&ssl=1","width":350,"height":200,"srcset":"https:\/\/i0.wp.com\/lasprimeras.com.do\/wp-content\/uploads\/2023\/10\/marileydi.jpg?resize=350%2C200&ssl=1 1x, https:\/\/i0.wp.com\/lasprimeras.com.do\/wp-content\/uploads\/2023\/10\/marileydi.jpg?resize=525%2C300&ssl=1 1.5x"},"classes":[]},{"id":87494,"url":"https:\/\/lasprimeras.com.do\/index.php\/2024\/08\/10\/antonio-carbone-donara-una-vivienda-amueblada-a-la-medallista-olimpica-marileidy-paulino\/","url_meta":{"origin":93477,"position":2},"title":"Antonio Carbone donar\u00e1 una vivienda amueblada a la medallista ol\u00edmpica Marileidy Paulino","author":"Nelson Feliz","date":"10 de agosto de 2024","format":false,"excerpt":"Por Martin Restituyo El empresario canadiense Antonio Carbone, en colaboraci\u00f3n con la Fundaci\u00f3n Carolina Denis, ha anunciado este viernes la donaci\u00f3n de una vivienda totalmente amueblada y equipada a la campeona ol\u00edmpica dominicana Marileidy Paulino. En una reuni\u00f3n privada con ingenieros y arquitectos, Carbone dio instrucciones para reparar la casa\u2026","rel":"","context":"En \u00abSin categor\u00eda\u00bb","block_context":{"text":"Sin categor\u00eda","link":"https:\/\/lasprimeras.com.do\/index.php\/category\/sin-categoria\/"},"img":{"alt_text":"Antonio Carbone","src":"https:\/\/i0.wp.com\/lasprimeras.com.do\/wp-content\/uploads\/2024\/08\/Antonio-Carbone.jpg?resize=350%2C200&ssl=1","width":350,"height":200,"srcset":"https:\/\/i0.wp.com\/lasprimeras.com.do\/wp-content\/uploads\/2024\/08\/Antonio-Carbone.jpg?resize=350%2C200&ssl=1 1x, https:\/\/i0.wp.com\/lasprimeras.com.do\/wp-content\/uploads\/2024\/08\/Antonio-Carbone.jpg?resize=525%2C300&ssl=1 1.5x, https:\/\/i0.wp.com\/lasprimeras.com.do\/wp-content\/uploads\/2024\/08\/Antonio-Carbone.jpg?resize=700%2C400&ssl=1 2x"},"classes":[]},{"id":83074,"url":"https:\/\/lasprimeras.com.do\/index.php\/2024\/05\/11\/marileidy-paulino-gana-oro-en-los-juegos-olimpicos-con-metas-claras\/","url_meta":{"origin":93477,"position":3},"title":"Marileidy Paulino gana oro en los Juegos Ol\u00edmpicos con metas claras","author":"BIMARY DE JES\u00daS Matos","date":"11 de mayo de 2024","format":false,"excerpt":"Santo Domingo.- La campeona mundial y medallista ol\u00edmpica en los 400 metros, Marileidy Paulino, tiene entre sus metas ganar oro en los Juegos Ol\u00edmpicos. Este viernes, el ministro de Deportes y Recreaci\u00f3n, Francisco Camacho, recibi\u00f3 la visita de Paulino quien le asegur\u00f3 que dar\u00e1 el m\u00e1ximo en los Juegos Ol\u00edmpicos\u2026","rel":"","context":"En \u00abSin categor\u00eda\u00bb","block_context":{"text":"Sin categor\u00eda","link":"https:\/\/lasprimeras.com.do\/index.php\/category\/sin-categoria\/"},"img":{"alt_text":"","src":"https:\/\/i0.wp.com\/lasprimeras.com.do\/wp-content\/uploads\/2024\/05\/Diseno-sin-titulo-1.webp?resize=350%2C200&ssl=1","width":350,"height":200,"srcset":"https:\/\/i0.wp.com\/lasprimeras.com.do\/wp-content\/uploads\/2024\/05\/Diseno-sin-titulo-1.webp?resize=350%2C200&ssl=1 1x, https:\/\/i0.wp.com\/lasprimeras.com.do\/wp-content\/uploads\/2024\/05\/Diseno-sin-titulo-1.webp?resize=525%2C300&ssl=1 1.5x"},"classes":[]},{"id":87278,"url":"https:\/\/lasprimeras.com.do\/index.php\/2024\/08\/10\/marileidy-paulino-no-me-creo-poder-ser-campeona-olimpica\/","url_meta":{"origin":93477,"position":4},"title":"Marileidy Paulino: \u00abNo me creo poder ser campeona ol\u00edmpica\u00bb","author":"Nelson Feliz","date":"10 de agosto de 2024","format":false,"excerpt":"Par\u00eds, EFE.- Marileidy Paulino, que se proclam\u00f3 este viernes campeona de los 400 metros con r\u00e9cord ol\u00edmpico, se mostr\u00f3 \u00abfeliz\u00bb de lograr la \u00fanica medalla que le faltaba para completar el ciclo desde Tokio 2020 y dijo que no se cree que haya podido conquistar el oro en los Juegos\u2026","rel":"","context":"En \u00abSin categor\u00eda\u00bb","block_context":{"text":"Sin categor\u00eda","link":"https:\/\/lasprimeras.com.do\/index.php\/category\/sin-categoria\/"},"img":{"alt_text":"Marileidy Paulino","src":"https:\/\/i0.wp.com\/lasprimeras.com.do\/wp-content\/uploads\/2024\/08\/Marileidy-Paulino.jpeg?resize=350%2C200&ssl=1","width":350,"height":200,"srcset":"https:\/\/i0.wp.com\/lasprimeras.com.do\/wp-content\/uploads\/2024\/08\/Marileidy-Paulino.jpeg?resize=350%2C200&ssl=1 1x, https:\/\/i0.wp.com\/lasprimeras.com.do\/wp-content\/uploads\/2024\/08\/Marileidy-Paulino.jpeg?resize=525%2C300&ssl=1 1.5x, https:\/\/i0.wp.com\/lasprimeras.com.do\/wp-content\/uploads\/2024\/08\/Marileidy-Paulino.jpeg?resize=700%2C400&ssl=1 2x"},"classes":[]},{"id":87927,"url":"https:\/\/lasprimeras.com.do\/index.php\/2024\/08\/19\/marileidy-paulino-no-tengo-problema-con-nadie-viviendo-mi-momento-disfrutando-mi-medalla\/","url_meta":{"origin":93477,"position":5},"title":"Marileidy Paulino: \u00abNo tengo problema con nadie. Viviendo mi momento, disfrutando mi medalla\u00bb","author":"Nelson Feliz","date":"19 de agosto de 2024","format":false,"excerpt":"Paulino partir\u00e1 este 26 de agosto hacia Polonia a representar su liga Diamante y luego a la final. La medallista ol\u00edmpica Marileidy Paulino declar\u00f3 que \u00abNo tiene problema con nadie ni con nada, viviendo mi momento, disfrutando mi medalla, junto con mi familia, seres queridos y tambi\u00e9n mi equipo\u00bb. Esas\u2026","rel":"","context":"En \u00abSin categor\u00eda\u00bb","block_context":{"text":"Sin categor\u00eda","link":"https:\/\/lasprimeras.com.do\/index.php\/category\/sin-categoria\/"},"img":{"alt_text":"Marileidy Paulino","src":"https:\/\/i0.wp.com\/lasprimeras.com.do\/wp-content\/uploads\/2024\/08\/Marileidy-Paulino.jpg?resize=350%2C200&ssl=1","width":350,"height":200,"srcset":"https:\/\/i0.wp.com\/lasprimeras.com.do\/wp-content\/uploads\/2024\/08\/Marileidy-Paulino.jpg?resize=350%2C200&ssl=1 1x, https:\/\/i0.wp.com\/lasprimeras.com.do\/wp-content\/uploads\/2024\/08\/Marileidy-Paulino.jpg?resize=525%2C300&ssl=1 1.5x"},"classes":[]}],"jetpack_sharing_enabled":true,"_links":{"self":[{"href":"https:\/\/lasprimeras.com.do\/index.php\/wp-json\/wp\/v2\/posts\/93477","targetHints":{"allow":["GET"]}}],"collection":[{"href":"https:\/\/lasprimeras.com.do\/index.php\/wp-json\/wp\/v2\/posts"}],"about":[{"href":"https:\/\/lasprimeras.com.do\/index.php\/wp-json\/wp\/v2\/types\/post"}],"author":[{"embeddable":true,"href":"https:\/\/lasprimeras.com.do\/index.php\/wp-json\/wp\/v2\/users\/2"}],"replies":[{"embeddable":true,"href":"https:\/\/lasprimeras.com.do\/index.php\/wp-json\/wp\/v2\/comments?post=93477"}],"version-history":[{"count":1,"href":"https:\/\/lasprimeras.com.do\/index.php\/wp-json\/wp\/v2\/posts\/93477\/revisions"}],"predecessor-version":[{"id":93479,"href":"https:\/\/lasprimeras.com.do\/index.php\/wp-json\/wp\/v2\/posts\/93477\/revisions\/93479"}],"wp:featuredmedia":[{"embeddable":true,"href":"https:\/\/lasprimeras.com.do\/index.php\/wp-json\/wp\/v2\/media\/93478"}],"wp:attachment":[{"href":"https:\/\/lasprimeras.com.do\/index.php\/wp-json\/wp\/v2\/media?parent=93477"}],"wp:term":[{"taxonomy":"category","embeddable":true,"href":"https:\/\/lasprimeras.com.do\/index.php\/wp-json\/wp\/v2\/categories?post=93477"},{"taxonomy":"post_tag","embeddable":true,"href":"https:\/\/lasprimeras.com.do\/index.php\/wp-json\/wp\/v2\/tags?post=93477"}],"curies":[{"name":"wp","href":"https:\/\/api.w.org\/{rel}","templated":true}]}}