{"id":93595,"date":"2025-02-13T23:42:17","date_gmt":"2025-02-14T03:42:17","guid":{"rendered":"https:\/\/lasprimeras.com.do\/?p=93595"},"modified":"2025-02-14T23:45:11","modified_gmt":"2025-02-15T03:45:11","slug":"omar-fernandez-propone-crear-leyes-que-protejan-inversiones-de-dominicanos-de-la-diaspora","status":"publish","type":"post","link":"https:\/\/lasprimeras.com.do\/index.php\/2025\/02\/13\/omar-fernandez-propone-crear-leyes-que-protejan-inversiones-de-dominicanos-de-la-diaspora\/","title":{"rendered":"Omar Fern\u00e1ndez propone crear leyes que protejan inversiones de dominicanos de la di\u00e1spora"},"content":{"rendered":"\n<p>En visita a Washington procur\u00f3 por la protecci\u00f3n del patrimonio de dominicanos residentes en el extranjero<\/p>\n\n\n\n<p>Washington, EE.UU.- El senador Omar Fern\u00e1ndez present\u00f3 en esta ciudad dos iniciativas legislativas que permitan estimular y estimular la inversi\u00f3n y patrimonio de los dominicanos residentes en el extranjero.<\/p>\n\n\n\n<p>\u201cLa contribuci\u00f3n de los dominicanos va m\u00e1s all\u00e1 de las remesas, incluyendo inversiones, emprendimientos y la defensa de nuestros intereses aqu\u00ed\u201d, expres\u00f3 Omar Fern\u00e1ndez durante su comparecencia en el Capitolio.<\/p>\n\n\n\n<p>En su exposici\u00f3n como orador invitado del encuentro Dominicans On The Hill, expres\u00f3 que Estados Unidos tiene una relevancia especial porque tres de cada cuatro dominicanos fuera de Rep\u00fablica Dominicana residen en Estados Unidos.<\/p>\n\n\n\n<p>Dominicans On The Hill es una iniciativa creada por el Congresista Norteamericano de origen dominicano, Adriano Espaillat. Esta iniciativa que ya cumple 7 a\u00f1os, busca reconocer el creciente compromiso c\u00edvico de la comunidad dominicana estadounidense y de toda la di\u00e1spora.<\/p>\n\n\n\n<p>Cada a\u00f1o, al evento asisten cientos de l\u00edderes, profesionales, estudiantes y funcionarios electos de ascendencia dominicana y grupos de todo el pa\u00eds.<\/p>\n\n\n\n<p>Este evento, que tendr\u00e1 lugar en el Centro de Visitantes del Capitolio de los Estados Unidos (CVC), se ha consolidado como un espacio clave para la discusi\u00f3n y articulaci\u00f3n de estrategias que fortalezcan el papel de la di\u00e1spora dominicana en el desarrollo econ\u00f3mico, pol\u00edtico y social de la naci\u00f3n.<\/p>\n","protected":false},"excerpt":{"rendered":"<p>En visita a Washington procur\u00f3 por la protecci\u00f3n del patrimonio de dominicanos residentes en el extranjero Washington, EE.UU.- El senador Omar Fern\u00e1ndez present\u00f3 en esta ciudad dos iniciativas legislativas que&hellip;<\/p>\n","protected":false},"author":2,"featured_media":93596,"comment_status":"open","ping_status":"open","sticky":false,"template":"","format":"standard","meta":{"content-type":"","jetpack_post_was_ever_published":false,"_jetpack_newsletter_access":"","_jetpack_dont_email_post_to_subs":false,"_jetpack_newsletter_tier_id":0,"_jetpack_memberships_contains_paywalled_content":false,"_jetpack_memberships_contains_paid_content":false,"footnotes":""},"categories":[16559],"tags":[2329,487,1441,2157,81,17358,3652],"class_list":["post-93595","post","type-post","status-publish","format-standard","has-post-thumbnail","hentry","category-politica","tag-diaspora","tag-dominicanos","tag-inversiones","tag-leyes","tag-omar-fernandez","tag-protejan","tag-washington"],"jetpack_featured_media_url":"https:\/\/lasprimeras.com.do\/wp-content\/uploads\/2025\/02\/Omar-Fernandez.jpg","jetpack-related-posts":[{"id":94665,"url":"https:\/\/lasprimeras.com.do\/index.php\/2025\/03\/04\/omar-fernandez-reacciona-a-rendicion-de-cuentas-de-abinader-presenta-11-proyectos-de-ley\/","url_meta":{"origin":93595,"position":0},"title":"Omar Fern\u00e1ndez reacciona a rendici\u00f3n de cuentas de Abinader; presenta 11 proyectos de ley","author":"Nelson Feliz","date":"4 de marzo de 2025","format":false,"excerpt":"Ha decidido aportar con este plan legislativo llamado \u201cM\u00e1s Para RD\u201d, para lo que pide se sume la bancada oficialista en el Congreso Nacional. El vocero de los senadores del Partido Fuerza del Pueblo, Omar Fern\u00e1ndez, respondi\u00f3 este lunes al discurso de rendici\u00f3n de cuentas del presidente Luis Abinader con\u2026","rel":"","context":"En \u00abPOLITICA\u00bb","block_context":{"text":"POLITICA","link":"https:\/\/lasprimeras.com.do\/index.php\/category\/politica\/"},"img":{"alt_text":"","src":"https:\/\/i0.wp.com\/lasprimeras.com.do\/wp-content\/uploads\/2025\/03\/Omar-Fernandez-1.jpg?resize=350%2C200&ssl=1","width":350,"height":200,"srcset":"https:\/\/i0.wp.com\/lasprimeras.com.do\/wp-content\/uploads\/2025\/03\/Omar-Fernandez-1.jpg?resize=350%2C200&ssl=1 1x, https:\/\/i0.wp.com\/lasprimeras.com.do\/wp-content\/uploads\/2025\/03\/Omar-Fernandez-1.jpg?resize=525%2C300&ssl=1 1.5x, https:\/\/i0.wp.com\/lasprimeras.com.do\/wp-content\/uploads\/2025\/03\/Omar-Fernandez-1.jpg?resize=700%2C400&ssl=1 2x"},"classes":[]},{"id":101643,"url":"https:\/\/lasprimeras.com.do\/index.php\/2025\/06\/24\/presidente-de-paraguay-recibe-al-senador-omar-fernandez\/","url_meta":{"origin":93595,"position":1},"title":"Presidente de Paraguay recibe al senador Omar Fern\u00e1ndez","author":"Nelson Feliz","date":"24 de junio de 2025","format":false,"excerpt":"Abordan retos geopol\u00edticos y colaboran en agenda de integraci\u00f3n regional Asunci\u00f3n, Paraguay-. El senador del Distrito Nacional de la Rep\u00fablica Dominicana, Omar Fern\u00e1ndez, encabez\u00f3 este lunes una visita oficial a la Rep\u00fablica del Paraguay, donde sostuvo un importante encuentro con el presidente Santiago Pe\u00f1a, como parte de sus esfuerzos por\u2026","rel":"","context":"En \u00abPOLITICA\u00bb","block_context":{"text":"POLITICA","link":"https:\/\/lasprimeras.com.do\/index.php\/category\/politica\/"},"img":{"alt_text":"Omar Fern\u00e1ndez","src":"https:\/\/i0.wp.com\/lasprimeras.com.do\/wp-content\/uploads\/2025\/06\/Omar-Fernandez.jpg?resize=350%2C200&ssl=1","width":350,"height":200,"srcset":"https:\/\/i0.wp.com\/lasprimeras.com.do\/wp-content\/uploads\/2025\/06\/Omar-Fernandez.jpg?resize=350%2C200&ssl=1 1x, https:\/\/i0.wp.com\/lasprimeras.com.do\/wp-content\/uploads\/2025\/06\/Omar-Fernandez.jpg?resize=525%2C300&ssl=1 1.5x, https:\/\/i0.wp.com\/lasprimeras.com.do\/wp-content\/uploads\/2025\/06\/Omar-Fernandez.jpg?resize=700%2C400&ssl=1 2x"},"classes":[]},{"id":117896,"url":"https:\/\/lasprimeras.com.do\/index.php\/2025\/12\/17\/el-senador-omar-fernandez-critica-presupuesto-2026-por-baja-inversion\/","url_meta":{"origin":93595,"position":2},"title":"El senador Omar Fern\u00e1ndez critica Presupuesto 2026 por baja inversi\u00f3n","author":"Nelson Feliz","date":"17 de diciembre de 2025","format":false,"excerpt":"El senador por el Distrito Nacional, Omar Fern\u00e1ndez, advirti\u00f3 que la propuesta de Presupuesto General del Estado para el a\u00f1o 2026 presentada por el Poder Ejecutivo evidencia un manejo fiscal deficiente, pese a un contexto econ\u00f3mico internacional favorable para la Rep\u00fablica Dominicana. El legislador observ\u00f3 que a pesar de que\u2026","rel":"","context":"En \u00abECONOM\u00cdA\u00bb","block_context":{"text":"ECONOM\u00cdA","link":"https:\/\/lasprimeras.com.do\/index.php\/category\/economia\/"},"img":{"alt_text":"Omar Fern\u00e1ndez","src":"https:\/\/i0.wp.com\/lasprimeras.com.do\/wp-content\/uploads\/2025\/10\/Omar-Fernandez.jpg?resize=350%2C200&ssl=1","width":350,"height":200,"srcset":"https:\/\/i0.wp.com\/lasprimeras.com.do\/wp-content\/uploads\/2025\/10\/Omar-Fernandez.jpg?resize=350%2C200&ssl=1 1x, https:\/\/i0.wp.com\/lasprimeras.com.do\/wp-content\/uploads\/2025\/10\/Omar-Fernandez.jpg?resize=525%2C300&ssl=1 1.5x, https:\/\/i0.wp.com\/lasprimeras.com.do\/wp-content\/uploads\/2025\/10\/Omar-Fernandez.jpg?resize=700%2C400&ssl=1 2x, https:\/\/i0.wp.com\/lasprimeras.com.do\/wp-content\/uploads\/2025\/10\/Omar-Fernandez.jpg?resize=1050%2C600&ssl=1 3x, https:\/\/i0.wp.com\/lasprimeras.com.do\/wp-content\/uploads\/2025\/10\/Omar-Fernandez.jpg?resize=1400%2C800&ssl=1 4x"},"classes":[]},{"id":122784,"url":"https:\/\/lasprimeras.com.do\/index.php\/2026\/02\/22\/omar-fernandez-continua-su-agenda-internacional-expone-en-harvard-sobre-desafios-de-rd\/","url_meta":{"origin":93595,"position":3},"title":"Omar Fern\u00e1ndez contin\u00faa su agenda internacional; expone en Harvard sobre desaf\u00edos de RD","author":"Nelson Feliz","date":"22 de febrero de 2026","format":false,"excerpt":"El senador present\u00f3 \u201cM\u00e1s por RD\u201d, un paquete legislativo destinado a impulsar productividad, fortalecer instituciones. CAMBRIDGE, Massachusetts. \u2014 El senador de Rep\u00fablica, Omar Fern\u00e1ndez, expuso este fin de semana su visi\u00f3n sobre la econom\u00eda dominicana mejoras que podr\u00edan implementarse, al participar como panelista en la Lat\u00edn Am\u00e9rica Conference \u201cUnfiltered\u201d, de\u2026","rel":"","context":"En \u00abPOLITICA\u00bb","block_context":{"text":"POLITICA","link":"https:\/\/lasprimeras.com.do\/index.php\/category\/politica\/"},"img":{"alt_text":"Omar Fernandez","src":"https:\/\/i0.wp.com\/lasprimeras.com.do\/wp-content\/uploads\/2026\/02\/Omar-Fernandez-1.jpg?resize=350%2C200&ssl=1","width":350,"height":200,"srcset":"https:\/\/i0.wp.com\/lasprimeras.com.do\/wp-content\/uploads\/2026\/02\/Omar-Fernandez-1.jpg?resize=350%2C200&ssl=1 1x, https:\/\/i0.wp.com\/lasprimeras.com.do\/wp-content\/uploads\/2026\/02\/Omar-Fernandez-1.jpg?resize=525%2C300&ssl=1 1.5x, https:\/\/i0.wp.com\/lasprimeras.com.do\/wp-content\/uploads\/2026\/02\/Omar-Fernandez-1.jpg?resize=700%2C400&ssl=1 2x"},"classes":[]},{"id":106837,"url":"https:\/\/lasprimeras.com.do\/index.php\/2025\/08\/20\/omar-fernandez-rinde-cuentas-de-su-primer-ano-de-gestion-como-senador-del-distrito-nacional\/","url_meta":{"origin":93595,"position":4},"title":"Omar Fern\u00e1ndez rinde cuentas de su primer a\u00f1o de gesti\u00f3n como senador del Distrito Nacional","author":"Nelson Feliz","date":"20 de agosto de 2025","format":false,"excerpt":"El senador por el Distrito Nacional, Omar Fern\u00e1ndez, present\u00f3 este martes la rendici\u00f3n de cuentas de su primer a\u00f1o legislativo, como parte de su compromiso con la transparencia en el servicio p\u00fablico. Desde agosto de 2024, 15 proyectos de ley autor\u00eda del congresista de la Fuerza del Pueblo fueron depositados,\u2026","rel":"","context":"En \u00abPOLITICA\u00bb","block_context":{"text":"POLITICA","link":"https:\/\/lasprimeras.com.do\/index.php\/category\/politica\/"},"img":{"alt_text":"","src":"https:\/\/i0.wp.com\/lasprimeras.com.do\/wp-content\/uploads\/2025\/08\/Omar-Fernandez.jpg?resize=350%2C200&ssl=1","width":350,"height":200,"srcset":"https:\/\/i0.wp.com\/lasprimeras.com.do\/wp-content\/uploads\/2025\/08\/Omar-Fernandez.jpg?resize=350%2C200&ssl=1 1x, https:\/\/i0.wp.com\/lasprimeras.com.do\/wp-content\/uploads\/2025\/08\/Omar-Fernandez.jpg?resize=525%2C300&ssl=1 1.5x, https:\/\/i0.wp.com\/lasprimeras.com.do\/wp-content\/uploads\/2025\/08\/Omar-Fernandez.jpg?resize=700%2C400&ssl=1 2x"},"classes":[]},{"id":112020,"url":"https:\/\/lasprimeras.com.do\/index.php\/2025\/10\/15\/omar-fernandez-exige-cumplir-la-ley-y-liberar-de-impuestos-salarios-de-hasta-rd52000\/","url_meta":{"origin":93595,"position":5},"title":"Omar Fern\u00e1ndez exige cumplir la ley y liberar de impuestos salarios de hasta RD$52,000","author":"Nelson Feliz","date":"15 de octubre de 2025","format":false,"excerpt":"\"Establece no indexar salarios reduce calidad de vida de 300,000 trabajadores\" El senador por el Distrito Nacional, Omar Fern\u00e1ndez, requiri\u00f3 que se libere de impuestos los salarios hasta los RD$52,000 tal como establece el c\u00f3digo tributario. Fern\u00e1ndez advirti\u00f3 que el Proyecto de Presupuesto General del Estado para el a\u00f1o 2026,\u2026","rel":"","context":"En \u00abECONOM\u00cdA\u00bb","block_context":{"text":"ECONOM\u00cdA","link":"https:\/\/lasprimeras.com.do\/index.php\/category\/economia\/"},"img":{"alt_text":"Omar Fern\u00e1ndez","src":"https:\/\/i0.wp.com\/lasprimeras.com.do\/wp-content\/uploads\/2025\/10\/Omar-Fernandez.jpg?resize=350%2C200&ssl=1","width":350,"height":200,"srcset":"https:\/\/i0.wp.com\/lasprimeras.com.do\/wp-content\/uploads\/2025\/10\/Omar-Fernandez.jpg?resize=350%2C200&ssl=1 1x, https:\/\/i0.wp.com\/lasprimeras.com.do\/wp-content\/uploads\/2025\/10\/Omar-Fernandez.jpg?resize=525%2C300&ssl=1 1.5x, https:\/\/i0.wp.com\/lasprimeras.com.do\/wp-content\/uploads\/2025\/10\/Omar-Fernandez.jpg?resize=700%2C400&ssl=1 2x, https:\/\/i0.wp.com\/lasprimeras.com.do\/wp-content\/uploads\/2025\/10\/Omar-Fernandez.jpg?resize=1050%2C600&ssl=1 3x, https:\/\/i0.wp.com\/lasprimeras.com.do\/wp-content\/uploads\/2025\/10\/Omar-Fernandez.jpg?resize=1400%2C800&ssl=1 4x"},"classes":[]}],"jetpack_sharing_enabled":true,"_links":{"self":[{"href":"https:\/\/lasprimeras.com.do\/index.php\/wp-json\/wp\/v2\/posts\/93595","targetHints":{"allow":["GET"]}}],"collection":[{"href":"https:\/\/lasprimeras.com.do\/index.php\/wp-json\/wp\/v2\/posts"}],"about":[{"href":"https:\/\/lasprimeras.com.do\/index.php\/wp-json\/wp\/v2\/types\/post"}],"author":[{"embeddable":true,"href":"https:\/\/lasprimeras.com.do\/index.php\/wp-json\/wp\/v2\/users\/2"}],"replies":[{"embeddable":true,"href":"https:\/\/lasprimeras.com.do\/index.php\/wp-json\/wp\/v2\/comments?post=93595"}],"version-history":[{"count":1,"href":"https:\/\/lasprimeras.com.do\/index.php\/wp-json\/wp\/v2\/posts\/93595\/revisions"}],"predecessor-version":[{"id":93597,"href":"https:\/\/lasprimeras.com.do\/index.php\/wp-json\/wp\/v2\/posts\/93595\/revisions\/93597"}],"wp:featuredmedia":[{"embeddable":true,"href":"https:\/\/lasprimeras.com.do\/index.php\/wp-json\/wp\/v2\/media\/93596"}],"wp:attachment":[{"href":"https:\/\/lasprimeras.com.do\/index.php\/wp-json\/wp\/v2\/media?parent=93595"}],"wp:term":[{"taxonomy":"category","embeddable":true,"href":"https:\/\/lasprimeras.com.do\/index.php\/wp-json\/wp\/v2\/categories?post=93595"},{"taxonomy":"post_tag","embeddable":true,"href":"https:\/\/lasprimeras.com.do\/index.php\/wp-json\/wp\/v2\/tags?post=93595"}],"curies":[{"name":"wp","href":"https:\/\/api.w.org\/{rel}","templated":true}]}}