{"id":93618,"date":"2025-02-15T19:39:07","date_gmt":"2025-02-15T23:39:07","guid":{"rendered":"https:\/\/lasprimeras.com.do\/?p=93618"},"modified":"2025-02-15T19:39:08","modified_gmt":"2025-02-15T23:39:08","slug":"desaparecido-en-santo-domingo-este-se-despidio-de-sus-hijas-y-dijo-que-no-volverian-a-verlo","status":"publish","type":"post","link":"https:\/\/lasprimeras.com.do\/index.php\/2025\/02\/15\/desaparecido-en-santo-domingo-este-se-despidio-de-sus-hijas-y-dijo-que-no-volverian-a-verlo\/","title":{"rendered":"Desaparecido en Santo Domingo Este: se despidi\u00f3 de sus hijas y dijo que no volver\u00edan a verlo"},"content":{"rendered":"\n<p><strong>&#8220;\u00daltimamente estaba yendo al psic\u00f3logo&#8221;, manifiesta su hermana.<\/strong><\/p>\n\n\n\n<p>Antes de desaparecer, \u00c1ngel Aneuris Pe\u00f1a Rodr\u00edguez, de 35 a\u00f1os, se despidi\u00f3 de sus hijas y les dijo que no volv\u00eda nunca m\u00e1s. Eso fue hace dos d\u00edas, en el sector Los Mina, en Santo Domingo Este, y a\u00fan no se sabe nada de \u00e9l.<\/p>\n\n\n\n<p>Diario Libre, tras conocer la noticia de su desaparici\u00f3n, se puso en contacto con la hermana del desaparecido, quien explic\u00f3 todo y pide ayuda para encontrarlo.<\/p>\n\n\n\n<p>La desaparici\u00f3n<\/p>\n\n\n\n<p>Pe\u00f1a Rodr\u00edguez era comerciante y estaba pasando por un mal momento antes de desaparecer. Ten\u00eda muchas deudas y se hab\u00eda separado de su mujer.<\/p>\n\n\n\n<p>&#8220;\u00daltimamente estaba yendo al psic\u00f3logo por situaciones emocionales\u2026Ten\u00eda deudas, situaciones con la esposa&#8221;, explica su hermana.<\/p>\n\n\n\n<p>El jueves, a las 11 de la ma\u00f1ana aproximadamente, se despidi\u00f3 de sus hijas.<\/p>\n\n\n\n<p>&#8220;Mi mam\u00e1 habl\u00f3 con \u00e9l y \u00e9l le dijo a las ni\u00f1as unas palabras. Que no volv\u00eda m\u00e1s a la casa. Se despidi\u00f3 de ella, le dio un beso en la frente y le dijo que no volv\u00eda m\u00e1s, y que no volver\u00edan a verle m\u00e1s&#8221;, confiesa.<\/p>\n\n\n\n<p>El tel\u00e9fono y los documentos<\/p>\n\n\n\n<p>La familia de \u00c1ngel Aneuris Pe\u00f1a Rodr\u00edguez teme lo peor. Saben que estaba pasando un mal momento y, adem\u00e1s, advirtieron que se fue sin sus pertenencias para seguir con su vida en otro lugar.<\/p>\n\n\n\n<p>&#8220;Nos dimos cuenta de que \u00e9l dej\u00f3 el tel\u00e9fono aqu\u00ed, y sus documentos, nosotros asumimos que tom\u00f3 la decisi\u00f3n\u2026 No s\u00e9, porque \u00e9l sali\u00f3 sin nada&#8221;, anuncia la hermana.<\/p>\n\n\n\n<p>Si tiene cualquier informaci\u00f3n sobre su paradero, puede llamar a los tel\u00e9fonos: 809-463-4932 y 809-917-7274.<\/p>\n","protected":false},"excerpt":{"rendered":"<p>&#8220;\u00daltimamente estaba yendo al psic\u00f3logo&#8221;, manifiesta su hermana. Antes de desaparecer, \u00c1ngel Aneuris Pe\u00f1a Rodr\u00edguez, de 35 a\u00f1os, se despidi\u00f3 de sus hijas y les dijo que no volv\u00eda nunca&hellip;<\/p>\n","protected":false},"author":2,"featured_media":93619,"comment_status":"open","ping_status":"open","sticky":false,"template":"","format":"standard","meta":{"content-type":"","jetpack_post_was_ever_published":false,"_jetpack_newsletter_access":"","_jetpack_dont_email_post_to_subs":false,"_jetpack_newsletter_tier_id":0,"_jetpack_memberships_contains_paywalled_content":false,"_jetpack_memberships_contains_paid_content":false,"footnotes":""},"categories":[35],"tags":[4253,17366,1570,17365],"class_list":["post-93618","post","type-post","status-publish","format-standard","has-post-thumbnail","hentry","category-nacionales","tag-desaparecido","tag-dijo-que-no-volverian-a-verlo","tag-santo-domingo-este","tag-se-despidio-de-sus-hijas"],"jetpack_featured_media_url":"https:\/\/lasprimeras.com.do\/wp-content\/uploads\/2025\/02\/Angel-Aneuris-Pena-Rodriguez.jpg","jetpack-related-posts":[{"id":67718,"url":"https:\/\/lasprimeras.com.do\/index.php\/2023\/11\/17\/defensa-civil-informa-que-cinco-turistas-estan-desaparecidos-en-loma-de-bahoruco\/","url_meta":{"origin":93618,"position":0},"title":"Defensa Civil informa que cinco turistas est\u00e1n desaparecidos en Loma de Bahoruco","author":"BIMARY DE JES\u00daS Matos","date":"17 de noviembre de 2023","format":false,"excerpt":"Santo Domingo.-El jefe de Operaciones de la Defensa Civil, Delf\u00edn Antonio Rodr\u00edguez, inform\u00f3 este viernes que cinco turistas se encuentran desaparecidos en la Loma de Bahoruco. Rodr\u00edguez indic\u00f3 que, por el momento, tanto la Defensa Civil como la Polic\u00eda Tur\u00edstica (Politur) y el Ej\u00e9rcito Nacional, mantienen la b\u00fasqueda de los\u2026","rel":"","context":"En \u00abPORTADA\u00bb","block_context":{"text":"PORTADA","link":"https:\/\/lasprimeras.com.do\/index.php\/category\/portada\/"},"img":{"alt_text":"","src":"https:\/\/i0.wp.com\/lasprimeras.com.do\/wp-content\/uploads\/2023\/11\/WhatsApp-Image-2023-11-16-at-9.41.50-PM-4.jpeg?resize=350%2C200&ssl=1","width":350,"height":200,"srcset":"https:\/\/i0.wp.com\/lasprimeras.com.do\/wp-content\/uploads\/2023\/11\/WhatsApp-Image-2023-11-16-at-9.41.50-PM-4.jpeg?resize=350%2C200&ssl=1 1x, https:\/\/i0.wp.com\/lasprimeras.com.do\/wp-content\/uploads\/2023\/11\/WhatsApp-Image-2023-11-16-at-9.41.50-PM-4.jpeg?resize=525%2C300&ssl=1 1.5x"},"classes":[]},{"id":93141,"url":"https:\/\/lasprimeras.com.do\/index.php\/2025\/01\/26\/codo-a-codo-muchos-dejan-atras-enemistades-y-buscan-juntos-a-los-desaparecidos-de-colombia\/","url_meta":{"origin":93618,"position":1},"title":"Codo a codo, muchos dejan atr\u00e1s enemistades y buscan juntos a los desaparecidos de Colombia","author":"Nelson Feliz","date":"26 de enero de 2025","format":false,"excerpt":"POR MAR\u00cdA TERESA HERN\u00c1NDEZ CALI, Colombia (AP) \u2014 De tanto en tanto, Gustavo Arbel\u00e1ez encara a colombianos que sufrieron a causa de las Fuerzas Armadas Revolucionarias de Colombia (FARC), la poderosa guerrilla de la que form\u00f3 parte durante el conflicto armado que se extendi\u00f3 por cinco d\u00e9cadas en su pa\u00eds.\u2026","rel":"","context":"En \u00abINTERNACIONALES\u00bb","block_context":{"text":"INTERNACIONALES","link":"https:\/\/lasprimeras.com.do\/index.php\/category\/sin-categoria\/internacionales\/"},"img":{"alt_text":"","src":"https:\/\/i0.wp.com\/lasprimeras.com.do\/wp-content\/uploads\/2025\/01\/desaparecidos.jpg?resize=350%2C200&ssl=1","width":350,"height":200,"srcset":"https:\/\/i0.wp.com\/lasprimeras.com.do\/wp-content\/uploads\/2025\/01\/desaparecidos.jpg?resize=350%2C200&ssl=1 1x, https:\/\/i0.wp.com\/lasprimeras.com.do\/wp-content\/uploads\/2025\/01\/desaparecidos.jpg?resize=525%2C300&ssl=1 1.5x, https:\/\/i0.wp.com\/lasprimeras.com.do\/wp-content\/uploads\/2025\/01\/desaparecidos.jpg?resize=700%2C400&ssl=1 2x"},"classes":[]},{"id":67302,"url":"https:\/\/lasprimeras.com.do\/index.php\/2023\/11\/14\/hombre-que-reporto-dolor-de-cabeza-lleva-cinco-dias-desaparecido\/","url_meta":{"origin":93618,"position":2},"title":"Hombre que report\u00f3 dolor de cabeza lleva cinco d\u00edas desaparecido","author":"Nelson Feliz","date":"14 de noviembre de 2023","format":false,"excerpt":"-Si tiene informaci\u00f3n sobre su paradero llame al: 829-497-2960 Un fuerte dolor de cabeza motiv\u00f3 al joven Jos\u00e9 Alexander Fr\u00edas Rojas a solicitar un permiso para marcharse de su trabajo como montacargas de un supermercado. El pasado 9 de noviembre lleg\u00f3 a su casa en el sector Cristinita, ubicado en\u2026","rel":"","context":"En \u00abNACIONALES\u00bb","block_context":{"text":"NACIONALES","link":"https:\/\/lasprimeras.com.do\/index.php\/category\/nacionales\/"},"img":{"alt_text":"Jose Alexander","src":"https:\/\/i0.wp.com\/lasprimeras.com.do\/wp-content\/uploads\/2023\/11\/Jose-Alexander.jpg?resize=350%2C200&ssl=1","width":350,"height":200,"srcset":"https:\/\/i0.wp.com\/lasprimeras.com.do\/wp-content\/uploads\/2023\/11\/Jose-Alexander.jpg?resize=350%2C200&ssl=1 1x, https:\/\/i0.wp.com\/lasprimeras.com.do\/wp-content\/uploads\/2023\/11\/Jose-Alexander.jpg?resize=525%2C300&ssl=1 1.5x, https:\/\/i0.wp.com\/lasprimeras.com.do\/wp-content\/uploads\/2023\/11\/Jose-Alexander.jpg?resize=700%2C400&ssl=1 2x"},"classes":[]},{"id":71981,"url":"https:\/\/lasprimeras.com.do\/index.php\/2023\/12\/25\/misterio-envuelve-desaparicion-de-joven-dominicana-en-pamplona-espana\/","url_meta":{"origin":93618,"position":3},"title":"Misterio envuelve desaparici\u00f3n de joven dominicana en Pamplona, Espa\u00f1a","author":"Nelson Feliz","date":"25 de diciembre de 2023","format":false,"excerpt":"Rosa Gabriela Reyes Ch\u00e1vez, de 33 a\u00f1os, fue vista por \u00faltima vez en un bar pr\u00f3ximo a su vivienda hace casi tres semanas. Han pasado casi tres semanas desde que la joven dominicana Rosa Gabriela Reyes Ch\u00e1vez, de 33 a\u00f1os, fuera vista por \u00faltima vez en Pamplona, al nordeste de\u2026","rel":"","context":"En \u00abSin categor\u00eda\u00bb","block_context":{"text":"Sin categor\u00eda","link":"https:\/\/lasprimeras.com.do\/index.php\/category\/sin-categoria\/"},"img":{"alt_text":"Gabriela Reyes es la dominicana desaparecida en Espa\u00f1a","src":"https:\/\/i0.wp.com\/lasprimeras.com.do\/wp-content\/uploads\/2023\/12\/Gabriela-Reyes-es-la-dominicana-desaparecida-en-Espana.jpg?resize=350%2C200&ssl=1","width":350,"height":200,"srcset":"https:\/\/i0.wp.com\/lasprimeras.com.do\/wp-content\/uploads\/2023\/12\/Gabriela-Reyes-es-la-dominicana-desaparecida-en-Espana.jpg?resize=350%2C200&ssl=1 1x, https:\/\/i0.wp.com\/lasprimeras.com.do\/wp-content\/uploads\/2023\/12\/Gabriela-Reyes-es-la-dominicana-desaparecida-en-Espana.jpg?resize=525%2C300&ssl=1 1.5x, https:\/\/i0.wp.com\/lasprimeras.com.do\/wp-content\/uploads\/2023\/12\/Gabriela-Reyes-es-la-dominicana-desaparecida-en-Espana.jpg?resize=700%2C400&ssl=1 2x"},"classes":[]},{"id":94457,"url":"https:\/\/lasprimeras.com.do\/index.php\/2025\/03\/01\/cadaver-de-joven-reportado-desaparecido-en-santo-domingo-norte-presenta-signos-de-violencia\/","url_meta":{"origin":93618,"position":4},"title":"Cad\u00e1ver de joven reportado desaparecido en Santo Domingo Norte presenta signos de violencia","author":"Nelson Feliz","date":"1 de marzo de 2025","format":false,"excerpt":"El cuerpo de la v\u00edctima apareci\u00f3 amarrado en el r\u00edo Ozama detr\u00e1s del sector La Nueva Barquita. Braylin Paredes El joven Luis Miguel Garc\u00eda Hern\u00e1ndez, de 29 a\u00f1os, quien hab\u00eda sido reportado como desaparecido, fue encontrado la tarde de este viernes en el r\u00edo Ozama con evidentes signos de violencia.\u2026","rel":"","context":"En \u00abNACIONALES\u00bb","block_context":{"text":"NACIONALES","link":"https:\/\/lasprimeras.com.do\/index.php\/category\/nacionales\/"},"img":{"alt_text":"Luis Miguel Garc\u00eda Hern\u00e1ndez","src":"https:\/\/i0.wp.com\/lasprimeras.com.do\/wp-content\/uploads\/2025\/03\/Luis-Miguel-Garcia-Hernandez.jpg?resize=350%2C200&ssl=1","width":350,"height":200,"srcset":"https:\/\/i0.wp.com\/lasprimeras.com.do\/wp-content\/uploads\/2025\/03\/Luis-Miguel-Garcia-Hernandez.jpg?resize=350%2C200&ssl=1 1x, https:\/\/i0.wp.com\/lasprimeras.com.do\/wp-content\/uploads\/2025\/03\/Luis-Miguel-Garcia-Hernandez.jpg?resize=525%2C300&ssl=1 1.5x, https:\/\/i0.wp.com\/lasprimeras.com.do\/wp-content\/uploads\/2025\/03\/Luis-Miguel-Garcia-Hernandez.jpg?resize=700%2C400&ssl=1 2x"},"classes":[]},{"id":50144,"url":"https:\/\/lasprimeras.com.do\/index.php\/2023\/05\/17\/las-misteriosas-desapariciones-de-personas-en-rd\/","url_meta":{"origin":93618,"position":5},"title":"Las misteriosas desapariciones de personas en RD","author":"prenxa100","date":"17 de mayo de 2023","format":false,"excerpt":"Santo Domingo, RD. \u2013 Cuerpos que nunca fueron encontrados o identificados, huellas que se enfriaron y que hoy solo los familiares se acuerdan de aquellos nombres que hasta la fecha son un misterio porque no se sabe si est\u00e1n vivos o muertos. Conforme con las estad\u00edsticas de la Procuradur\u00eda General\u2026","rel":"","context":"En \u00abOPINI\u00d3N\u00bb","block_context":{"text":"OPINI\u00d3N","link":"https:\/\/lasprimeras.com.do\/index.php\/category\/opinion\/"},"img":{"alt_text":"","src":"","width":0,"height":0},"classes":[]}],"jetpack_sharing_enabled":true,"_links":{"self":[{"href":"https:\/\/lasprimeras.com.do\/index.php\/wp-json\/wp\/v2\/posts\/93618","targetHints":{"allow":["GET"]}}],"collection":[{"href":"https:\/\/lasprimeras.com.do\/index.php\/wp-json\/wp\/v2\/posts"}],"about":[{"href":"https:\/\/lasprimeras.com.do\/index.php\/wp-json\/wp\/v2\/types\/post"}],"author":[{"embeddable":true,"href":"https:\/\/lasprimeras.com.do\/index.php\/wp-json\/wp\/v2\/users\/2"}],"replies":[{"embeddable":true,"href":"https:\/\/lasprimeras.com.do\/index.php\/wp-json\/wp\/v2\/comments?post=93618"}],"version-history":[{"count":1,"href":"https:\/\/lasprimeras.com.do\/index.php\/wp-json\/wp\/v2\/posts\/93618\/revisions"}],"predecessor-version":[{"id":93620,"href":"https:\/\/lasprimeras.com.do\/index.php\/wp-json\/wp\/v2\/posts\/93618\/revisions\/93620"}],"wp:featuredmedia":[{"embeddable":true,"href":"https:\/\/lasprimeras.com.do\/index.php\/wp-json\/wp\/v2\/media\/93619"}],"wp:attachment":[{"href":"https:\/\/lasprimeras.com.do\/index.php\/wp-json\/wp\/v2\/media?parent=93618"}],"wp:term":[{"taxonomy":"category","embeddable":true,"href":"https:\/\/lasprimeras.com.do\/index.php\/wp-json\/wp\/v2\/categories?post=93618"},{"taxonomy":"post_tag","embeddable":true,"href":"https:\/\/lasprimeras.com.do\/index.php\/wp-json\/wp\/v2\/tags?post=93618"}],"curies":[{"name":"wp","href":"https:\/\/api.w.org\/{rel}","templated":true}]}}