{"id":93621,"date":"2025-02-15T20:06:23","date_gmt":"2025-02-16T00:06:23","guid":{"rendered":"https:\/\/lasprimeras.com.do\/?p=93621"},"modified":"2025-02-15T20:06:24","modified_gmt":"2025-02-16T00:06:24","slug":"hallan-cadaver-de-joven-en-un-terreno-baldio-de-hato-nuevo","status":"publish","type":"post","link":"https:\/\/lasprimeras.com.do\/index.php\/2025\/02\/15\/hallan-cadaver-de-joven-en-un-terreno-baldio-de-hato-nuevo\/","title":{"rendered":"Hallan cad\u00e1ver de joven en un terreno bald\u00edo de Hato Nuevo"},"content":{"rendered":"\n<p><strong>El hoy occiso respond\u00eda al nombre de Junior Ra\u00fal S\u00e1nchez, de 22 a\u00f1os.<\/strong><\/p>\n\n\n\n<p>El cad\u00e1ver del joven Junior Ra\u00fal S\u00e1nchez, de 22 a\u00f1os, fue encontrado con impactos de bala alrededor de las 5:00 de la tarde de este viernes en un terreno bald\u00edo en Hato Nuevo de Manoguayabo, municipio Santo Domingo Oeste.<\/p>\n\n\n\n<p>La informaci\u00f3n fue confirmada a Diario Libre por Miguel Cris\u00f3stomo, hermano del hoy occiso, quien la tarde de este s\u00e1bado aguardaba frente al Instituto Nacional de Ciencias Forenses (INACIF) esperando los resultados de la autopsia para conocer las causas de la muerte de su pariente.<\/p>\n\n\n\n<p>Cris\u00f3stomo revel\u00f3 que la familia desconoce las circunstancias exactas de la muerte de Junior, aunque escucharon que el joven sali\u00f3 ayer con dos amigos, uno de los cuales fue identificado \u00fanicamente como Sebasti\u00e1n. Desde entonces, no supieron nada m\u00e1s sobre el paradero de Junior.<\/p>\n\n\n\n<p>Miguel Cris\u00f3stomo se enter\u00f3 del suceso ayer, mientras sal\u00eda del trabajo, y se dirigi\u00f3 al lugar de los hechos para confirmar la informaci\u00f3n.<\/p>\n\n\n\n<p>\u00c9l presume que el cad\u00e1ver fue dejado en ese terreno tras cometerse el crimen. Tambi\u00e9n indic\u00f3 que Sebasti\u00e1n emprendi\u00f3 la huida y que el padre de este \u00faltimo fue detenido para fines de investigaci\u00f3n policial.<\/p>\n\n\n\n<p>De su lado, Ra\u00fal S\u00e1nchez, padre del joven, hizo un llamado a las autoridades para que investiguen el hecho y encuentren a los responsables.<\/p>\n\n\n\n<p>Asimismo, pidi\u00f3 justicia por su hijo y conocer la verdad sobre lo sucedido: &#8220;Yo quiero que la justicia me diga qu\u00e9 pas\u00f3 en este caso&#8221;, expres\u00f3.<\/p>\n\n\n\n<p>Junior Ra\u00fal S\u00e1nchez estaba casado y dej\u00f3 dos hijos en la orfandad.<\/p>\n\n\n\n<p>Fuente Diario Libre<\/p>\n","protected":false},"excerpt":{"rendered":"<p>El hoy occiso respond\u00eda al nombre de Junior Ra\u00fal S\u00e1nchez, de 22 a\u00f1os. El cad\u00e1ver del joven Junior Ra\u00fal S\u00e1nchez, de 22 a\u00f1os, fue encontrado con impactos de bala alrededor&hellip;<\/p>\n","protected":false},"author":2,"featured_media":93622,"comment_status":"open","ping_status":"open","sticky":false,"template":"","format":"standard","meta":{"content-type":"","jetpack_post_was_ever_published":false,"_jetpack_newsletter_access":"","_jetpack_dont_email_post_to_subs":false,"_jetpack_newsletter_tier_id":0,"_jetpack_memberships_contains_paywalled_content":false,"_jetpack_memberships_contains_paid_content":false,"footnotes":""},"categories":[35],"tags":[240,1055,14660,1127,17367],"class_list":["post-93621","post","type-post","status-publish","format-standard","has-post-thumbnail","hentry","category-nacionales","tag-cadaver","tag-familiares","tag-hato-nuevo","tag-joven","tag-terreno-baldio"],"jetpack_featured_media_url":"https:\/\/lasprimeras.com.do\/wp-content\/uploads\/2025\/02\/Raul-Sanchez.jpg","jetpack-related-posts":[{"id":87171,"url":"https:\/\/lasprimeras.com.do\/index.php\/2024\/08\/07\/encuentran-cadaver-de-una-mujer-de-24-anos-en-un-tanque-en-bayaguana\/","url_meta":{"origin":93621,"position":0},"title":"Encuentran cad\u00e1ver de una mujer de 24 a\u00f1os en un tanque en Bayaguana","author":"Nelson Feliz","date":"7 de agosto de 2024","format":false,"excerpt":"La Polic\u00eda busca a la pareja de la occisa, identificada como Alexis de Jes\u00fas Alonso alias Alexis Celular, de 46 a\u00f1os. El cad\u00e1ver de una mujer de 24 a\u00f1os fue encontrado abandonado este mi\u00e9rcoles dentro de un tanque en un terreno bald\u00edo del sector La Bas\u00edlica, municipio Bayaguana de la\u2026","rel":"","context":"En \u00abNACIONALES\u00bb","block_context":{"text":"NACIONALES","link":"https:\/\/lasprimeras.com.do\/index.php\/category\/nacionales\/"},"img":{"alt_text":"","src":"https:\/\/i0.wp.com\/lasprimeras.com.do\/wp-content\/uploads\/2024\/08\/encuentra-cadaver-de-mujer-en-tanque-_3-focus-0-0-896-504.jpg?resize=350%2C200&ssl=1","width":350,"height":200,"srcset":"https:\/\/i0.wp.com\/lasprimeras.com.do\/wp-content\/uploads\/2024\/08\/encuentra-cadaver-de-mujer-en-tanque-_3-focus-0-0-896-504.jpg?resize=350%2C200&ssl=1 1x, https:\/\/i0.wp.com\/lasprimeras.com.do\/wp-content\/uploads\/2024\/08\/encuentra-cadaver-de-mujer-en-tanque-_3-focus-0-0-896-504.jpg?resize=525%2C300&ssl=1 1.5x, https:\/\/i0.wp.com\/lasprimeras.com.do\/wp-content\/uploads\/2024\/08\/encuentra-cadaver-de-mujer-en-tanque-_3-focus-0-0-896-504.jpg?resize=700%2C400&ssl=1 2x"},"classes":[]},{"id":94545,"url":"https:\/\/lasprimeras.com.do\/index.php\/2025\/03\/02\/joven-encontrado-envuelto-en-sabana-en-rio-ozama-tenia-rencillas-con-cinco-personas\/","url_meta":{"origin":93621,"position":1},"title":"Joven encontrado envuelto en s\u00e1bana en r\u00edo Ozama ten\u00eda rencillas con cinco personas","author":"Nelson Feliz","date":"2 de marzo de 2025","format":false,"excerpt":"Agentes de la Polic\u00eda Nacional informaron que activan la localizaci\u00f3n de cinco hombres se\u00f1alados como los presuntos autores de la muerte de Luis Miguel Garc\u00eda Hern\u00e1ndez (Jairo), de 28 a\u00f1os, cuyo cad\u00e1ver fue encontrado el pasado 28 de febrero en las aguas del r\u00edo Ozama, pr\u00f3ximo a la Nueva Barquita,\u2026","rel":"","context":"En \u00abMILITARES\u00bb","block_context":{"text":"MILITARES","link":"https:\/\/lasprimeras.com.do\/index.php\/category\/militares\/"},"img":{"alt_text":"","src":"https:\/\/i0.wp.com\/lasprimeras.com.do\/wp-content\/uploads\/2025\/03\/PN.jpeg?resize=350%2C200&ssl=1","width":350,"height":200,"srcset":"https:\/\/i0.wp.com\/lasprimeras.com.do\/wp-content\/uploads\/2025\/03\/PN.jpeg?resize=350%2C200&ssl=1 1x, https:\/\/i0.wp.com\/lasprimeras.com.do\/wp-content\/uploads\/2025\/03\/PN.jpeg?resize=525%2C300&ssl=1 1.5x, https:\/\/i0.wp.com\/lasprimeras.com.do\/wp-content\/uploads\/2025\/03\/PN.jpeg?resize=700%2C400&ssl=1 2x"},"classes":[]},{"id":56334,"url":"https:\/\/lasprimeras.com.do\/index.php\/2023\/07\/31\/identifican-cuarta-persona-muerta-en-tiroteo-en-san-jose-de-ocoa-era-oriundo-de-sabana-de-la-mar\/","url_meta":{"origin":93621,"position":2},"title":"Identifican cuarta persona muerta en tiroteo en San Jos\u00e9 de Ocoa; era oriundo de Sabana de la Mar","author":"Nelson Feliz","date":"31 de julio de 2023","format":false,"excerpt":"Por Irentoni Vega @viphatomayor Identifican como Layham Yeison Rijo, de unos 30 a\u00f1os de edad, la cuarta persona que fue ultimada a tiros en un supuesto punto de drogas en San Jos\u00e9 de Ocoa. En un hecho ocurrido la ma\u00f1ana del s\u00e1bado en un solar bald\u00edo en el sector de\u2026","rel":"","context":"En \u00abNACIONALES\u00bb","block_context":{"text":"NACIONALES","link":"https:\/\/lasprimeras.com.do\/index.php\/category\/nacionales\/"},"img":{"alt_text":"","src":"https:\/\/i0.wp.com\/lasprimeras.com.do\/wp-content\/uploads\/2023\/07\/una-2.jpg?resize=350%2C200&ssl=1","width":350,"height":200,"srcset":"https:\/\/i0.wp.com\/lasprimeras.com.do\/wp-content\/uploads\/2023\/07\/una-2.jpg?resize=350%2C200&ssl=1 1x, https:\/\/i0.wp.com\/lasprimeras.com.do\/wp-content\/uploads\/2023\/07\/una-2.jpg?resize=525%2C300&ssl=1 1.5x, https:\/\/i0.wp.com\/lasprimeras.com.do\/wp-content\/uploads\/2023\/07\/una-2.jpg?resize=700%2C400&ssl=1 2x"},"classes":[]},{"id":67482,"url":"https:\/\/lasprimeras.com.do\/index.php\/2023\/11\/15\/encuentran-muerto-a-joven-reportado-como-desaparecido\/","url_meta":{"origin":93621,"position":3},"title":"Encuentran muerto a joven reportado como desaparecido","author":"Nelson Feliz","date":"15 de noviembre de 2023","format":false,"excerpt":"En la calle La Hora del sector Cristinita, comunidad de Ver\u00f3n, Punta Cana, fue encontrado el cuerpo sin vida de Jos\u00e9 Alexander Fr\u00edas Rojas, de 32 a\u00f1os, quien hab\u00eda sido reportado desaparecido por sus familiares. El m\u00e9dico legista certific\u00f3 que Rojas Fr\u00edas falleci\u00f3 por hipoxia (falta de ox\u00edgeno) cerebral y\u2026","rel":"","context":"En \u00abNACIONALES\u00bb","block_context":{"text":"NACIONALES","link":"https:\/\/lasprimeras.com.do\/index.php\/category\/nacionales\/"},"img":{"alt_text":"","src":"https:\/\/i0.wp.com\/lasprimeras.com.do\/wp-content\/uploads\/2023\/11\/Jose-Alexander-1.jpg?resize=350%2C200&ssl=1","width":350,"height":200,"srcset":"https:\/\/i0.wp.com\/lasprimeras.com.do\/wp-content\/uploads\/2023\/11\/Jose-Alexander-1.jpg?resize=350%2C200&ssl=1 1x, https:\/\/i0.wp.com\/lasprimeras.com.do\/wp-content\/uploads\/2023\/11\/Jose-Alexander-1.jpg?resize=525%2C300&ssl=1 1.5x, https:\/\/i0.wp.com\/lasprimeras.com.do\/wp-content\/uploads\/2023\/11\/Jose-Alexander-1.jpg?resize=700%2C400&ssl=1 2x"},"classes":[]},{"id":94457,"url":"https:\/\/lasprimeras.com.do\/index.php\/2025\/03\/01\/cadaver-de-joven-reportado-desaparecido-en-santo-domingo-norte-presenta-signos-de-violencia\/","url_meta":{"origin":93621,"position":4},"title":"Cad\u00e1ver de joven reportado desaparecido en Santo Domingo Norte presenta signos de violencia","author":"Nelson Feliz","date":"1 de marzo de 2025","format":false,"excerpt":"El cuerpo de la v\u00edctima apareci\u00f3 amarrado en el r\u00edo Ozama detr\u00e1s del sector La Nueva Barquita. Braylin Paredes El joven Luis Miguel Garc\u00eda Hern\u00e1ndez, de 29 a\u00f1os, quien hab\u00eda sido reportado como desaparecido, fue encontrado la tarde de este viernes en el r\u00edo Ozama con evidentes signos de violencia.\u2026","rel":"","context":"En \u00abNACIONALES\u00bb","block_context":{"text":"NACIONALES","link":"https:\/\/lasprimeras.com.do\/index.php\/category\/nacionales\/"},"img":{"alt_text":"Luis Miguel Garc\u00eda Hern\u00e1ndez","src":"https:\/\/i0.wp.com\/lasprimeras.com.do\/wp-content\/uploads\/2025\/03\/Luis-Miguel-Garcia-Hernandez.jpg?resize=350%2C200&ssl=1","width":350,"height":200,"srcset":"https:\/\/i0.wp.com\/lasprimeras.com.do\/wp-content\/uploads\/2025\/03\/Luis-Miguel-Garcia-Hernandez.jpg?resize=350%2C200&ssl=1 1x, https:\/\/i0.wp.com\/lasprimeras.com.do\/wp-content\/uploads\/2025\/03\/Luis-Miguel-Garcia-Hernandez.jpg?resize=525%2C300&ssl=1 1.5x, https:\/\/i0.wp.com\/lasprimeras.com.do\/wp-content\/uploads\/2025\/03\/Luis-Miguel-Garcia-Hernandez.jpg?resize=700%2C400&ssl=1 2x"},"classes":[]},{"id":59294,"url":"https:\/\/lasprimeras.com.do\/index.php\/2023\/09\/01\/regional-norte-de-la-policia-investiga-muerte-de-joven-nativo-de-nagua\/","url_meta":{"origin":93621,"position":5},"title":"Regional Norte de la Polic\u00eda investiga muerte de joven nativo de Nagua","author":"Nelson Feliz","date":"1 de septiembre de 2023","format":false,"excerpt":"Agentes del Departamento de Investigaciones Criminales (Dicrim), bajo la coordinaci\u00f3n del teniente coronel Aneurys Ruiz \u00c1lvarez de la Regional Norte de la Polic\u00eda que dirige el coronel Jorge Luis Gal\u00e1n Guerrero, investigan la muerte de un hombre nativo del municipio de Nagua, provincia Mar\u00eda Trinidad S\u00e1nchez, cuyo cuerpo fue encontrado\u2026","rel":"","context":"En \u00abMILITARES\u00bb","block_context":{"text":"MILITARES","link":"https:\/\/lasprimeras.com.do\/index.php\/category\/militares\/"},"img":{"alt_text":"","src":"https:\/\/i0.wp.com\/lasprimeras.com.do\/wp-content\/uploads\/2023\/09\/WA.jpg?resize=350%2C200&ssl=1","width":350,"height":200,"srcset":"https:\/\/i0.wp.com\/lasprimeras.com.do\/wp-content\/uploads\/2023\/09\/WA.jpg?resize=350%2C200&ssl=1 1x, https:\/\/i0.wp.com\/lasprimeras.com.do\/wp-content\/uploads\/2023\/09\/WA.jpg?resize=525%2C300&ssl=1 1.5x"},"classes":[]}],"jetpack_sharing_enabled":true,"_links":{"self":[{"href":"https:\/\/lasprimeras.com.do\/index.php\/wp-json\/wp\/v2\/posts\/93621","targetHints":{"allow":["GET"]}}],"collection":[{"href":"https:\/\/lasprimeras.com.do\/index.php\/wp-json\/wp\/v2\/posts"}],"about":[{"href":"https:\/\/lasprimeras.com.do\/index.php\/wp-json\/wp\/v2\/types\/post"}],"author":[{"embeddable":true,"href":"https:\/\/lasprimeras.com.do\/index.php\/wp-json\/wp\/v2\/users\/2"}],"replies":[{"embeddable":true,"href":"https:\/\/lasprimeras.com.do\/index.php\/wp-json\/wp\/v2\/comments?post=93621"}],"version-history":[{"count":1,"href":"https:\/\/lasprimeras.com.do\/index.php\/wp-json\/wp\/v2\/posts\/93621\/revisions"}],"predecessor-version":[{"id":93623,"href":"https:\/\/lasprimeras.com.do\/index.php\/wp-json\/wp\/v2\/posts\/93621\/revisions\/93623"}],"wp:featuredmedia":[{"embeddable":true,"href":"https:\/\/lasprimeras.com.do\/index.php\/wp-json\/wp\/v2\/media\/93622"}],"wp:attachment":[{"href":"https:\/\/lasprimeras.com.do\/index.php\/wp-json\/wp\/v2\/media?parent=93621"}],"wp:term":[{"taxonomy":"category","embeddable":true,"href":"https:\/\/lasprimeras.com.do\/index.php\/wp-json\/wp\/v2\/categories?post=93621"},{"taxonomy":"post_tag","embeddable":true,"href":"https:\/\/lasprimeras.com.do\/index.php\/wp-json\/wp\/v2\/tags?post=93621"}],"curies":[{"name":"wp","href":"https:\/\/api.w.org\/{rel}","templated":true}]}}