{"id":93636,"date":"2025-02-15T21:37:39","date_gmt":"2025-02-16T01:37:39","guid":{"rendered":"https:\/\/lasprimeras.com.do\/?p=93636"},"modified":"2025-02-15T21:37:39","modified_gmt":"2025-02-16T01:37:39","slug":"asdn-lleva-la-alcaldia-en-el-barrio-al-higuero","status":"publish","type":"post","link":"https:\/\/lasprimeras.com.do\/index.php\/2025\/02\/15\/asdn-lleva-la-alcaldia-en-el-barrio-al-higuero\/","title":{"rendered":"ASDN lleva &#8220;La Alcald\u00eda en el Barrio&#8221; al Hig\u00fcero"},"content":{"rendered":"\n<p><strong>Jornada finaliz\u00f3 con un almuerzo con comunitarios<\/strong><\/p>\n\n\n\n<p>La Alcald\u00eda en el Barrio lleg\u00f3 hasta las comunidades de la regi\u00f3n del Hig\u00fcero, donde sus residentes se beneficiaron de un conjunto de servicios ofrecidos por el cabildo de Santo Domingo Norte, en procura de mejorar la limpieza en el municipio y as\u00ed llevarles una mejor calidad de vida.<\/p>\n\n\n\n<p>Durante el operativo, que estuvo encabezado por la alcaldesa Betty Ger\u00f3nimo, se realizaron bacheos, poda de \u00e1rboles, se limpiaron 119 s\u00e9pticos y varios imbornales.<\/p>\n\n\n\n<p>Asimismo, se llenaron cisternas, eliminaron vertederos improvisados, se remozaron canchas y un play, adem\u00e1s de que se intervinieron varias calles en mal estado.<\/p>\n\n\n\n<p>Las comunidades beneficiadas con el operativo fueron Mata San Juan, la Gina, El Cajuilito y el Parque El Hig\u00fcero.<\/p>\n\n\n\n<p>Adem\u00e1s, en conjunto con el Ministerio de la Vivienda, se les repar\u00f3 el techo a unas 10 casas.<\/p>\n\n\n\n<p>La jornada finaliz\u00f3 con un almuerzo, el que Ger\u00f3nimo degust\u00f3 junto a comunitarios, as\u00ed como juegos tradicionales, como el trucano, en el que tambi\u00e9n se integraron colaboradores del cabildo.<\/p>\n","protected":false},"excerpt":{"rendered":"<p>Jornada finaliz\u00f3 con un almuerzo con comunitarios La Alcald\u00eda en el Barrio lleg\u00f3 hasta las comunidades de la regi\u00f3n del Hig\u00fcero, donde sus residentes se beneficiaron de un conjunto de&hellip;<\/p>\n","protected":false},"author":2,"featured_media":93637,"comment_status":"open","ping_status":"open","sticky":false,"template":"","format":"standard","meta":{"content-type":"","jetpack_post_was_ever_published":false,"_jetpack_newsletter_access":"","_jetpack_dont_email_post_to_subs":false,"_jetpack_newsletter_tier_id":0,"_jetpack_memberships_contains_paywalled_content":false,"_jetpack_memberships_contains_paid_content":false,"footnotes":""},"categories":[35],"tags":[4772,17372,16081],"class_list":["post-93636","post","type-post","status-publish","format-standard","has-post-thumbnail","hentry","category-nacionales","tag-asdn","tag-higuero","tag-la-alcaldia-en-el-barrio"],"jetpack_featured_media_url":"https:\/\/lasprimeras.com.do\/wp-content\/uploads\/2025\/02\/ASDN.jpg","jetpack-related-posts":[{"id":105401,"url":"https:\/\/lasprimeras.com.do\/index.php\/2025\/08\/03\/la-alcaldia-en-el-barrio-lleva-soluciones-a-sector-las-10-tareas-en-los-guaricanos\/","url_meta":{"origin":93636,"position":0},"title":"La Alcald\u00eda en el Barrio lleva soluciones a sector Las 10 Tareas, en Los Guaricanos","author":"Nelson Feliz","date":"3 de agosto de 2025","format":false,"excerpt":"Se incluy\u00f3 una jornada de vacunaci\u00f3n de perros La Alcald\u00eda de Santo Domingo Norte (ASDN), llev\u00f3 soluciones inmediatas a las problem\u00e1ticas que afectan a los residentes del sector Las 10 Tareas, en Los Guaricanos, a trav\u00e9s de su exitoso programa \"La Alcald\u00eda en el Barrio\". El operativo, encabezado por la\u2026","rel":"","context":"En \u00abNACIONALES\u00bb","block_context":{"text":"NACIONALES","link":"https:\/\/lasprimeras.com.do\/index.php\/category\/nacionales\/"},"img":{"alt_text":"","src":"https:\/\/i0.wp.com\/lasprimeras.com.do\/wp-content\/uploads\/2025\/08\/betty-2.jpg?resize=350%2C200&ssl=1","width":350,"height":200,"srcset":"https:\/\/i0.wp.com\/lasprimeras.com.do\/wp-content\/uploads\/2025\/08\/betty-2.jpg?resize=350%2C200&ssl=1 1x, https:\/\/i0.wp.com\/lasprimeras.com.do\/wp-content\/uploads\/2025\/08\/betty-2.jpg?resize=525%2C300&ssl=1 1.5x, https:\/\/i0.wp.com\/lasprimeras.com.do\/wp-content\/uploads\/2025\/08\/betty-2.jpg?resize=700%2C400&ssl=1 2x"},"classes":[]},{"id":125914,"url":"https:\/\/lasprimeras.com.do\/index.php\/2026\/03\/27\/asdn-interviene-municipio-ante-incumplimiento-de-contrato-de-compania-recolectora\/","url_meta":{"origin":93636,"position":1},"title":"ASDN interviene municipio ante incumplimiento de contrato de compa\u00f1\u00eda recolectora","author":"Nelson Feliz","date":"27 de marzo de 2026","format":false,"excerpt":"_Iniciar\u00e1n proceso legal contra Sucesat_ La alcaldesa de Santo Domingo Norte, Betty Ger\u00f3nimo, encabez\u00f3 un operativo de intervenci\u00f3n del municipio junto a la Unidad Ejecutora de la Presidencia de la Rep\u00fablica, ECO5RD, ante el incumplimiento en la recogida de basura de la compa\u00f1\u00eda recolectora Sucesat. La jornada, que cont\u00f3 con\u2026","rel":"","context":"En \u00abNACIONALES\u00bb","block_context":{"text":"NACIONALES","link":"https:\/\/lasprimeras.com.do\/index.php\/category\/nacionales\/"},"img":{"alt_text":"","src":"https:\/\/i0.wp.com\/lasprimeras.com.do\/wp-content\/uploads\/2026\/03\/IMG-20260326-WA0418.jpg?resize=350%2C200&ssl=1","width":350,"height":200,"srcset":"https:\/\/i0.wp.com\/lasprimeras.com.do\/wp-content\/uploads\/2026\/03\/IMG-20260326-WA0418.jpg?resize=350%2C200&ssl=1 1x, https:\/\/i0.wp.com\/lasprimeras.com.do\/wp-content\/uploads\/2026\/03\/IMG-20260326-WA0418.jpg?resize=525%2C300&ssl=1 1.5x, https:\/\/i0.wp.com\/lasprimeras.com.do\/wp-content\/uploads\/2026\/03\/IMG-20260326-WA0418.jpg?resize=700%2C400&ssl=1 2x, https:\/\/i0.wp.com\/lasprimeras.com.do\/wp-content\/uploads\/2026\/03\/IMG-20260326-WA0418.jpg?resize=1050%2C600&ssl=1 3x"},"classes":[]},{"id":90459,"url":"https:\/\/lasprimeras.com.do\/index.php\/2024\/10\/21\/asdn-lanza-programa-la-alcaldia-en-el-barrio\/","url_meta":{"origin":93636,"position":2},"title":"ASDN lanza programa la Alcald\u00eda en el Barrio","author":"Nelson Feliz","date":"21 de octubre de 2024","format":false,"excerpt":"Posteriormente decorar\u00e1n los sectores por motivo de la navidad La Alcald\u00eda de Santo Domingo Norte (ASDN) lanz\u00f3 el programa \"La Alcald\u00eda en el barrio\", con el objetivo de mantener la limpieza en los diferentes sectores que conforman el municipio. Como parte del programa, el cabildo realiz\u00f3 una jornada de limpieza\u2026","rel":"","context":"En \u00abNACIONALES\u00bb","block_context":{"text":"NACIONALES","link":"https:\/\/lasprimeras.com.do\/index.php\/category\/nacionales\/"},"img":{"alt_text":"","src":"https:\/\/i0.wp.com\/lasprimeras.com.do\/wp-content\/uploads\/2024\/10\/La-Alcaldia-en-el-Barrio-1.jpg?resize=350%2C200&ssl=1","width":350,"height":200,"srcset":"https:\/\/i0.wp.com\/lasprimeras.com.do\/wp-content\/uploads\/2024\/10\/La-Alcaldia-en-el-Barrio-1.jpg?resize=350%2C200&ssl=1 1x, https:\/\/i0.wp.com\/lasprimeras.com.do\/wp-content\/uploads\/2024\/10\/La-Alcaldia-en-el-Barrio-1.jpg?resize=525%2C300&ssl=1 1.5x, https:\/\/i0.wp.com\/lasprimeras.com.do\/wp-content\/uploads\/2024\/10\/La-Alcaldia-en-el-Barrio-1.jpg?resize=700%2C400&ssl=1 2x"},"classes":[]},{"id":111152,"url":"https:\/\/lasprimeras.com.do\/index.php\/2025\/10\/05\/diputado-ramon-raposo-santo-domingo-norte-esta-con-el-grito-al-cielo-por-apagones-y-delincuencia\/","url_meta":{"origin":93636,"position":3},"title":"Diputado Ram\u00f3n Raposo: \u201cSanto Domingo Norte est\u00e1 con el grito al cielo por apagones y delincuencia\u201d","author":"Nelson Feliz","date":"5 de octubre de 2025","format":false,"excerpt":"El diputado nacional Ram\u00f3n Raposo sostuvo este domingo que los constantes apagones y el auge de la delincuencia tienen a los mun\u00edcipes de Santo Domingo Norte con el \u201cgrito al cielo\u201d. Al ser entrevistado en el programa \u201cFoco Pol\u00edtico\u201d del Grupo ACD Media que conduce el periodista Carlos del Pozo,\u2026","rel":"","context":"En \u00abPOLITICA\u00bb","block_context":{"text":"POLITICA","link":"https:\/\/lasprimeras.com.do\/index.php\/category\/politica\/"},"img":{"alt_text":"","src":"https:\/\/i0.wp.com\/lasprimeras.com.do\/wp-content\/uploads\/2025\/10\/Ramon-Raposo-1.jpg?resize=350%2C200&ssl=1","width":350,"height":200,"srcset":"https:\/\/i0.wp.com\/lasprimeras.com.do\/wp-content\/uploads\/2025\/10\/Ramon-Raposo-1.jpg?resize=350%2C200&ssl=1 1x, https:\/\/i0.wp.com\/lasprimeras.com.do\/wp-content\/uploads\/2025\/10\/Ramon-Raposo-1.jpg?resize=525%2C300&ssl=1 1.5x, https:\/\/i0.wp.com\/lasprimeras.com.do\/wp-content\/uploads\/2025\/10\/Ramon-Raposo-1.jpg?resize=700%2C400&ssl=1 2x"},"classes":[]},{"id":73829,"url":"https:\/\/lasprimeras.com.do\/index.php\/2024\/01\/16\/alcalde-carlos-guzman-presenta-mas-de-200-coordinadores-de-su-comando-de-campana-municipal\/","url_meta":{"origin":93636,"position":4},"title":"Alcalde Carlos Guzm\u00e1n presenta m\u00e1s de 200 coordinadores de su comando de campa\u00f1a municipal","author":"Nelson Feliz","date":"16 de enero de 2024","format":false,"excerpt":"Guzm\u00e1n design\u00f3 a Pablo Olmo como su jefe de campa\u00f1a y cientos de coordinadores en Villa Mella, Guaricanos, Sabana Perdida y el Hig\u00fcero. Por Martin Restituyo El alcalde de Santo Domingo Norte (SDN) y candidato a la misma posici\u00f3n, Carlos Guzm\u00e1n, present\u00f3 oficialmente su comando de campa\u00f1a, integrado por m\u00e1s\u2026","rel":"","context":"En \u00abPORTADA\u00bb","block_context":{"text":"PORTADA","link":"https:\/\/lasprimeras.com.do\/index.php\/category\/portada\/"},"img":{"alt_text":"Carlos Guzm\u00e1n","src":"https:\/\/i0.wp.com\/lasprimeras.com.do\/wp-content\/uploads\/2024\/01\/Carlos-Guzman-1.jpg?resize=350%2C200&ssl=1","width":350,"height":200,"srcset":"https:\/\/i0.wp.com\/lasprimeras.com.do\/wp-content\/uploads\/2024\/01\/Carlos-Guzman-1.jpg?resize=350%2C200&ssl=1 1x, https:\/\/i0.wp.com\/lasprimeras.com.do\/wp-content\/uploads\/2024\/01\/Carlos-Guzman-1.jpg?resize=525%2C300&ssl=1 1.5x"},"classes":[]},{"id":127091,"url":"https:\/\/lasprimeras.com.do\/index.php\/2026\/04\/08\/asdn-activa-comite-de-prevencion-mitigacion-y-respuesta-ante-desastres-por-incidencia-de-vaguada\/","url_meta":{"origin":93636,"position":5},"title":"ASDN activa Comit\u00e9 de Prevenci\u00f3n, Mitigaci\u00f3n y Respuesta ante Desastres, por incidencia de vaguada","author":"Nelson Feliz","date":"8 de abril de 2026","format":false,"excerpt":"_Llama a los mun\u00edcipes a estar atentos a las informaciones de los organismos de emergencia_ La Alcald\u00eda de Santo Domingo Norte (ASDN) activ\u00f3 su Comit\u00e9 de Prevenci\u00f3n, Mitigaci\u00f3n y Respuesta ante Desastres, debido a las condiciones del tiempo que desde la madrugada de este mi\u00e9rcoles afectan gran parte del pa\u00eds,\u2026","rel":"","context":"En \u00abNACIONALES\u00bb","block_context":{"text":"NACIONALES","link":"https:\/\/lasprimeras.com.do\/index.php\/category\/nacionales\/"},"img":{"alt_text":"","src":"https:\/\/i0.wp.com\/lasprimeras.com.do\/wp-content\/uploads\/2026\/04\/IMG-20260408-WA0416-scaled.jpg?resize=350%2C200&ssl=1","width":350,"height":200,"srcset":"https:\/\/i0.wp.com\/lasprimeras.com.do\/wp-content\/uploads\/2026\/04\/IMG-20260408-WA0416-scaled.jpg?resize=350%2C200&ssl=1 1x, https:\/\/i0.wp.com\/lasprimeras.com.do\/wp-content\/uploads\/2026\/04\/IMG-20260408-WA0416-scaled.jpg?resize=525%2C300&ssl=1 1.5x, https:\/\/i0.wp.com\/lasprimeras.com.do\/wp-content\/uploads\/2026\/04\/IMG-20260408-WA0416-scaled.jpg?resize=700%2C400&ssl=1 2x, https:\/\/i0.wp.com\/lasprimeras.com.do\/wp-content\/uploads\/2026\/04\/IMG-20260408-WA0416-scaled.jpg?resize=1050%2C600&ssl=1 3x, https:\/\/i0.wp.com\/lasprimeras.com.do\/wp-content\/uploads\/2026\/04\/IMG-20260408-WA0416-scaled.jpg?resize=1400%2C800&ssl=1 4x"},"classes":[]}],"jetpack_sharing_enabled":true,"_links":{"self":[{"href":"https:\/\/lasprimeras.com.do\/index.php\/wp-json\/wp\/v2\/posts\/93636","targetHints":{"allow":["GET"]}}],"collection":[{"href":"https:\/\/lasprimeras.com.do\/index.php\/wp-json\/wp\/v2\/posts"}],"about":[{"href":"https:\/\/lasprimeras.com.do\/index.php\/wp-json\/wp\/v2\/types\/post"}],"author":[{"embeddable":true,"href":"https:\/\/lasprimeras.com.do\/index.php\/wp-json\/wp\/v2\/users\/2"}],"replies":[{"embeddable":true,"href":"https:\/\/lasprimeras.com.do\/index.php\/wp-json\/wp\/v2\/comments?post=93636"}],"version-history":[{"count":1,"href":"https:\/\/lasprimeras.com.do\/index.php\/wp-json\/wp\/v2\/posts\/93636\/revisions"}],"predecessor-version":[{"id":93638,"href":"https:\/\/lasprimeras.com.do\/index.php\/wp-json\/wp\/v2\/posts\/93636\/revisions\/93638"}],"wp:featuredmedia":[{"embeddable":true,"href":"https:\/\/lasprimeras.com.do\/index.php\/wp-json\/wp\/v2\/media\/93637"}],"wp:attachment":[{"href":"https:\/\/lasprimeras.com.do\/index.php\/wp-json\/wp\/v2\/media?parent=93636"}],"wp:term":[{"taxonomy":"category","embeddable":true,"href":"https:\/\/lasprimeras.com.do\/index.php\/wp-json\/wp\/v2\/categories?post=93636"},{"taxonomy":"post_tag","embeddable":true,"href":"https:\/\/lasprimeras.com.do\/index.php\/wp-json\/wp\/v2\/tags?post=93636"}],"curies":[{"name":"wp","href":"https:\/\/api.w.org\/{rel}","templated":true}]}}