{"id":93648,"date":"2025-02-15T22:11:26","date_gmt":"2025-02-16T02:11:26","guid":{"rendered":"https:\/\/lasprimeras.com.do\/?p=93648"},"modified":"2025-02-15T22:11:27","modified_gmt":"2025-02-16T02:11:27","slug":"secretario-general-del-cmd-denuncia-sabotaje-al-censo-nacional-de-medicos","status":"publish","type":"post","link":"https:\/\/lasprimeras.com.do\/index.php\/2025\/02\/15\/secretario-general-del-cmd-denuncia-sabotaje-al-censo-nacional-de-medicos\/","title":{"rendered":"Secretario General del CMD denuncia sabotaje al Censo Nacional de M\u00e9dicos"},"content":{"rendered":"\n<p>El Secretario General del Colegio M\u00e9dico Dominicano (CMD), Dr. Luis Pe\u00f1a N\u00fa\u00f1ez, denuncia que el Censo Nacional de M\u00e9dicos desarrollado por el gremio a trav\u00e9s de la plataforma Google, fue objeto de un sabotaje la noche de ayer.<\/p>\n\n\n\n<p>Pe\u00f1a N\u00fa\u00f1ez, elev\u00f3 un recurso de investigaci\u00f3n en la PGR y el DICAT para dar con los saboteadores quienes cometieron un delito de Alta Tecnolog\u00eda produciendo un Ciberataque a la plataforma del Colegio M\u00e9dico Dominicano (CMD).<\/p>\n\n\n\n<p>Este censo tiene como objetivo actualizar la base de datos del CMD seg\u00fan lo establecido en el ART. 11 del ROI de la Ley 68-03, para conocer la situaci\u00f3n actual del gremio m\u00e9dico en el pa\u00eds.<\/p>\n\n\n\n<p>A trav\u00e9s de esta iniciativa, que pretende determinar el n\u00famero total de m\u00e9dicos en ejercicio, identificar el ejercicio ilegal de la medicina, el Intrusismo, fallecidos, distribuci\u00f3n por sexo y ubicaci\u00f3n geogr\u00e1fica, as\u00ed como la cantidad de m\u00e9dicos empleados, desempleados, pensionados, especialistas, residentes, m\u00e9dicos generales, pasantes y extranjeros.<\/p>\n\n\n\n<p>Adem\u00e1s, se busca identificar cu\u00e1ntos ejercen en el sector p\u00fablico y privado, entre otros datos de gran valor para la comunidad m\u00e9dica.<\/p>\n\n\n\n<p>Desde la Secretar\u00eda General del CMD, observamos que sectores oscuros se han opuesto a este ejercicio de transparencia y fortalecimiento institucional.<\/p>\n\n\n\n<p>Luis Pe\u00f1a N\u00fa\u00f1ez, rechaz\u00f3 en\u00e9rgicamente este acto de delito y sabotaje, lamentando que se haya atentado contra un proceso institucional de vital importancia para el gremio.<\/p>\n\n\n\n<p>Exhort\u00f3 a todos los m\u00e9dicos a mantenerse atentos a las pr\u00f3ximas informaciones a traves de nuestra pagina WEB sobre este censo, el cual es fundamental para la planificaci\u00f3n y el fortalecimiento del Colegio M\u00e9dico Dominicano.<\/p>\n","protected":false},"excerpt":{"rendered":"<p>El Secretario General del Colegio M\u00e9dico Dominicano (CMD), Dr. Luis Pe\u00f1a N\u00fa\u00f1ez, denuncia que el Censo Nacional de M\u00e9dicos desarrollado por el gremio a trav\u00e9s de la plataforma Google, fue&hellip;<\/p>\n","protected":false},"author":2,"featured_media":93649,"comment_status":"open","ping_status":"open","sticky":false,"template":"","format":"standard","meta":{"content-type":"","jetpack_post_was_ever_published":false,"_jetpack_newsletter_access":"","_jetpack_dont_email_post_to_subs":false,"_jetpack_newsletter_tier_id":0,"_jetpack_memberships_contains_paywalled_content":false,"_jetpack_memberships_contains_paid_content":false,"footnotes":""},"categories":[35],"tags":[17381,1057,17380,4711],"class_list":["post-93648","post","type-post","status-publish","format-standard","has-post-thumbnail","hentry","category-nacionales","tag-censo-nacional-de-medicos","tag-cmd","tag-sabotaje","tag-secretario-general"],"jetpack_featured_media_url":"https:\/\/lasprimeras.com.do\/wp-content\/uploads\/2025\/02\/Luis-Pena-Nunez.jpg","jetpack-related-posts":[{"id":119549,"url":"https:\/\/lasprimeras.com.do\/index.php\/2026\/01\/14\/cmd-y-sns-acuerdan-fortalecer-la-comunicacion-y-revisar-cancelaciones-medicas\/","url_meta":{"origin":93648,"position":0},"title":"\u200bCMD y SNS acuerdan fortalecer la comunicaci\u00f3n y revisar cancelaciones m\u00e9dicas","author":"Nelson Feliz","date":"14 de enero de 2026","format":false,"excerpt":"\u200bEl presidente del Colegio M\u00e9dico Dominicano (CMD), Dr. Luis Pe\u00f1a N\u00fa\u00f1ez, sostuvo un encuentro formal con el nuevo director del Servicio Nacional de Salud (SNS), Dr. Julio Landr\u00f3n, con el objetivo de establecer una agenda com\u00fan en beneficio de los medicos y del sistema sanitario nacional. \u200bDurante la reuni\u00f3n, en\u2026","rel":"","context":"En \u00abSALUD\u00bb","block_context":{"text":"SALUD","link":"https:\/\/lasprimeras.com.do\/index.php\/category\/salud\/"},"img":{"alt_text":"","src":"https:\/\/i0.wp.com\/lasprimeras.com.do\/wp-content\/uploads\/2026\/01\/IMG-20260113-WA1067.jpg?resize=350%2C200&ssl=1","width":350,"height":200,"srcset":"https:\/\/i0.wp.com\/lasprimeras.com.do\/wp-content\/uploads\/2026\/01\/IMG-20260113-WA1067.jpg?resize=350%2C200&ssl=1 1x, https:\/\/i0.wp.com\/lasprimeras.com.do\/wp-content\/uploads\/2026\/01\/IMG-20260113-WA1067.jpg?resize=525%2C300&ssl=1 1.5x, https:\/\/i0.wp.com\/lasprimeras.com.do\/wp-content\/uploads\/2026\/01\/IMG-20260113-WA1067.jpg?resize=700%2C400&ssl=1 2x"},"classes":[]},{"id":107986,"url":"https:\/\/lasprimeras.com.do\/index.php\/2025\/09\/02\/cmd-denuncia-salarios-de-los-medicos-del-semma-son-vergonzosos\/","url_meta":{"origin":93648,"position":1},"title":"CMD denuncia salarios de los m\u00e9dicos del SEMMA son vergonzosos","author":"Nelson Feliz","date":"2 de septiembre de 2025","format":false,"excerpt":"El presidente del Colegio M\u00e9dico Dominicano Dr. Waldo Ariel Suero, expres\u00f3 que es una verdadera verg\u00fcenza el salario que devengan los m\u00e9dicos especialistas que laboran en el Seguro M\u00e9dico de los Maestros (ARS SEMMA). En el d\u00eda de ayer, el gremio m\u00e9dico encabezado por su presidente Dr. Waldo Ariel Suero\u2026","rel":"","context":"En \u00abPORTADA\u00bb","block_context":{"text":"PORTADA","link":"https:\/\/lasprimeras.com.do\/index.php\/category\/portada\/"},"img":{"alt_text":"Waldo Ariel Suero","src":"https:\/\/i0.wp.com\/lasprimeras.com.do\/wp-content\/uploads\/2025\/09\/Waldo-Ariel-Suero.jpg?resize=350%2C200&ssl=1","width":350,"height":200,"srcset":"https:\/\/i0.wp.com\/lasprimeras.com.do\/wp-content\/uploads\/2025\/09\/Waldo-Ariel-Suero.jpg?resize=350%2C200&ssl=1 1x, https:\/\/i0.wp.com\/lasprimeras.com.do\/wp-content\/uploads\/2025\/09\/Waldo-Ariel-Suero.jpg?resize=525%2C300&ssl=1 1.5x, https:\/\/i0.wp.com\/lasprimeras.com.do\/wp-content\/uploads\/2025\/09\/Waldo-Ariel-Suero.jpg?resize=700%2C400&ssl=1 2x"},"classes":[]},{"id":127696,"url":"https:\/\/lasprimeras.com.do\/index.php\/2026\/04\/14\/gobierno-y-cmd-buscan-fortalecer-el-sistema-de-salud-y-reinvidicaciones-gremiales\/","url_meta":{"origin":93648,"position":2},"title":"Gobierno y CMD buscan fortalecer el sistema de salud y reinvidicaciones gremiales","author":"Nelson Feliz","date":"14 de abril de 2026","format":false,"excerpt":"En un ambiente de apertura y di\u00e1logo institucional, el Presidente de la Rep\u00fablica, Luis Abinader, recibi\u00f3 este martes en el Palacio Nacional a la junta directiva del Colegio M\u00e9dico Dominicano (CMD), encabezada por su presidente, el Dr. Luis Pe\u00f1a N\u00fa\u00f1ez. El encuentro tuvo como objetivo central dar seguimiento a la\u2026","rel":"","context":"En \u00abSALUD\u00bb","block_context":{"text":"SALUD","link":"https:\/\/lasprimeras.com.do\/index.php\/category\/salud\/"},"img":{"alt_text":"","src":"https:\/\/i0.wp.com\/lasprimeras.com.do\/wp-content\/uploads\/2026\/04\/CMD-1.jpg?resize=350%2C200&ssl=1","width":350,"height":200,"srcset":"https:\/\/i0.wp.com\/lasprimeras.com.do\/wp-content\/uploads\/2026\/04\/CMD-1.jpg?resize=350%2C200&ssl=1 1x, https:\/\/i0.wp.com\/lasprimeras.com.do\/wp-content\/uploads\/2026\/04\/CMD-1.jpg?resize=525%2C300&ssl=1 1.5x, https:\/\/i0.wp.com\/lasprimeras.com.do\/wp-content\/uploads\/2026\/04\/CMD-1.jpg?resize=700%2C400&ssl=1 2x"},"classes":[]},{"id":107039,"url":"https:\/\/lasprimeras.com.do\/index.php\/2025\/08\/22\/cmd-exalta-a-juan-fco-batlle-miguel-a-montalvo-y-violeta-nunez-como-maestros-de-la-medicina-dominicana\/","url_meta":{"origin":93648,"position":3},"title":"CMD exalta a Juan Fco. Batlle, Miguel A. Montalvo y Violeta N\u00fa\u00f1ez como \u201cMaestros de la Medicina Dominicana\u201d","author":"Nelson Feliz","date":"22 de agosto de 2025","format":false,"excerpt":"En una solemne ceremonia celebrada en el marco de su 134 aniversario, el Colegio M\u00e9dico Dominicano (CMD) otorg\u00f3 su m\u00e1ximo galard\u00f3n, \u201cMaestro de la Medicina Dominicana\u201d, a tres insignes profesionales por sus extraordinarias trayectorias y aportes a la ciencia y la salud del pa\u00eds. Los doctores Juan Francisco Batlle Pichardo,\u2026","rel":"","context":"En \u00abPORTADA\u00bb","block_context":{"text":"PORTADA","link":"https:\/\/lasprimeras.com.do\/index.php\/category\/portada\/"},"img":{"alt_text":"","src":"https:\/\/i0.wp.com\/lasprimeras.com.do\/wp-content\/uploads\/2025\/08\/CMD-1.jpg?resize=350%2C200&ssl=1","width":350,"height":200,"srcset":"https:\/\/i0.wp.com\/lasprimeras.com.do\/wp-content\/uploads\/2025\/08\/CMD-1.jpg?resize=350%2C200&ssl=1 1x, https:\/\/i0.wp.com\/lasprimeras.com.do\/wp-content\/uploads\/2025\/08\/CMD-1.jpg?resize=525%2C300&ssl=1 1.5x, https:\/\/i0.wp.com\/lasprimeras.com.do\/wp-content\/uploads\/2025\/08\/CMD-1.jpg?resize=700%2C400&ssl=1 2x"},"classes":[]},{"id":118162,"url":"https:\/\/lasprimeras.com.do\/index.php\/2025\/12\/22\/ministro-de-salud-felicita-al-dr-luis-pena-nunez-tras-asumir-la-presidencia-del-cmd\/","url_meta":{"origin":93648,"position":4},"title":"Ministro de Salud felicita al Dr. Luis Pe\u00f1a N\u00fa\u00f1ez tras asumir la presidencia del CMD","author":"Nelson Feliz","date":"22 de diciembre de 2025","format":false,"excerpt":"El ministro de Salud P\u00fablica, doctor V\u00edctor Atallah, extendi\u00f3 sus felicitaciones al doctor Luis Pe\u00f1a N\u00fa\u00f1ez por su reciente elecci\u00f3n y toma de posesi\u00f3n como presidente del Colegio M\u00e9dico Dominicano (CMD), destacando su trayectoria y compromiso con la clase m\u00e9dica nacional. A trav\u00e9s de una misiva oficial, el ministro Atallah\u2026","rel":"","context":"En \u00abSALUD\u00bb","block_context":{"text":"SALUD","link":"https:\/\/lasprimeras.com.do\/index.php\/category\/salud\/"},"img":{"alt_text":"Dr. Luis Pe\u00f1a N\u00fa\u00f1ez","src":"https:\/\/i0.wp.com\/lasprimeras.com.do\/wp-content\/uploads\/2025\/12\/Dr.-Luis-Pena-Nunez.jpg?resize=350%2C200&ssl=1","width":350,"height":200,"srcset":"https:\/\/i0.wp.com\/lasprimeras.com.do\/wp-content\/uploads\/2025\/12\/Dr.-Luis-Pena-Nunez.jpg?resize=350%2C200&ssl=1 1x, https:\/\/i0.wp.com\/lasprimeras.com.do\/wp-content\/uploads\/2025\/12\/Dr.-Luis-Pena-Nunez.jpg?resize=525%2C300&ssl=1 1.5x, https:\/\/i0.wp.com\/lasprimeras.com.do\/wp-content\/uploads\/2025\/12\/Dr.-Luis-Pena-Nunez.jpg?resize=700%2C400&ssl=1 2x"},"classes":[]},{"id":120591,"url":"https:\/\/lasprimeras.com.do\/index.php\/2026\/01\/26\/cmd-preocupado-por-falta-del-aumento-salarial-para-la-mayoria-de-los-medicos-pensionados\/","url_meta":{"origin":93648,"position":5},"title":"CMD preocupado por falta del aumento salarial para la mayor\u00eda de los m\u00e9dicos pensionados","author":"Nelson Feliz","date":"26 de enero de 2026","format":false,"excerpt":"Dr. Luis Pe\u00f1a N\u00fa\u00f1ez","rel":"","context":"En \u00abECONOM\u00cdA\u00bb","block_context":{"text":"ECONOM\u00cdA","link":"https:\/\/lasprimeras.com.do\/index.php\/category\/economia\/"},"img":{"alt_text":"Dr. Luis Pe\u00f1a N\u00fa\u00f1ez","src":"https:\/\/i0.wp.com\/lasprimeras.com.do\/wp-content\/uploads\/2026\/01\/Dr.-Luis-Pena-Nunez.jpg?resize=350%2C200&ssl=1","width":350,"height":200,"srcset":"https:\/\/i0.wp.com\/lasprimeras.com.do\/wp-content\/uploads\/2026\/01\/Dr.-Luis-Pena-Nunez.jpg?resize=350%2C200&ssl=1 1x, https:\/\/i0.wp.com\/lasprimeras.com.do\/wp-content\/uploads\/2026\/01\/Dr.-Luis-Pena-Nunez.jpg?resize=525%2C300&ssl=1 1.5x, https:\/\/i0.wp.com\/lasprimeras.com.do\/wp-content\/uploads\/2026\/01\/Dr.-Luis-Pena-Nunez.jpg?resize=700%2C400&ssl=1 2x"},"classes":[]}],"jetpack_sharing_enabled":true,"_links":{"self":[{"href":"https:\/\/lasprimeras.com.do\/index.php\/wp-json\/wp\/v2\/posts\/93648","targetHints":{"allow":["GET"]}}],"collection":[{"href":"https:\/\/lasprimeras.com.do\/index.php\/wp-json\/wp\/v2\/posts"}],"about":[{"href":"https:\/\/lasprimeras.com.do\/index.php\/wp-json\/wp\/v2\/types\/post"}],"author":[{"embeddable":true,"href":"https:\/\/lasprimeras.com.do\/index.php\/wp-json\/wp\/v2\/users\/2"}],"replies":[{"embeddable":true,"href":"https:\/\/lasprimeras.com.do\/index.php\/wp-json\/wp\/v2\/comments?post=93648"}],"version-history":[{"count":1,"href":"https:\/\/lasprimeras.com.do\/index.php\/wp-json\/wp\/v2\/posts\/93648\/revisions"}],"predecessor-version":[{"id":93650,"href":"https:\/\/lasprimeras.com.do\/index.php\/wp-json\/wp\/v2\/posts\/93648\/revisions\/93650"}],"wp:featuredmedia":[{"embeddable":true,"href":"https:\/\/lasprimeras.com.do\/index.php\/wp-json\/wp\/v2\/media\/93649"}],"wp:attachment":[{"href":"https:\/\/lasprimeras.com.do\/index.php\/wp-json\/wp\/v2\/media?parent=93648"}],"wp:term":[{"taxonomy":"category","embeddable":true,"href":"https:\/\/lasprimeras.com.do\/index.php\/wp-json\/wp\/v2\/categories?post=93648"},{"taxonomy":"post_tag","embeddable":true,"href":"https:\/\/lasprimeras.com.do\/index.php\/wp-json\/wp\/v2\/tags?post=93648"}],"curies":[{"name":"wp","href":"https:\/\/api.w.org\/{rel}","templated":true}]}}