{"id":93652,"date":"2025-02-16T10:03:42","date_gmt":"2025-02-16T14:03:42","guid":{"rendered":"https:\/\/lasprimeras.com.do\/?p=93652"},"modified":"2025-02-16T10:03:44","modified_gmt":"2025-02-16T14:03:44","slug":"inabie-entrega-lentes-correctivos-a-estudiantes-de-santo-domingo-y-santiago","status":"publish","type":"post","link":"https:\/\/lasprimeras.com.do\/index.php\/2025\/02\/16\/inabie-entrega-lentes-correctivos-a-estudiantes-de-santo-domingo-y-santiago\/","title":{"rendered":"INABIE entrega lentes correctivos a estudiantes de Santo Domingo y Santiago"},"content":{"rendered":"\n<p>El Instituto Nacional de Bienestar Estudiantil (Inabie) entreg\u00f3 gratuitamente 516 lentes correctivos durante enero de 2025, a igual numeros de estudiantes, con el objetivo de potenciar el aprovechamiento del proceso de ense\u00f1anza-aprendizaje y reducir la vulnerabilidad educativa.<\/p>\n\n\n\n<p>Los lentes fueron proporcionados tras evaluaciones realizadas por el equipo de opt\u00f3metras y oftalm\u00f3logos del Inabie, en la sede del instituto, en el Distrito Educativo 08-06 de Santiago de los Caballeros y en diversas escuelas del sector de Herrera, Santo Domingo Oeste.<\/p>\n\n\n\n<p>Los lentes correctivos, ya sean de uso permanente o para actividades espec\u00edficas como estudiar o leer, est\u00e1n elaborados con materiales de alta calidad.<\/p>\n\n\n\n<p>Gracias a ellos, los estudiantes pueden corregir sus problemas visuales, lo que impacta positivamente en su rendimiento acad\u00e9mico. Adem\u00e1s, en los casos necesarios, tambi\u00e9n se les proporciona tratamiento con gotas oft\u00e1lmicas.<\/p>\n","protected":false},"excerpt":{"rendered":"<p>El Instituto Nacional de Bienestar Estudiantil (Inabie) entreg\u00f3 gratuitamente 516 lentes correctivos durante enero de 2025, a igual numeros de estudiantes, con el objetivo de potenciar el aprovechamiento del proceso&hellip;<\/p>\n","protected":false},"author":2,"featured_media":74852,"comment_status":"open","ping_status":"open","sticky":false,"template":"","format":"standard","meta":{"content-type":"","jetpack_post_was_ever_published":false,"_jetpack_newsletter_access":"","_jetpack_dont_email_post_to_subs":false,"_jetpack_newsletter_tier_id":0,"_jetpack_memberships_contains_paywalled_content":false,"_jetpack_memberships_contains_paid_content":false,"footnotes":""},"categories":[35],"tags":[524,9338,17382,1049,806],"class_list":["post-93652","post","type-post","status-publish","format-standard","has-post-thumbnail","hentry","category-nacionales","tag-estudiantes","tag-inabie","tag-lentes-correctivos","tag-santiago","tag-santo-domingo"],"jetpack_featured_media_url":"https:\/\/lasprimeras.com.do\/wp-content\/uploads\/2024\/01\/INABIE-2024.jpg","jetpack-related-posts":[{"id":124983,"url":"https:\/\/lasprimeras.com.do\/index.php\/2026\/03\/18\/inabie-entrega-124-lentes-a-estudiantes-en-puerto-plata\/","url_meta":{"origin":93652,"position":0},"title":"INABIE entrega 124 lentes a estudiantes en Puerto Plata","author":"Nelson Feliz","date":"18 de marzo de 2026","format":false,"excerpt":"Adem\u00e1s, benefici\u00f3 a los alumnos con 2,496 medicamentos esenciales y 395 kits de higiene bucal, como parte de las acciones de salud integral de su equipo m\u00e9dico. El Instituto Nacional de Bienestar Estudiantil (INABIE) realiz\u00f3 la entrega de 124 lentes correctivos a estudiantes del Distrito Educativo 11-02, como parte de\u2026","rel":"","context":"En \u00abSALUD\u00bb","block_context":{"text":"SALUD","link":"https:\/\/lasprimeras.com.do\/index.php\/category\/salud\/"},"img":{"alt_text":"","src":"https:\/\/i0.wp.com\/lasprimeras.com.do\/wp-content\/uploads\/2026\/03\/INABIE-entrega-124-lentes-correctivos-a-estudiantes-del-Distrito-Educativo-11-02-de-Puerto-Plata.jpg?resize=350%2C200&ssl=1","width":350,"height":200,"srcset":"https:\/\/i0.wp.com\/lasprimeras.com.do\/wp-content\/uploads\/2026\/03\/INABIE-entrega-124-lentes-correctivos-a-estudiantes-del-Distrito-Educativo-11-02-de-Puerto-Plata.jpg?resize=350%2C200&ssl=1 1x, https:\/\/i0.wp.com\/lasprimeras.com.do\/wp-content\/uploads\/2026\/03\/INABIE-entrega-124-lentes-correctivos-a-estudiantes-del-Distrito-Educativo-11-02-de-Puerto-Plata.jpg?resize=525%2C300&ssl=1 1.5x, https:\/\/i0.wp.com\/lasprimeras.com.do\/wp-content\/uploads\/2026\/03\/INABIE-entrega-124-lentes-correctivos-a-estudiantes-del-Distrito-Educativo-11-02-de-Puerto-Plata.jpg?resize=700%2C400&ssl=1 2x"},"classes":[]},{"id":81562,"url":"https:\/\/lasprimeras.com.do\/index.php\/2024\/04\/22\/inabie-informa-ha-beneficiado-a-mas-de-38900-estudiantes-con-servicios-gratuitos-de-salud-integral\/","url_meta":{"origin":93652,"position":1},"title":"INABIE informa ha beneficiado a m\u00e1s de 38,900 estudiantes con servicios gratuitos de salud integral","author":"BIMARY DE JES\u00daS Matos","date":"22 de abril de 2024","format":false,"excerpt":"SANTO DOMINGO.- Durante el primer trimestre de este a\u00f1o, el Instituto Nacional de Bienestar Estudiantil (INABIE) benefici\u00f3 a un total de 38,932 estudiantes de las escuelas p\u00fablicas a nivel nacional, a trav\u00e9s de los servicios gratuitos de salud integral que se brindan a los escolares en las jornadas de salud,\u2026","rel":"","context":"En \u00abPORTADA\u00bb","block_context":{"text":"PORTADA","link":"https:\/\/lasprimeras.com.do\/index.php\/category\/portada\/"},"img":{"alt_text":"","src":"https:\/\/i0.wp.com\/lasprimeras.com.do\/wp-content\/uploads\/2024\/04\/6a0c8a05-4f4b-48f5-a1d9-1ad180753c4a-11.webp?resize=350%2C200&ssl=1","width":350,"height":200,"srcset":"https:\/\/i0.wp.com\/lasprimeras.com.do\/wp-content\/uploads\/2024\/04\/6a0c8a05-4f4b-48f5-a1d9-1ad180753c4a-11.webp?resize=350%2C200&ssl=1 1x, https:\/\/i0.wp.com\/lasprimeras.com.do\/wp-content\/uploads\/2024\/04\/6a0c8a05-4f4b-48f5-a1d9-1ad180753c4a-11.webp?resize=525%2C300&ssl=1 1.5x, https:\/\/i0.wp.com\/lasprimeras.com.do\/wp-content\/uploads\/2024\/04\/6a0c8a05-4f4b-48f5-a1d9-1ad180753c4a-11.webp?resize=700%2C400&ssl=1 2x, https:\/\/i0.wp.com\/lasprimeras.com.do\/wp-content\/uploads\/2024\/04\/6a0c8a05-4f4b-48f5-a1d9-1ad180753c4a-11.webp?resize=1050%2C600&ssl=1 3x, https:\/\/i0.wp.com\/lasprimeras.com.do\/wp-content\/uploads\/2024\/04\/6a0c8a05-4f4b-48f5-a1d9-1ad180753c4a-11.webp?resize=1400%2C800&ssl=1 4x"},"classes":[]},{"id":109036,"url":"https:\/\/lasprimeras.com.do\/index.php\/2025\/09\/12\/inabie-atiende-a-600-estudiantes-de-30-escuelas-de-jarabacoa-entrega-lentes-y-medicamentos-gratuitos\/","url_meta":{"origin":93652,"position":2},"title":"INABIE atiende a 600 estudiantes de 30 escuelas de Jarabacoa, entrega lentes y medicamentos gratuitos","author":"Nelson Feliz","date":"12 de septiembre de 2025","format":false,"excerpt":"Esa actividad, con la cual se ilumina el camino del conocimiento a alumnos, fue supervisada por el director ejecutivo de esa instituci\u00f3n, Adolfo P\u00e9rez. El Instituto Nacional de Bienestar Estudiantil (INABIE) atendi\u00f3 a 600 estudiantes de 30 escuelas de este municipio y los beneficios con la entrega de forma gratuita\u2026","rel":"","context":"En \u00abSALUD\u00bb","block_context":{"text":"SALUD","link":"https:\/\/lasprimeras.com.do\/index.php\/category\/salud\/"},"img":{"alt_text":"","src":"https:\/\/i0.wp.com\/lasprimeras.com.do\/wp-content\/uploads\/2025\/09\/INABIE-7.jpg?resize=350%2C200&ssl=1","width":350,"height":200,"srcset":"https:\/\/i0.wp.com\/lasprimeras.com.do\/wp-content\/uploads\/2025\/09\/INABIE-7.jpg?resize=350%2C200&ssl=1 1x, https:\/\/i0.wp.com\/lasprimeras.com.do\/wp-content\/uploads\/2025\/09\/INABIE-7.jpg?resize=525%2C300&ssl=1 1.5x, https:\/\/i0.wp.com\/lasprimeras.com.do\/wp-content\/uploads\/2025\/09\/INABIE-7.jpg?resize=700%2C400&ssl=1 2x"},"classes":[]},{"id":102515,"url":"https:\/\/lasprimeras.com.do\/index.php\/2025\/07\/06\/inabie-lleva-servicios-de-salud-a-sdn-en-jornada-del-gobierno-en-las-provincias\/","url_meta":{"origin":93652,"position":3},"title":"INABIE lleva servicios de salud a SDN en jornada del Gobierno en las Provincias","author":"Nelson Feliz","date":"6 de julio de 2025","format":false,"excerpt":"En continuidad con el programa \u201cEl Gobierno en las Provincias\u201d, que se desarrolla desde la Presidencia de la Rep\u00fablica como pol\u00edtica de cercan\u00eda y acci\u00f3n directa con la ciudadan\u00eda, el Instituto Nacional de Bienestar Estudiantil (INABIE) realiz\u00f3 una jornada de salud integral dirigida a ni\u00f1os en edad escolar del municipio\u2026","rel":"","context":"En \u00abPORTADA\u00bb","block_context":{"text":"PORTADA","link":"https:\/\/lasprimeras.com.do\/index.php\/category\/portada\/"},"img":{"alt_text":"","src":"https:\/\/i0.wp.com\/lasprimeras.com.do\/wp-content\/uploads\/2025\/07\/FOTO-2.jpg?resize=350%2C200&ssl=1","width":350,"height":200,"srcset":"https:\/\/i0.wp.com\/lasprimeras.com.do\/wp-content\/uploads\/2025\/07\/FOTO-2.jpg?resize=350%2C200&ssl=1 1x, https:\/\/i0.wp.com\/lasprimeras.com.do\/wp-content\/uploads\/2025\/07\/FOTO-2.jpg?resize=525%2C300&ssl=1 1.5x, https:\/\/i0.wp.com\/lasprimeras.com.do\/wp-content\/uploads\/2025\/07\/FOTO-2.jpg?resize=700%2C400&ssl=1 2x"},"classes":[]},{"id":74466,"url":"https:\/\/lasprimeras.com.do\/index.php\/2024\/01\/23\/mas-de-1-8-millones-de-estudiantes-recibieron-atenciones-de-salud\/","url_meta":{"origin":93652,"position":4},"title":"M\u00e1s de 1.8 millones de estudiantes recibieron atenciones de salud","author":"BIMARY DE JES\u00daS Matos","date":"23 de enero de 2024","format":false,"excerpt":"Santo Domingo.-El Instituto Nacional de Bienestar Estudiantil (INABIE) inform\u00f3 que durante el a\u00f1o 2023 benefici\u00f3 a m\u00e1s de 1.8 millones de estudiantes a trav\u00e9s de los servicios gratuitos de salud integral para disminuir la deserci\u00f3n escolar y garantizar que estos est\u00e9n en \u00f3ptimas condiciones para el aprendizaje en sus aulas,\u2026","rel":"","context":"En \u00abNACIONALES\u00bb","block_context":{"text":"NACIONALES","link":"https:\/\/lasprimeras.com.do\/index.php\/category\/nacionales\/"},"img":{"alt_text":"","src":"https:\/\/i0.wp.com\/lasprimeras.com.do\/wp-content\/uploads\/2024\/01\/WhatsApp-Image-2024-01-22-at-11.36.03-AM-1.webp?resize=350%2C200&ssl=1","width":350,"height":200,"srcset":"https:\/\/i0.wp.com\/lasprimeras.com.do\/wp-content\/uploads\/2024\/01\/WhatsApp-Image-2024-01-22-at-11.36.03-AM-1.webp?resize=350%2C200&ssl=1 1x, https:\/\/i0.wp.com\/lasprimeras.com.do\/wp-content\/uploads\/2024\/01\/WhatsApp-Image-2024-01-22-at-11.36.03-AM-1.webp?resize=525%2C300&ssl=1 1.5x"},"classes":[]},{"id":82736,"url":"https:\/\/lasprimeras.com.do\/index.php\/2024\/05\/07\/inabie-insta-a-entregar-kits-educativos\/","url_meta":{"origin":93652,"position":5},"title":"Inabie insta a entregar kits educativos","author":"BIMARY DE JES\u00daS Matos","date":"7 de mayo de 2024","format":false,"excerpt":"SANTO DOMINGO.. Indumentarias. Luego de que se iniciara la distribuci\u00f3n de m\u00e1s de 1.8 millones de kits escolares, el Instituto Nacional de Bienestar Estudiantil (Inabie) reiter\u00f3 que los directores de las escuelas p\u00fablicas deben suministrar esas indumentarias completas, tal y como las provee la instituci\u00f3n, de modo que los estudiantes\u2026","rel":"","context":"En \u00abNACIONALES\u00bb","block_context":{"text":"NACIONALES","link":"https:\/\/lasprimeras.com.do\/index.php\/category\/nacionales\/"},"img":{"alt_text":"","src":"https:\/\/i0.wp.com\/lasprimeras.com.do\/wp-content\/uploads\/2024\/05\/6a0c8a05-4f4b-48f5-a1d9-1ad180753c4a-6.webp?resize=350%2C200&ssl=1","width":350,"height":200,"srcset":"https:\/\/i0.wp.com\/lasprimeras.com.do\/wp-content\/uploads\/2024\/05\/6a0c8a05-4f4b-48f5-a1d9-1ad180753c4a-6.webp?resize=350%2C200&ssl=1 1x, https:\/\/i0.wp.com\/lasprimeras.com.do\/wp-content\/uploads\/2024\/05\/6a0c8a05-4f4b-48f5-a1d9-1ad180753c4a-6.webp?resize=525%2C300&ssl=1 1.5x"},"classes":[]}],"jetpack_sharing_enabled":true,"_links":{"self":[{"href":"https:\/\/lasprimeras.com.do\/index.php\/wp-json\/wp\/v2\/posts\/93652","targetHints":{"allow":["GET"]}}],"collection":[{"href":"https:\/\/lasprimeras.com.do\/index.php\/wp-json\/wp\/v2\/posts"}],"about":[{"href":"https:\/\/lasprimeras.com.do\/index.php\/wp-json\/wp\/v2\/types\/post"}],"author":[{"embeddable":true,"href":"https:\/\/lasprimeras.com.do\/index.php\/wp-json\/wp\/v2\/users\/2"}],"replies":[{"embeddable":true,"href":"https:\/\/lasprimeras.com.do\/index.php\/wp-json\/wp\/v2\/comments?post=93652"}],"version-history":[{"count":1,"href":"https:\/\/lasprimeras.com.do\/index.php\/wp-json\/wp\/v2\/posts\/93652\/revisions"}],"predecessor-version":[{"id":93653,"href":"https:\/\/lasprimeras.com.do\/index.php\/wp-json\/wp\/v2\/posts\/93652\/revisions\/93653"}],"wp:featuredmedia":[{"embeddable":true,"href":"https:\/\/lasprimeras.com.do\/index.php\/wp-json\/wp\/v2\/media\/74852"}],"wp:attachment":[{"href":"https:\/\/lasprimeras.com.do\/index.php\/wp-json\/wp\/v2\/media?parent=93652"}],"wp:term":[{"taxonomy":"category","embeddable":true,"href":"https:\/\/lasprimeras.com.do\/index.php\/wp-json\/wp\/v2\/categories?post=93652"},{"taxonomy":"post_tag","embeddable":true,"href":"https:\/\/lasprimeras.com.do\/index.php\/wp-json\/wp\/v2\/tags?post=93652"}],"curies":[{"name":"wp","href":"https:\/\/api.w.org\/{rel}","templated":true}]}}