{"id":93663,"date":"2025-02-16T19:48:16","date_gmt":"2025-02-16T23:48:16","guid":{"rendered":"https:\/\/lasprimeras.com.do\/?p=93663"},"modified":"2025-02-16T19:48:17","modified_gmt":"2025-02-16T23:48:17","slug":"raquel-pena-entrega-ocho-obras-en-santiago-rodriguez-y-dajabon","status":"publish","type":"post","link":"https:\/\/lasprimeras.com.do\/index.php\/2025\/02\/16\/raquel-pena-entrega-ocho-obras-en-santiago-rodriguez-y-dajabon\/","title":{"rendered":"Raquel Pe\u00f1a entrega ocho obras en Santiago Rodr\u00edguez y Dajab\u00f3n"},"content":{"rendered":"\n<p><strong>\u201cCada inauguraci\u00f3n es una victoria para el pa\u00eds, y un paso hacia el desarrollo integral\u201d.<\/strong><\/p>\n\n\n\n<p>La vicepresidenta de la Rep\u00fablica, Raquel Pe\u00f1a, entreg\u00f3 este domingo ocho obras que impactar\u00e1n la calidad de vida de la poblaci\u00f3n de las provincias Santiago Rodr\u00edguez y Dajab\u00f3n.<\/p>\n\n\n\n<p>Se trata de las carretera Martin Garc\u00eda- La Bre\u00f1a \/ San Jos\u00e9, el remozamiento del Centro de Primer Nivel (CPN) El Pino, la ampliaci\u00f3n de la emergencia del Hospital Municipal Ram\u00f3n Adriano Villalona, la apertura del destacamento policial de Los Miches, la inauguraci\u00f3n del campo de b\u00e9isbol Manuel Bueno y la readercuaci\u00f3n de los multiusos de Loma de Cabrera y de Partido.<\/p>\n\n\n\n<p>Para la vicemandataria estas infraestructuras e intervenciones permiten que las comunidades puedan seguir avanzando construyendo realidades m\u00e1s pr\u00f3speras.<\/p>\n\n\n\n<p>\u201cCada inauguraci\u00f3n es una victoria para nuestro pa\u00eds, y un paso firme hacia una mejor Rep\u00fablica Dominicana\u201d, subray\u00f3.<\/p>\n\n\n\n<p>Pe\u00f1a dej\u00f3 en funcionamiento el remozamiento del CPN El Pino y la ampliaci\u00f3n de la emergencia del Hospital Municipal Ram\u00f3n Adriano Villalona, en la provincia Dajab\u00f3n, con una inversi\u00f3n de RD$ 33,929,232.00.<\/p>\n\n\n\n<p>Asegur\u00f3 que la inauguraci\u00f3n de la ampliaci\u00f3n de la emergencia del Ram\u00f3n Adriano Villalona, marcar\u00e1 la diferencia, ya que las familias de Dajab\u00f3n podr\u00e1n recibir atenci\u00f3n m\u00e9dica oportuna, sin necesidad de recorrer largas distancias en busca de auxilio.<\/p>\n\n\n\n<p>La vicepresidenta, indic\u00f3 que para seguir fortaleciendo un sistema de salud, cercano y digno, el Gobierno entrega el Centro de Primer Nivel El Pino respondiendo a que la atenci\u00f3n primaria es la base de un sistema de salud efectivo y accesible.<\/p>\n\n\n\n<p>En materia de recreaci\u00f3n, Raquel Pe\u00f1a inaugur\u00f3 los remozados multiusos de los municipios Loma de Cabrera y Partido, tambi\u00e9n en Dajab\u00f3n.<\/p>\n\n\n\n<p>Pe\u00f1a record\u00f3 que este tipo de espacios no solo son infraestructuras renovadas; sino que ahora pasan a ser un punto de encuentro en las condiciones que las comunidades merecen, y un s\u00edmbolo de crecimiento y de oportunidades para todos.<\/p>\n\n\n\n<p>En adici\u00f3n, Raquel Pe\u00f1a dej\u00f3 inaugurado el campo de b\u00e9isbol Manuel Bueno, en El Pino, lo que supuso una inversi\u00f3n de RD$ 33,397,518.97.<\/p>\n\n\n\n<p>La agenda de la vicepresidenta tambi\u00e9n incluy\u00f3 la entrega de la transformaci\u00f3n del destacamento policial Los Miches.<\/p>\n\n\n\n<p>Raquel Pe\u00f1a y el presidente de la Comisi\u00f3n Presidencial de Apoyo al Desarrollo Provincial, Angel De la Cruz, hicieron el corte protocolar de la infraestructura que abarca un \u00e1rea de construcci\u00f3n de 171.45 m2.<\/p>\n\n\n\n<p>La vicemandataria se\u00f1al\u00f3 que cuando se garantizan entornos seguros, se fomenta el desarrollo integral de cada familia dominicana.<\/p>\n\n\n\n<p>\u201cHoy, con la inauguraci\u00f3n de este destacamento de la Polic\u00eda Nacional en Los Miches, damos un paso firme en esa direcci\u00f3n\u201d, precis\u00f3 Pe\u00f1a.<\/p>\n\n\n\n<p>Adem\u00e1s de en Dajab\u00f3n, la vicepresidenta Raquel Pe\u00f1a estuvo tambi\u00e9n en la provincia Santiago Rodr\u00edguez, desde donde entreg\u00f3 los tramos de la carretera Martin Garc\u00eda hacia La Bre\u00f1a y con destino a San Jos\u00e9.<\/p>\n\n\n\n<p>La funcionaria asegur\u00f3 que con la inauguraci\u00f3n del Camino Carretera Mart\u00edn Garc\u00eda-La Bre\u00f1a \/ San Jos\u00e9, se garantiza una conexi\u00f3n m\u00e1s eficiente y segura para los productores, comerciantes y familias que transitan diariamente por esta zona y convirtiendo la obra en una v\u00eda a las oportunidades, y a la esperanza para quienes han esperado por a\u00f1os esta mejora en su infraestructura vial.<\/p>\n","protected":false},"excerpt":{"rendered":"<p>\u201cCada inauguraci\u00f3n es una victoria para el pa\u00eds, y un paso hacia el desarrollo integral\u201d. La vicepresidenta de la Rep\u00fablica, Raquel Pe\u00f1a, entreg\u00f3 este domingo ocho obras que impactar\u00e1n la&hellip;<\/p>\n","protected":false},"author":2,"featured_media":93664,"comment_status":"open","ping_status":"open","sticky":false,"template":"","format":"standard","meta":{"content-type":"","jetpack_post_was_ever_published":false,"_jetpack_newsletter_access":"","_jetpack_dont_email_post_to_subs":false,"_jetpack_newsletter_tier_id":0,"_jetpack_memberships_contains_paywalled_content":false,"_jetpack_memberships_contains_paid_content":false,"footnotes":""},"categories":[39,25],"tags":[1814,374,2873,7208],"class_list":["post-93663","post","type-post","status-publish","format-standard","has-post-thumbnail","hentry","category-economia","category-portada","tag-dajabon","tag-obras","tag-raquel-pena","tag-santiago-rodriguez"],"jetpack_featured_media_url":"https:\/\/lasprimeras.com.do\/wp-content\/uploads\/2025\/02\/Raquel-Pena-4.jpg","jetpack-related-posts":[{"id":126220,"url":"https:\/\/lasprimeras.com.do\/index.php\/2026\/03\/30\/raquel-pena-encabeza-inauguracion-de-techado-en-el-politecnico-prof-plinio-rafael-martinez\/","url_meta":{"origin":93663,"position":0},"title":"Raquel Pe\u00f1a encabeza inauguraci\u00f3n de techado en el Polit\u00e9cnico Prof. Plinio Rafael Mart\u00ednez","author":"Nelson Feliz","date":"30 de marzo de 2026","format":false,"excerpt":"La obra fortalece el acceso a espacios adecuados para el deporte y la formaci\u00f3n de estudiantes en Santiago Oeste. La vicepresidenta de la Rep\u00fablica, Raquel Pe\u00f1a, encabez\u00f3 la inauguraci\u00f3n del techado y el remozamiento de la cancha deportiva del Polit\u00e9cnico Prof. Plinio Rafael Mart\u00ednez, en el sector La Alegr\u00eda, en\u2026","rel":"","context":"En \u00abNACIONALES\u00bb","block_context":{"text":"NACIONALES","link":"https:\/\/lasprimeras.com.do\/index.php\/category\/nacionales\/"},"img":{"alt_text":"Raquel Pe\u00f1a","src":"https:\/\/i0.wp.com\/lasprimeras.com.do\/wp-content\/uploads\/2026\/03\/Raquel-Pena-1-3.jpg?resize=350%2C200&ssl=1","width":350,"height":200,"srcset":"https:\/\/i0.wp.com\/lasprimeras.com.do\/wp-content\/uploads\/2026\/03\/Raquel-Pena-1-3.jpg?resize=350%2C200&ssl=1 1x, https:\/\/i0.wp.com\/lasprimeras.com.do\/wp-content\/uploads\/2026\/03\/Raquel-Pena-1-3.jpg?resize=525%2C300&ssl=1 1.5x, https:\/\/i0.wp.com\/lasprimeras.com.do\/wp-content\/uploads\/2026\/03\/Raquel-Pena-1-3.jpg?resize=700%2C400&ssl=1 2x"},"classes":[]},{"id":114542,"url":"https:\/\/lasprimeras.com.do\/index.php\/2025\/11\/15\/raquel-pena-inaugura-centro-del-programa-oportunidad-14-24-y-entrega-obras-en-santiago-y-bonao\/","url_meta":{"origin":93663,"position":1},"title":"Raquel Pe\u00f1a inaugura centro del \u00abPrograma Oportunidad 14-24\u00bb y entrega obras en Santiago y Bonao","author":"Nelson Feliz","date":"15 de noviembre de 2025","format":false,"excerpt":"La vicepresidenta de la Rep\u00fablica, Raquel Pe\u00f1a, encabez\u00f3 este s\u00e1bado una jornada de trabajo que incluy\u00f3 la apertura del nuevo centro del Programa Oportunidad 14-24 en el sector Cienfuegos, en Santiago; la entrega del t\u00f3tem urban\u00edstico e Informativo de Santiago Oeste; y la inauguraci\u00f3n del remozado hospital municipal de Piedra\u2026","rel":"","context":"En \u00abNACIONALES\u00bb","block_context":{"text":"NACIONALES","link":"https:\/\/lasprimeras.com.do\/index.php\/category\/nacionales\/"},"img":{"alt_text":"","src":"https:\/\/i0.wp.com\/lasprimeras.com.do\/wp-content\/uploads\/2025\/11\/Raquel-Pena-1.jpg?resize=350%2C200&ssl=1","width":350,"height":200,"srcset":"https:\/\/i0.wp.com\/lasprimeras.com.do\/wp-content\/uploads\/2025\/11\/Raquel-Pena-1.jpg?resize=350%2C200&ssl=1 1x, https:\/\/i0.wp.com\/lasprimeras.com.do\/wp-content\/uploads\/2025\/11\/Raquel-Pena-1.jpg?resize=525%2C300&ssl=1 1.5x, https:\/\/i0.wp.com\/lasprimeras.com.do\/wp-content\/uploads\/2025\/11\/Raquel-Pena-1.jpg?resize=700%2C400&ssl=1 2x"},"classes":[]},{"id":89292,"url":"https:\/\/lasprimeras.com.do\/index.php\/2024\/09\/21\/raquel-pena-en-entrega-de-obras-en-el-noroeste\/","url_meta":{"origin":93663,"position":2},"title":"Raquel Pe\u00f1a en entrega de obras en el noroeste","author":"Nelson Feliz","date":"21 de septiembre de 2024","format":false,"excerpt":"Unas 50 eco-viviendas y tres infraestructuras deportivas y recreativas fueron parte de las obras entregadas por la vicepresidenta Raquel Pe\u00f1a durante su agenda de este s\u00e1bado en Santiago Rodr\u00edguez y Montecristi. La jornada de la vicemandataria tambi\u00e9n incluy\u00f3 la supervisi\u00f3n de los trabajos de construcci\u00f3n de la extensi\u00f3n de la\u2026","rel":"","context":"En \u00abNACIONALES\u00bb","block_context":{"text":"NACIONALES","link":"https:\/\/lasprimeras.com.do\/index.php\/category\/nacionales\/"},"img":{"alt_text":"Raquel Pe\u00f1a","src":"https:\/\/i0.wp.com\/lasprimeras.com.do\/wp-content\/uploads\/2024\/09\/Raquel-Pena-2.jpg?resize=350%2C200&ssl=1","width":350,"height":200,"srcset":"https:\/\/i0.wp.com\/lasprimeras.com.do\/wp-content\/uploads\/2024\/09\/Raquel-Pena-2.jpg?resize=350%2C200&ssl=1 1x, https:\/\/i0.wp.com\/lasprimeras.com.do\/wp-content\/uploads\/2024\/09\/Raquel-Pena-2.jpg?resize=525%2C300&ssl=1 1.5x, https:\/\/i0.wp.com\/lasprimeras.com.do\/wp-content\/uploads\/2024\/09\/Raquel-Pena-2.jpg?resize=700%2C400&ssl=1 2x"},"classes":[]},{"id":51807,"url":"https:\/\/lasprimeras.com.do\/index.php\/2023\/06\/03\/vicepresidenta-entrega-obras-electricas-construidas-por-edenorte-dos-cuarteles-y-una-parroquia\/","url_meta":{"origin":93663,"position":3},"title":"Vicepresidenta entrega obras el\u00e9ctricas construidas por Edenorte; dos cuarteles y una parroquia","author":"prenxa100","date":"3 de junio de 2023","format":false,"excerpt":"Por Wilson P\u00e9rez La vicepresidenta Raquel Pe\u00f1a entreg\u00f3 un proyecto de rehabilitaci\u00f3n de redes e iluminaci\u00f3n el\u00e9ctricas construida por Edenorte en beneficio de 23,675 familias de las provincias Valverde y Santiago Rodr\u00edguez. Las obras, tres en total, son el proyecto de rehabilitaci\u00f3n de redes e iluminaci\u00f3n Casiano G\u00f3mez e Independencia\u2026","rel":"","context":"En \u00abECONOM\u00cdA\u00bb","block_context":{"text":"ECONOM\u00cdA","link":"https:\/\/lasprimeras.com.do\/index.php\/category\/economia\/"},"img":{"alt_text":"","src":"","width":0,"height":0},"classes":[]},{"id":94557,"url":"https:\/\/lasprimeras.com.do\/index.php\/2025\/03\/02\/raquel-pena-afirma-garantizar-el-acceso-al-agua-y-la-educacion-es-fundamental-para-el-desarrollo-del-pais\/","url_meta":{"origin":93663,"position":4},"title":"Raquel Pe\u00f1a afirma garantizar el acceso al agua y la educaci\u00f3n es fundamental para el desarrollo del pa\u00eds","author":"Nelson Feliz","date":"2 de marzo de 2025","format":false,"excerpt":"La vicepresidenta de la Rep\u00fablica Dominicana, Raquel Pe\u00f1a, entreg\u00f3 el proyecto de rehabilitaci\u00f3n del canal Monsieur Bogaert y la ampliaci\u00f3n del Centro Educativo Don Berto Abreu en la provincia Santiago. Las obras incidir\u00e1n directamente en las familias que residen en La Herradura, Hato del Yaque, Barrio Lindo, La Canela y\u2026","rel":"","context":"En \u00abNACIONALES\u00bb","block_context":{"text":"NACIONALES","link":"https:\/\/lasprimeras.com.do\/index.php\/category\/nacionales\/"},"img":{"alt_text":"Raquel Pe\u00f1a","src":"https:\/\/i0.wp.com\/lasprimeras.com.do\/wp-content\/uploads\/2025\/03\/Raquel-Pena-1.jpg?resize=350%2C200&ssl=1","width":350,"height":200,"srcset":"https:\/\/i0.wp.com\/lasprimeras.com.do\/wp-content\/uploads\/2025\/03\/Raquel-Pena-1.jpg?resize=350%2C200&ssl=1 1x, https:\/\/i0.wp.com\/lasprimeras.com.do\/wp-content\/uploads\/2025\/03\/Raquel-Pena-1.jpg?resize=525%2C300&ssl=1 1.5x, https:\/\/i0.wp.com\/lasprimeras.com.do\/wp-content\/uploads\/2025\/03\/Raquel-Pena-1.jpg?resize=700%2C400&ssl=1 2x"},"classes":[]},{"id":116663,"url":"https:\/\/lasprimeras.com.do\/index.php\/2025\/12\/03\/vicepresidenta-raquel-pena-y-leonardo-aguilera-inauguran-villa-navidad-en-santiago\/","url_meta":{"origin":93663,"position":5},"title":"Vicepresidenta Raquel Pe\u00f1a y Leonardo Aguilera inauguran Villa Navidad en Santiago","author":"Nelson Feliz","date":"3 de diciembre de 2025","format":false,"excerpt":"Banreservas respalda iniciativa del presidente Luis Abinader para contribuir a integraci\u00f3n familiar. La celebraci\u00f3n del esp\u00edritu navide\u00f1o lleg\u00f3 a esta ciudad con la inauguraci\u00f3n de la tradicional Villa Navidad 2025, en un acto encabezado por la vicepresidenta Raquel Pe\u00f1a, junto al presidente ejecutivo de Banreservas, doctor Leonardo Aguilera; y el\u2026","rel":"","context":"En \u00abECONOM\u00cdA\u00bb","block_context":{"text":"ECONOM\u00cdA","link":"https:\/\/lasprimeras.com.do\/index.php\/category\/economia\/"},"img":{"alt_text":"","src":"https:\/\/i0.wp.com\/lasprimeras.com.do\/wp-content\/uploads\/2025\/12\/princ.jpg?resize=350%2C200&ssl=1","width":350,"height":200,"srcset":"https:\/\/i0.wp.com\/lasprimeras.com.do\/wp-content\/uploads\/2025\/12\/princ.jpg?resize=350%2C200&ssl=1 1x, https:\/\/i0.wp.com\/lasprimeras.com.do\/wp-content\/uploads\/2025\/12\/princ.jpg?resize=525%2C300&ssl=1 1.5x, https:\/\/i0.wp.com\/lasprimeras.com.do\/wp-content\/uploads\/2025\/12\/princ.jpg?resize=700%2C400&ssl=1 2x"},"classes":[]}],"jetpack_sharing_enabled":true,"_links":{"self":[{"href":"https:\/\/lasprimeras.com.do\/index.php\/wp-json\/wp\/v2\/posts\/93663","targetHints":{"allow":["GET"]}}],"collection":[{"href":"https:\/\/lasprimeras.com.do\/index.php\/wp-json\/wp\/v2\/posts"}],"about":[{"href":"https:\/\/lasprimeras.com.do\/index.php\/wp-json\/wp\/v2\/types\/post"}],"author":[{"embeddable":true,"href":"https:\/\/lasprimeras.com.do\/index.php\/wp-json\/wp\/v2\/users\/2"}],"replies":[{"embeddable":true,"href":"https:\/\/lasprimeras.com.do\/index.php\/wp-json\/wp\/v2\/comments?post=93663"}],"version-history":[{"count":1,"href":"https:\/\/lasprimeras.com.do\/index.php\/wp-json\/wp\/v2\/posts\/93663\/revisions"}],"predecessor-version":[{"id":93665,"href":"https:\/\/lasprimeras.com.do\/index.php\/wp-json\/wp\/v2\/posts\/93663\/revisions\/93665"}],"wp:featuredmedia":[{"embeddable":true,"href":"https:\/\/lasprimeras.com.do\/index.php\/wp-json\/wp\/v2\/media\/93664"}],"wp:attachment":[{"href":"https:\/\/lasprimeras.com.do\/index.php\/wp-json\/wp\/v2\/media?parent=93663"}],"wp:term":[{"taxonomy":"category","embeddable":true,"href":"https:\/\/lasprimeras.com.do\/index.php\/wp-json\/wp\/v2\/categories?post=93663"},{"taxonomy":"post_tag","embeddable":true,"href":"https:\/\/lasprimeras.com.do\/index.php\/wp-json\/wp\/v2\/tags?post=93663"}],"curies":[{"name":"wp","href":"https:\/\/api.w.org\/{rel}","templated":true}]}}