{"id":93666,"date":"2025-02-16T21:15:43","date_gmt":"2025-02-17T01:15:43","guid":{"rendered":"https:\/\/lasprimeras.com.do\/?p=93666"},"modified":"2025-02-16T21:15:43","modified_gmt":"2025-02-17T01:15:43","slug":"abinader-inaugura-tramo-ii-de-la-avenida-la-ecologica","status":"publish","type":"post","link":"https:\/\/lasprimeras.com.do\/index.php\/2025\/02\/16\/abinader-inaugura-tramo-ii-de-la-avenida-la-ecologica\/","title":{"rendered":"Abinader inaugura tramo II de la Avenida La Ecol\u00f3gica"},"content":{"rendered":"\n<p>El presidente Luis Abinader inaugur\u00f3 este domingo el tramo II de la Avenida La Ecol\u00f3gica, la obra n\u00famero 587 entregada por el Ministerio de Obras P\u00fablicas de un total de 755 planificadas.<\/p>\n\n\n\n<p>La obra, ejecutada por el Gobierno a trav\u00e9s del Ministerio de Obras P\u00fablicas y el Fideicomiso RD Vial, representa una infraestructura clave para mejorar la movilidad y fortalecer la conexi\u00f3n entre la Ciudad Juan Bosch y el Puerto Caucedo.<\/p>\n\n\n\n<p>Con una extensi\u00f3n de 10.5 kil\u00f3metros y dos carriles, esta v\u00eda, construida por la empresa RIZEK, complementa la Circunvalaci\u00f3n de Santo Domingo, fortaleciendo el corredor vial que inicia en Haina, San Crist\u00f3bal, y concluye en Caucedo, lo que permitir\u00e1 un tr\u00e1nsito m\u00e1s \u00e1gil y seguro en el Gran Santo Domingo.<\/p>\n\n\n\n<p>En el acto, el ministro de Obras P\u00fablicas, Deligne Ascensi\u00f3n, dijo que, la extensi\u00f3n de la Avenida La Ecol\u00f3gica, desde el punto de vista de la estrategia de desarrollo, es una de las v\u00edas m\u00e1s importantes del pa\u00eds.<\/p>\n\n\n\n<p>El funcionario agreg\u00f3 que, estos 6.3 kil\u00f3metros se suman a los ya construidos desde la ciudad Juan Bosch hasta interconectar con la Autov\u00eda de Saman\u00e1 con el distribuidor, completando as\u00ed cerca de 10 kil\u00f3metros que se han hecho de extensi\u00f3n de esta v\u00eda en el gobierno que encabeza el presidente Abinader.<\/p>\n\n\n\n<p>Indic\u00f3 que esta extensi\u00f3n representa el eslab\u00f3n que le faltaba a la Circunvalaci\u00f3n de Santo Domingo porque a trav\u00e9s de ella habr\u00e1 una continuidad de dicha v\u00eda y comunicando los puertos multimodal Caucedo con el de Haina, las regiones Sur, Norte y Este; as\u00ed como, los aeropuertos de las Am\u00e9ricas o Jos\u00e9 Francisco pe\u00f1a G\u00f3mez y el Joaqu\u00edn Balaguer del Hig\u00fcero.<\/p>\n\n\n\n<p>&#8220;Esto tiene una estrategia fundamental para el desarrollo, no solamente del municipio de Santo Domingo Este, sino de toda la Rep\u00fablica Dominicana&#8221;.<\/p>\n\n\n\n<p>&#8220;Repito aqu\u00ed presidente que estamos en estos \u00faltimos d\u00edas al frente del Ministerio, en el que le agradecemos infinitamente la responsabilidad que usted nos encomend\u00f3, dej\u00e1ndolo con 587 obras entregadas de 755 planificadas&#8221;, manifest\u00f3.<\/p>\n\n\n\n<p>Y agreg\u00f3: &#8220;Presidente usted ha cumplido con el municipio de Santo Domingo Este. Aqu\u00ed se han aplicado 413 kil\u00f3metros de asfalto en las distintas calles de los distintos barrios, barrios que hab\u00edan perdido la esperanza de que se le proporcionara y se le diera la dignidad de vivir.<\/p>\n\n\n\n<p>La inversi\u00f3n que ha hecho su gobierno a trav\u00e9s del Ministerio de Obras P\u00fablicas en este municipio supera los RD$12 mil millones de pesos, a este municipio, su gobierno lo ha transformado. Hoy la fisonom\u00eda urbana de Santo Domingo Este, el potencial de desarrollo del mismo es totalmente distinto a c\u00f3mo lo encontramos&#8221;.<\/p>\n","protected":false},"excerpt":{"rendered":"<p>El presidente Luis Abinader inaugur\u00f3 este domingo el tramo II de la Avenida La Ecol\u00f3gica, la obra n\u00famero 587 entregada por el Ministerio de Obras P\u00fablicas de un total de&hellip;<\/p>\n","protected":false},"author":2,"featured_media":93667,"comment_status":"open","ping_status":"open","sticky":false,"template":"","format":"standard","meta":{"content-type":"","jetpack_post_was_ever_published":false,"_jetpack_newsletter_access":"","_jetpack_dont_email_post_to_subs":false,"_jetpack_newsletter_tier_id":0,"_jetpack_memberships_contains_paywalled_content":false,"_jetpack_memberships_contains_paid_content":false,"footnotes":""},"categories":[35,25],"tags":[17386,177,67,1569,8358],"class_list":["post-93666","post","type-post","status-publish","format-standard","has-post-thumbnail","hentry","category-nacionales","category-portada","tag-avenida-la-ecologica","tag-ciudad-juan-bosch","tag-luis-abinader","tag-obras-publicas","tag-puerto-caucedo"],"jetpack_featured_media_url":"https:\/\/lasprimeras.com.do\/wp-content\/uploads\/2025\/02\/Luis-Abinader-11.jpg","jetpack-related-posts":[{"id":118031,"url":"https:\/\/lasprimeras.com.do\/index.php\/2025\/12\/19\/presidente-abinader-inaugura-fase-final-de-la-avenida-ecologica\/","url_meta":{"origin":93666,"position":0},"title":"Presidente Abinader inaugura fase final de la avenida Ecol\u00f3gica","author":"Nelson Feliz","date":"19 de diciembre de 2025","format":false,"excerpt":"Asegura que seguir\u00e1 construyendo un pa\u00eds con mejor infraestructura, porque una mejor infraestructura se traduce en m\u00e1s calidad de vida y mayor competitividad. El presidente Luis Abinader inaugur\u00f3 este viernes la fase final de la avenida Ecol\u00f3gica, una infraestructura estrat\u00e9gica que, afirm\u00f3, representa competitividad para el pa\u00eds, al mejorar la\u2026","rel":"","context":"En \u00abNACIONALES\u00bb","block_context":{"text":"NACIONALES","link":"https:\/\/lasprimeras.com.do\/index.php\/category\/nacionales\/"},"img":{"alt_text":"","src":"https:\/\/i0.wp.com\/lasprimeras.com.do\/wp-content\/uploads\/2025\/12\/Luis-Abin.jpg?resize=350%2C200&ssl=1","width":350,"height":200,"srcset":"https:\/\/i0.wp.com\/lasprimeras.com.do\/wp-content\/uploads\/2025\/12\/Luis-Abin.jpg?resize=350%2C200&ssl=1 1x, https:\/\/i0.wp.com\/lasprimeras.com.do\/wp-content\/uploads\/2025\/12\/Luis-Abin.jpg?resize=525%2C300&ssl=1 1.5x, https:\/\/i0.wp.com\/lasprimeras.com.do\/wp-content\/uploads\/2025\/12\/Luis-Abin.jpg?resize=700%2C400&ssl=1 2x"},"classes":[]},{"id":103219,"url":"https:\/\/lasprimeras.com.do\/index.php\/2025\/07\/13\/abinader-supervisa-obra-en-sde-y-entrega-72-apartamentos-en-boca-chica\/","url_meta":{"origin":93666,"position":1},"title":"Abinader supervisa obra en SDE y entrega 72 apartamentos en Boca Chica","author":"Nelson Feliz","date":"13 de julio de 2025","format":false,"excerpt":"El presidente Luis Abinader supervis\u00f3 este domingo los avances de la tercera etapa de la avenida Ecol\u00f3gica, una obra vial que busca mejorar la conectividad y el flujo vehicular en la zona oriental del Gran Santo Domingo. La obra, ejecutada por el Gobierno a trav\u00e9s del Ministerio de Obras P\u00fablicas\u2026","rel":"","context":"En \u00abNACIONALES\u00bb","block_context":{"text":"NACIONALES","link":"https:\/\/lasprimeras.com.do\/index.php\/category\/nacionales\/"},"img":{"alt_text":"","src":"https:\/\/i0.wp.com\/lasprimeras.com.do\/wp-content\/uploads\/2025\/07\/Abinader-BC.jpg?resize=350%2C200&ssl=1","width":350,"height":200,"srcset":"https:\/\/i0.wp.com\/lasprimeras.com.do\/wp-content\/uploads\/2025\/07\/Abinader-BC.jpg?resize=350%2C200&ssl=1 1x, https:\/\/i0.wp.com\/lasprimeras.com.do\/wp-content\/uploads\/2025\/07\/Abinader-BC.jpg?resize=525%2C300&ssl=1 1.5x, https:\/\/i0.wp.com\/lasprimeras.com.do\/wp-content\/uploads\/2025\/07\/Abinader-BC.jpg?resize=700%2C400&ssl=1 2x"},"classes":[]},{"id":71852,"url":"https:\/\/lasprimeras.com.do\/index.php\/2023\/12\/23\/presidente-abinader-inaugura-en-sde-avenida-freddy-beras-goico\/","url_meta":{"origin":93666,"position":2},"title":"Presidente Abinader inaugura en SDE avenida Freddy Beras Goico","author":"BIMARY DE JES\u00daS Matos","date":"23 de diciembre de 2023","format":false,"excerpt":"SANTO DOMINGO.- El presidente Luis Abinader junto al ministro Obras P\u00fablicas Deligne Ascenci\u00f3n dej\u00f3 inaugurada y este s\u00e1bado la avenida Freddy Beras Goico , antigua H\u00edpica, en el municipio Santo Domingo Este, la cual fue ampliada y reacondicionada por el Gobierno con inversi\u00f3n de RD$700 millones de pesos. Ascenci\u00f3n inform\u00f3\u2026","rel":"","context":"En \u00abPORTADA\u00bb","block_context":{"text":"PORTADA","link":"https:\/\/lasprimeras.com.do\/index.php\/category\/portada\/"},"img":{"alt_text":"","src":"https:\/\/i0.wp.com\/lasprimeras.com.do\/wp-content\/uploads\/2023\/12\/Faride-Raful-confirma-no-sera-la-candidata-a-senadora-del-PRM-en-el-Distrito-Nacional-5-3.jpg?resize=350%2C200&ssl=1","width":350,"height":200,"srcset":"https:\/\/i0.wp.com\/lasprimeras.com.do\/wp-content\/uploads\/2023\/12\/Faride-Raful-confirma-no-sera-la-candidata-a-senadora-del-PRM-en-el-Distrito-Nacional-5-3.jpg?resize=350%2C200&ssl=1 1x, https:\/\/i0.wp.com\/lasprimeras.com.do\/wp-content\/uploads\/2023\/12\/Faride-Raful-confirma-no-sera-la-candidata-a-senadora-del-PRM-en-el-Distrito-Nacional-5-3.jpg?resize=525%2C300&ssl=1 1.5x, https:\/\/i0.wp.com\/lasprimeras.com.do\/wp-content\/uploads\/2023\/12\/Faride-Raful-confirma-no-sera-la-candidata-a-senadora-del-PRM-en-el-Distrito-Nacional-5-3.jpg?resize=700%2C400&ssl=1 2x, https:\/\/i0.wp.com\/lasprimeras.com.do\/wp-content\/uploads\/2023\/12\/Faride-Raful-confirma-no-sera-la-candidata-a-senadora-del-PRM-en-el-Distrito-Nacional-5-3.jpg?resize=1050%2C600&ssl=1 3x, https:\/\/i0.wp.com\/lasprimeras.com.do\/wp-content\/uploads\/2023\/12\/Faride-Raful-confirma-no-sera-la-candidata-a-senadora-del-PRM-en-el-Distrito-Nacional-5-3.jpg?resize=1400%2C800&ssl=1 4x"},"classes":[]},{"id":111423,"url":"https:\/\/lasprimeras.com.do\/index.php\/2025\/10\/08\/abinader-inaugura-paso-a-desnivel-27-de-febrero-isabel-aguiar-entre-santo-domingo-oeste\/","url_meta":{"origin":93666,"position":3},"title":"Abinader inaugura paso a desnivel 27 de Febrero\u2013Isabel Aguiar entre Santo Domingo Oeste","author":"Nelson Feliz","date":"8 de octubre de 2025","format":false,"excerpt":"Mandatario destaca que esta obra forma parte de un plan integral, el cual abarca la construcci\u00f3n de la terminal de Santo Domingo Oeste. El presidente Luis Abinader dej\u00f3 inaugurado este mi\u00e9rcoles el paso a desnivel de la prolongaci\u00f3n 27 de Febrero con avenida Isabel Aguiar, una obra esperada por d\u00e9cadas\u2026","rel":"","context":"En \u00abNACIONALES\u00bb","block_context":{"text":"NACIONALES","link":"https:\/\/lasprimeras.com.do\/index.php\/category\/nacionales\/"},"img":{"alt_text":"","src":"https:\/\/i0.wp.com\/lasprimeras.com.do\/wp-content\/uploads\/2025\/10\/paso-a-desnivel.jpg?resize=350%2C200&ssl=1","width":350,"height":200,"srcset":"https:\/\/i0.wp.com\/lasprimeras.com.do\/wp-content\/uploads\/2025\/10\/paso-a-desnivel.jpg?resize=350%2C200&ssl=1 1x, https:\/\/i0.wp.com\/lasprimeras.com.do\/wp-content\/uploads\/2025\/10\/paso-a-desnivel.jpg?resize=525%2C300&ssl=1 1.5x, https:\/\/i0.wp.com\/lasprimeras.com.do\/wp-content\/uploads\/2025\/10\/paso-a-desnivel.jpg?resize=700%2C400&ssl=1 2x"},"classes":[]},{"id":121954,"url":"https:\/\/lasprimeras.com.do\/index.php\/2026\/02\/11\/abinader-inaugurara-el-anfiteatro-la-gaviota-en-la-ciudad-juan-bosch\/","url_meta":{"origin":93666,"position":4},"title":"Abinader inaugurar\u00e1 el Anfiteatro La Gaviota en la Ciudad Juan Bosch","author":"Nelson Feliz","date":"11 de febrero de 2026","format":false,"excerpt":"El presidente de la Rep\u00fablica, Luis Abinader, inaugurar\u00e1 ma\u00f1ana jueves el Anfiteatro La Gaviota, en Ciudad Juan Bosch, una moderna infraestructura cultural construida con una inversi\u00f3n de RD$407,086,571.91, y que forma parte de un amplio conjunto de obras ejecutadas y en desarrollo en esta ciudad modelo, con una inversi\u00f3n global\u2026","rel":"","context":"En \u00abNACIONALES\u00bb","block_context":{"text":"NACIONALES","link":"https:\/\/lasprimeras.com.do\/index.php\/category\/nacionales\/"},"img":{"alt_text":"","src":"https:\/\/i0.wp.com\/lasprimeras.com.do\/wp-content\/uploads\/2025\/12\/Luis-Abinader.jpg?resize=350%2C200&ssl=1","width":350,"height":200,"srcset":"https:\/\/i0.wp.com\/lasprimeras.com.do\/wp-content\/uploads\/2025\/12\/Luis-Abinader.jpg?resize=350%2C200&ssl=1 1x, https:\/\/i0.wp.com\/lasprimeras.com.do\/wp-content\/uploads\/2025\/12\/Luis-Abinader.jpg?resize=525%2C300&ssl=1 1.5x, https:\/\/i0.wp.com\/lasprimeras.com.do\/wp-content\/uploads\/2025\/12\/Luis-Abinader.jpg?resize=700%2C400&ssl=1 2x"},"classes":[]},{"id":108317,"url":"https:\/\/lasprimeras.com.do\/index.php\/2025\/09\/04\/provincia-santo-domingo-se-llevo-el-pastel-mas-grande-en-descentralizacion-de-la-inversion-publica\/","url_meta":{"origin":93666,"position":5},"title":"Provincia Santo Domingo se llev\u00f3 el pastel m\u00e1s grande en descentralizaci\u00f3n de la inversi\u00f3n p\u00fablica","author":"Nelson Feliz","date":"4 de septiembre de 2025","format":false,"excerpt":"Correspondiente con su peso econ\u00f3mico, poblacional y electoral, la provincia de Santo Domingo se llev\u00f3 la mayor cantidad de obras principales durante los 5 a\u00f1os de gobierno del presidente Luis Abinader, con un total de 315 obras de alto impacto terminadas y en desarrollo. La primera es la L\u00ednea 2C\u2026","rel":"","context":"En \u00abECONOM\u00cdA\u00bb","block_context":{"text":"ECONOM\u00cdA","link":"https:\/\/lasprimeras.com.do\/index.php\/category\/economia\/"},"img":{"alt_text":"","src":"https:\/\/i0.wp.com\/lasprimeras.com.do\/wp-content\/uploads\/2025\/09\/obras-1.jpg?resize=350%2C200&ssl=1","width":350,"height":200,"srcset":"https:\/\/i0.wp.com\/lasprimeras.com.do\/wp-content\/uploads\/2025\/09\/obras-1.jpg?resize=350%2C200&ssl=1 1x, https:\/\/i0.wp.com\/lasprimeras.com.do\/wp-content\/uploads\/2025\/09\/obras-1.jpg?resize=525%2C300&ssl=1 1.5x, https:\/\/i0.wp.com\/lasprimeras.com.do\/wp-content\/uploads\/2025\/09\/obras-1.jpg?resize=700%2C400&ssl=1 2x"},"classes":[]}],"jetpack_sharing_enabled":true,"_links":{"self":[{"href":"https:\/\/lasprimeras.com.do\/index.php\/wp-json\/wp\/v2\/posts\/93666","targetHints":{"allow":["GET"]}}],"collection":[{"href":"https:\/\/lasprimeras.com.do\/index.php\/wp-json\/wp\/v2\/posts"}],"about":[{"href":"https:\/\/lasprimeras.com.do\/index.php\/wp-json\/wp\/v2\/types\/post"}],"author":[{"embeddable":true,"href":"https:\/\/lasprimeras.com.do\/index.php\/wp-json\/wp\/v2\/users\/2"}],"replies":[{"embeddable":true,"href":"https:\/\/lasprimeras.com.do\/index.php\/wp-json\/wp\/v2\/comments?post=93666"}],"version-history":[{"count":1,"href":"https:\/\/lasprimeras.com.do\/index.php\/wp-json\/wp\/v2\/posts\/93666\/revisions"}],"predecessor-version":[{"id":93668,"href":"https:\/\/lasprimeras.com.do\/index.php\/wp-json\/wp\/v2\/posts\/93666\/revisions\/93668"}],"wp:featuredmedia":[{"embeddable":true,"href":"https:\/\/lasprimeras.com.do\/index.php\/wp-json\/wp\/v2\/media\/93667"}],"wp:attachment":[{"href":"https:\/\/lasprimeras.com.do\/index.php\/wp-json\/wp\/v2\/media?parent=93666"}],"wp:term":[{"taxonomy":"category","embeddable":true,"href":"https:\/\/lasprimeras.com.do\/index.php\/wp-json\/wp\/v2\/categories?post=93666"},{"taxonomy":"post_tag","embeddable":true,"href":"https:\/\/lasprimeras.com.do\/index.php\/wp-json\/wp\/v2\/tags?post=93666"}],"curies":[{"name":"wp","href":"https:\/\/api.w.org\/{rel}","templated":true}]}}