{"id":93675,"date":"2025-02-18T23:17:26","date_gmt":"2025-02-19T03:17:26","guid":{"rendered":"https:\/\/lasprimeras.com.do\/?p=93675"},"modified":"2025-02-18T23:17:27","modified_gmt":"2025-02-19T03:17:27","slug":"hallan-cadaver-de-un-adolescente-reportado-desaparecido-en-el-rio-lebron","status":"publish","type":"post","link":"https:\/\/lasprimeras.com.do\/index.php\/2025\/02\/18\/hallan-cadaver-de-un-adolescente-reportado-desaparecido-en-el-rio-lebron\/","title":{"rendered":"Hallan cad\u00e1ver de un adolescente reportado desaparecido en el r\u00edo Lebr\u00f3n"},"content":{"rendered":"\n<p><strong>El fallecido fue identificado como Wilmer Rafael Paulino, de 14 a\u00f1os<\/strong><\/p>\n\n\n\n<p>Braylin Paredes<\/p>\n\n\n\n<p>El cuerpo de un adolescente, quien hab\u00eda sido reportado como desaparecido desde hace tres d\u00edas, fue encontrado la tarde de este martes en el r\u00edo Lebr\u00f3n, en el municipio Pedro Brand, provincia Santo Domingo.<\/p>\n\n\n\n<p>El fallecido fue identificado como Wilmer Rafael Paulino, de 14 a\u00f1os, visto por \u00faltima vez el pasado domingo 16 de febrero.<\/p>\n\n\n\n<p>El cuerpo del adolescente fue hallado amarrado en las proximidades del residencial Pablo Mella III, del referido municipio, por un pescador.<\/p>\n\n\n\n<p>&#8220;Un pescador fue quien encontr\u00f3 el cuerpo del adolescente en estado de descomposici\u00f3n; al parecer, ten\u00eda varios d\u00edas en el agua&#8221;, explic\u00f3 Orlando Lima, encargado de la Defensa Civil de Los Alcarrizos.<\/p>\n\n\n\n<p>Lima indic\u00f3 que estaba en la b\u00fasqueda del paradero de Rafael Paulino desde el mismo domingo.<\/p>\n\n\n\n<p>&#8220;Desde hace d\u00edas est\u00e1bamos buscando al adolescente junto con su familia y amigos&#8221;, se\u00f1al\u00f3.<\/p>\n\n\n\n<p>El cad\u00e1ver fue levantado por el m\u00e9dico legista Pedro Mej\u00eda Pujols, quien certific\u00f3 que correspond\u00eda a Wilmer.<\/p>\n\n\n\n<p>Los restos fueron trasladados al Instituto Nacional de Ciencias Forenses (Inacif) ubicado en el cementerio Cristo Redentor.<\/p>\n\n\n\n<p>Al lugar acudieron miembros del Sistema Nacional de Atenci\u00f3n a Emergencias 9-1-1, de la Polic\u00eda Nacional y la Defensa Civil, entre otras autoridades.<\/p>\n\n\n\n<p><strong>Familiares<\/strong><\/p>\n\n\n\n<p>Jonatan Pineda Paulino, primo de Wilmer Rafael Paulino, fue quien reconoci\u00f3 el cuerpo de su pariente.<\/p>\n\n\n\n<p>&#8220;S\u00ed, ese es \u00e9l&#8221;. Con estas pocas palabras y visiblemente afectado, Pineda Paulino respondi\u00f3 a las autoridades.<\/p>\n\n\n\n<p>Fuente Diario Libre<\/p>\n","protected":false},"excerpt":{"rendered":"<p>El fallecido fue identificado como Wilmer Rafael Paulino, de 14 a\u00f1os Braylin Paredes El cuerpo de un adolescente, quien hab\u00eda sido reportado como desaparecido desde hace tres d\u00edas, fue encontrado&hellip;<\/p>\n","protected":false},"author":2,"featured_media":93676,"comment_status":"open","ping_status":"open","sticky":false,"template":"","format":"standard","meta":{"content-type":"","jetpack_post_was_ever_published":false,"_jetpack_newsletter_access":"","_jetpack_dont_email_post_to_subs":false,"_jetpack_newsletter_tier_id":0,"_jetpack_memberships_contains_paywalled_content":false,"_jetpack_memberships_contains_paid_content":false,"footnotes":""},"categories":[35],"tags":[2974,240,4253,17389,17388],"class_list":["post-93675","post","type-post","status-publish","format-standard","has-post-thumbnail","hentry","category-nacionales","tag-adolescente","tag-cadaver","tag-desaparecido","tag-rio-lebron","tag-wilmer-rafael-paulino"],"jetpack_featured_media_url":"https:\/\/lasprimeras.com.do\/wp-content\/uploads\/2025\/02\/inacif.jpg","jetpack-related-posts":[{"id":66753,"url":"https:\/\/lasprimeras.com.do\/index.php\/2023\/11\/09\/encuentran-el-cadaver-de-isauly-martinez-una-de-las-victimas-de-la-crecida-del-rio-fula-en-bonao\/","url_meta":{"origin":93675,"position":0},"title":"Encuentran el cad\u00e1ver de Isauly Mart\u00ednez, una de las v\u00edctimas de la crecida del r\u00edo Fula en Bonao","author":"Nelson Feliz","date":"9 de noviembre de 2023","format":false,"excerpt":"El cuerpo de la joven de 29 a\u00f1os fue encontrado en la presa Rinc\u00f3n, provincia La Vega. La ma\u00f1ana de este jueves fue encontrado el cuerpo sin vida de Isauly Mart\u00ednez, una de las v\u00edctimas de la crecida del r\u00edo Fula en el municipio Bonao, provincia Monse\u00f1or Nouel. Despu\u00e9s de\u2026","rel":"","context":"En \u00abNACIONALES\u00bb","block_context":{"text":"NACIONALES","link":"https:\/\/lasprimeras.com.do\/index.php\/category\/nacionales\/"},"img":{"alt_text":"El cuerpo de Isauly Mart\u00ednez, quinta v\u00edctima de la crecida del r\u00edo Fula, fue encontrado en la presa Rinc\u00f3n, provincia La Vega","src":"https:\/\/i0.wp.com\/lasprimeras.com.do\/wp-content\/uploads\/2023\/11\/El-cuerpo-de-Isauly-Martinez-quinta-victima-de-la-crecida-del-rio-Fula.jpg?resize=350%2C200&ssl=1","width":350,"height":200,"srcset":"https:\/\/i0.wp.com\/lasprimeras.com.do\/wp-content\/uploads\/2023\/11\/El-cuerpo-de-Isauly-Martinez-quinta-victima-de-la-crecida-del-rio-Fula.jpg?resize=350%2C200&ssl=1 1x, https:\/\/i0.wp.com\/lasprimeras.com.do\/wp-content\/uploads\/2023\/11\/El-cuerpo-de-Isauly-Martinez-quinta-victima-de-la-crecida-del-rio-Fula.jpg?resize=525%2C300&ssl=1 1.5x, https:\/\/i0.wp.com\/lasprimeras.com.do\/wp-content\/uploads\/2023\/11\/El-cuerpo-de-Isauly-Martinez-quinta-victima-de-la-crecida-del-rio-Fula.jpg?resize=700%2C400&ssl=1 2x"},"classes":[]},{"id":48559,"url":"https:\/\/lasprimeras.com.do\/index.php\/2023\/05\/02\/encuentran-siete-cuerpos-durante-la-busqueda-de-adolescentes-desaparecidos-en-oklahoma\/","url_meta":{"origin":93675,"position":1},"title":"Encuentran siete cuerpos durante la b\u00fasqueda de adolescentes desaparecidos en Oklahoma","author":"prenxa100","date":"2 de mayo de 2023","format":false,"excerpt":"Las autoridades descubrieron los cuerpos de siete personas el lunes mientras buscaban en una propiedad rural de Oklahoma a dos adolescentes desaparecidos. Oklahoma, AP.-.Las autoridades descubrieron los cuerpos de siete personas el lunes mientras buscaban en una propiedad rural de Oklahoma a dos adolescentes desaparecidos, confirmaron investigadores estatales. Los cuerpos\u2026","rel":"","context":"En \u00abSin categor\u00eda\u00bb","block_context":{"text":"Sin categor\u00eda","link":"https:\/\/lasprimeras.com.do\/index.php\/category\/sin-categoria\/"},"img":{"alt_text":"","src":"","width":0,"height":0},"classes":[]},{"id":58504,"url":"https:\/\/lasprimeras.com.do\/index.php\/2023\/08\/24\/encuentran-cadaver-de-adolescente-que-se-banaba-en-el-rio-nigua-durante-tormenta-franklin\/","url_meta":{"origin":93675,"position":2},"title":"Encuentran cad\u00e1ver de adolescente que se ba\u00f1aba en el r\u00edo Nigua durante tormenta Franklin","author":"Nelson Feliz","date":"24 de agosto de 2023","format":false,"excerpt":"La ma\u00f1ana de este jueves fue encontrado el cad\u00e1ver de Raimer Victoriano Ruiz, de 15 a\u00f1os, quien se lanz\u00f3 ayer al r\u00edo Nigua con fines recreativos, junto a cinco de sus amigos, mientras sobre el pa\u00eds se encontraba el centro de la tormenta Franklin. El cuerpo del menor fue encontrado\u2026","rel":"","context":"En \u00abNACIONALES\u00bb","block_context":{"text":"NACIONALES","link":"https:\/\/lasprimeras.com.do\/index.php\/category\/nacionales\/"},"img":{"alt_text":"","src":"https:\/\/i0.wp.com\/lasprimeras.com.do\/wp-content\/uploads\/2023\/08\/defensa-civil.jpg?resize=350%2C200&ssl=1","width":350,"height":200},"classes":[]},{"id":94457,"url":"https:\/\/lasprimeras.com.do\/index.php\/2025\/03\/01\/cadaver-de-joven-reportado-desaparecido-en-santo-domingo-norte-presenta-signos-de-violencia\/","url_meta":{"origin":93675,"position":3},"title":"Cad\u00e1ver de joven reportado desaparecido en Santo Domingo Norte presenta signos de violencia","author":"Nelson Feliz","date":"1 de marzo de 2025","format":false,"excerpt":"El cuerpo de la v\u00edctima apareci\u00f3 amarrado en el r\u00edo Ozama detr\u00e1s del sector La Nueva Barquita. Braylin Paredes El joven Luis Miguel Garc\u00eda Hern\u00e1ndez, de 29 a\u00f1os, quien hab\u00eda sido reportado como desaparecido, fue encontrado la tarde de este viernes en el r\u00edo Ozama con evidentes signos de violencia.\u2026","rel":"","context":"En \u00abNACIONALES\u00bb","block_context":{"text":"NACIONALES","link":"https:\/\/lasprimeras.com.do\/index.php\/category\/nacionales\/"},"img":{"alt_text":"Luis Miguel Garc\u00eda Hern\u00e1ndez","src":"https:\/\/i0.wp.com\/lasprimeras.com.do\/wp-content\/uploads\/2025\/03\/Luis-Miguel-Garcia-Hernandez.jpg?resize=350%2C200&ssl=1","width":350,"height":200,"srcset":"https:\/\/i0.wp.com\/lasprimeras.com.do\/wp-content\/uploads\/2025\/03\/Luis-Miguel-Garcia-Hernandez.jpg?resize=350%2C200&ssl=1 1x, https:\/\/i0.wp.com\/lasprimeras.com.do\/wp-content\/uploads\/2025\/03\/Luis-Miguel-Garcia-Hernandez.jpg?resize=525%2C300&ssl=1 1.5x, https:\/\/i0.wp.com\/lasprimeras.com.do\/wp-content\/uploads\/2025\/03\/Luis-Miguel-Garcia-Hernandez.jpg?resize=700%2C400&ssl=1 2x"},"classes":[]},{"id":54068,"url":"https:\/\/lasprimeras.com.do\/index.php\/2023\/07\/06\/adolescente-reportado-como-desaparesido-en-2015-solo-fue-por-1-dia-dice-la-policia\/","url_meta":{"origin":93675,"position":4},"title":"Adolescente reportado como desaparesido en 2015 solo fue por 1 d\u00eda, dice la polic\u00eda","author":"Nelson Feliz","date":"6 de julio de 2023","format":false,"excerpt":"POR JUAN A. LOZANO HOUSTON (AP) \u2014 El caso de un hombre de Texas que fue reportado como adolescente desaparecido en 2015 y encontrado vivo la semana pasada en una iglesia dio un giro inesperado el jueves cuando la polic\u00eda revel\u00f3 que todo era un enga\u00f1o: el hombre solo se\u2026","rel":"","context":"En \u00abSin categor\u00eda\u00bb","block_context":{"text":"Sin categor\u00eda","link":"https:\/\/lasprimeras.com.do\/index.php\/category\/sin-categoria\/"},"img":{"alt_text":"","src":"https:\/\/i0.wp.com\/lasprimeras.com.do\/wp-content\/uploads\/2023\/07\/Policia-Texas.jpg?resize=350%2C200&ssl=1","width":350,"height":200,"srcset":"https:\/\/i0.wp.com\/lasprimeras.com.do\/wp-content\/uploads\/2023\/07\/Policia-Texas.jpg?resize=350%2C200&ssl=1 1x, https:\/\/i0.wp.com\/lasprimeras.com.do\/wp-content\/uploads\/2023\/07\/Policia-Texas.jpg?resize=525%2C300&ssl=1 1.5x, https:\/\/i0.wp.com\/lasprimeras.com.do\/wp-content\/uploads\/2023\/07\/Policia-Texas.jpg?resize=700%2C400&ssl=1 2x"},"classes":[]},{"id":109384,"url":"https:\/\/lasprimeras.com.do\/index.php\/2025\/09\/17\/hallan-cadaver-de-anciano-dentro-de-una-cisterna-en-santiago\/","url_meta":{"origin":93675,"position":5},"title":"Hallan cad\u00e1ver de anciano dentro de una cisterna en Santiago","author":"Nelson Feliz","date":"17 de septiembre de 2025","format":false,"excerpt":"La v\u00edctima fue identificada como Pedro Mercedes y ten\u00eda 73 a\u00f1os- Fue encontrado sin vida el cuerpo de un anciano dentro de la cisterna de la vivienda que cuidaba en el sector Bella Vista, en Santiago de los Caballeros. El se\u00f1or estaba reportado como desaparecido. La v\u00edctima fue identificada como\u2026","rel":"","context":"En \u00abNACIONALES\u00bb","block_context":{"text":"NACIONALES","link":"https:\/\/lasprimeras.com.do\/index.php\/category\/nacionales\/"},"img":{"alt_text":"","src":"https:\/\/i0.wp.com\/lasprimeras.com.do\/wp-content\/uploads\/2025\/09\/cisterna-6ae6480d-focus-0-0-896-504.jpg?resize=350%2C200&ssl=1","width":350,"height":200,"srcset":"https:\/\/i0.wp.com\/lasprimeras.com.do\/wp-content\/uploads\/2025\/09\/cisterna-6ae6480d-focus-0-0-896-504.jpg?resize=350%2C200&ssl=1 1x, https:\/\/i0.wp.com\/lasprimeras.com.do\/wp-content\/uploads\/2025\/09\/cisterna-6ae6480d-focus-0-0-896-504.jpg?resize=525%2C300&ssl=1 1.5x, https:\/\/i0.wp.com\/lasprimeras.com.do\/wp-content\/uploads\/2025\/09\/cisterna-6ae6480d-focus-0-0-896-504.jpg?resize=700%2C400&ssl=1 2x"},"classes":[]}],"jetpack_sharing_enabled":true,"_links":{"self":[{"href":"https:\/\/lasprimeras.com.do\/index.php\/wp-json\/wp\/v2\/posts\/93675","targetHints":{"allow":["GET"]}}],"collection":[{"href":"https:\/\/lasprimeras.com.do\/index.php\/wp-json\/wp\/v2\/posts"}],"about":[{"href":"https:\/\/lasprimeras.com.do\/index.php\/wp-json\/wp\/v2\/types\/post"}],"author":[{"embeddable":true,"href":"https:\/\/lasprimeras.com.do\/index.php\/wp-json\/wp\/v2\/users\/2"}],"replies":[{"embeddable":true,"href":"https:\/\/lasprimeras.com.do\/index.php\/wp-json\/wp\/v2\/comments?post=93675"}],"version-history":[{"count":1,"href":"https:\/\/lasprimeras.com.do\/index.php\/wp-json\/wp\/v2\/posts\/93675\/revisions"}],"predecessor-version":[{"id":93677,"href":"https:\/\/lasprimeras.com.do\/index.php\/wp-json\/wp\/v2\/posts\/93675\/revisions\/93677"}],"wp:featuredmedia":[{"embeddable":true,"href":"https:\/\/lasprimeras.com.do\/index.php\/wp-json\/wp\/v2\/media\/93676"}],"wp:attachment":[{"href":"https:\/\/lasprimeras.com.do\/index.php\/wp-json\/wp\/v2\/media?parent=93675"}],"wp:term":[{"taxonomy":"category","embeddable":true,"href":"https:\/\/lasprimeras.com.do\/index.php\/wp-json\/wp\/v2\/categories?post=93675"},{"taxonomy":"post_tag","embeddable":true,"href":"https:\/\/lasprimeras.com.do\/index.php\/wp-json\/wp\/v2\/tags?post=93675"}],"curies":[{"name":"wp","href":"https:\/\/api.w.org\/{rel}","templated":true}]}}