{"id":93678,"date":"2025-02-18T23:20:58","date_gmt":"2025-02-19T03:20:58","guid":{"rendered":"https:\/\/lasprimeras.com.do\/?p=93678"},"modified":"2025-02-18T23:20:58","modified_gmt":"2025-02-19T03:20:58","slug":"presidente-abinader-regresa-al-pais-tras-participar-en-conferencia-en-guyana","status":"publish","type":"post","link":"https:\/\/lasprimeras.com.do\/index.php\/2025\/02\/18\/presidente-abinader-regresa-al-pais-tras-participar-en-conferencia-en-guyana\/","title":{"rendered":"Presidente Abinader regresa al pa\u00eds tras participar en conferencia en Guyana"},"content":{"rendered":"\n<p><strong>El mandatario arrib\u00f3 a la Base A\u00e9rea de San Isidro a las 8:40 de la noche de este martes.<\/strong><\/p>\n\n\n\n<p>El presidente Luis Abinader arrib\u00f3 la noche de este martes al pa\u00eds por la Base A\u00e9rea de San Isidro, tras haber participado en la &#8220;International Energy Conference and Expo&#8221; celebrada en la Rep\u00fablica Cooperativa de Guyana.<\/p>\n\n\n\n<p>El mandatario arrib\u00f3 a la terminal a\u00e9rea a las 8:40 de la noche y fue recibido por el ministro de Defensa, teniente general Carlos Fern\u00e1ndez Onofre; el comandante general de la Fuerza A\u00e9rea de Rep\u00fablica Dominicana, mayor general piloto Floreal T. Su\u00e1rez Mart\u00ednez, y los comandantes de la Guardia Presidencial, general de brigada Guillermo Caro Cruz, y del Regimiento de la Guardia de Honor, coronel Luis R. Herrera Almonte.<\/p>\n\n\n\n<p>Seg\u00fan un comunicado de Presidencia, el gobernante continu\u00f3 en ese viaje implementando las pol\u00edticas que impulsan el desarrollo del sector energ\u00e9tico, las inversiones y progreso de la naci\u00f3n.<\/p>\n\n\n\n<p>Durante su estad\u00eda en Guyana, el jefe de Estado dominicano, al dirigir una alocuci\u00f3n en la Conferencia de Energ\u00eda y Expo sobre la Cadena de Suministro, present\u00f3 los avances experimentados en los memorandos de entendimiento que firm\u00f3 el Gobierno dominicano con la Rep\u00fablica Cooperativa de Guyana durante la visita de su hom\u00f3logo al pa\u00eds, Mohamed Irfaan Ali, en agosto de 2023.<\/p>\n\n\n\n<p>Al participar en esta conferencia, el presidente Abinader tambi\u00e9n estuvo junto a l\u00edderes de la regi\u00f3n y representantes del sector energ\u00e9tico, abordando temas claves sobre el desarrollo sostenible, las oportunidades de inversi\u00f3n y la cooperaci\u00f3n bilateral en materia de energ\u00eda.<\/p>\n\n\n\n<p>&#8220;Su presencia en la conferencia reafirm\u00f3 el compromiso del pa\u00eds con la transici\u00f3n energ\u00e9tica y la diversificaci\u00f3n de su matriz energ\u00e9tica, impulsando iniciativas que promuevan la seguridad y eficiencia en el sector&#8221;, dijo.<\/p>\n\n\n\n<p>De igual modo, el mandatario sostuvo una reuni\u00f3n bilateral con su hom\u00f3logo de la Rep\u00fablica Cooperativa de Guyana, Mohamed Irfaan Ali, con el objetivo de fortalecer las relaciones diplom\u00e1ticas y promover la cooperaci\u00f3n en \u00e1reas claves para ambas naciones, reforzando as\u00ed los lazos de amistad y cooperaci\u00f3n.<\/p>\n\n\n\n<p>Tambi\u00e9n, el jefe de Estado visit\u00f3 la Embajada de la Rep\u00fablica Dominica en Georgetown, Guyana. All\u00ed convers\u00f3 con personal del lugar y verific\u00f3 el funcionamiento de la embajada.<\/p>\n\n\n\n<p>Fuente Diario Libre<\/p>\n","protected":false},"excerpt":{"rendered":"<p>El mandatario arrib\u00f3 a la Base A\u00e9rea de San Isidro a las 8:40 de la noche de este martes. El presidente Luis Abinader arrib\u00f3 la noche de este martes al&hellip;<\/p>\n","protected":false},"author":2,"featured_media":93679,"comment_status":"open","ping_status":"open","sticky":false,"template":"","format":"standard","meta":{"content-type":"","jetpack_post_was_ever_published":false,"_jetpack_newsletter_access":"","_jetpack_dont_email_post_to_subs":false,"_jetpack_newsletter_tier_id":0,"_jetpack_memberships_contains_paywalled_content":false,"_jetpack_memberships_contains_paid_content":false,"footnotes":""},"categories":[35,25],"tags":[17390,667,2744,67],"class_list":["post-93678","post","type-post","status-publish","format-standard","has-post-thumbnail","hentry","category-nacionales","category-portada","tag-base-aerea-de-san-isidro","tag-conferencia","tag-guyana","tag-luis-abinader"],"jetpack_featured_media_url":"https:\/\/lasprimeras.com.do\/wp-content\/uploads\/2025\/02\/Luis-Abinader-1.jpg","jetpack-related-posts":[{"id":104283,"url":"https:\/\/lasprimeras.com.do\/index.php\/2025\/07\/23\/abinader-viaja-a-guyana-para-participar-en-la-fundacion-de-la-alianza-global-por-la-biodiversidad\/","url_meta":{"origin":93678,"position":0},"title":"Abinader viaja a Guyana para participar en la fundaci\u00f3n de la Alianza Global por la Biodiversidad","author":"Nelson Feliz","date":"23 de julio de 2025","format":false,"excerpt":"En estos momentos, el presidente Luis Abinader viaja hacia la Rep\u00fablica Cooperativa de Guyana para participar en el acto inaugural de la Alianza Global por la Biodiversidad. El mandatario sali\u00f3 a las 7:29 de la ma\u00f1ana desde la Base A\u00e9rea de San Isidro, donde fue despedido por el ministro de\u2026","rel":"","context":"En \u00abNACIONALES\u00bb","block_context":{"text":"NACIONALES","link":"https:\/\/lasprimeras.com.do\/index.php\/category\/nacionales\/"},"img":{"alt_text":"","src":"https:\/\/i0.wp.com\/lasprimeras.com.do\/wp-content\/uploads\/2025\/07\/LA-viaja.jpg?resize=350%2C200&ssl=1","width":350,"height":200,"srcset":"https:\/\/i0.wp.com\/lasprimeras.com.do\/wp-content\/uploads\/2025\/07\/LA-viaja.jpg?resize=350%2C200&ssl=1 1x, https:\/\/i0.wp.com\/lasprimeras.com.do\/wp-content\/uploads\/2025\/07\/LA-viaja.jpg?resize=525%2C300&ssl=1 1.5x, https:\/\/i0.wp.com\/lasprimeras.com.do\/wp-content\/uploads\/2025\/07\/LA-viaja.jpg?resize=700%2C400&ssl=1 2x"},"classes":[]},{"id":53518,"url":"https:\/\/lasprimeras.com.do\/index.php\/2023\/06\/27\/abinader-regresa-al-pais-tras-participar-en-cumbre-de-jefes-de-estado-y-de-gobierno-del-sica\/","url_meta":{"origin":93678,"position":1},"title":"Abinader regresa al pa\u00eds tras participar en Cumbre de Jefes de Estado y de Gobierno del SICA","author":"Nelson Feliz","date":"27 de junio de 2023","format":false,"excerpt":"El presidente Luis Abinader regres\u00f3 al pa\u00eds a las 8:13 de la noche de este martes luego de haber asistido a la LVII Cumbre de Jefes de Estado y de Gobierno del Sistema de la Integraci\u00f3n Centroamericana, SICA, en Belice, que traspas\u00f3 la Presidencia Pro Tempore de este organismo a\u2026","rel":"","context":"En \u00abNACIONALES\u00bb","block_context":{"text":"NACIONALES","link":"https:\/\/lasprimeras.com.do\/index.php\/category\/nacionales\/"},"img":{"alt_text":"","src":"https:\/\/i0.wp.com\/lasprimeras.com.do\/wp-content\/uploads\/2023\/06\/Luis-Abinader-regresa-SICA.jpg?resize=350%2C200&ssl=1","width":350,"height":200,"srcset":"https:\/\/i0.wp.com\/lasprimeras.com.do\/wp-content\/uploads\/2023\/06\/Luis-Abinader-regresa-SICA.jpg?resize=350%2C200&ssl=1 1x, https:\/\/i0.wp.com\/lasprimeras.com.do\/wp-content\/uploads\/2023\/06\/Luis-Abinader-regresa-SICA.jpg?resize=525%2C300&ssl=1 1.5x, https:\/\/i0.wp.com\/lasprimeras.com.do\/wp-content\/uploads\/2023\/06\/Luis-Abinader-regresa-SICA.jpg?resize=700%2C400&ssl=1 2x"},"classes":[]},{"id":76803,"url":"https:\/\/lasprimeras.com.do\/index.php\/2024\/02\/14\/abinader-retorna-al-pais-tras-pronunciar-discurso-en-la-onu\/","url_meta":{"origin":93678,"position":2},"title":"Abinader retorna al pa\u00eds tras pronunciar discurso en la ONU","author":"BIMARY DE JES\u00daS Matos","date":"14 de febrero de 2024","format":false,"excerpt":"Santo Domingo.- El presidente Luis Abinader retorn\u00f3 al pa\u00eds a las 8:20 de la noche de este martes tras pronunciar un discurso ante el Consejo de Seguridad de las Naciones Unidas (ONU), reiterando la necesaria y urgente intervenci\u00f3n de la comunidad internacional para restaurar el orden en Hait\u00ed. Al culminar\u2026","rel":"","context":"En \u00abPORTADA\u00bb","block_context":{"text":"PORTADA","link":"https:\/\/lasprimeras.com.do\/index.php\/category\/portada\/"},"img":{"alt_text":"","src":"https:\/\/i0.wp.com\/lasprimeras.com.do\/wp-content\/uploads\/2024\/02\/IMG-20240214-WA0002-scaled.jpg.webp?resize=350%2C200&ssl=1","width":350,"height":200,"srcset":"https:\/\/i0.wp.com\/lasprimeras.com.do\/wp-content\/uploads\/2024\/02\/IMG-20240214-WA0002-scaled.jpg.webp?resize=350%2C200&ssl=1 1x, https:\/\/i0.wp.com\/lasprimeras.com.do\/wp-content\/uploads\/2024\/02\/IMG-20240214-WA0002-scaled.jpg.webp?resize=525%2C300&ssl=1 1.5x, https:\/\/i0.wp.com\/lasprimeras.com.do\/wp-content\/uploads\/2024\/02\/IMG-20240214-WA0002-scaled.jpg.webp?resize=700%2C400&ssl=1 2x, https:\/\/i0.wp.com\/lasprimeras.com.do\/wp-content\/uploads\/2024\/02\/IMG-20240214-WA0002-scaled.jpg.webp?resize=1050%2C600&ssl=1 3x, https:\/\/i0.wp.com\/lasprimeras.com.do\/wp-content\/uploads\/2024\/02\/IMG-20240214-WA0002-scaled.jpg.webp?resize=1400%2C800&ssl=1 4x"},"classes":[]},{"id":76855,"url":"https:\/\/lasprimeras.com.do\/index.php\/2024\/02\/13\/abinader-retorno-al-pais-anoche-tras-pronunciar-un-discurso-en-la-onu\/","url_meta":{"origin":93678,"position":3},"title":"Abinader retorn\u00f3 al pa\u00eds anoche tras pronunciar un discurso en la ONU","author":"Nelson Feliz","date":"13 de febrero de 2024","format":false,"excerpt":"El presidente Luis Abinader retorn\u00f3 al pa\u00eds a las 8:20 de la noche de este martes tras pronunciar un discurso ante el Consejo de Seguridad de las Naciones Unidas (ONU), reiterando la necesaria y urgente intervenci\u00f3n de la comunidad internacional para restaurar el orden en Hait\u00ed. Al culminar una breve\u2026","rel":"","context":"En \u00abNACIONALES\u00bb","block_context":{"text":"NACIONALES","link":"https:\/\/lasprimeras.com.do\/index.php\/category\/nacionales\/"},"img":{"alt_text":"Luis Abinader vs Antonio Guterres","src":"https:\/\/i0.wp.com\/lasprimeras.com.do\/wp-content\/uploads\/2024\/02\/Luis-Abinader-vs-Antonio-Guterres.jpg?resize=350%2C200&ssl=1","width":350,"height":200,"srcset":"https:\/\/i0.wp.com\/lasprimeras.com.do\/wp-content\/uploads\/2024\/02\/Luis-Abinader-vs-Antonio-Guterres.jpg?resize=350%2C200&ssl=1 1x, https:\/\/i0.wp.com\/lasprimeras.com.do\/wp-content\/uploads\/2024\/02\/Luis-Abinader-vs-Antonio-Guterres.jpg?resize=525%2C300&ssl=1 1.5x, https:\/\/i0.wp.com\/lasprimeras.com.do\/wp-content\/uploads\/2024\/02\/Luis-Abinader-vs-Antonio-Guterres.jpg?resize=700%2C400&ssl=1 2x"},"classes":[]},{"id":53423,"url":"https:\/\/lasprimeras.com.do\/index.php\/2023\/06\/26\/abinader-participara-en-la-cumbre-de-jefes-de-estado-y-gobierno-del-sica-en-belice\/","url_meta":{"origin":93678,"position":4},"title":"Abinader participar\u00e1 en la Cumbre de Jefes de Estado y Gobierno del SICA en Belice","author":"Nelson Feliz","date":"26 de junio de 2023","format":false,"excerpt":"El mandatario sali\u00f3 a las 3:49 de la tarde desde la Base A\u00e9rea de San Isidro. El presidente Luis Abinader participar\u00e1 en la LVII Cumbre de Jefes de Estado y Gobierno del Sistema de la Integraci\u00f3n Centroamericana (SICA), en Belice, para lo cual viajar\u00e1 a esta naci\u00f3n este lunes con\u2026","rel":"","context":"En \u00abNACIONALES\u00bb","block_context":{"text":"NACIONALES","link":"https:\/\/lasprimeras.com.do\/index.php\/category\/nacionales\/"},"img":{"alt_text":"Luis Abinader","src":"https:\/\/i0.wp.com\/lasprimeras.com.do\/wp-content\/uploads\/2023\/06\/Luis-Abinader-5-1.jpg?resize=350%2C200&ssl=1","width":350,"height":200,"srcset":"https:\/\/i0.wp.com\/lasprimeras.com.do\/wp-content\/uploads\/2023\/06\/Luis-Abinader-5-1.jpg?resize=350%2C200&ssl=1 1x, https:\/\/i0.wp.com\/lasprimeras.com.do\/wp-content\/uploads\/2023\/06\/Luis-Abinader-5-1.jpg?resize=525%2C300&ssl=1 1.5x, https:\/\/i0.wp.com\/lasprimeras.com.do\/wp-content\/uploads\/2023\/06\/Luis-Abinader-5-1.jpg?resize=700%2C400&ssl=1 2x"},"classes":[]},{"id":92348,"url":"https:\/\/lasprimeras.com.do\/index.php\/2025\/01\/02\/abinader-regresa-a-rd-tras-toma-de-posesion-de-jenniffer-gonzalez\/","url_meta":{"origin":93678,"position":5},"title":"Abinader regresa a RD tras toma de posesi\u00f3n de Jenniffer Gonz\u00e1lez","author":"Nelson Feliz","date":"2 de enero de 2025","format":false,"excerpt":"El presidente Luis Abinader regres\u00f3 al pa\u00eds pasada las 3:30 de la tarde de este jueves, tras su viaje a San Juan, Puerto Rico, donde asisti\u00f3 a la toma de posesi\u00f3n de la nueva gobernadora, Jenniffer A. Gonz\u00e1lez Col\u00f3n. El jefe de Estado regres\u00f3 por la Base A\u00e9rea de San\u2026","rel":"","context":"En \u00abNACIONALES\u00bb","block_context":{"text":"NACIONALES","link":"https:\/\/lasprimeras.com.do\/index.php\/category\/nacionales\/"},"img":{"alt_text":"","src":"https:\/\/i0.wp.com\/lasprimeras.com.do\/wp-content\/uploads\/2025\/01\/abinader-regresa.jpg?resize=350%2C200&ssl=1","width":350,"height":200,"srcset":"https:\/\/i0.wp.com\/lasprimeras.com.do\/wp-content\/uploads\/2025\/01\/abinader-regresa.jpg?resize=350%2C200&ssl=1 1x, https:\/\/i0.wp.com\/lasprimeras.com.do\/wp-content\/uploads\/2025\/01\/abinader-regresa.jpg?resize=525%2C300&ssl=1 1.5x, https:\/\/i0.wp.com\/lasprimeras.com.do\/wp-content\/uploads\/2025\/01\/abinader-regresa.jpg?resize=700%2C400&ssl=1 2x"},"classes":[]}],"jetpack_sharing_enabled":true,"_links":{"self":[{"href":"https:\/\/lasprimeras.com.do\/index.php\/wp-json\/wp\/v2\/posts\/93678","targetHints":{"allow":["GET"]}}],"collection":[{"href":"https:\/\/lasprimeras.com.do\/index.php\/wp-json\/wp\/v2\/posts"}],"about":[{"href":"https:\/\/lasprimeras.com.do\/index.php\/wp-json\/wp\/v2\/types\/post"}],"author":[{"embeddable":true,"href":"https:\/\/lasprimeras.com.do\/index.php\/wp-json\/wp\/v2\/users\/2"}],"replies":[{"embeddable":true,"href":"https:\/\/lasprimeras.com.do\/index.php\/wp-json\/wp\/v2\/comments?post=93678"}],"version-history":[{"count":1,"href":"https:\/\/lasprimeras.com.do\/index.php\/wp-json\/wp\/v2\/posts\/93678\/revisions"}],"predecessor-version":[{"id":93680,"href":"https:\/\/lasprimeras.com.do\/index.php\/wp-json\/wp\/v2\/posts\/93678\/revisions\/93680"}],"wp:featuredmedia":[{"embeddable":true,"href":"https:\/\/lasprimeras.com.do\/index.php\/wp-json\/wp\/v2\/media\/93679"}],"wp:attachment":[{"href":"https:\/\/lasprimeras.com.do\/index.php\/wp-json\/wp\/v2\/media?parent=93678"}],"wp:term":[{"taxonomy":"category","embeddable":true,"href":"https:\/\/lasprimeras.com.do\/index.php\/wp-json\/wp\/v2\/categories?post=93678"},{"taxonomy":"post_tag","embeddable":true,"href":"https:\/\/lasprimeras.com.do\/index.php\/wp-json\/wp\/v2\/tags?post=93678"}],"curies":[{"name":"wp","href":"https:\/\/api.w.org\/{rel}","templated":true}]}}