{"id":93876,"date":"2025-02-21T23:22:08","date_gmt":"2025-02-22T03:22:08","guid":{"rendered":"https:\/\/lasprimeras.com.do\/?p=93876"},"modified":"2025-02-21T23:22:10","modified_gmt":"2025-02-22T03:22:10","slug":"inmaculada-leon-leon-principios-trabajo-y-democracia-en-la-fuerza-del-pueblo","status":"publish","type":"post","link":"https:\/\/lasprimeras.com.do\/index.php\/2025\/02\/21\/inmaculada-leon-leon-principios-trabajo-y-democracia-en-la-fuerza-del-pueblo\/","title":{"rendered":"Inmaculada Le\u00f3n Le\u00f3n: Principios, Trabajo y Democracia en la Fuerza del Pueblo"},"content":{"rendered":"\n<p>Soy Inmaculada Le\u00f3n Le\u00f3n, una militante comprometida con la democracia y el fortalecimiento de la Fuerza del Pueblo. Desde siempre, hemos sido parte del liderazgo del presidente Leonel Fern\u00e1ndez, respaldando su visi\u00f3n y participando activamente en la construcci\u00f3n de un proyecto pol\u00edtico s\u00f3lido y con principios.<\/p>\n\n\n\n<p>Durante la pandemia, asum\u00ed un rol activo en la consolidaci\u00f3n del partido, formando el Movimiento Fuerza Unida, desde donde trabajamos intensamente para apoyar a nuestros candidatos, tanto de manera virtual como en el terreno.<\/p>\n\n\n\n<p>M\u00e1s adelante, en las elecciones pasadas, asum\u00ed el reto de participar como candidata a diputada por la Circunscripci\u00f3n No. 6 de Santo Domingo Norte, enfrentando m\u00faltiples obst\u00e1culos, incluso desde la Direcci\u00f3n Municipal.<\/p>\n\n\n\n<p>A pesar de esto, logramos un resultado significativo con 3,500 votos, en su mayor\u00eda provenientes de fuera del sistema del partido, demostrando que la Fuerza del Pueblo tiene la capacidad de atraer nuevas voluntades y consolidarse como una opci\u00f3n real de poder.<\/p>\n\n\n\n<p>Es por esto que considero que el partido debe garantizar un proceso democr\u00e1tico y transparente en la elecci\u00f3n de sus autoridades, respetando los art\u00edculos aprobados en el Congreso Franklin Almeyda Rancier.<br>La renovaci\u00f3n de nuestra estructura no puede basarse en imposiciones, sino en la participaci\u00f3n activa de la militancia, asegurando oportunidades para todos aquellos que han trabajado incansablemente en el crecimiento del partido.<\/p>\n\n\n\n<p>Si queremos una Fuerza del Pueblo fuerte y en crecimiento, debemos permitir que cada dirigente y militante tenga la oportunidad de ser parte del proceso de elecci\u00f3n de sus representantes. La democracia interna y la transparencia deben ser nuestro pilar fundamental. Que sea la militancia quien decida.<\/p>\n","protected":false},"excerpt":{"rendered":"<p>Soy Inmaculada Le\u00f3n Le\u00f3n, una militante comprometida con la democracia y el fortalecimiento de la Fuerza del Pueblo. Desde siempre, hemos sido parte del liderazgo del presidente Leonel Fern\u00e1ndez, respaldando&hellip;<\/p>\n","protected":false},"author":2,"featured_media":93877,"comment_status":"open","ping_status":"open","sticky":false,"template":"","format":"standard","meta":{"content-type":"","jetpack_post_was_ever_published":false,"_jetpack_newsletter_access":"","_jetpack_dont_email_post_to_subs":false,"_jetpack_newsletter_tier_id":0,"_jetpack_memberships_contains_paywalled_content":false,"_jetpack_memberships_contains_paid_content":false,"footnotes":""},"categories":[16559],"tags":[607,158,17491,1041,967],"class_list":["post-93876","post","type-post","status-publish","format-standard","has-post-thumbnail","hentry","category-politica","tag-democracia","tag-fuerza-del-pueblo","tag-inmaculada-leon-leon","tag-principios","tag-trabajo"],"jetpack_featured_media_url":"https:\/\/lasprimeras.com.do\/wp-content\/uploads\/2025\/02\/Inmaculada-Leon-Leon.jpg","jetpack-related-posts":[{"id":95908,"url":"https:\/\/lasprimeras.com.do\/index.php\/2025\/03\/21\/un-partido-para-la-gentela-fuerza-del-pueblo-y-su-desafio-de-renovacion\/","url_meta":{"origin":93876,"position":0},"title":"Un partido para la gente:La Fuerza del Pueblo y su desafio de renovaci\u00f3n","author":"Nelson Feliz","date":"21 de marzo de 2025","format":false,"excerpt":"Desde tiempos pasados, hemos respaldado con lealtad y compromiso el liderazgo de Leonel Fern\u00e1ndez, defendiendo la democracia y fortaleciendo sus propuestas en cada escenario pol\u00edtico. En el antiguo partido, trabajamos incansablemente para motivar a las bases, promoviendo su liderazgo en las internas y llamando a la militancia a respaldar la\u2026","rel":"","context":"En \u00abOPINI\u00d3N\u00bb","block_context":{"text":"OPINI\u00d3N","link":"https:\/\/lasprimeras.com.do\/index.php\/category\/opinion\/"},"img":{"alt_text":"Inmaculada Le\u00f3n Le\u00f3n","src":"https:\/\/i0.wp.com\/lasprimeras.com.do\/wp-content\/uploads\/2025\/03\/Inmaculada-Leon-Leon.jpg?resize=350%2C200&ssl=1","width":350,"height":200,"srcset":"https:\/\/i0.wp.com\/lasprimeras.com.do\/wp-content\/uploads\/2025\/03\/Inmaculada-Leon-Leon.jpg?resize=350%2C200&ssl=1 1x, https:\/\/i0.wp.com\/lasprimeras.com.do\/wp-content\/uploads\/2025\/03\/Inmaculada-Leon-Leon.jpg?resize=525%2C300&ssl=1 1.5x, https:\/\/i0.wp.com\/lasprimeras.com.do\/wp-content\/uploads\/2025\/03\/Inmaculada-Leon-Leon.jpg?resize=700%2C400&ssl=1 2x"},"classes":[]},{"id":51074,"url":"https:\/\/lasprimeras.com.do\/index.php\/2023\/05\/26\/dirigentes-de-la-fp-postulan-candidaturas-en-las-elecciones-municipales-espanolas\/","url_meta":{"origin":93876,"position":1},"title":"Dirigentes de la FP postulan candidaturas en las elecciones municipales espa\u00f1olas","author":"prenxa100","date":"26 de mayo de 2023","format":false,"excerpt":"Madrid, Espa\u00f1a.- Destacados dirigentes de la Fuerza del Pueblo en Espa\u00f1a han anunciado su decisi\u00f3n de participar activamente en las pr\u00f3ximas elecciones municipales en Espa\u00f1a, inscribi\u00e9ndose en diferentes listas de partidos pol\u00edticos, tanto locales como nacionales. Su objetivo es competir por posiciones de elecci\u00f3n popular y contribuir al desarrollo de\u2026","rel":"","context":"En \u00abPORTADA\u00bb","block_context":{"text":"PORTADA","link":"https:\/\/lasprimeras.com.do\/index.php\/category\/portada\/"},"img":{"alt_text":"","src":"","width":0,"height":0},"classes":[]},{"id":80933,"url":"https:\/\/lasprimeras.com.do\/index.php\/2024\/04\/14\/leonel-e-ingrid-mendoza-encabezan-caravana-en-santo-domingo-norte\/","url_meta":{"origin":93876,"position":2},"title":"Leonel e Ingrid Mendoza encabezan caravana en Santo Domingo Norte","author":"Nelson Feliz","date":"14 de abril de 2024","format":false,"excerpt":"La actividad comenz\u00f3 en el sector de San Felipe de Villa Mella y culmin\u00f3 en Los Guaricanos. El candidato presidencial del partido Fuerza del Pueblo (FP), Leonel Fern\u00e1ndez, junto a organizaciones aliadas, encabez\u00f3 este domingo una marcha-caravana, que inici\u00f3 en el sector de San Felipe, de Villa Mella, enel municipio\u2026","rel":"","context":"En \u00abPORTADA\u00bb","block_context":{"text":"PORTADA","link":"https:\/\/lasprimeras.com.do\/index.php\/category\/portada\/"},"img":{"alt_text":"Leonel Fern\u00e1ndez eIngrid Mendoza","src":"https:\/\/i0.wp.com\/lasprimeras.com.do\/wp-content\/uploads\/2024\/04\/Leonel-Fernandez-eIngrid-Mendoza.jpg?resize=350%2C200&ssl=1","width":350,"height":200,"srcset":"https:\/\/i0.wp.com\/lasprimeras.com.do\/wp-content\/uploads\/2024\/04\/Leonel-Fernandez-eIngrid-Mendoza.jpg?resize=350%2C200&ssl=1 1x, https:\/\/i0.wp.com\/lasprimeras.com.do\/wp-content\/uploads\/2024\/04\/Leonel-Fernandez-eIngrid-Mendoza.jpg?resize=525%2C300&ssl=1 1.5x, https:\/\/i0.wp.com\/lasprimeras.com.do\/wp-content\/uploads\/2024\/04\/Leonel-Fernandez-eIngrid-Mendoza.jpg?resize=700%2C400&ssl=1 2x"},"classes":[]},{"id":119160,"url":"https:\/\/lasprimeras.com.do\/index.php\/2026\/01\/07\/fernandez-y-fp-piden-retomar-dialogo-para-evitar-propagacion-de-la-violencia-en-venezuela\/","url_meta":{"origin":93876,"position":3},"title":"Fern\u00e1ndez y FP piden retomar di\u00e1logo para evitar propagaci\u00f3n de la violencia en Venezuela","author":"Nelson Feliz","date":"7 de enero de 2026","format":false,"excerpt":"Fern\u00e1ndez recuerda que sin actas de escrutinio no pod\u00eda proclamarse un ganador en elecciones observadas en 2024 https:\/\/youtube.com\/live\/4Wlmj1boe3k?feature=share El presidente del partido Fuerza del Pueblo, Leonel Fern\u00e1ndez, fij\u00f3 este mi\u00e9rcoles una posici\u00f3n clara, firme y sustentada en principios frente a los acontecimientos que se desarrollan en Venezuela, al tiempo que\u2026","rel":"","context":"En \u00abPOLITICA\u00bb","block_context":{"text":"POLITICA","link":"https:\/\/lasprimeras.com.do\/index.php\/category\/politica\/"},"img":{"alt_text":"","src":"https:\/\/i0.wp.com\/lasprimeras.com.do\/wp-content\/uploads\/2026\/01\/leonel-2.jpg?resize=350%2C200&ssl=1","width":350,"height":200,"srcset":"https:\/\/i0.wp.com\/lasprimeras.com.do\/wp-content\/uploads\/2026\/01\/leonel-2.jpg?resize=350%2C200&ssl=1 1x, https:\/\/i0.wp.com\/lasprimeras.com.do\/wp-content\/uploads\/2026\/01\/leonel-2.jpg?resize=525%2C300&ssl=1 1.5x, https:\/\/i0.wp.com\/lasprimeras.com.do\/wp-content\/uploads\/2026\/01\/leonel-2.jpg?resize=700%2C400&ssl=1 2x"},"classes":[]},{"id":125257,"url":"https:\/\/lasprimeras.com.do\/index.php\/2026\/03\/20\/luis-de-leon-gobierno-del-prm-muestra-incapacidad-para-manejar-situacion-actual\/","url_meta":{"origin":93876,"position":4},"title":"Luis de Le\u00f3n: Gobierno del PRM muestra incapacidad para manejar situaci\u00f3n actual","author":"Nelson Feliz","date":"20 de marzo de 2026","format":false,"excerpt":"\"El pa\u00eds est\u00e1 intranquilo ante la incapacidad del Gobierno para manejar la situaci\u00f3n de crisis generado por la Guerra del Medio Oriente\u201d. El aspirante a la candidatura presidencial del Partido de la Liberaci\u00f3n Dominicana (PLD), Luis de Le\u00f3n, llam\u00f3 a los sectores opositores a promover la democracia y la paz\u2026","rel":"","context":"En \u00abPOLITICA\u00bb","block_context":{"text":"POLITICA","link":"https:\/\/lasprimeras.com.do\/index.php\/category\/politica\/"},"img":{"alt_text":"Luis de Le\u00f3n","src":"https:\/\/i0.wp.com\/lasprimeras.com.do\/wp-content\/uploads\/2026\/03\/Luis-de-Leon-3.jpeg?resize=350%2C200&ssl=1","width":350,"height":200,"srcset":"https:\/\/i0.wp.com\/lasprimeras.com.do\/wp-content\/uploads\/2026\/03\/Luis-de-Leon-3.jpeg?resize=350%2C200&ssl=1 1x, https:\/\/i0.wp.com\/lasprimeras.com.do\/wp-content\/uploads\/2026\/03\/Luis-de-Leon-3.jpeg?resize=525%2C300&ssl=1 1.5x, https:\/\/i0.wp.com\/lasprimeras.com.do\/wp-content\/uploads\/2026\/03\/Luis-de-Leon-3.jpeg?resize=700%2C400&ssl=1 2x"},"classes":[]},{"id":117188,"url":"https:\/\/lasprimeras.com.do\/index.php\/2025\/12\/08\/el-papa-leon-xiv-pide-por-la-paz-cerca-de-la-plaza-de-espana\/","url_meta":{"origin":93876,"position":5},"title":"El papa Le\u00f3n XIV pide por la paz cerca de la Plaza de Espa\u00f1a","author":"Nelson Feliz","date":"8 de diciembre de 2025","format":false,"excerpt":"POR NICOLE WINFIELD ROMA (AP) \u2014 El papa Le\u00f3n XIV particip\u00f3 el lunes en una tradici\u00f3n papal muy de Roma: rezar por la paz ante una estatua de la Virgen Mar\u00eda cerca de la Plaza de Espa\u00f1a en el d\u00eda de la Inmaculada Concepci\u00f3n. El pont\u00edfice salud\u00f3 a miles de\u2026","rel":"","context":"En \u00abINTERNACIONALES\u00bb","block_context":{"text":"INTERNACIONALES","link":"https:\/\/lasprimeras.com.do\/index.php\/category\/sin-categoria\/internacionales\/"},"img":{"alt_text":"","src":"https:\/\/i0.wp.com\/lasprimeras.com.do\/wp-content\/uploads\/2025\/12\/El-papa-Leon-XIV-1.jpg?resize=350%2C200&ssl=1","width":350,"height":200,"srcset":"https:\/\/i0.wp.com\/lasprimeras.com.do\/wp-content\/uploads\/2025\/12\/El-papa-Leon-XIV-1.jpg?resize=350%2C200&ssl=1 1x, https:\/\/i0.wp.com\/lasprimeras.com.do\/wp-content\/uploads\/2025\/12\/El-papa-Leon-XIV-1.jpg?resize=525%2C300&ssl=1 1.5x, https:\/\/i0.wp.com\/lasprimeras.com.do\/wp-content\/uploads\/2025\/12\/El-papa-Leon-XIV-1.jpg?resize=700%2C400&ssl=1 2x"},"classes":[]}],"jetpack_sharing_enabled":true,"_links":{"self":[{"href":"https:\/\/lasprimeras.com.do\/index.php\/wp-json\/wp\/v2\/posts\/93876","targetHints":{"allow":["GET"]}}],"collection":[{"href":"https:\/\/lasprimeras.com.do\/index.php\/wp-json\/wp\/v2\/posts"}],"about":[{"href":"https:\/\/lasprimeras.com.do\/index.php\/wp-json\/wp\/v2\/types\/post"}],"author":[{"embeddable":true,"href":"https:\/\/lasprimeras.com.do\/index.php\/wp-json\/wp\/v2\/users\/2"}],"replies":[{"embeddable":true,"href":"https:\/\/lasprimeras.com.do\/index.php\/wp-json\/wp\/v2\/comments?post=93876"}],"version-history":[{"count":1,"href":"https:\/\/lasprimeras.com.do\/index.php\/wp-json\/wp\/v2\/posts\/93876\/revisions"}],"predecessor-version":[{"id":93878,"href":"https:\/\/lasprimeras.com.do\/index.php\/wp-json\/wp\/v2\/posts\/93876\/revisions\/93878"}],"wp:featuredmedia":[{"embeddable":true,"href":"https:\/\/lasprimeras.com.do\/index.php\/wp-json\/wp\/v2\/media\/93877"}],"wp:attachment":[{"href":"https:\/\/lasprimeras.com.do\/index.php\/wp-json\/wp\/v2\/media?parent=93876"}],"wp:term":[{"taxonomy":"category","embeddable":true,"href":"https:\/\/lasprimeras.com.do\/index.php\/wp-json\/wp\/v2\/categories?post=93876"},{"taxonomy":"post_tag","embeddable":true,"href":"https:\/\/lasprimeras.com.do\/index.php\/wp-json\/wp\/v2\/tags?post=93876"}],"curies":[{"name":"wp","href":"https:\/\/api.w.org\/{rel}","templated":true}]}}