{"id":93974,"date":"2025-02-23T23:33:58","date_gmt":"2025-02-24T03:33:58","guid":{"rendered":"https:\/\/lasprimeras.com.do\/?p=93974"},"modified":"2025-02-23T23:34:00","modified_gmt":"2025-02-24T03:34:00","slug":"un-avion-de-american-airlines-fue-desviado-hacia-roma-por-un-eventual-problema-de-seguridad","status":"publish","type":"post","link":"https:\/\/lasprimeras.com.do\/index.php\/2025\/02\/23\/un-avion-de-american-airlines-fue-desviado-hacia-roma-por-un-eventual-problema-de-seguridad\/","title":{"rendered":"Un avi\u00f3n de American Airlines fue desviado hacia Roma por un &#8220;eventual problema de seguridad&#8221;"},"content":{"rendered":"\n<p><strong>El Boeing, que llevaba 199 pasajeros a bordo, hab\u00eda despegado de Nueva York rumbo a Nueva Delhi<\/strong><\/p>\n\n\n\n<p><strong>Roma, Italia, AFP.-.<\/strong> Un avi\u00f3n de American Airlines fue desviado este domingo hacia Roma por un &#8220;eventual problema de seguridad&#8221; y aterriz\u00f3 en el aeropuerto romano de Fiumicino, indic\u00f3 la compa\u00f1\u00eda a\u00e9rea a AFP.<\/p>\n\n\n\n<p>El Boeing, que llevaba 199 pasajeros a bordo, hab\u00eda despegado de Nueva York rumbo a Nueva Delhi, pero un aviso de bomba lo oblig\u00f3 a alterar su ruta y aterrizar en Fiumicino, sin incidentes, indic\u00f3 por su parte una fuente aeroportuaria.<\/p>\n\n\n\n<p>&#8220;Todos los pasajeros desembarcaron y reciben asistencia&#8221;, agreg\u00f3 la fuente.<\/p>\n\n\n\n<p>&#8220;El vuelo American Airlines 292, que cubr\u00eda la conexi\u00f3n de Nueva York a Nueva Delhi, fue desviado hacia Roma a causa de un eventual problema de seguridad&#8221;, inform\u00f3, en un comunicado, la aerol\u00ednea.<\/p>\n\n\n\n<p>&#8220;Las fuerzas de seguridad inspeccionaron el avi\u00f3n y lo autorizaron&#8221; a despegar de nuevo, agreg\u00f3 American Airlines.<\/p>\n\n\n\n<p>Mientras era desviado hacia Fiumicino, el avi\u00f3n estuvo escoltado por dos aparatos de la fuerza a\u00e9rea.<\/p>\n\n\n\n<p>Por su parte, el regulador estadounidense de la aviaci\u00f3n, FAA, aludi\u00f3 a un &#8220;problema de seguridad&#8221; del que habr\u00eda alertado la tripulaci\u00f3n.<\/p>\n\n\n\n<p>&#8220;El problema eventual fue juzgado no cre\u00edble pero, a causa del protocolo del aeropuerto de Nueva Delhi, era obligatorio realizar una inspecci\u00f3n antes del aterrizaje&#8221; en la capital india, declar\u00f3 un responsable de la aerol\u00ednea.<\/p>\n\n\n\n<p>En principio, el avi\u00f3n no despegar\u00e1 hacia Nueva Delhi antes del lunes, para que la tripulaci\u00f3n pueda descansar, precis\u00f3 el responsable, que pidi\u00f3 el anonimato.<\/p>\n","protected":false},"excerpt":{"rendered":"<p>El Boeing, que llevaba 199 pasajeros a bordo, hab\u00eda despegado de Nueva York rumbo a Nueva Delhi Roma, Italia, AFP.-. Un avi\u00f3n de American Airlines fue desviado este domingo hacia&hellip;<\/p>\n","protected":false},"author":2,"featured_media":93975,"comment_status":"open","ping_status":"open","sticky":false,"template":"","format":"standard","meta":{"content-type":"","jetpack_post_was_ever_published":false,"_jetpack_newsletter_access":"","_jetpack_dont_email_post_to_subs":false,"_jetpack_newsletter_tier_id":0,"_jetpack_memberships_contains_paywalled_content":false,"_jetpack_memberships_contains_paid_content":false,"footnotes":""},"categories":[16289],"tags":[17535,3432,8708,104,17536,11947],"class_list":["post-93974","post","type-post","status-publish","format-standard","has-post-thumbnail","hentry","category-internacionales","tag-american-airlines","tag-avion","tag-nueva-delhi","tag-nueva-york","tag-problema-de-seguridad","tag-roma"],"jetpack_featured_media_url":"https:\/\/lasprimeras.com.do\/wp-content\/uploads\/2025\/02\/avion-de-American-Airlines.jpeg","jetpack-related-posts":[{"id":73171,"url":"https:\/\/lasprimeras.com.do\/index.php\/2024\/01\/06\/avion-aterriza-de-emergencia-tras-perder-una-ventana-en-pleno-vuelo\/","url_meta":{"origin":93974,"position":0},"title":"Avi\u00f3n aterriza de emergencia tras perder una ventana en pleno vuelo","author":"BIMARY DE JES\u00daS Matos","date":"6 de enero de 2024","format":false,"excerpt":"Washington.- La agencia federal de la aviaci\u00f3n estadounidense est\u00e1 investigando un incidente con un avi\u00f3n que, seg\u00fan las im\u00e1genes difundidas en algunos medios, perdi\u00f3 parte de su fuselaje en pleno vuelo, aunque pudo aterrizar a salvo en el aeropuerto de Portland. \u00abEl vuelo 1282 de Alaska Airlines regres\u00f3 sano y\u2026","rel":"","context":"En \u00abSin categor\u00eda\u00bb","block_context":{"text":"Sin categor\u00eda","link":"https:\/\/lasprimeras.com.do\/index.php\/category\/sin-categoria\/"},"img":{"alt_text":"","src":"https:\/\/i0.wp.com\/lasprimeras.com.do\/wp-content\/uploads\/2024\/01\/WhatsApp-Image-2024-01-06-at-1.25.01-PM-1.webp?resize=350%2C200&ssl=1","width":350,"height":200,"srcset":"https:\/\/i0.wp.com\/lasprimeras.com.do\/wp-content\/uploads\/2024\/01\/WhatsApp-Image-2024-01-06-at-1.25.01-PM-1.webp?resize=350%2C200&ssl=1 1x, https:\/\/i0.wp.com\/lasprimeras.com.do\/wp-content\/uploads\/2024\/01\/WhatsApp-Image-2024-01-06-at-1.25.01-PM-1.webp?resize=525%2C300&ssl=1 1.5x"},"classes":[]},{"id":60179,"url":"https:\/\/lasprimeras.com.do\/index.php\/2023\/09\/11\/torres-gemelas-estados-unidos-conmemora-22-anos-de-los-ataques-del-11-de-septiembre\/","url_meta":{"origin":93974,"position":1},"title":"Torres Gemelas: Estados Unidos conmemora 22 a\u00f1os de los ataques del 11 de septiembre","author":"Nelson Feliz","date":"11 de septiembre de 2023","format":false,"excerpt":"El martes 11 de septiembre de 2001, a las 8:46 de la ma\u00f1ana, el vuelo 11 de American Airlines, un Boeing 767, se estrell\u00f3 contra la Torre Norte del World Trade Center Hace exactamente 22 a\u00f1os, un evento que cambi\u00f3 la historia de Estados Unidos y del mundo entero tuvo\u2026","rel":"","context":"En \u00abSin categor\u00eda\u00bb","block_context":{"text":"Sin categor\u00eda","link":"https:\/\/lasprimeras.com.do\/index.php\/category\/sin-categoria\/"},"img":{"alt_text":"Torres Gemelas","src":"https:\/\/i0.wp.com\/lasprimeras.com.do\/wp-content\/uploads\/2023\/09\/Torres.jpg?resize=350%2C200&ssl=1","width":350,"height":200,"srcset":"https:\/\/i0.wp.com\/lasprimeras.com.do\/wp-content\/uploads\/2023\/09\/Torres.jpg?resize=350%2C200&ssl=1 1x, https:\/\/i0.wp.com\/lasprimeras.com.do\/wp-content\/uploads\/2023\/09\/Torres.jpg?resize=525%2C300&ssl=1 1.5x, https:\/\/i0.wp.com\/lasprimeras.com.do\/wp-content\/uploads\/2023\/09\/Torres.jpg?resize=700%2C400&ssl=1 2x"},"classes":[]},{"id":73226,"url":"https:\/\/lasprimeras.com.do\/index.php\/2024\/01\/07\/alerta-con-los-boeing-737-max-9-es-seguro-volar-en-uno-que-companias-usan-este-avion\/","url_meta":{"origin":93974,"position":2},"title":"Alerta con los Boeing 737 Max 9: \u00bfEs seguro volar en uno? \u00bfQu\u00e9 compa\u00f1\u00edas usan este avi\u00f3n?","author":"Nelson Feliz","date":"7 de enero de 2024","format":false,"excerpt":"Resolvemos las principales dudas tras la alerta con el modelo de avi\u00f3n despu\u00e9s de que una aeronave de Alaska Airlines tuviese que aterrizar de emergencia. Los aviones Boeing 737 Max 9 est\u00e1n en el punto de mira despu\u00e9s de que este s\u00e1bado una aeronave de Alaska Airlines tuviese que aterrizar\u2026","rel":"","context":"En \u00abSin categor\u00eda\u00bb","block_context":{"text":"Sin categor\u00eda","link":"https:\/\/lasprimeras.com.do\/index.php\/category\/sin-categoria\/"},"img":{"alt_text":"Boeing 737 Max 9","src":"https:\/\/i0.wp.com\/lasprimeras.com.do\/wp-content\/uploads\/2024\/01\/Boeing-737-Max-9.jpg?resize=350%2C200&ssl=1","width":350,"height":200,"srcset":"https:\/\/i0.wp.com\/lasprimeras.com.do\/wp-content\/uploads\/2024\/01\/Boeing-737-Max-9.jpg?resize=350%2C200&ssl=1 1x, https:\/\/i0.wp.com\/lasprimeras.com.do\/wp-content\/uploads\/2024\/01\/Boeing-737-Max-9.jpg?resize=525%2C300&ssl=1 1.5x, https:\/\/i0.wp.com\/lasprimeras.com.do\/wp-content\/uploads\/2024\/01\/Boeing-737-Max-9.jpg?resize=700%2C400&ssl=1 2x"},"classes":[]},{"id":73261,"url":"https:\/\/lasprimeras.com.do\/index.php\/2024\/01\/08\/el-boeing-que-sufrio-una-explosion-en-vuelo-fue-restringido-debido-a-la-preocupacion-por-la-luz-de-advertencia\/","url_meta":{"origin":93974,"position":3},"title":"El Boeing que sufri\u00f3 una explosi\u00f3n en vuelo fue restringido debido a la preocupaci\u00f3n por la luz de advertencia","author":"Nelson Feliz","date":"8 de enero de 2024","format":false,"excerpt":"POR CLAIRE RUSH Y DAVID KOENIG PORTLAND, Oregon, EE.UU. (AP) \u2014 El avi\u00f3n Boeing que sufri\u00f3 una explosi\u00f3n durante un vuelo sobre Oreg\u00f3n no estaba siendo utilizado para vuelos a Haw\u00e1i despu\u00e9s de que se encendi\u00f3 una luz de advertencia que podr\u00eda haber indicado un problema de presurizaci\u00f3n en tres\u2026","rel":"","context":"En \u00abSin categor\u00eda\u00bb","block_context":{"text":"Sin categor\u00eda","link":"https:\/\/lasprimeras.com.do\/index.php\/category\/sin-categoria\/"},"img":{"alt_text":"Avi\u00f3n Boeing","src":"https:\/\/i0.wp.com\/lasprimeras.com.do\/wp-content\/uploads\/2024\/01\/Avion-Boeing.jpg?resize=350%2C200&ssl=1","width":350,"height":200,"srcset":"https:\/\/i0.wp.com\/lasprimeras.com.do\/wp-content\/uploads\/2024\/01\/Avion-Boeing.jpg?resize=350%2C200&ssl=1 1x, https:\/\/i0.wp.com\/lasprimeras.com.do\/wp-content\/uploads\/2024\/01\/Avion-Boeing.jpg?resize=525%2C300&ssl=1 1.5x, https:\/\/i0.wp.com\/lasprimeras.com.do\/wp-content\/uploads\/2024\/01\/Avion-Boeing.jpg?resize=700%2C400&ssl=1 2x"},"classes":[]},{"id":52521,"url":"https:\/\/lasprimeras.com.do\/index.php\/2023\/06\/11\/muere-nino-de-once-anos-en-un-vuelo-de-estambul-a-nueva-york\/","url_meta":{"origin":93974,"position":4},"title":"Muere ni\u00f1o de once a\u00f1os en un vuelo de Estambul a Nueva York","author":"prenxa100","date":"11 de junio de 2023","format":false,"excerpt":"Agencia EFE Un ni\u00f1o de once a\u00f1os, con problemas de salud previos, ha fallecido hoy en un avi\u00f3n de la compa\u00f1\u00eda Turkish Airlines, que realiz\u00f3 un aterrizaje de emergencia en Budapest al caer el menor enfermo mientras estaba en vuelo en la ruta entre Estambul y Nueva York. El peque\u00f1o,\u2026","rel":"","context":"En \u00abSin categor\u00eda\u00bb","block_context":{"text":"Sin categor\u00eda","link":"https:\/\/lasprimeras.com.do\/index.php\/category\/sin-categoria\/"},"img":{"alt_text":"","src":"","width":0,"height":0},"classes":[]},{"id":48577,"url":"https:\/\/lasprimeras.com.do\/index.php\/2023\/05\/02\/evacuan-pasajeros-de-avion-que-derramo-combustible-antes-de-despegar-del-aila\/","url_meta":{"origin":93974,"position":5},"title":"Evac\u00faan pasajeros de avi\u00f3n que derram\u00f3 combustible antes de despegar del AILA","author":"prenxa100","date":"2 de mayo de 2023","format":false,"excerpt":"SANTO DOMNGO, ESTE.-. Un avi\u00f3n que se dispon\u00eda a despegar este martes desde el Aeropuerto Internacional de Las Am\u00e9ricas tuvo que ser evacuado por un derramamiento de combustible en una de sus alas. Se trata del vuelo n\u00famero 1472 que partir\u00eda a las 6:00 de la ma\u00f1ana con destino a\u2026","rel":"","context":"En \u00abNACIONALES\u00bb","block_context":{"text":"NACIONALES","link":"https:\/\/lasprimeras.com.do\/index.php\/category\/nacionales\/"},"img":{"alt_text":"","src":"","width":0,"height":0},"classes":[]}],"jetpack_sharing_enabled":true,"_links":{"self":[{"href":"https:\/\/lasprimeras.com.do\/index.php\/wp-json\/wp\/v2\/posts\/93974","targetHints":{"allow":["GET"]}}],"collection":[{"href":"https:\/\/lasprimeras.com.do\/index.php\/wp-json\/wp\/v2\/posts"}],"about":[{"href":"https:\/\/lasprimeras.com.do\/index.php\/wp-json\/wp\/v2\/types\/post"}],"author":[{"embeddable":true,"href":"https:\/\/lasprimeras.com.do\/index.php\/wp-json\/wp\/v2\/users\/2"}],"replies":[{"embeddable":true,"href":"https:\/\/lasprimeras.com.do\/index.php\/wp-json\/wp\/v2\/comments?post=93974"}],"version-history":[{"count":1,"href":"https:\/\/lasprimeras.com.do\/index.php\/wp-json\/wp\/v2\/posts\/93974\/revisions"}],"predecessor-version":[{"id":93976,"href":"https:\/\/lasprimeras.com.do\/index.php\/wp-json\/wp\/v2\/posts\/93974\/revisions\/93976"}],"wp:featuredmedia":[{"embeddable":true,"href":"https:\/\/lasprimeras.com.do\/index.php\/wp-json\/wp\/v2\/media\/93975"}],"wp:attachment":[{"href":"https:\/\/lasprimeras.com.do\/index.php\/wp-json\/wp\/v2\/media?parent=93974"}],"wp:term":[{"taxonomy":"category","embeddable":true,"href":"https:\/\/lasprimeras.com.do\/index.php\/wp-json\/wp\/v2\/categories?post=93974"},{"taxonomy":"post_tag","embeddable":true,"href":"https:\/\/lasprimeras.com.do\/index.php\/wp-json\/wp\/v2\/tags?post=93974"}],"curies":[{"name":"wp","href":"https:\/\/api.w.org\/{rel}","templated":true}]}}