{"id":94169,"date":"2025-02-26T07:37:41","date_gmt":"2025-02-26T11:37:41","guid":{"rendered":"https:\/\/lasprimeras.com.do\/?p=94169"},"modified":"2025-02-26T07:37:42","modified_gmt":"2025-02-26T11:37:42","slug":"escuelas-vocacionales-realizan-actos-conmemorativos-con-motivo-a-la-independencia-nacional","status":"publish","type":"post","link":"https:\/\/lasprimeras.com.do\/index.php\/2025\/02\/26\/escuelas-vocacionales-realizan-actos-conmemorativos-con-motivo-a-la-independencia-nacional\/","title":{"rendered":"Escuelas Vocacionales realizan actos conmemorativos con motivo a la Independencia Nacional"},"content":{"rendered":"\n<p class=\"wp-block-paragraph\">La Direcci\u00f3n General de las Escuelas Vocacionales de las Fuerzas Armadas y de la Polic\u00eda Nacional (DIGEV) del Ministerio de Defensa (MIDE), realizaron una solemne ceremonia de homenaje a los h\u00e9roes independentistas de la Rep\u00fablica Dominicana, en conmemoraci\u00f3n del 181 Aniversario de la Independencia Nacional.<\/p>\n\n\n\n<p class=\"wp-block-paragraph\">La actividad dio inicio con una marcha de honor que parti\u00f3 desde la puerta del Conde, recorriendo el trayecto hasta el mausoleo del Altar de la Patria, lugar sagrado donde reposan los restos del General Juan Pablo Duarte y Diez, de Francisco del Rosario S\u00e1nchez y del General Ram\u00f3n Mat\u00edas Mella.<\/p>\n\n\n\n<p class=\"wp-block-paragraph\">En el mausoleo se procedi\u00f3 al dep\u00f3sito de una ofrenda floral, mientras un corneta interpret\u00f3 un toque de silencio en homenaje a los Patricios, simbolizando el respeto y la memoria hacia quienes forjaron la libertad de la naci\u00f3n.<\/p>\n\n\n\n<p class=\"wp-block-paragraph\">El acto continu\u00f3 con la intervenci\u00f3n del coronel S\u00f3crates Suazo Ruiz, ERD., director de Historia Militar del Ministerio de Defensa, quien pronunci\u00f3 una en\u00e9rgica arenga resaltando el firme compromiso de las Escuelas Vocacionales en rendir homenaje a la Patria, fortaleciendo la identidad nacional y trabajando en pro de los m\u00e1s altos y nobles intereses del pa\u00eds.<\/p>\n\n\n\n<p class=\"wp-block-paragraph\">Posteriormente, el coronel Jos\u00e9 Ram\u00f3n Reyes Su\u00e1rez, director general de las Escuelas Vocacionales de las Fuerzas Armadas y de la Polic\u00eda Nacional (DIGEV), manifest\u00f3 en su discurso que se estaba dando cumplimiento al ciclo Patri\u00f3tico del Ministerio de Defensa, destacando que en las Escuelas Vocacionales se fomenta el patriotismo, los valores y el amor por los s\u00edmbolos patrios, cimentando la identidad como naci\u00f3n.<\/p>\n\n\n\n<p class=\"wp-block-paragraph\">El compromiso con la patria se sell\u00f3 cuando los presentes, entre ellos miembros de la Plana Mayor, personal administrativo, docentes, estudiantes y destacados invitados de la clase civil y militar, procedieron a arrojar flores sobre la tumba de los Patricios. Para culminar el emotivo homenaje, se interpret\u00f3 el himno del Ministerio de Defensa, cerrando la jornada con regocijo y unidad.<\/p>\n\n\n\n<p class=\"wp-block-paragraph\">Entre los asistentes destac\u00f3 la presencia del Lic. Juan Pablo Uribe, presidente de la Comisi\u00f3n Permanente de Efem\u00e9rides Patrias, reafirmando as\u00ed la colaboraci\u00f3n y el compromiso conjunto entre las instituciones civiles y militares en el rescate y la preservaci\u00f3n de la memoria hist\u00f3rica de la Rep\u00fablica Dominicana.<\/p>\n","protected":false},"excerpt":{"rendered":"<p>La Direcci\u00f3n General de las Escuelas Vocacionales de las Fuerzas Armadas y de la Polic\u00eda Nacional (DIGEV) del Ministerio de Defensa (MIDE), realizaron una solemne ceremonia de homenaje a los&hellip;<\/p>\n","protected":false},"author":2,"featured_media":94170,"comment_status":"open","ping_status":"open","sticky":false,"template":"","format":"standard","meta":{"content-type":"","_jetpack_newsletter_access":"","_jetpack_dont_email_post_to_subs":false,"_jetpack_newsletter_tier_id":0,"_jetpack_memberships_contains_paywalled_content":false,"_jetpack_feature_clip_id":0,"_jetpack_memberships_contains_paid_content":false,"footnotes":"","jetpack_post_was_ever_published":false},"categories":[3057],"tags":[17621,7360,11970,10797],"class_list":["post-94169","post","type-post","status-publish","format-standard","has-post-thumbnail","hentry","category-militares","tag-actos-conmemorativos","tag-escuelas-vocacionales","tag-independencia-nacional","tag-ministerio-de-defensa"],"jetpack-related-posts":[{"id":96380,"url":"https:\/\/lasprimeras.com.do\/index.php\/2025\/03\/30\/escuelas-vocacionales-conmemoran-con-orgullo-la-batalla-del-30-de-marzo-en-santiago-de-los-caballeros\/","url_meta":{"origin":94169,"position":0},"title":"Escuelas Vocacionales conmemoran con orgullo la Batalla del 30 de Marzo en Santiago de los Caballeros","author":"Nelson Feliz","date":"30 de marzo de 2025","format":false,"excerpt":"La Direcci\u00f3n General de las Escuelas Vocacionales de las Fuerzas Armadas y de la Polic\u00eda Nacional (DIGEV) del Ministerio de Defensa (MIDE) conmemoraron la gloriosa Batalla del 30 de Marzo de 1844, librada en Santiago de los Caballeros, recordando as\u00ed el valor y sacrificio de aquellos h\u00e9roes nacionales que defendieron\u2026","rel":"","context":"En \u00abMILITARES\u00bb","block_context":{"text":"MILITARES","link":"https:\/\/lasprimeras.com.do\/index.php\/category\/militares\/"},"img":{"alt_text":"","src":"https:\/\/i0.wp.com\/lasprimeras.com.do\/wp-content\/uploads\/2025\/03\/Jose-Ramon-Reyes-Suarez.jpg?resize=350%2C200&ssl=1","width":350,"height":200,"srcset":"https:\/\/i0.wp.com\/lasprimeras.com.do\/wp-content\/uploads\/2025\/03\/Jose-Ramon-Reyes-Suarez.jpg?resize=350%2C200&ssl=1 1x, https:\/\/i0.wp.com\/lasprimeras.com.do\/wp-content\/uploads\/2025\/03\/Jose-Ramon-Reyes-Suarez.jpg?resize=525%2C300&ssl=1 1.5x, https:\/\/i0.wp.com\/lasprimeras.com.do\/wp-content\/uploads\/2025\/03\/Jose-Ramon-Reyes-Suarez.jpg?resize=700%2C400&ssl=1 2x"},"classes":[]},{"id":116038,"url":"https:\/\/lasprimeras.com.do\/index.php\/2025\/11\/26\/ministerio-de-defensa-entrega-46799-nuevos-tecnicos-a-traves-de-las-escuelas-vocacionales\/","url_meta":{"origin":94169,"position":1},"title":"Ministerio de Defensa entrega 46,799 nuevos t\u00e9cnicos a trav\u00e9s de las Escuelas Vocacionales","author":"Nelson Feliz","date":"26 de noviembre de 2025","format":false,"excerpt":"El DIGEV alcanza una cifra hist\u00f3rica de 509,875 egresados. El Ministerio de Defensa (MIDE), a trav\u00e9s de la Direcci\u00f3n General de las Escuelas Vocacionales de las Fuerzas Armadas y de la Polic\u00eda Nacional (DIGEV), culmin\u00f3 este mi\u00e9rcoles el programa acad\u00e9mico correspondiente al per\u00edodo 2025 con la investidura de 46,799 nuevos\u2026","rel":"","context":"En \u00abMILITARES\u00bb","block_context":{"text":"MILITARES","link":"https:\/\/lasprimeras.com.do\/index.php\/category\/militares\/"},"img":{"alt_text":"","src":"https:\/\/i0.wp.com\/lasprimeras.com.do\/wp-content\/uploads\/2025\/11\/principal-1.jpg?resize=350%2C200&ssl=1","width":350,"height":200,"srcset":"https:\/\/i0.wp.com\/lasprimeras.com.do\/wp-content\/uploads\/2025\/11\/principal-1.jpg?resize=350%2C200&ssl=1 1x, https:\/\/i0.wp.com\/lasprimeras.com.do\/wp-content\/uploads\/2025\/11\/principal-1.jpg?resize=525%2C300&ssl=1 1.5x, https:\/\/i0.wp.com\/lasprimeras.com.do\/wp-content\/uploads\/2025\/11\/principal-1.jpg?resize=700%2C400&ssl=1 2x"},"classes":[]},{"id":102271,"url":"https:\/\/lasprimeras.com.do\/index.php\/2025\/07\/02\/escuelas-vocacionales-inician-segundo-semestre-del-ano-2025-a-nivel-nacional\/","url_meta":{"origin":94169,"position":2},"title":"Escuelas Vocacionales inician segundo semestre del a\u00f1o 2025 a nivel nacional","author":"Nelson Feliz","date":"2 de julio de 2025","format":false,"excerpt":"La Direcci\u00f3n General de las Escuelas Vocacionales de las Fuerzas Armadas y de la Polic\u00eda Nacional (DIGEV), del Ministerio de Defensa (MIDE), dieron formal inicio al segundo semestre acad\u00e9mico del a\u00f1o 2025, iniciando con una matr\u00edcula de inscritos de m\u00e1s de 25,000 estudiantes distribuidos en sus 31 escuelas y 4\u2026","rel":"","context":"En \u00abMILITARES\u00bb","block_context":{"text":"MILITARES","link":"https:\/\/lasprimeras.com.do\/index.php\/category\/militares\/"},"img":{"alt_text":"","src":"https:\/\/i0.wp.com\/lasprimeras.com.do\/wp-content\/uploads\/2025\/07\/escuelas-1.jpg?resize=350%2C200&ssl=1","width":350,"height":200,"srcset":"https:\/\/i0.wp.com\/lasprimeras.com.do\/wp-content\/uploads\/2025\/07\/escuelas-1.jpg?resize=350%2C200&ssl=1 1x, https:\/\/i0.wp.com\/lasprimeras.com.do\/wp-content\/uploads\/2025\/07\/escuelas-1.jpg?resize=525%2C300&ssl=1 1.5x, https:\/\/i0.wp.com\/lasprimeras.com.do\/wp-content\/uploads\/2025\/07\/escuelas-1.jpg?resize=700%2C400&ssl=1 2x"},"classes":[]},{"id":111996,"url":"https:\/\/lasprimeras.com.do\/index.php\/2025\/10\/16\/digev-conmemora-59-anos-de-su-fundacion-en-bani\/","url_meta":{"origin":94169,"position":3},"title":"DIGEV conmemora 59 a\u00f1os de su fundaci\u00f3n en Ban\u00ed","author":"Nelson Feliz","date":"16 de octubre de 2025","format":false,"excerpt":"Con una emotiva ceremonia religiosa y una exposici\u00f3n educativa, las Escuelas Vocacionales de las Fuerzas Armadas y de la Polic\u00eda Nacional (DIGEV), del Ministerio de Defensa (MIDE), celebraron el 59.\u00ba aniversario de la fundaci\u00f3n de su primera sede, establecida en la ciudad de Ban\u00ed en el a\u00f1o 1966. El acto\u2026","rel":"","context":"En \u00abMILITARES\u00bb","block_context":{"text":"MILITARES","link":"https:\/\/lasprimeras.com.do\/index.php\/category\/militares\/"},"img":{"alt_text":"","src":"https:\/\/i0.wp.com\/lasprimeras.com.do\/wp-content\/uploads\/2025\/10\/misa.jpg?resize=350%2C200&ssl=1","width":350,"height":200,"srcset":"https:\/\/i0.wp.com\/lasprimeras.com.do\/wp-content\/uploads\/2025\/10\/misa.jpg?resize=350%2C200&ssl=1 1x, https:\/\/i0.wp.com\/lasprimeras.com.do\/wp-content\/uploads\/2025\/10\/misa.jpg?resize=525%2C300&ssl=1 1.5x, https:\/\/i0.wp.com\/lasprimeras.com.do\/wp-content\/uploads\/2025\/10\/misa.jpg?resize=700%2C400&ssl=1 2x"},"classes":[]},{"id":94110,"url":"https:\/\/lasprimeras.com.do\/index.php\/2025\/02\/25\/efemerides-patrias-y-ministerio-de-defensa-inauguran-exposicion-identitaria\/","url_meta":{"origin":94169,"position":4},"title":"Efem\u00e9rides Patrias y Ministerio de Defensa inauguran exposici\u00f3n identitaria","author":"Nelson Feliz","date":"25 de febrero de 2025","format":false,"excerpt":"La muestra que exhibe 130 im\u00e1genes estar\u00e1 abierta al p\u00fablico hasta el 20 de marzo de 2025 En el marco del \u201cMes de la Patria 2025\u201d, la Comisi\u00f3n Permanente de Efem\u00e9rides Patrias, conjuntamente con el Ministerio de Defensa inaugur\u00f3 la exposici\u00f3n-museo a cielo abierto temporal, de car\u00e1cter patri\u00f3tico, art\u00edstico y\u2026","rel":"","context":"En \u00abNACIONALES\u00bb","block_context":{"text":"NACIONALES","link":"https:\/\/lasprimeras.com.do\/index.php\/category\/nacionales\/"},"img":{"alt_text":"","src":"https:\/\/i0.wp.com\/lasprimeras.com.do\/wp-content\/uploads\/2025\/02\/Foto-4-Coronel-Socrates-Suazo-Ruiz-explica-detalles-de-la-exposicion.jpg?resize=350%2C200&ssl=1","width":350,"height":200,"srcset":"https:\/\/i0.wp.com\/lasprimeras.com.do\/wp-content\/uploads\/2025\/02\/Foto-4-Coronel-Socrates-Suazo-Ruiz-explica-detalles-de-la-exposicion.jpg?resize=350%2C200&ssl=1 1x, https:\/\/i0.wp.com\/lasprimeras.com.do\/wp-content\/uploads\/2025\/02\/Foto-4-Coronel-Socrates-Suazo-Ruiz-explica-detalles-de-la-exposicion.jpg?resize=525%2C300&ssl=1 1.5x, https:\/\/i0.wp.com\/lasprimeras.com.do\/wp-content\/uploads\/2025\/02\/Foto-4-Coronel-Socrates-Suazo-Ruiz-explica-detalles-de-la-exposicion.jpg?resize=700%2C400&ssl=1 2x"},"classes":[]},{"id":119538,"url":"https:\/\/lasprimeras.com.do\/index.php\/2026\/01\/14\/mide-abre-el-ano-escolar-2026-de-las-escuelas-vocacionales-a-nivel-nacional\/","url_meta":{"origin":94169,"position":5},"title":"MIDE abre el a\u00f1o escolar 2026 de las Escuelas Vocacionales a nivel nacional","author":"Nelson Feliz","date":"14 de enero de 2026","format":false,"excerpt":"El Ministerio de Defensa (MIDE), a trav\u00e9s de la Direcci\u00f3n General de las Escuelas Vocacionales de las Fuerzas Armadas y de la Polic\u00eda Nacional (DIGEV), dej\u00f3 formalmente iniciado el a\u00f1o escolar 2026, de manera simult\u00e1nea en todas las sedes de DIGEV a nivel nacional, con una matr\u00edcula inicial que supera\u2026","rel":"","context":"En \u00abMILITARES\u00bb","block_context":{"text":"MILITARES","link":"https:\/\/lasprimeras.com.do\/index.php\/category\/militares\/"},"img":{"alt_text":"","src":"https:\/\/i0.wp.com\/lasprimeras.com.do\/wp-content\/uploads\/2026\/01\/IMG-20260113-WA0772.jpg?resize=350%2C200&ssl=1","width":350,"height":200,"srcset":"https:\/\/i0.wp.com\/lasprimeras.com.do\/wp-content\/uploads\/2026\/01\/IMG-20260113-WA0772.jpg?resize=350%2C200&ssl=1 1x, https:\/\/i0.wp.com\/lasprimeras.com.do\/wp-content\/uploads\/2026\/01\/IMG-20260113-WA0772.jpg?resize=525%2C300&ssl=1 1.5x, https:\/\/i0.wp.com\/lasprimeras.com.do\/wp-content\/uploads\/2026\/01\/IMG-20260113-WA0772.jpg?resize=700%2C400&ssl=1 2x, https:\/\/i0.wp.com\/lasprimeras.com.do\/wp-content\/uploads\/2026\/01\/IMG-20260113-WA0772.jpg?resize=1050%2C600&ssl=1 3x"},"classes":[]}],"jetpack_sharing_enabled":true,"jetpack_featured_media_url":"https:\/\/lasprimeras.com.do\/wp-content\/uploads\/2025\/02\/Escuelas-Vocacionales-1.jpg","_links":{"self":[{"href":"https:\/\/lasprimeras.com.do\/index.php\/wp-json\/wp\/v2\/posts\/94169","targetHints":{"allow":["GET"]}}],"collection":[{"href":"https:\/\/lasprimeras.com.do\/index.php\/wp-json\/wp\/v2\/posts"}],"about":[{"href":"https:\/\/lasprimeras.com.do\/index.php\/wp-json\/wp\/v2\/types\/post"}],"author":[{"embeddable":true,"href":"https:\/\/lasprimeras.com.do\/index.php\/wp-json\/wp\/v2\/users\/2"}],"replies":[{"embeddable":true,"href":"https:\/\/lasprimeras.com.do\/index.php\/wp-json\/wp\/v2\/comments?post=94169"}],"version-history":[{"count":1,"href":"https:\/\/lasprimeras.com.do\/index.php\/wp-json\/wp\/v2\/posts\/94169\/revisions"}],"predecessor-version":[{"id":94171,"href":"https:\/\/lasprimeras.com.do\/index.php\/wp-json\/wp\/v2\/posts\/94169\/revisions\/94171"}],"wp:featuredmedia":[{"embeddable":true,"href":"https:\/\/lasprimeras.com.do\/index.php\/wp-json\/wp\/v2\/media\/94170"}],"wp:attachment":[{"href":"https:\/\/lasprimeras.com.do\/index.php\/wp-json\/wp\/v2\/media?parent=94169"}],"wp:term":[{"taxonomy":"category","embeddable":true,"href":"https:\/\/lasprimeras.com.do\/index.php\/wp-json\/wp\/v2\/categories?post=94169"},{"taxonomy":"post_tag","embeddable":true,"href":"https:\/\/lasprimeras.com.do\/index.php\/wp-json\/wp\/v2\/tags?post=94169"}],"curies":[{"name":"wp","href":"https:\/\/api.w.org\/{rel}","templated":true}]}}