{"id":94177,"date":"2025-02-26T07:59:26","date_gmt":"2025-02-26T11:59:26","guid":{"rendered":"https:\/\/lasprimeras.com.do\/?p=94177"},"modified":"2025-02-26T07:59:27","modified_gmt":"2025-02-26T11:59:27","slug":"organizaciones-reconocen-gestion-marcelo-peguero-en-ministerio-presidencia","status":"publish","type":"post","link":"https:\/\/lasprimeras.com.do\/index.php\/2025\/02\/26\/organizaciones-reconocen-gestion-marcelo-peguero-en-ministerio-presidencia\/","title":{"rendered":"Organizaciones reconocen gesti\u00f3n Marcelo Peguero en Ministerio Presidencia"},"content":{"rendered":"\n<p class=\"wp-block-paragraph\"><strong>Las entidades destacan su incansable labor en la mejora de la calidad institucional y su compromiso con el desarrollo social del pa\u00eds.<\/strong><\/p>\n\n\n\n<p class=\"wp-block-paragraph\">La Fundaci\u00f3n para el Bienestar de la Mujer Dominicana (FUBIMUD) y la Coordinadora Nacional de Organizaciones de la Sociedad Civil (CONAORCI) reconocieron a Evaristo Marcelo Peguero Peralta, director del Departamento de Desarrollo Institucional y Calidad en Gesti\u00f3n, del Ministerio de la Presidencia, por su destacado trabajo, sensibilidad humana y excelente desempe\u00f1o como servidor p\u00fablico.<\/p>\n\n\n\n<p class=\"wp-block-paragraph\">El reconocimiento se le otorg\u00f3 en honor a su contribuci\u00f3n en la promoci\u00f3n, fortalecimiento y apoyo a las organizaciones sin fines de lucro en la Rep\u00fablica Dominicana.<\/p>\n\n\n\n<p class=\"wp-block-paragraph\">Las instituciones expresaron que, a trav\u00e9s de su eficiente gesti\u00f3n y su capacidad para liderar proyectos de gran impacto, ha logrado fortalecer el sector de la sociedad civil, especialmente en lo que respecta a la sostenibilidad de las organizaciones que trabajan en pro de la igualdad de g\u00e9nero, el bienestar social y el desarrollo comunitario.<\/p>\n\n\n\n<p class=\"wp-block-paragraph\">El pergamino le fue entregado durante una ceremonia en su despacho, encabezada por Yaneris Ledesma Suarez, presidenta de FUBIMUD; Graciano Jim\u00e9nez, director de Proyecto, y destacados miembros de ambas instituciones.<\/p>\n\n\n\n<p class=\"wp-block-paragraph\">Ledesma Su\u00e1rez resalt\u00f3 los valores de integridad, dedicaci\u00f3n y responsabilidad de Peguero Peralta, lo cual ha demostrado a lo largo de su carrera profesional, as\u00ed como su profunda sensibilidad hacia las necesidades de las mujeres y comunidades m\u00e1s vulnerables del pa\u00eds.<\/p>\n\n\n\n<p class=\"wp-block-paragraph\">\u201cEs un honor para FUBIMUD y CONAORCI poder reconocer a personas como Evaristo Marcelo Peguero Peralta, cuyo trabajo ha sido fundamental para el desarrollo de pol\u00edticas p\u00fablicas que beneficien a las organizaciones de la sociedad civil, que son pilares en la lucha por la equidad, la justicia y el bienestar social\u201d, expres\u00f3 Ledesma Su\u00e1rez.<\/p>\n\n\n\n<p class=\"wp-block-paragraph\">Por su parte, Peguero Peralta expres\u00f3 su gratitud por el reconocimiento y reafirm\u00f3 su compromiso con el fortalecimiento de las instituciones y organizaciones que contribuyen al progreso de la sociedad dominicana.<\/p>\n\n\n\n<p class=\"wp-block-paragraph\">\u201cEste reconocimiento es un reflejo del trabajo colectivo que realizamos todos los d\u00edas en beneficio de las causas m\u00e1s nobles, y me comprometo a seguir impulsando acciones que impacten positivamente a las comunidades m\u00e1s necesitadas\u201d, manifest\u00f3.<\/p>\n\n\n\n<p class=\"wp-block-paragraph\">Con este reconocimiento, FUBIMUD y CONAORCI reafirman su compromiso con la promoci\u00f3n de la labor de servidores p\u00fablicos que, con su dedicaci\u00f3n y \u00e9tica profesional, contribuyen al bienestar colectivo y al fortalecimiento del sector social en la Rep\u00fablica Dominicana.<\/p>\n","protected":false},"excerpt":{"rendered":"<p>Las entidades destacan su incansable labor en la mejora de la calidad institucional y su compromiso con el desarrollo social del pa\u00eds. La Fundaci\u00f3n para el Bienestar de la Mujer&hellip;<\/p>\n","protected":false},"author":2,"featured_media":94178,"comment_status":"open","ping_status":"open","sticky":false,"template":"","format":"standard","meta":{"content-type":"","_jetpack_newsletter_access":"","_jetpack_dont_email_post_to_subs":false,"_jetpack_newsletter_tier_id":0,"_jetpack_memberships_contains_paywalled_content":false,"_jetpack_feature_clip_id":0,"_jetpack_memberships_contains_paid_content":false,"footnotes":"","jetpack_post_was_ever_published":false},"categories":[35],"tags":[17625,17627,17626,986,1667],"class_list":["post-94177","post","type-post","status-publish","format-standard","has-post-thumbnail","hentry","category-nacionales","tag-conaorci","tag-marcelo-peguero","tag-ministerio-presidencia","tag-organizaciones","tag-reconocen"],"jetpack-related-posts":[{"id":105887,"url":"https:\/\/lasprimeras.com.do\/index.php\/2025\/08\/08\/adan-peguero-celebra-triunfo-del-prm-en-el-codia\/","url_meta":{"origin":94177,"position":0},"title":"Ad\u00e1n Peguero celebra triunfo del PRM en el CODIA","author":"Nelson Feliz","date":"8 de agosto de 2025","format":false,"excerpt":"Destaca papel clave de Robert Polanco y Dio Astacio en contundente triunfo del PRM en elecciones del CODIA en Santo Domingo. El presidente del Partido Revolucionario Moderno (PRM) en Santo Domingo Este, Ing. Ad\u00e1n Peguero, calific\u00f3 como \u201chist\u00f3rico y estrat\u00e9gico\u201d el triunfo de la Plancha No. 01 encabezada por el\u2026","rel":"","context":"En \u00abPOLITICA\u00bb","block_context":{"text":"POLITICA","link":"https:\/\/lasprimeras.com.do\/index.php\/category\/politica\/"},"img":{"alt_text":"","src":"https:\/\/i0.wp.com\/lasprimeras.com.do\/wp-content\/uploads\/2025\/08\/AdanPeguero5.04-PM.jpeg?resize=350%2C200&ssl=1","width":350,"height":200,"srcset":"https:\/\/i0.wp.com\/lasprimeras.com.do\/wp-content\/uploads\/2025\/08\/AdanPeguero5.04-PM.jpeg?resize=350%2C200&ssl=1 1x, https:\/\/i0.wp.com\/lasprimeras.com.do\/wp-content\/uploads\/2025\/08\/AdanPeguero5.04-PM.jpeg?resize=525%2C300&ssl=1 1.5x, https:\/\/i0.wp.com\/lasprimeras.com.do\/wp-content\/uploads\/2025\/08\/AdanPeguero5.04-PM.jpeg?resize=700%2C400&ssl=1 2x"},"classes":[]},{"id":134691,"url":"https:\/\/lasprimeras.com.do\/index.php\/2026\/07\/14\/alianza-ministerial-y-onu-fortaleceran-formacion-turistica\/","url_meta":{"origin":94177,"position":1},"title":"Alianza ministerial y ONU fortalecer\u00e1n formaci\u00f3n tur\u00edstica","author":"Nelson Feliz","date":"14 de julio de 2026","format":false,"excerpt":"Santo Domingo Este.\u2013 El Ministerio de Defensa (MIDE), a trav\u00e9s de las Escuelas Vocacionales de las Fuerzas Armadas y de la Polic\u00eda Nacional (DIGEV), contin\u00faa fortaleciendo sus alianzas estrat\u00e9gicas orientadas a la capacitaci\u00f3n, empleabilidad y desarrollo del talento humano dominicano, mediante el acercamiento y la cooperaci\u00f3n con organismos nacionales e\u2026","rel":"","context":"En \u00abMILITARES\u00bb","block_context":{"text":"MILITARES","link":"https:\/\/lasprimeras.com.do\/index.php\/category\/militares\/"},"img":{"alt_text":"","src":"https:\/\/i0.wp.com\/lasprimeras.com.do\/wp-content\/uploads\/2026\/07\/MIDE-1.jpg?resize=350%2C200&ssl=1","width":350,"height":200,"srcset":"https:\/\/i0.wp.com\/lasprimeras.com.do\/wp-content\/uploads\/2026\/07\/MIDE-1.jpg?resize=350%2C200&ssl=1 1x, https:\/\/i0.wp.com\/lasprimeras.com.do\/wp-content\/uploads\/2026\/07\/MIDE-1.jpg?resize=525%2C300&ssl=1 1.5x, https:\/\/i0.wp.com\/lasprimeras.com.do\/wp-content\/uploads\/2026\/07\/MIDE-1.jpg?resize=700%2C400&ssl=1 2x"},"classes":[]},{"id":133067,"url":"https:\/\/lasprimeras.com.do\/index.php\/2026\/06\/10\/ministerio-publico-arresta-a-wilkin-garcia-peguero\/","url_meta":{"origin":94177,"position":2},"title":"Ministerio P\u00fablico arresta a Wilkin Garc\u00eda Peguero","author":"Nelson Feliz","date":"10 de junio de 2026","format":false,"excerpt":"La Unidad de Captura de Pr\u00f3fugos, Rebeldes y Condenados (Ucaprec), bajo la direcci\u00f3n de la fiscal Andry De Los Santos, ejecut\u00f3 la operaci\u00f3n junto con el Departamento Operativo II de la Unidad Central de B\u00fasqueda y Captura de Pr\u00f3fugos, Rebeldes y condenados de la Polic\u00eda Nacional SANTO DOMINGO (RD).- El\u2026","rel":"","context":"En \u00abJUSTICIA\u00bb","block_context":{"text":"JUSTICIA","link":"https:\/\/lasprimeras.com.do\/index.php\/category\/justicia\/"},"img":{"alt_text":"Wilkin Garc\u00eda Peguero","src":"https:\/\/i0.wp.com\/lasprimeras.com.do\/wp-content\/uploads\/2026\/06\/Wilkin-Garcia-Peguero.jpg?resize=350%2C200&ssl=1","width":350,"height":200,"srcset":"https:\/\/i0.wp.com\/lasprimeras.com.do\/wp-content\/uploads\/2026\/06\/Wilkin-Garcia-Peguero.jpg?resize=350%2C200&ssl=1 1x, https:\/\/i0.wp.com\/lasprimeras.com.do\/wp-content\/uploads\/2026\/06\/Wilkin-Garcia-Peguero.jpg?resize=525%2C300&ssl=1 1.5x, https:\/\/i0.wp.com\/lasprimeras.com.do\/wp-content\/uploads\/2026\/06\/Wilkin-Garcia-Peguero.jpg?resize=700%2C400&ssl=1 2x"},"classes":[]},{"id":120333,"url":"https:\/\/lasprimeras.com.do\/index.php\/2026\/01\/22\/republica-dominicana-asume-presidencias-pro-tempore-en-turismo-regional-durante-fitur-2026\/","url_meta":{"origin":94177,"position":3},"title":"Rep\u00fablica Dominicana asume presidencias Pro T\u00e9mpore en turismo regional durante Fitur 2026","author":"Nelson Feliz","date":"22 de enero de 2026","format":false,"excerpt":"En el centro, el viceministro de Turismo de Rep\u00fablica Dominicana, Carlos Peguero, al recibir ambas presidencias.","rel":"","context":"En \u00abPORTADA\u00bb","block_context":{"text":"PORTADA","link":"https:\/\/lasprimeras.com.do\/index.php\/category\/portada\/"},"img":{"alt_text":"En el centro, el viceministro de Turismo de Rep\u00fablica Dominicana, Carlos Peguero, al recibir ambas presidencias.","src":"https:\/\/i0.wp.com\/lasprimeras.com.do\/wp-content\/uploads\/2026\/01\/Carlos-Peguero.jpg?resize=350%2C200&ssl=1","width":350,"height":200,"srcset":"https:\/\/i0.wp.com\/lasprimeras.com.do\/wp-content\/uploads\/2026\/01\/Carlos-Peguero.jpg?resize=350%2C200&ssl=1 1x, https:\/\/i0.wp.com\/lasprimeras.com.do\/wp-content\/uploads\/2026\/01\/Carlos-Peguero.jpg?resize=525%2C300&ssl=1 1.5x, https:\/\/i0.wp.com\/lasprimeras.com.do\/wp-content\/uploads\/2026\/01\/Carlos-Peguero.jpg?resize=700%2C400&ssl=1 2x"},"classes":[]},{"id":113643,"url":"https:\/\/lasprimeras.com.do\/index.php\/2025\/11\/04\/abinader-declara-duelo-oficial-por-el-fallecimiento-de-marcelo-bermudez-estrella\/","url_meta":{"origin":94177,"position":4},"title":"Abinader declara duelo oficial por el fallecimiento de Marcelo Berm\u00fadez Estrella","author":"Nelson Feliz","date":"4 de noviembre de 2025","format":false,"excerpt":"El presidente Luis Abinader mediante el Decreto n\u00fam. 630-25, del lunes 3 de noviembre, declar\u00f3 duelo oficial durante el martes 4 de noviembre de 2025 por el fallecimiento del se\u00f1or Marcelo Felipe de Jes\u00fas Berm\u00fadez Estrella, conocido entre sus allegados como Milito. En las motivaciones del decreto se recuerda que\u2026","rel":"","context":"En \u00abNACIONALES\u00bb","block_context":{"text":"NACIONALES","link":"https:\/\/lasprimeras.com.do\/index.php\/category\/nacionales\/"},"img":{"alt_text":"Marcelo Berm\u00fadez","src":"https:\/\/i0.wp.com\/lasprimeras.com.do\/wp-content\/uploads\/2025\/11\/Marcelo-Bermudez.jpg?resize=350%2C200&ssl=1","width":350,"height":200,"srcset":"https:\/\/i0.wp.com\/lasprimeras.com.do\/wp-content\/uploads\/2025\/11\/Marcelo-Bermudez.jpg?resize=350%2C200&ssl=1 1x, https:\/\/i0.wp.com\/lasprimeras.com.do\/wp-content\/uploads\/2025\/11\/Marcelo-Bermudez.jpg?resize=525%2C300&ssl=1 1.5x, https:\/\/i0.wp.com\/lasprimeras.com.do\/wp-content\/uploads\/2025\/11\/Marcelo-Bermudez.jpg?resize=700%2C400&ssl=1 2x"},"classes":[]},{"id":136404,"url":"https:\/\/lasprimeras.com.do\/index.php\/2026\/08\/03\/adan-peguero-respalda-que-abinader-asuma-la-presidencia-del-prm\/","url_meta":{"origin":94177,"position":5},"title":"Ad\u00e1n Peguero respalda que Abinader asuma la presidencia del PRM","author":"Nelson Feliz","date":"3 de agosto de 2026","format":false,"excerpt":"Presidente del PRM en Santo Domingo Este, apuesta por la unidad interna bajo el liderazgo del mandatario para asegurar la continuidad del partido en 2028. Santo Domingo Este. \u2013 El dirigente pol\u00edtico Ad\u00e1n Peguero expres\u00f3 su respaldo a la propuesta de que el presidente Luis Abinader asuma la presidencia del\u2026","rel":"","context":"En \u00abPOLITICA\u00bb","block_context":{"text":"POLITICA","link":"https:\/\/lasprimeras.com.do\/index.php\/category\/politica\/"},"img":{"alt_text":"Adan Peguero","src":"https:\/\/i0.wp.com\/lasprimeras.com.do\/wp-content\/uploads\/2026\/08\/Adan-Peguero.jpg?resize=350%2C200&ssl=1","width":350,"height":200,"srcset":"https:\/\/i0.wp.com\/lasprimeras.com.do\/wp-content\/uploads\/2026\/08\/Adan-Peguero.jpg?resize=350%2C200&ssl=1 1x, https:\/\/i0.wp.com\/lasprimeras.com.do\/wp-content\/uploads\/2026\/08\/Adan-Peguero.jpg?resize=525%2C300&ssl=1 1.5x"},"classes":[]}],"jetpack_sharing_enabled":true,"jetpack_featured_media_url":"https:\/\/lasprimeras.com.do\/wp-content\/uploads\/2025\/02\/Marcelo-Peguero.jpg","_links":{"self":[{"href":"https:\/\/lasprimeras.com.do\/index.php\/wp-json\/wp\/v2\/posts\/94177","targetHints":{"allow":["GET"]}}],"collection":[{"href":"https:\/\/lasprimeras.com.do\/index.php\/wp-json\/wp\/v2\/posts"}],"about":[{"href":"https:\/\/lasprimeras.com.do\/index.php\/wp-json\/wp\/v2\/types\/post"}],"author":[{"embeddable":true,"href":"https:\/\/lasprimeras.com.do\/index.php\/wp-json\/wp\/v2\/users\/2"}],"replies":[{"embeddable":true,"href":"https:\/\/lasprimeras.com.do\/index.php\/wp-json\/wp\/v2\/comments?post=94177"}],"version-history":[{"count":2,"href":"https:\/\/lasprimeras.com.do\/index.php\/wp-json\/wp\/v2\/posts\/94177\/revisions"}],"predecessor-version":[{"id":94180,"href":"https:\/\/lasprimeras.com.do\/index.php\/wp-json\/wp\/v2\/posts\/94177\/revisions\/94180"}],"wp:featuredmedia":[{"embeddable":true,"href":"https:\/\/lasprimeras.com.do\/index.php\/wp-json\/wp\/v2\/media\/94178"}],"wp:attachment":[{"href":"https:\/\/lasprimeras.com.do\/index.php\/wp-json\/wp\/v2\/media?parent=94177"}],"wp:term":[{"taxonomy":"category","embeddable":true,"href":"https:\/\/lasprimeras.com.do\/index.php\/wp-json\/wp\/v2\/categories?post=94177"},{"taxonomy":"post_tag","embeddable":true,"href":"https:\/\/lasprimeras.com.do\/index.php\/wp-json\/wp\/v2\/tags?post=94177"}],"curies":[{"name":"wp","href":"https:\/\/api.w.org\/{rel}","templated":true}]}}