{"id":94181,"date":"2025-02-20T08:05:30","date_gmt":"2025-02-20T12:05:30","guid":{"rendered":"https:\/\/lasprimeras.com.do\/?p=94181"},"modified":"2025-02-26T08:10:13","modified_gmt":"2025-02-26T12:10:13","slug":"sancionaran-a-empresas-y-personas-que-incumplan-regulaciones-en-uso-de-plaguicidas","status":"publish","type":"post","link":"https:\/\/lasprimeras.com.do\/index.php\/2025\/02\/20\/sancionaran-a-empresas-y-personas-que-incumplan-regulaciones-en-uso-de-plaguicidas\/","title":{"rendered":"Sancionar\u00e1n a empresas y personas que incumplan regulaciones en uso de plaguicidas"},"content":{"rendered":"\n<p class=\"wp-block-paragraph\"><strong>Instituciones gubernamentales presentan medidas preventivas para evitar intoxicaciones por plaguicidas en entornos escolares y comunitarios.<\/strong><\/p>\n\n\n\n<p class=\"wp-block-paragraph\">Con el objetivo de proteger la salud p\u00fablica, el bienestar de las personas y el medio ambiente, los ministerios de Salud, Medio Ambiente, Educaci\u00f3n, Agricultura, Interior y Polic\u00eda, junto a la Procuradur\u00eda General de la Rep\u00fablica y el Instituto Dominicano de Aviaci\u00f3n Civil (IDAC), anunciaron que impondr\u00e1n sanciones y procesar\u00e1n penalmente a aquellos responsables de la fumigaci\u00f3n ilegal que ponga en peligro la salud, principalmente en entornos escolares.<\/p>\n\n\n\n<p class=\"wp-block-paragraph\">Esta iniciativa surge a ra\u00edz de los incidentes de intoxicaci\u00f3n en estudiantes y docentes a causa de fumigaciones a\u00e9reas y terrestres, en escuelas de la provincia Duarte y otras zonas del pa\u00eds.<\/p>\n\n\n\n<p class=\"wp-block-paragraph\">Las autoridades indicaron que el uso de drones para fumigar a\u00fan no est\u00e1 regulado adecuadamente, lo que genera riesgos, por lo que acordaron implementar un mecanismo de vigilancia interinstitucional para garantizar el cumplimiento de las normativas vigentes y proteger a la poblaci\u00f3n. Esta iniciativa surge en respuesta a recientes incidentes de intoxicaci\u00f3n en escuelas de la provincia Duarte y otras localidades del pa\u00eds.<\/p>\n\n\n\n<p class=\"wp-block-paragraph\">El ministro de Salud, V\u00edctor Atallah, al leer la declaraci\u00f3n conjunta, reafirm\u00f3 el compromiso del gobierno con la protecci\u00f3n de la salud p\u00fablica.<\/p>\n\n\n\n<p class=\"wp-block-paragraph\">&#8220;Los Ministerios firmantes asumen la responsabilidad de garantizar la protecci\u00f3n de la salud p\u00fablica y el medio ambiente, asegurando el cumplimiento estricto de las normativas vigentes. Esta declaraci\u00f3n establece las bases para una acci\u00f3n coordinada y eficaz en la vigilancia de las fumigaciones con pesticidas, especialmente en entornos escolares y comunitarios&#8221;, afirm\u00f3 Atallah.<\/p>\n\n\n\n<p class=\"wp-block-paragraph\">Medidas de acci\u00f3n y vigilancia<\/p>\n\n\n\n<p class=\"wp-block-paragraph\">A partir de la pr\u00f3xima semana, las entidades involucradas, desplegar\u00e1n una \u201cMisi\u00f3n Operativa&#8221; en las zonas de mayor riesgo, con \u00e9nfasis en aquellas \u00e1reas donde ya se han registrado incidentes previos.<\/p>\n\n\n\n<p class=\"wp-block-paragraph\">Las medidas incluyen acciones seg\u00fan correspondan: Salud P\u00fablica, implementar\u00e1 un programa de capacitaci\u00f3n obligatoria para los aplicadores de plaguicidas, que incluir\u00e1 la certificaci\u00f3n correspondiente. Este programa ser\u00e1 coordinado por los Ministerios competentes a trav\u00e9s del Departamento de Salud Ambiental y sus representaciones provinciales.<\/p>\n\n\n\n<p class=\"wp-block-paragraph\">Adem\u00e1s, se establecer\u00e1 un sistema de vigilancia epidemiol\u00f3gica continua para identificar y responder a posibles casos de intoxicaci\u00f3n.<\/p>\n\n\n\n<p class=\"wp-block-paragraph\">Educaci\u00f3n desarrollar\u00e1 programas de sensibilizaci\u00f3n en conjunto con el Ministerio de Salud, para informar a las comunidades escolares sobre los riesgos asociados a la exposici\u00f3n a pesticidas.<\/p>\n\n\n\n<p class=\"wp-block-paragraph\">Adem\u00e1s, indicar\u00e1 un per\u00edmetro de seguridad alrededor de los centros educativos, prohibiendo la fumigaci\u00f3n durante los horarios escolares.<\/p>\n\n\n\n<p class=\"wp-block-paragraph\">Asimismo, se incorporar\u00e1n a las asociaciones de padres y madres, as\u00ed como a los sindicatos docentes, en la vigilancia y notificaci\u00f3n de irregularidades relacionadas con fumigaciones cerca de las escuelas.<\/p>\n\n\n\n<p class=\"wp-block-paragraph\">En tanto, Medio Ambiente se encargar\u00e1 de monitorear el impacto ambiental de la aplicaci\u00f3n de plaguicidas en zonas cercanas a comunidades escolares y urbanas. Adem\u00e1s, implementar\u00e1 medidas de control sobre el comercio y uso de plaguicidas de alta toxicidad y mezclas de productos peligrosos.<\/p>\n\n\n\n<p class=\"wp-block-paragraph\">Agricultura crear\u00e1 un registro de aplicadores de plaguicidas y se establecer\u00e1n mecanismos de trazabilidad para la comercializaci\u00f3n de estos productos. Tambi\u00e9n reforzar\u00e1 la vigilancia y se notificar\u00e1 el uso de drones para fumigaci\u00f3n, dado que actualmente no existen normativas espec\u00edficas al respecto.<\/p>\n\n\n\n<p class=\"wp-block-paragraph\">La funci\u00f3n de la Procuradur\u00eda General de la Rep\u00fablica, a trav\u00e9s de la Procuradur\u00eda Especializada en Medio Ambiente, investigar\u00e1 y procesar\u00e1 penalmente a los responsables de fumigaciones ilegales que pongan en peligro la salud p\u00fablica, especialmente en \u00e1reas escolares. Las sanciones se aplicar\u00e1n de acuerdo con las normativas vigentes.<\/p>\n\n\n\n<p class=\"wp-block-paragraph\">De su lado, IDAC ofrecer\u00e1 apoyo en la instrumentaci\u00f3n de casos relacionados con la aviaci\u00f3n civil y garantizar\u00e1 el cumplimiento por parte de los pilotos de fumigaciones a\u00e9reas de los horarios y condiciones de vuelo, especialmente cerca de zonas escolares.<\/p>\n\n\n\n<p class=\"wp-block-paragraph\">Exhortaci\u00f3n a cumplir normativas<\/p>\n\n\n\n<p class=\"wp-block-paragraph\">Las autoridades hicieron un llamado a las empresas y personas involucradas en la fumigaci\u00f3n para que cumplan con las leyes y regulaciones nacionales e internacionales.<\/p>\n\n\n\n<p class=\"wp-block-paragraph\">Con estas medidas, el gobierno busca proteger la salud de la poblaci\u00f3n y garantizar que el uso de plaguicidas en el pa\u00eds se realice de manera responsable y bajo estrictas normativas para evitar da\u00f1os a la salud, especialmente en entornos educativos y comunitarios.<\/p>\n\n\n\n<p class=\"wp-block-paragraph\">Estas declaraciones fueron ofrecidas en conferencia de prensa encabezada por el ministro de Salud, V\u00edctor Atallah, de Agricultura Limber Cruz L\u00f3pez, Pa\u00edno Henr\u00edquez, de Medio Ambiente, adem\u00e1s, el Magistrado Pedro Fr\u00edas Morillo, Procurador adjunto, Igor Rodr\u00edguez, director del IDAC, y representantes de las diversas instituciones participantes.<\/p>\n\n\n\n<p class=\"wp-block-paragraph\">Por el MSP estuvieron, Eladio P\u00e9rez, viceministro de Salud Colectiva, Luis Nelson Rosario, DPS\/DAS, Ronald Skewes, DIEPI, Gina Estrella, Gesti\u00f3n de Riesgos, Carlos Cueto, Salud Ambiental MSP y Jes\u00fas Enmanuel Hern\u00e1ndez, director Jur\u00eddico.<\/p>\n","protected":false},"excerpt":{"rendered":"<p>Instituciones gubernamentales presentan medidas preventivas para evitar intoxicaciones por plaguicidas en entornos escolares y comunitarios. Con el objetivo de proteger la salud p\u00fablica, el bienestar de las personas y el&hellip;<\/p>\n","protected":false},"author":2,"featured_media":94182,"comment_status":"open","ping_status":"open","sticky":false,"template":"","format":"standard","meta":{"content-type":"","_jetpack_newsletter_access":"","_jetpack_dont_email_post_to_subs":false,"_jetpack_newsletter_tier_id":0,"_jetpack_memberships_contains_paywalled_content":false,"_jetpack_feature_clip_id":0,"_jetpack_memberships_contains_paid_content":false,"footnotes":"","jetpack_post_was_ever_published":false},"categories":[289],"tags":[143,17630,412,17629,17631],"class_list":["post-94181","post","type-post","status-publish","format-standard","has-post-thumbnail","hentry","category-justicia","tag-empresas","tag-incumplan-regulaciones","tag-personas","tag-sancionaran","tag-uso-de-plaguicidas"],"jetpack-related-posts":[{"id":74537,"url":"https:\/\/lasprimeras.com.do\/index.php\/2024\/01\/24\/duena-apartamento-se-desliga-de-tragedia\/","url_meta":{"origin":94181,"position":0},"title":"Due\u00f1a apartamento se desliga de tragedia","author":"Nelson Feliz","date":"24 de enero de 2024","format":false,"excerpt":"Karina Baussan reside en La Florida y a trav\u00e9s de su abogado dijo empresa representada por franc\u00e9s hab\u00eda hecho proceso antes. Todav\u00eda anoche el Ministerio P\u00fablico trabajaba en la redacci\u00f3n de solicitud de medida de coerci\u00f3n contra el nacional franc\u00e9s George Antoine Thevenet, quien se encuentra detenido en la c\u00e1rcel\u2026","rel":"","context":"En \u00abNACIONALES\u00bb","block_context":{"text":"NACIONALES","link":"https:\/\/lasprimeras.com.do\/index.php\/category\/nacionales\/"},"img":{"alt_text":"George Antoine Thevenet","src":"https:\/\/i0.wp.com\/lasprimeras.com.do\/wp-content\/uploads\/2024\/01\/George-Antoine-Thevenet.jpg?resize=350%2C200&ssl=1","width":350,"height":200,"srcset":"https:\/\/i0.wp.com\/lasprimeras.com.do\/wp-content\/uploads\/2024\/01\/George-Antoine-Thevenet.jpg?resize=350%2C200&ssl=1 1x, https:\/\/i0.wp.com\/lasprimeras.com.do\/wp-content\/uploads\/2024\/01\/George-Antoine-Thevenet.jpg?resize=525%2C300&ssl=1 1.5x"},"classes":[]},{"id":50359,"url":"https:\/\/lasprimeras.com.do\/index.php\/2023\/05\/19\/este-sabado-20-es-el-dia-mundial-de-las-abejas-y-asi-lo-celebra-republica-dominicana\/","url_meta":{"origin":94181,"position":1},"title":"Este s\u00e1bado 20 es el D\u00eda Mundial de las Abejas y as\u00ed lo celebra Rep\u00fablica Dominicana","author":"prenxa100","date":"19 de mayo de 2023","format":false,"excerpt":"Santo Domingo.-.Este s\u00e1bado 20 de mayo se celebra el D\u00eda Mundial de las Abejas, para crear conciencia sobre la importancia de los polinizadores, las amenazas a las que se enfrentan y el beneficio para toda la tierra. Las abejas son los animales m\u00e1s laboriosos de la tierra, y con su\u2026","rel":"","context":"En \u00abNACIONALES\u00bb","block_context":{"text":"NACIONALES","link":"https:\/\/lasprimeras.com.do\/index.php\/category\/nacionales\/"},"img":{"alt_text":"","src":"","width":0,"height":0},"classes":[]},{"id":61375,"url":"https:\/\/lasprimeras.com.do\/index.php\/2023\/09\/26\/sisalril-sanciona-al-centro-medico-vista-del-jardin-por-cobro-indebido-de-deposito-o-anticipos-a-afiliados\/","url_meta":{"origin":94181,"position":2},"title":"Sisalril sanciona al Centro M\u00e9dico Vista del Jard\u00edn por cobro indebido de dep\u00f3sito o anticipos a afiliados","author":"Nelson Feliz","date":"26 de septiembre de 2023","format":false,"excerpt":"El director de la entidad, Jes\u00fas Feris Iglesias, advierte que primera sanci\u00f3n contra una cl\u00ednica es \u201cun aviso\u201d a las dem\u00e1s. Un total de 32 casos de reclamaciones a Prestadores de Servicios de Salud (PSS) por cobro indebido ha atendido la Superintendente de Salud y Riesgos Laborales (Sisalril) en los\u2026","rel":"","context":"En \u00abECONOM\u00cdA\u00bb","block_context":{"text":"ECONOM\u00cdA","link":"https:\/\/lasprimeras.com.do\/index.php\/category\/economia\/"},"img":{"alt_text":"Centro M\u00e9dico Vista del Jard\u00edn","src":"https:\/\/i0.wp.com\/lasprimeras.com.do\/wp-content\/uploads\/2023\/09\/Centro-Medico-Vista-del-Jardin.png?resize=350%2C200&ssl=1","width":350,"height":200,"srcset":"https:\/\/i0.wp.com\/lasprimeras.com.do\/wp-content\/uploads\/2023\/09\/Centro-Medico-Vista-del-Jardin.png?resize=350%2C200&ssl=1 1x, https:\/\/i0.wp.com\/lasprimeras.com.do\/wp-content\/uploads\/2023\/09\/Centro-Medico-Vista-del-Jardin.png?resize=525%2C300&ssl=1 1.5x, https:\/\/i0.wp.com\/lasprimeras.com.do\/wp-content\/uploads\/2023\/09\/Centro-Medico-Vista-del-Jardin.png?resize=700%2C400&ssl=1 2x"},"classes":[]},{"id":106723,"url":"https:\/\/lasprimeras.com.do\/index.php\/2025\/08\/18\/sisalril-prohibe-requerimiento-de-fotografias-de-afiliados-para-autorizacion-de-coberturas-servicios-de-salud\/","url_meta":{"origin":94181,"position":3},"title":"SISALRIL proh\u00edbe requerimiento de fotograf\u00edas de afiliados para autorizaci\u00f3n de coberturas servicios de salud","author":"Nelson Feliz","date":"18 de agosto de 2025","format":false,"excerpt":"Con esta medida, la instituci\u00f3n busca eliminar barreras innecesarias y garantizar un acceso equitativo a la salud en protecci\u00f3n de los derechos de la poblaci\u00f3n afiliada. La Superintendencia de Salud y Riesgos Laborales (SISALRIL) prohibi\u00f3 a las Administradoras de Riesgos de Salud (ARS), los Prestadores de Servicios de Salud (PSS)\u2026","rel":"","context":"En \u00abSALUD\u00bb","block_context":{"text":"SALUD","link":"https:\/\/lasprimeras.com.do\/index.php\/category\/salud\/"},"img":{"alt_text":"","src":"https:\/\/i0.wp.com\/lasprimeras.com.do\/wp-content\/uploads\/2025\/08\/SISALRIL.jpg?resize=350%2C200&ssl=1","width":350,"height":200,"srcset":"https:\/\/i0.wp.com\/lasprimeras.com.do\/wp-content\/uploads\/2025\/08\/SISALRIL.jpg?resize=350%2C200&ssl=1 1x, https:\/\/i0.wp.com\/lasprimeras.com.do\/wp-content\/uploads\/2025\/08\/SISALRIL.jpg?resize=525%2C300&ssl=1 1.5x, https:\/\/i0.wp.com\/lasprimeras.com.do\/wp-content\/uploads\/2025\/08\/SISALRIL.jpg?resize=700%2C400&ssl=1 2x"},"classes":[]},{"id":120795,"url":"https:\/\/lasprimeras.com.do\/index.php\/2026\/01\/27\/medio-ambiente-interviene-mina-de-agregados-en-nigua\/","url_meta":{"origin":94181,"position":4},"title":"Medio Ambiente interviene mina de agregados en Nigua","author":"Nelson Feliz","date":"27 de enero de 2026","format":false,"excerpt":"El Ministerio de Medio Ambiente y Recursos Naturales, a trav\u00e9s del Viceministerio de Suelos y Aguas, la Procuradur\u00eda Especializada para la Protecci\u00f3n del Medio Ambiente y los Recursos Naturales y el Servicio Nacional de Protecci\u00f3n Ambiental (SENPA), intervino la mina de agregados Aremax, la cual operaba de manera ilegal en\u2026","rel":"","context":"En \u00abMEDIO AMBIENTE\u00bb","block_context":{"text":"MEDIO AMBIENTE","link":"https:\/\/lasprimeras.com.do\/index.php\/category\/medio-ambiente\/"},"img":{"alt_text":"","src":"https:\/\/i0.wp.com\/lasprimeras.com.do\/wp-content\/uploads\/2026\/01\/unaaa.jpg?resize=350%2C200&ssl=1","width":350,"height":200,"srcset":"https:\/\/i0.wp.com\/lasprimeras.com.do\/wp-content\/uploads\/2026\/01\/unaaa.jpg?resize=350%2C200&ssl=1 1x, https:\/\/i0.wp.com\/lasprimeras.com.do\/wp-content\/uploads\/2026\/01\/unaaa.jpg?resize=525%2C300&ssl=1 1.5x, https:\/\/i0.wp.com\/lasprimeras.com.do\/wp-content\/uploads\/2026\/01\/unaaa.jpg?resize=700%2C400&ssl=1 2x"},"classes":[]},{"id":91850,"url":"https:\/\/lasprimeras.com.do\/index.php\/2024\/12\/03\/senado-aprueba-resolucion-que-solicita-cnss-y-sisalril-incluir-cobertura-para-procedimiento-gigantomastia\/","url_meta":{"origin":94181,"position":5},"title":"Senado aprueba resoluci\u00f3n que solicita CNSS y SISALRIL incluir cobertura para procedimiento gigantomastia","author":"Nelson Feliz","date":"3 de diciembre de 2024","format":false,"excerpt":"La pieza propuesta por el senador Mois\u00e9s Ayala P\u00e9rez de la provincia Barahona, fue sancionada a unanimidad por los 28 senadores presentes en la sesi\u00f3n. El Senado de la Rep\u00fablica aprob\u00f3 en \u00fanica lectura una resoluci\u00f3n mediante la cual se solicita al Consejo Nacional de la Seguridad Social (CNSS), y\u2026","rel":"","context":"En \u00abPORTADA\u00bb","block_context":{"text":"PORTADA","link":"https:\/\/lasprimeras.com.do\/index.php\/category\/portada\/"},"img":{"alt_text":"","src":"https:\/\/i0.wp.com\/lasprimeras.com.do\/wp-content\/uploads\/2024\/12\/senado.jpg?resize=350%2C200&ssl=1","width":350,"height":200,"srcset":"https:\/\/i0.wp.com\/lasprimeras.com.do\/wp-content\/uploads\/2024\/12\/senado.jpg?resize=350%2C200&ssl=1 1x, https:\/\/i0.wp.com\/lasprimeras.com.do\/wp-content\/uploads\/2024\/12\/senado.jpg?resize=525%2C300&ssl=1 1.5x, https:\/\/i0.wp.com\/lasprimeras.com.do\/wp-content\/uploads\/2024\/12\/senado.jpg?resize=700%2C400&ssl=1 2x"},"classes":[]}],"jetpack_sharing_enabled":true,"jetpack_featured_media_url":"https:\/\/lasprimeras.com.do\/wp-content\/uploads\/2025\/02\/idac.jpg","_links":{"self":[{"href":"https:\/\/lasprimeras.com.do\/index.php\/wp-json\/wp\/v2\/posts\/94181","targetHints":{"allow":["GET"]}}],"collection":[{"href":"https:\/\/lasprimeras.com.do\/index.php\/wp-json\/wp\/v2\/posts"}],"about":[{"href":"https:\/\/lasprimeras.com.do\/index.php\/wp-json\/wp\/v2\/types\/post"}],"author":[{"embeddable":true,"href":"https:\/\/lasprimeras.com.do\/index.php\/wp-json\/wp\/v2\/users\/2"}],"replies":[{"embeddable":true,"href":"https:\/\/lasprimeras.com.do\/index.php\/wp-json\/wp\/v2\/comments?post=94181"}],"version-history":[{"count":1,"href":"https:\/\/lasprimeras.com.do\/index.php\/wp-json\/wp\/v2\/posts\/94181\/revisions"}],"predecessor-version":[{"id":94183,"href":"https:\/\/lasprimeras.com.do\/index.php\/wp-json\/wp\/v2\/posts\/94181\/revisions\/94183"}],"wp:featuredmedia":[{"embeddable":true,"href":"https:\/\/lasprimeras.com.do\/index.php\/wp-json\/wp\/v2\/media\/94182"}],"wp:attachment":[{"href":"https:\/\/lasprimeras.com.do\/index.php\/wp-json\/wp\/v2\/media?parent=94181"}],"wp:term":[{"taxonomy":"category","embeddable":true,"href":"https:\/\/lasprimeras.com.do\/index.php\/wp-json\/wp\/v2\/categories?post=94181"},{"taxonomy":"post_tag","embeddable":true,"href":"https:\/\/lasprimeras.com.do\/index.php\/wp-json\/wp\/v2\/tags?post=94181"}],"curies":[{"name":"wp","href":"https:\/\/api.w.org\/{rel}","templated":true}]}}