{"id":94187,"date":"2025-02-26T08:47:12","date_gmt":"2025-02-26T12:47:12","guid":{"rendered":"https:\/\/lasprimeras.com.do\/?p=94187"},"modified":"2025-02-26T08:47:14","modified_gmt":"2025-02-26T12:47:14","slug":"apresan-mujer-acusada-de-robo-con-burundanga-en-villa-consuelo","status":"publish","type":"post","link":"https:\/\/lasprimeras.com.do\/index.php\/2025\/02\/26\/apresan-mujer-acusada-de-robo-con-burundanga-en-villa-consuelo\/","title":{"rendered":"Apresan mujer acusada de robo con \u201cBurundanga\u201d en Villa Consuelo"},"content":{"rendered":"\n<p class=\"wp-block-paragraph\">La Polic\u00eda Nacional arresto una mujer integrante de una banda de cuatro mujeres que asaltaron y golpearon a una ciudadana el pasado 22 de enero en el sector Villa Consuelo, Distrito Nacional.<\/p>\n\n\n\n<p class=\"wp-block-paragraph\">Para cometer el delito, utilizaron la sustancia conocida como \u201cburundanga\u201d y sustrajeron tarjetas bancarias de la v\u00edctima, logrando retirar un total de RD$158,994.<\/p>\n\n\n\n<p class=\"wp-block-paragraph\">El arresto fue realizado en San Francisco de Macor\u00eds, provincia Duarte, por agentes del Departamento Operativo II, Investigaci\u00f3n de Cr\u00edmenes y Delitos Contra la Propiedad.<\/p>\n\n\n\n<p class=\"wp-block-paragraph\">Seg\u00fan el informe preliminar, la detenida confes\u00f3 haber sido contactada por otras tres f\u00e9minas ya identificadas y en cuya b\u00fasqueda se trabaja.<\/p>\n\n\n\n<p class=\"wp-block-paragraph\">Las investigaciones indican que las agresoras interceptaron a su v\u00edctima cerca de su residencia en la calle Pimentel, sector Villa Consuelo, la golpearon y la drogaron con \u201cburundanga\u201d para robarle sus tarjetas de cr\u00e9dito y d\u00e9bito, desde donde retiraron varias sumas de dinero en efectivo.<\/p>\n\n\n\n<p class=\"wp-block-paragraph\">La detenida fue puesta a disposici\u00f3n del Ministerio P\u00fablico para los fines legales correspondientes.<\/p>\n","protected":false},"excerpt":{"rendered":"<p>La Polic\u00eda Nacional arresto una mujer integrante de una banda de cuatro mujeres que asaltaron y golpearon a una ciudadana el pasado 22 de enero en el sector Villa Consuelo,&hellip;<\/p>\n","protected":false},"author":2,"featured_media":94188,"comment_status":"open","ping_status":"open","sticky":false,"template":"","format":"standard","meta":{"content-type":"","_jetpack_newsletter_access":"","_jetpack_dont_email_post_to_subs":false,"_jetpack_newsletter_tier_id":0,"_jetpack_memberships_contains_paywalled_content":false,"_jetpack_feature_clip_id":0,"_jetpack_memberships_contains_paid_content":false,"footnotes":"","jetpack_post_was_ever_published":false},"categories":[3057],"tags":[637,4540,429,1806,4400],"class_list":["post-94187","post","type-post","status-publish","format-standard","has-post-thumbnail","hentry","category-militares","tag-apresan","tag-burundanga","tag-mujer","tag-robo","tag-villa-consuelo"],"jetpack-related-posts":[{"id":132004,"url":"https:\/\/lasprimeras.com.do\/index.php\/2026\/05\/27\/fiscalia-apresa-en-flagrante-delito-empresario-chino-por-violencia-de-genero\/","url_meta":{"origin":94187,"position":0},"title":"Fiscal\u00eda apresa en flagrante delito empresario chino por violencia de g\u00e9nero","author":"Nelson Feliz","date":"27 de mayo de 2026","format":false,"excerpt":"Se trata Po Xie quien golpe\u00f3 el a\u00f1o pasado a un miembro de la Direcci\u00f3n General de Migraci\u00f3n DGM que inspeccionaba la tienda La Fiscal\u00eda de Violencia de G\u00e9nero apres\u00f3 este mi\u00e9rcoles al empresario chino Po Xie, propietario de la tienda Mudan, ubicada en la avenida Duarte de la capital\u2026","rel":"","context":"En \u00abJUSTICIA\u00bb","block_context":{"text":"JUSTICIA","link":"https:\/\/lasprimeras.com.do\/index.php\/category\/justicia\/"},"img":{"alt_text":"empresario chino Po Xie","src":"https:\/\/i0.wp.com\/lasprimeras.com.do\/wp-content\/uploads\/2026\/05\/empresario-chino-Po-Xie.jpeg?resize=350%2C200&ssl=1","width":350,"height":200,"srcset":"https:\/\/i0.wp.com\/lasprimeras.com.do\/wp-content\/uploads\/2026\/05\/empresario-chino-Po-Xie.jpeg?resize=350%2C200&ssl=1 1x, https:\/\/i0.wp.com\/lasprimeras.com.do\/wp-content\/uploads\/2026\/05\/empresario-chino-Po-Xie.jpeg?resize=525%2C300&ssl=1 1.5x, https:\/\/i0.wp.com\/lasprimeras.com.do\/wp-content\/uploads\/2026\/05\/empresario-chino-Po-Xie.jpeg?resize=700%2C400&ssl=1 2x"},"classes":[]},{"id":70008,"url":"https:\/\/lasprimeras.com.do\/index.php\/2023\/12\/07\/apresan-antisocial-roba-relojes-de-alto-costo-y-tarjetas-bancarias-en-sde\/","url_meta":{"origin":94187,"position":1},"title":"Apresan antisocial roba relojes de alto costo y tarjetas bancarias en SDE","author":"Nelson Feliz","date":"7 de diciembre de 2023","format":false,"excerpt":"Por Mart\u00edn Restituyo Agentes policiales con asiento en el ensanche Naco, del Distrito Nacional, capturaron en el municipio Santo Domingo Este a un presunto delincuente se\u00f1alado como el responsable del robo de dos relojes de la marca Rolex y tarjetas de diversas entidades bancarias de las cuales fueron realizadas varios\u2026","rel":"","context":"En \u00abMILITARES\u00bb","block_context":{"text":"MILITARES","link":"https:\/\/lasprimeras.com.do\/index.php\/category\/militares\/"},"img":{"alt_text":"Relojes","src":"https:\/\/i0.wp.com\/lasprimeras.com.do\/wp-content\/uploads\/2023\/12\/Relojes.jpg?resize=350%2C200&ssl=1","width":350,"height":200,"srcset":"https:\/\/i0.wp.com\/lasprimeras.com.do\/wp-content\/uploads\/2023\/12\/Relojes.jpg?resize=350%2C200&ssl=1 1x, https:\/\/i0.wp.com\/lasprimeras.com.do\/wp-content\/uploads\/2023\/12\/Relojes.jpg?resize=525%2C300&ssl=1 1.5x, https:\/\/i0.wp.com\/lasprimeras.com.do\/wp-content\/uploads\/2023\/12\/Relojes.jpg?resize=700%2C400&ssl=1 2x"},"classes":[]},{"id":76940,"url":"https:\/\/lasprimeras.com.do\/index.php\/2024\/02\/16\/capturan-tres-de-cinco-responsables-de-robos-en-torres-y-residenciales\/","url_meta":{"origin":94187,"position":2},"title":"Capturan tres de cinco responsables de robos en torres y residenciales","author":"Nelson Feliz","date":"16 de febrero de 2024","format":false,"excerpt":"Identifican otros miembros de la banda delictiva y se activa su localizaci\u00f3n. Por Martin Restituyo Agentes policiales, adscritos al Departamento Operativo II de Investigaci\u00f3n, Cr\u00edmenes y Delitos Contra la Propiedad (Robos) de la Direcci\u00f3n Central de Investigaci\u00f3n (DICRIM), captura de tres de cinco miembros de una peligrosa banda criminal dedicada\u2026","rel":"","context":"En \u00abMILITARES\u00bb","block_context":{"text":"MILITARES","link":"https:\/\/lasprimeras.com.do\/index.php\/category\/militares\/"},"img":{"alt_text":"","src":"https:\/\/i0.wp.com\/lasprimeras.com.do\/wp-content\/uploads\/2024\/02\/torres.jpg?resize=350%2C200&ssl=1","width":350,"height":200,"srcset":"https:\/\/i0.wp.com\/lasprimeras.com.do\/wp-content\/uploads\/2024\/02\/torres.jpg?resize=350%2C200&ssl=1 1x, https:\/\/i0.wp.com\/lasprimeras.com.do\/wp-content\/uploads\/2024\/02\/torres.jpg?resize=525%2C300&ssl=1 1.5x, https:\/\/i0.wp.com\/lasprimeras.com.do\/wp-content\/uploads\/2024\/02\/torres.jpg?resize=700%2C400&ssl=1 2x"},"classes":[]},{"id":62832,"url":"https:\/\/lasprimeras.com.do\/index.php\/2023\/10\/08\/apresan-mujer-acusada-de-asesinar-otra-en-barahona\/","url_meta":{"origin":94187,"position":3},"title":"Apresan mujer acusada de asesinar otra en Barahona","author":"Nelson Feliz","date":"8 de octubre de 2023","format":false,"excerpt":"Miembros policiales de la Direcci\u00f3n Central de Prevenci\u00f3n, adscritos a la Direcci\u00f3n Regional Sur, apresaron en flagrante delito a una mujer se\u00f1alada como la presunta autora de la muerte de otra la madrugada de este domingo 8 de octubre, en el distrito municipal de Villa Central, provincia de Barahona. Sentra\u2026","rel":"","context":"En \u00abNACIONALES\u00bb","block_context":{"text":"NACIONALES","link":"https:\/\/lasprimeras.com.do\/index.php\/category\/nacionales\/"},"img":{"alt_text":"Sentra de Dorquina Jim\u00e9nez Luis","src":"https:\/\/i0.wp.com\/lasprimeras.com.do\/wp-content\/uploads\/2023\/10\/Sentra-de-Dorquina-Jimenez-Luis.jpg?resize=350%2C200&ssl=1","width":350,"height":200,"srcset":"https:\/\/i0.wp.com\/lasprimeras.com.do\/wp-content\/uploads\/2023\/10\/Sentra-de-Dorquina-Jimenez-Luis.jpg?resize=350%2C200&ssl=1 1x, https:\/\/i0.wp.com\/lasprimeras.com.do\/wp-content\/uploads\/2023\/10\/Sentra-de-Dorquina-Jimenez-Luis.jpg?resize=525%2C300&ssl=1 1.5x, https:\/\/i0.wp.com\/lasprimeras.com.do\/wp-content\/uploads\/2023\/10\/Sentra-de-Dorquina-Jimenez-Luis.jpg?resize=700%2C400&ssl=1 2x"},"classes":[]},{"id":61398,"url":"https:\/\/lasprimeras.com.do\/index.php\/2023\/09\/26\/apresan-hombre-acusado-de-violacion-sexual-de-dos-ninas-en-villa-mella\/","url_meta":{"origin":94187,"position":4},"title":"Apresan hombre acusado de violaci\u00f3n sexual de dos ni\u00f1as en Villa Mella","author":"Nelson Feliz","date":"26 de septiembre de 2023","format":false,"excerpt":"Por Mart\u00edn Restituyo Miembros policiales, adscritos a la Divisi\u00f3n de Investigaci\u00f3n de Delitos Sexuales, adscritos a la Direcci\u00f3n Central de Investigaci\u00f3n (DICRIM), junto a miembros de Prevenci\u00f3n, apresaron mediante orden de arresto a un hombre acusado de violar sexualmente a dos ni\u00f1as de 11 y 9 a\u00f1os, respectivamente. El hecho\u2026","rel":"","context":"En \u00abMILITARES\u00bb","block_context":{"text":"MILITARES","link":"https:\/\/lasprimeras.com.do\/index.php\/category\/militares\/"},"img":{"alt_text":"menores","src":"https:\/\/i0.wp.com\/lasprimeras.com.do\/wp-content\/uploads\/2023\/09\/menores.jpg?resize=350%2C200&ssl=1","width":350,"height":200,"srcset":"https:\/\/i0.wp.com\/lasprimeras.com.do\/wp-content\/uploads\/2023\/09\/menores.jpg?resize=350%2C200&ssl=1 1x, https:\/\/i0.wp.com\/lasprimeras.com.do\/wp-content\/uploads\/2023\/09\/menores.jpg?resize=525%2C300&ssl=1 1.5x, https:\/\/i0.wp.com\/lasprimeras.com.do\/wp-content\/uploads\/2023\/09\/menores.jpg?resize=700%2C400&ssl=1 2x"},"classes":[]},{"id":121239,"url":"https:\/\/lasprimeras.com.do\/index.php\/2026\/02\/02\/apresan-a-kinito-y-le-ocupa-distintos-tipos-de-drogas-en-consuelo-spm\/","url_meta":{"origin":94187,"position":5},"title":"Apresan a \u201cKinito\u201d y le ocupa distintos tipos de drogas en Consuelo, SPM","author":"Nelson Feliz","date":"2 de febrero de 2026","format":false,"excerpt":"Agentes de la Polic\u00eda Nacional apresar\u00f3n mediante operativo al nombrado Edgar V\u00e1squez (a) \u201cKinito\u201d y le ocuparon varias porciones de distintos tipos de drogas en el municipio Consuelo sector Puerto Rico. La detenci\u00f3n de \u201cKinito\u201d se produjo en la calle 5 del sector La Loma, luego de que los agentes\u2026","rel":"","context":"En \u00abMILITARES\u00bb","block_context":{"text":"MILITARES","link":"https:\/\/lasprimeras.com.do\/index.php\/category\/militares\/"},"img":{"alt_text":"","src":"https:\/\/i0.wp.com\/lasprimeras.com.do\/wp-content\/uploads\/2026\/02\/IMG-20260202-WA0448.jpg?resize=350%2C200&ssl=1","width":350,"height":200,"srcset":"https:\/\/i0.wp.com\/lasprimeras.com.do\/wp-content\/uploads\/2026\/02\/IMG-20260202-WA0448.jpg?resize=350%2C200&ssl=1 1x, https:\/\/i0.wp.com\/lasprimeras.com.do\/wp-content\/uploads\/2026\/02\/IMG-20260202-WA0448.jpg?resize=525%2C300&ssl=1 1.5x, https:\/\/i0.wp.com\/lasprimeras.com.do\/wp-content\/uploads\/2026\/02\/IMG-20260202-WA0448.jpg?resize=700%2C400&ssl=1 2x, https:\/\/i0.wp.com\/lasprimeras.com.do\/wp-content\/uploads\/2026\/02\/IMG-20260202-WA0448.jpg?resize=1050%2C600&ssl=1 3x"},"classes":[]}],"jetpack_sharing_enabled":true,"jetpack_featured_media_url":"https:\/\/lasprimeras.com.do\/wp-content\/uploads\/2025\/02\/mujer.jpg","_links":{"self":[{"href":"https:\/\/lasprimeras.com.do\/index.php\/wp-json\/wp\/v2\/posts\/94187","targetHints":{"allow":["GET"]}}],"collection":[{"href":"https:\/\/lasprimeras.com.do\/index.php\/wp-json\/wp\/v2\/posts"}],"about":[{"href":"https:\/\/lasprimeras.com.do\/index.php\/wp-json\/wp\/v2\/types\/post"}],"author":[{"embeddable":true,"href":"https:\/\/lasprimeras.com.do\/index.php\/wp-json\/wp\/v2\/users\/2"}],"replies":[{"embeddable":true,"href":"https:\/\/lasprimeras.com.do\/index.php\/wp-json\/wp\/v2\/comments?post=94187"}],"version-history":[{"count":1,"href":"https:\/\/lasprimeras.com.do\/index.php\/wp-json\/wp\/v2\/posts\/94187\/revisions"}],"predecessor-version":[{"id":94189,"href":"https:\/\/lasprimeras.com.do\/index.php\/wp-json\/wp\/v2\/posts\/94187\/revisions\/94189"}],"wp:featuredmedia":[{"embeddable":true,"href":"https:\/\/lasprimeras.com.do\/index.php\/wp-json\/wp\/v2\/media\/94188"}],"wp:attachment":[{"href":"https:\/\/lasprimeras.com.do\/index.php\/wp-json\/wp\/v2\/media?parent=94187"}],"wp:term":[{"taxonomy":"category","embeddable":true,"href":"https:\/\/lasprimeras.com.do\/index.php\/wp-json\/wp\/v2\/categories?post=94187"},{"taxonomy":"post_tag","embeddable":true,"href":"https:\/\/lasprimeras.com.do\/index.php\/wp-json\/wp\/v2\/tags?post=94187"}],"curies":[{"name":"wp","href":"https:\/\/api.w.org\/{rel}","templated":true}]}}