{"id":94260,"date":"2025-02-26T23:56:45","date_gmt":"2025-02-27T03:56:45","guid":{"rendered":"https:\/\/lasprimeras.com.do\/?p=94260"},"modified":"2025-02-26T23:56:46","modified_gmt":"2025-02-27T03:56:46","slug":"comunitarios-valoran-intervencion-de-comedores-economicos-dentro-del-programa-el-gobierno-contigo","status":"publish","type":"post","link":"https:\/\/lasprimeras.com.do\/index.php\/2025\/02\/26\/comunitarios-valoran-intervencion-de-comedores-economicos-dentro-del-programa-el-gobierno-contigo\/","title":{"rendered":"Comunitarios valoran intervenci\u00f3n de Comedores Econ\u00f3micos dentro del programa El Gobierno Contigo"},"content":{"rendered":"\n<p class=\"wp-block-paragraph\"><strong>El director general de CEED, Edgar Augusto F\u00e9liz M\u00e9ndez, asegur\u00f3 que el objetivo no es ir un d\u00eda o dos a esos barrios, sino conocer la necesidad que tienen para de manera coordinada con las alcald\u00edas trabajar en la instalaci\u00f3n de comedores que brinden el servicio diariamente de manera gratuita y de calidad.<\/strong><\/p>\n\n\n\n<p class=\"wp-block-paragraph\">La intervenci\u00f3n permanente en los sectores vulnerables del Gran Santo Domingo por parte de Comedores Econ\u00f3micos del Estado Dominicano (CEED), con la entrega de miles de kits de raciones crudas y cocidas, ha sido reconocida por los dirigentes comunitarios que han expresado su satisfacci\u00f3n por el trabajo realizado por la instituci\u00f3n de servicio social.<\/p>\n\n\n\n<p class=\"wp-block-paragraph\">En las dos actividades encabezadas por el presidente de la Rep\u00fablica, Luis Abinader Corona, en Santo Domingo Norte el primero y Santo Domingo Este el segundo, en el encuentro con el mandatario los comunitarios han destacado el gran trabajo que realiza el gobierno a trav\u00e9s de Comedores Econ\u00f3micos llevando seguridad alimentaria a la poblaci\u00f3n vulnerable de esas demarcaciones.<\/p>\n\n\n\n<p class=\"wp-block-paragraph\">En Santo Domingo Norte, m\u00e1s de 20 mil raciones cocidas fueron servidas a trav\u00e9s de las Cocinas M\u00f3viles que se mantuvieron en el lugar, donde adem\u00e1s se repartieron a trav\u00e9s de&nbsp;&nbsp; varios operativos realizados casa por casa 10 mil raciones crudas, como forma de contribuir&nbsp; al inter\u00e9s del presidente de la Rep\u00fablica a la erradicaci\u00f3n del hambre en el pa\u00eds.<\/p>\n\n\n\n<p class=\"wp-block-paragraph\">Los sectores beneficiados en el primer encuentro de El Gobierno Contigo, fueron Villa Morada; Villa Pompa; El Majagua; Mira Flores; Brisas del Este; Las Antillas; Juan Pablo Duarte y Lotes y Servicios de Sabana Perdida, Santo Domingo Norte.<\/p>\n\n\n\n<p class=\"wp-block-paragraph\">El director general de CEED, Edgar Augusto F\u00e9liz M\u00e9ndez, inform\u00f3 que en ese municipio se contempla el alquiler de un local para la instalaci\u00f3n de comedor productor, adem\u00e1s de la instalaci\u00f3n de tres furgones que servir\u00e1n de expendios en el tri\u00e1ngulo de la Escuela Emma Balaguer; en el Centro Comunal Casa Vieja, Villa Mella Sur y en Cana\u00e1n 2do. Villa Mella Norte.<\/p>\n\n\n\n<p class=\"wp-block-paragraph\">\u201cNuestro objetivo no es venir un d\u00eda o dos, es conocer la necesidad que tiene la comunidad para de manera coordinada con las alcald\u00edas trabajar en la instalaci\u00f3n de comedores que brinden el servicio diariamente de manera gratuita y de calidad\u201d, asegur\u00f3.<\/p>\n\n\n\n<p class=\"wp-block-paragraph\">En tanto que, en el sector de La Ure\u00f1a, se entregaron 11 mil kits de raciones crudas y 21,709 raciones cocidas, en los barrios La Cat\u00f3lica; Nuevo Amanecer; Las Am\u00e9ricas 2; Riviera del Este; Juan de los Santos 2 y Vista del Valle.<\/p>\n\n\n\n<p class=\"wp-block-paragraph\">El programa El Gobierno Contigo es una iniciativa del presidente de la Rep\u00fablica, Luis Abinader Corona, que resalta la conexi\u00f3n del primer mandatario con los barrios y las distintas comunidades del pa\u00eds.&nbsp;<\/p>\n","protected":false},"excerpt":{"rendered":"<p>El director general de CEED, Edgar Augusto F\u00e9liz M\u00e9ndez, asegur\u00f3 que el objetivo no es ir un d\u00eda o dos a esos barrios, sino conocer la necesidad que tienen para&hellip;<\/p>\n","protected":false},"author":2,"featured_media":94261,"comment_status":"open","ping_status":"open","sticky":false,"template":"","format":"standard","meta":{"content-type":"","_jetpack_newsletter_access":"","_jetpack_dont_email_post_to_subs":false,"_jetpack_newsletter_tier_id":0,"_jetpack_memberships_contains_paywalled_content":false,"_jetpack_feature_clip_id":0,"_jetpack_memberships_contains_paid_content":false,"footnotes":"","jetpack_post_was_ever_published":false},"categories":[35],"tags":[9438,1013,17227,198],"class_list":["post-94260","post","type-post","status-publish","format-standard","has-post-thumbnail","hentry","category-nacionales","tag-comedores-economicos","tag-comunitarios","tag-el-gobierno-contigo","tag-programa"],"jetpack-related-posts":[{"id":101151,"url":"https:\/\/lasprimeras.com.do\/index.php\/2025\/06\/16\/comedores-economicos-entrega-de-kits-de-raciones-crudas-en-manabao-jarabacoa\/","url_meta":{"origin":94260,"position":0},"title":"Comedores Econ\u00f3micos entrega de kits de raciones crudas en Manabao, Jarabacoa","author":"Nelson Feliz","date":"16 de junio de 2025","format":false,"excerpt":"La jornada en la que fueron beneficiadas miles de familias de la zona se desarroll\u00f3 en coordinaci\u00f3n con las organizaciones Iniciativa PRORD y la Fundaci\u00f3n Pro-Desarrollo de Manabao (FUNPRODEMA). Miles de familias del Distrito Municipal de Manabao del Municipio de Jarabacoa, Provincia La Vega, fueron beneficiadas con la entrega de\u2026","rel":"","context":"En \u00abNACIONALES\u00bb","block_context":{"text":"NACIONALES","link":"https:\/\/lasprimeras.com.do\/index.php\/category\/nacionales\/"},"img":{"alt_text":"Comedores Econ\u00f3micos","src":"https:\/\/i0.wp.com\/lasprimeras.com.do\/wp-content\/uploads\/2025\/06\/Comedores-Economicos.jpg?resize=350%2C200&ssl=1","width":350,"height":200,"srcset":"https:\/\/i0.wp.com\/lasprimeras.com.do\/wp-content\/uploads\/2025\/06\/Comedores-Economicos.jpg?resize=350%2C200&ssl=1 1x, https:\/\/i0.wp.com\/lasprimeras.com.do\/wp-content\/uploads\/2025\/06\/Comedores-Economicos.jpg?resize=525%2C300&ssl=1 1.5x, https:\/\/i0.wp.com\/lasprimeras.com.do\/wp-content\/uploads\/2025\/06\/Comedores-Economicos.jpg?resize=700%2C400&ssl=1 2x"},"classes":[]},{"id":95615,"url":"https:\/\/lasprimeras.com.do\/index.php\/2025\/03\/16\/comedores-economicos-entrega-miles-de-kits-de-raciones-crudas-y-alimentos-cocidos-en-la-jornada-gobierno-contigo\/","url_meta":{"origin":94260,"position":1},"title":"Comedores Econ\u00f3micos entrega miles de kits de raciones crudas y alimentos cocidos en la jornada \u201cGobierno Contigo\u201d","author":"Nelson Feliz","date":"16 de marzo de 2025","format":false,"excerpt":"Esta versi\u00f3n del programa de asistencia social se realiz\u00f3 en la comunidad de Pedro Brand, impactando con la entrega de alimentos los sectores: El Tanque; Los Pabellones; Los Ox\u00edgenos; Jos\u00e9 Francisco Pe\u00f1a G\u00f3mez; Los Cocos; Flor de Loto; Bella Vista y Gazcue. Durante la tercera jornada del programa \u201cGobierno Contigo\u201d\u2026","rel":"","context":"En \u00abNACIONALES\u00bb","block_context":{"text":"NACIONALES","link":"https:\/\/lasprimeras.com.do\/index.php\/category\/nacionales\/"},"img":{"alt_text":"Comedores Econ\u00f3micos","src":"https:\/\/i0.wp.com\/lasprimeras.com.do\/wp-content\/uploads\/2025\/03\/Comedores-Economicos.jpg?resize=350%2C200&ssl=1","width":350,"height":200,"srcset":"https:\/\/i0.wp.com\/lasprimeras.com.do\/wp-content\/uploads\/2025\/03\/Comedores-Economicos.jpg?resize=350%2C200&ssl=1 1x, https:\/\/i0.wp.com\/lasprimeras.com.do\/wp-content\/uploads\/2025\/03\/Comedores-Economicos.jpg?resize=525%2C300&ssl=1 1.5x, https:\/\/i0.wp.com\/lasprimeras.com.do\/wp-content\/uploads\/2025\/03\/Comedores-Economicos.jpg?resize=700%2C400&ssl=1 2x"},"classes":[]},{"id":104390,"url":"https:\/\/lasprimeras.com.do\/index.php\/2025\/07\/23\/directores-de-comedores-economicos-y-hogar-crea-firman-acuerdo-interinstitucional\/","url_meta":{"origin":94260,"position":2},"title":"Directores de Comedores Econ\u00f3micos y Hogar Crea firman acuerdo interinstitucional","author":"Nelson Feliz","date":"23 de julio de 2025","format":false,"excerpt":"Mediante el presente acuerdo, Comedores Econ\u00f3micos del Estado Dominicano (CEED), se compromete a promover una alimentaci\u00f3n sana y efectiva con los nutrientes, vitaminas y minerales adecuados para la conservaci\u00f3n de la salud f\u00edsica de los internos. El director general de Comedores Econ\u00f3micos del Estado Dominicano (CEED) y el director ejecutivo\u2026","rel":"","context":"En \u00abECONOM\u00cdA\u00bb","block_context":{"text":"ECONOM\u00cdA","link":"https:\/\/lasprimeras.com.do\/index.php\/category\/economia\/"},"img":{"alt_text":"","src":"https:\/\/i0.wp.com\/lasprimeras.com.do\/wp-content\/uploads\/2025\/07\/COMEDORES-1.jpg?resize=350%2C200&ssl=1","width":350,"height":200,"srcset":"https:\/\/i0.wp.com\/lasprimeras.com.do\/wp-content\/uploads\/2025\/07\/COMEDORES-1.jpg?resize=350%2C200&ssl=1 1x, https:\/\/i0.wp.com\/lasprimeras.com.do\/wp-content\/uploads\/2025\/07\/COMEDORES-1.jpg?resize=525%2C300&ssl=1 1.5x, https:\/\/i0.wp.com\/lasprimeras.com.do\/wp-content\/uploads\/2025\/07\/COMEDORES-1.jpg?resize=700%2C400&ssl=1 2x"},"classes":[]},{"id":101566,"url":"https:\/\/lasprimeras.com.do\/index.php\/2025\/06\/23\/comedores-economicos-realiza-amplio-operativo-de-entrega-de-raciones-crudas-en-san-jose-de-ocoa\/","url_meta":{"origin":94260,"position":3},"title":"Comedores Econ\u00f3micos realiza amplio operativo de entrega de raciones crudas en San Jos\u00e9 de Ocoa","author":"Nelson Feliz","date":"23 de junio de 2025","format":false,"excerpt":"Los operativos que se ejecutan tanto de alimentos crudos como la entrega de raciones cocidas que diariamente se sirven en todo el territorio nacional a trav\u00e9s de los 146 comedores productores y de expendios diseminados en toda la geograf\u00eda nacional y las cocinas m\u00f3viles de manera gratuita, continuaran realiz\u00e1ndose en\u2026","rel":"","context":"En \u00abNACIONALES\u00bb","block_context":{"text":"NACIONALES","link":"https:\/\/lasprimeras.com.do\/index.php\/category\/nacionales\/"},"img":{"alt_text":"","src":"https:\/\/i0.wp.com\/lasprimeras.com.do\/wp-content\/uploads\/2025\/06\/comeores-1.jpg?resize=350%2C200&ssl=1","width":350,"height":200,"srcset":"https:\/\/i0.wp.com\/lasprimeras.com.do\/wp-content\/uploads\/2025\/06\/comeores-1.jpg?resize=350%2C200&ssl=1 1x, https:\/\/i0.wp.com\/lasprimeras.com.do\/wp-content\/uploads\/2025\/06\/comeores-1.jpg?resize=525%2C300&ssl=1 1.5x, https:\/\/i0.wp.com\/lasprimeras.com.do\/wp-content\/uploads\/2025\/06\/comeores-1.jpg?resize=700%2C400&ssl=1 2x"},"classes":[]},{"id":105856,"url":"https:\/\/lasprimeras.com.do\/index.php\/2025\/08\/07\/director-de-los-comedores-economicos-recibe-visita-de-cortesia-de-embajador-de-la-republica-popular-china\/","url_meta":{"origin":94260,"position":4},"title":"Director de los Comedores Econ\u00f3micos recibe visita de cortes\u00eda de embajador de la Rep\u00fablica Popular China","author":"Nelson Feliz","date":"7 de agosto de 2025","format":false,"excerpt":"Edgar Augusto F\u00e9liz M\u00e9ndez y el diplom\u00e1tico Chen Luning, conversaron sobre la operatividad de los Comedores Econ\u00f3micos y su impacto en la poblaci\u00f3n m\u00e1s vulnerable del pa\u00eds. El director general de Comedores Econ\u00f3micos del Estado Dominicano, Edgar Augusto F\u00e9liz M\u00e9ndez, recibi\u00f3 la visita de cortes\u00eda del embajador de la Rep\u00fablica\u2026","rel":"","context":"En \u00abNACIONALES\u00bb","block_context":{"text":"NACIONALES","link":"https:\/\/lasprimeras.com.do\/index.php\/category\/nacionales\/"},"img":{"alt_text":"","src":"https:\/\/i0.wp.com\/lasprimeras.com.do\/wp-content\/uploads\/2025\/08\/edgar.jpg?resize=350%2C200&ssl=1","width":350,"height":200,"srcset":"https:\/\/i0.wp.com\/lasprimeras.com.do\/wp-content\/uploads\/2025\/08\/edgar.jpg?resize=350%2C200&ssl=1 1x, https:\/\/i0.wp.com\/lasprimeras.com.do\/wp-content\/uploads\/2025\/08\/edgar.jpg?resize=525%2C300&ssl=1 1.5x, https:\/\/i0.wp.com\/lasprimeras.com.do\/wp-content\/uploads\/2025\/08\/edgar.jpg?resize=700%2C400&ssl=1 2x"},"classes":[]},{"id":109758,"url":"https:\/\/lasprimeras.com.do\/index.php\/2025\/09\/22\/abinader-inaugura-de-manera-simultanea-13-nuevos-comedores-ubicados-en-diferentes-comunidades\/","url_meta":{"origin":94260,"position":5},"title":"Abinader inaugura de manera simult\u00e1nea 13 nuevos comedores ubicados en diferentes comunidades","author":"Nelson Feliz","date":"22 de septiembre de 2025","format":false,"excerpt":"\u201cEste ha sido un hito sin precedentes. Con la ampliaci\u00f3n de los servicios de Comedores Econ\u00f3micos, este gobierno ha logrado niveles hist\u00f3ricos en seguridad alimentaria, reafirmando el compromiso de avanzar hacia la meta de declarar la Rep\u00fablica Dominicana como un pa\u00eds con Hambre Cero\u201d, resalt\u00f3 el mandatario. El presidente de\u2026","rel":"","context":"En \u00abNACIONALES\u00bb","block_context":{"text":"NACIONALES","link":"https:\/\/lasprimeras.com.do\/index.php\/category\/nacionales\/"},"img":{"alt_text":"","src":"https:\/\/i0.wp.com\/lasprimeras.com.do\/wp-content\/uploads\/2025\/09\/Luis-Abinader-4.jpg?resize=350%2C200&ssl=1","width":350,"height":200,"srcset":"https:\/\/i0.wp.com\/lasprimeras.com.do\/wp-content\/uploads\/2025\/09\/Luis-Abinader-4.jpg?resize=350%2C200&ssl=1 1x, https:\/\/i0.wp.com\/lasprimeras.com.do\/wp-content\/uploads\/2025\/09\/Luis-Abinader-4.jpg?resize=525%2C300&ssl=1 1.5x, https:\/\/i0.wp.com\/lasprimeras.com.do\/wp-content\/uploads\/2025\/09\/Luis-Abinader-4.jpg?resize=700%2C400&ssl=1 2x"},"classes":[]}],"jetpack_sharing_enabled":true,"jetpack_featured_media_url":"https:\/\/lasprimeras.com.do\/wp-content\/uploads\/2025\/02\/comedores-1.jpg","_links":{"self":[{"href":"https:\/\/lasprimeras.com.do\/index.php\/wp-json\/wp\/v2\/posts\/94260","targetHints":{"allow":["GET"]}}],"collection":[{"href":"https:\/\/lasprimeras.com.do\/index.php\/wp-json\/wp\/v2\/posts"}],"about":[{"href":"https:\/\/lasprimeras.com.do\/index.php\/wp-json\/wp\/v2\/types\/post"}],"author":[{"embeddable":true,"href":"https:\/\/lasprimeras.com.do\/index.php\/wp-json\/wp\/v2\/users\/2"}],"replies":[{"embeddable":true,"href":"https:\/\/lasprimeras.com.do\/index.php\/wp-json\/wp\/v2\/comments?post=94260"}],"version-history":[{"count":1,"href":"https:\/\/lasprimeras.com.do\/index.php\/wp-json\/wp\/v2\/posts\/94260\/revisions"}],"predecessor-version":[{"id":94262,"href":"https:\/\/lasprimeras.com.do\/index.php\/wp-json\/wp\/v2\/posts\/94260\/revisions\/94262"}],"wp:featuredmedia":[{"embeddable":true,"href":"https:\/\/lasprimeras.com.do\/index.php\/wp-json\/wp\/v2\/media\/94261"}],"wp:attachment":[{"href":"https:\/\/lasprimeras.com.do\/index.php\/wp-json\/wp\/v2\/media?parent=94260"}],"wp:term":[{"taxonomy":"category","embeddable":true,"href":"https:\/\/lasprimeras.com.do\/index.php\/wp-json\/wp\/v2\/categories?post=94260"},{"taxonomy":"post_tag","embeddable":true,"href":"https:\/\/lasprimeras.com.do\/index.php\/wp-json\/wp\/v2\/tags?post=94260"}],"curies":[{"name":"wp","href":"https:\/\/api.w.org\/{rel}","templated":true}]}}