{"id":94296,"date":"2025-02-27T14:16:15","date_gmt":"2025-02-27T18:16:15","guid":{"rendered":"https:\/\/lasprimeras.com.do\/?p=94296"},"modified":"2025-02-27T14:16:15","modified_gmt":"2025-02-27T18:16:15","slug":"el-presidente-reitera-que-la-rd-tiene-la-tasa-de-pobreza-extrema-mas-baja-de-america-latina","status":"publish","type":"post","link":"https:\/\/lasprimeras.com.do\/index.php\/2025\/02\/27\/el-presidente-reitera-que-la-rd-tiene-la-tasa-de-pobreza-extrema-mas-baja-de-america-latina\/","title":{"rendered":"El presidente reitera que la RD tiene la tasa de pobreza extrema m\u00e1s baja de Am\u00e9rica Latina"},"content":{"rendered":"\n<p class=\"wp-block-paragraph\">La pobreza general cay\u00f3 al 17.21 % y la extrema al 1.95 %<\/p>\n\n\n\n<p class=\"wp-block-paragraph\">En su discurso de rendici\u00f3n de cuentas, el presidente Luis Abinader exalt\u00f3 que la combinaci\u00f3n de crecimiento econ\u00f3mico y protecci\u00f3n social ha permitido avanzar en uno de los objetivos fundamentales de su gesti\u00f3n: la reducci\u00f3n de la pobreza.<\/p>\n\n\n\n<p class=\"wp-block-paragraph\">Explic\u00f3 a los congresistas presente que entre el 2023 y 2024, la pobreza general se redujo en 4.02 puntos porcentuales, pasando del 23 % al 18.98 %, una cifra 33 % menor que el promedio de Am\u00e9rica Latina.<\/p>\n\n\n\n<p class=\"wp-block-paragraph\">La pobreza extrema tambi\u00e9n disminuy\u00f3 en 0.80 puntos porcentuales, bajando del 3.24% al 2.44%. Solo en el \u00faltimo trimestre de 2024, la pobreza general cay\u00f3 al 17.21 % y la extrema al 1.95 %.<\/p>\n\n\n\n<p class=\"wp-block-paragraph\">En cifras absolutas, esto significa que en solo un a\u00f1o, 440,000 personas salieron de la pobreza y 80,000 de la pobreza extrema.<\/p>\n\n\n\n<p class=\"wp-block-paragraph\">&#8220;Estoy confiado en que a trav\u00e9s del incremento del salario m\u00ednimo, la ejecuci\u00f3n de programas como Oportunidad 14-24, las becas, las transferencias de renta y la formaci\u00f3n dual de Infotep, conseguiremos reducir la pobreza general al 15% en los pr\u00f3ximos a\u00f1os y erradicar la pobreza extrema&#8221;, afirm\u00f3 Abinader.<\/p>\n\n\n\n<p class=\"wp-block-paragraph\">Los aportes de los programas sociales<\/p>\n\n\n\n<p class=\"wp-block-paragraph\">El presidente reafirm\u00f3 el compromiso de su gobierno con la protecci\u00f3n social, destacando la consolidaci\u00f3n del programa Sup\u00e9rate en 2024 y su impacto en la reducci\u00f3n de la pobreza y la inclusi\u00f3n social en la Rep\u00fablica Dominicana.<\/p>\n\n\n\n<p class=\"wp-block-paragraph\">Durante el 2024, el programa Alim\u00e9ntate benefici\u00f3 a m\u00e1s de 1.5 millones de familias, garantizando su acceso a la canasta b\u00e1sica con una inversi\u00f3n de 29,679 millones de pesos<\/p>\n\n\n\n<p class=\"wp-block-paragraph\">Asimismo, precis\u00f3 que el Bonog\u00e1s Hogar lleg\u00f3 a m\u00e1s de 1.3 millones de familias en todo el pa\u00eds, facilitando el acceso a combustibles esenciales con una inversi\u00f3n de RD$7,500 millones.<\/p>\n\n\n\n<p class=\"wp-block-paragraph\">En el caso del Bono Luz, m\u00e1s de 500,000 familias fueron beneficiadas, incluyendo 2,953 hogares vulnerables de Saman\u00e1, quienes accedieron a una tarifa especial de 14.95 pesos\/kWh a trav\u00e9s de la empresa Luz y Fuerza.<\/p>\n\n\n\n<p class=\"wp-block-paragraph\">Adem\u00e1s, resalt\u00f3 como un hito sin precedentes que 6,800 familias con miembros de 0 a 17 a\u00f1os en situaci\u00f3n de discapacidad severa recibieron un apoyo econ\u00f3mico de 6,000 pesos mensuales a trav\u00e9s del Fondo Discapacidad, con una inversi\u00f3n total de 369 millones de pesos.<\/p>\n\n\n\n<p class=\"wp-block-paragraph\">Durante su discurso de rendici\u00f3n de cuentas, inform\u00f3 que el programa de comedores econ\u00f3micos experiment\u00f3 un crecimiento &#8220;r\u00e9cord&#8221;, sirviendo en 2024 un total de casi 52 millones de raciones cocidas, un 15% m\u00e1s que en 2023.<\/p>\n\n\n\n<p class=\"wp-block-paragraph\">El gobierno tambi\u00e9n ampli\u00f3 su cobertura con la apertura de 17 nuevos comedores econ\u00f3micos y 5 expendios, respondiendo a las necesidades de diversas comunidades. Para 2025, se prev\u00e9 la apertura de 11 nuevos comedores.<\/p>\n\n\n\n<p class=\"wp-block-paragraph\">Entrega r\u00e9cord de t\u00edtulos de propiedad<\/p>\n\n\n\n<p class=\"wp-block-paragraph\">&#8220;Quiero confesarles que esta es la acci\u00f3n del gobierno que m\u00e1s me emociona. Cuando les entrego sus t\u00edtulos a las familias y veo su felicidad, muchas veces incluso sus l\u00e1grimas, siento que eso es cambiar de verdad la vida de la gente y que todo lo que hacemos, merece la pena&#8221;<br>Luis Abinader<br>Presidente de la Rep\u00fablica Dominicana<br>\u201c<\/p>\n\n\n\n<p class=\"wp-block-paragraph\">Otro eje clave de la pol\u00edtica social que resalt\u00f3 Abinader fue el programa de titulaci\u00f3n de inmuebles, que ha superado sus propias cifras cada a\u00f1o.<\/p>\n\n\n\n<p class=\"wp-block-paragraph\">En 2024, el gobierno emiti\u00f3 58,496 t\u00edtulos definitivos, elevando el total de esta gesti\u00f3n a 197,951 certificados, beneficiando a m\u00e1s de 463,000 personas.<\/p>\n","protected":false},"excerpt":{"rendered":"<p>La pobreza general cay\u00f3 al 17.21 % y la extrema al 1.95 % En su discurso de rendici\u00f3n de cuentas, el presidente Luis Abinader exalt\u00f3 que la combinaci\u00f3n de crecimiento&hellip;<\/p>\n","protected":false},"author":2,"featured_media":94286,"comment_status":"open","ping_status":"open","sticky":false,"template":"","format":"standard","meta":{"content-type":"","_jetpack_newsletter_access":"","_jetpack_dont_email_post_to_subs":false,"_jetpack_newsletter_tier_id":0,"_jetpack_memberships_contains_paywalled_content":false,"_jetpack_feature_clip_id":0,"_jetpack_memberships_contains_paid_content":false,"footnotes":"","jetpack_post_was_ever_published":false},"categories":[39],"tags":[875,11992,67,14855,15979,127,2541],"class_list":["post-94296","post","type-post","status-publish","format-standard","has-post-thumbnail","hentry","category-economia","tag-america-latina","tag-asamblea-nacional","tag-luis-abinader","tag-mas-baja","tag-pobreza-extrema","tag-rd","tag-rendicion-de-cuentas"],"jetpack-related-posts":[{"id":123273,"url":"https:\/\/lasprimeras.com.do\/index.php\/2026\/02\/27\/presidente-abinader-disminuye-la-pobreza-general-y-la-pobreza-extrema-en-rd\/","url_meta":{"origin":94296,"position":0},"title":"Presidente Abinader disminuye la pobreza general y la pobreza extrema en RD","author":"Nelson Feliz","date":"27 de febrero de 2026","format":false,"excerpt":"La pobreza general se redujo de 19% a 17.3% entre 2024 y 2025, inferior al promedio de Am\u00e9rica Latina, que se sit\u00faa en 25.5% seg\u00fan datos de la CEPAL; la pobreza extrema pas\u00f3 de 2.4% a 2.2%, consolidando una tendencia sostenida de reducci\u00f3n y contrastando con el 9.8 de media\u2026","rel":"","context":"En \u00abNACIONALES\u00bb","block_context":{"text":"NACIONALES","link":"https:\/\/lasprimeras.com.do\/index.php\/category\/nacionales\/"},"img":{"alt_text":"pobreza general y la pobreza extrema","src":"https:\/\/i0.wp.com\/lasprimeras.com.do\/wp-content\/uploads\/2026\/02\/pobreza-general-y-la-pobreza-extrema.jpg?resize=350%2C200&ssl=1","width":350,"height":200,"srcset":"https:\/\/i0.wp.com\/lasprimeras.com.do\/wp-content\/uploads\/2026\/02\/pobreza-general-y-la-pobreza-extrema.jpg?resize=350%2C200&ssl=1 1x, https:\/\/i0.wp.com\/lasprimeras.com.do\/wp-content\/uploads\/2026\/02\/pobreza-general-y-la-pobreza-extrema.jpg?resize=525%2C300&ssl=1 1.5x"},"classes":[]},{"id":123244,"url":"https:\/\/lasprimeras.com.do\/index.php\/2026\/02\/27\/abinader-asegura-que-casi-200-mil-personas-salieron-de-la-pobreza-en-el-ultimo-ano\/","url_meta":{"origin":94296,"position":1},"title":"Abinader asegura que casi 200 mil personas salieron de la pobreza en el \u00faltimo a\u00f1o","author":"Nelson Feliz","date":"27 de febrero de 2026","format":false,"excerpt":"Enfatiz\u00f3 que el crecimiento econ\u00f3mico debe traducirse en mejores condiciones de vida. El presidente Luis Abinader afirm\u00f3 este viernes que la reducci\u00f3n de la pobreza en el pa\u00eds es uno de sus logros durante su gesti\u00f3n, informando que el \u00edndice general baj\u00f3 de un 19 % a un 17.3 %\u2026","rel":"","context":"En \u00abECONOM\u00cdA\u00bb","block_context":{"text":"ECONOM\u00cdA","link":"https:\/\/lasprimeras.com.do\/index.php\/category\/economia\/"},"img":{"alt_text":"","src":"https:\/\/i0.wp.com\/lasprimeras.com.do\/wp-content\/uploads\/2026\/02\/Luis-Abinader-c-3.jpg?resize=350%2C200&ssl=1","width":350,"height":200,"srcset":"https:\/\/i0.wp.com\/lasprimeras.com.do\/wp-content\/uploads\/2026\/02\/Luis-Abinader-c-3.jpg?resize=350%2C200&ssl=1 1x, https:\/\/i0.wp.com\/lasprimeras.com.do\/wp-content\/uploads\/2026\/02\/Luis-Abinader-c-3.jpg?resize=525%2C300&ssl=1 1.5x, https:\/\/i0.wp.com\/lasprimeras.com.do\/wp-content\/uploads\/2026\/02\/Luis-Abinader-c-3.jpg?resize=700%2C400&ssl=1 2x"},"classes":[]},{"id":96140,"url":"https:\/\/lasprimeras.com.do\/index.php\/2025\/03\/26\/presidente-abinader-reduce-pobreza-rd-al-beneficiar-constantemente-los-mas-necesitados\/","url_meta":{"origin":94296,"position":2},"title":"Presidente Abinader reduce pobreza RD al beneficiar constantemente los m\u00e1s necesitados","author":"Nelson Feliz","date":"26 de marzo de 2025","format":false,"excerpt":"Por Ram\u00f3n Mercedes NUEVA YORK.- El presidente Luis Abinader ha reducido la pobreza en la Rep\u00fablica Dominicana al beneficiar de manera constante a los m\u00e1s necesitados del pa\u00eds. As\u00ed lo plante\u00f3 Roberto Rojas, durante un encuentro informal en el Alto Manhattan con varios dominicanos. \u201cEl mandatario ha reducido la pobreza\u2026","rel":"","context":"En \u00abECONOM\u00cdA\u00bb","block_context":{"text":"ECONOM\u00cdA","link":"https:\/\/lasprimeras.com.do\/index.php\/category\/economia\/"},"img":{"alt_text":"Roberto Rojas","src":"https:\/\/i0.wp.com\/lasprimeras.com.do\/wp-content\/uploads\/2025\/03\/WhatsApp-Image-2025-03-26-at-6.08.57-AM.jpeg?resize=350%2C200&ssl=1","width":350,"height":200,"srcset":"https:\/\/i0.wp.com\/lasprimeras.com.do\/wp-content\/uploads\/2025\/03\/WhatsApp-Image-2025-03-26-at-6.08.57-AM.jpeg?resize=350%2C200&ssl=1 1x, https:\/\/i0.wp.com\/lasprimeras.com.do\/wp-content\/uploads\/2025\/03\/WhatsApp-Image-2025-03-26-at-6.08.57-AM.jpeg?resize=525%2C300&ssl=1 1.5x"},"classes":[]},{"id":99813,"url":"https:\/\/lasprimeras.com.do\/index.php\/2025\/05\/26\/abinader-destaca-maximo-historico-de-empleos-en-rd-y-aumento-de-la-formalidad-laboral-a-46-6\/","url_meta":{"origin":94296,"position":3},"title":"Abinader destaca m\u00e1ximo hist\u00f3rico de empleos en RD y aumento de la formalidad laboral a 46.6%","author":"Nelson Feliz","date":"26 de mayo de 2025","format":false,"excerpt":"Tambi\u00e9n se detallan aumentos salariales para zonas francas, turismo y empresas privadas no sectorizadas as\u00ed como la reducci\u00f3n en los niveles de pobreza Bajo el lema \u201cM\u00e1s trabajo, mejor futuro\u201d, el presidente Luis Abinader present\u00f3 este lunes los avances logrados en \u00e1mbito laboral de la Rep\u00fablica Dominicana, destacando los \u201cniveles\u2026","rel":"","context":"En \u00abECONOM\u00cdA\u00bb","block_context":{"text":"ECONOM\u00cdA","link":"https:\/\/lasprimeras.com.do\/index.php\/category\/economia\/"},"img":{"alt_text":"","src":"https:\/\/i0.wp.com\/lasprimeras.com.do\/wp-content\/uploads\/2025\/05\/LUIS-ABINADER-6.jpg?resize=350%2C200&ssl=1","width":350,"height":200,"srcset":"https:\/\/i0.wp.com\/lasprimeras.com.do\/wp-content\/uploads\/2025\/05\/LUIS-ABINADER-6.jpg?resize=350%2C200&ssl=1 1x, https:\/\/i0.wp.com\/lasprimeras.com.do\/wp-content\/uploads\/2025\/05\/LUIS-ABINADER-6.jpg?resize=525%2C300&ssl=1 1.5x, https:\/\/i0.wp.com\/lasprimeras.com.do\/wp-content\/uploads\/2025\/05\/LUIS-ABINADER-6.jpg?resize=700%2C400&ssl=1 2x"},"classes":[]},{"id":105253,"url":"https:\/\/lasprimeras.com.do\/index.php\/2025\/07\/31\/robert-polanco-afirma-abinader-consolida-un-modelo-de-gobierno-cercano-y-al-servicio-de-la-gente\/","url_meta":{"origin":94296,"position":4},"title":"Robert Polanco afirma Abinader consolida un modelo de gobierno cercano y al servicio de la gente","author":"Nelson Feliz","date":"31 de julio de 2025","format":false,"excerpt":"El presidente Abinader encabeza una jornada de inclusi\u00f3n social \"Primero T\u00fa\", en la comunidad Villa Cerro, en Hig\u00fcey, de La Altagracia El director de Proyectos Estrat\u00e9gicos y Especiales de la Presidencia (Propeep), Robert Polanco, afirm\u00f3 este jueves que el presidente Luis Abinader ha consolidado un modelo de gobierno cercano, que\u2026","rel":"","context":"En \u00abNACIONALES\u00bb","block_context":{"text":"NACIONALES","link":"https:\/\/lasprimeras.com.do\/index.php\/category\/nacionales\/"},"img":{"alt_text":"","src":"https:\/\/i0.wp.com\/lasprimeras.com.do\/wp-content\/uploads\/2025\/07\/robert.jpg?resize=350%2C200&ssl=1","width":350,"height":200,"srcset":"https:\/\/i0.wp.com\/lasprimeras.com.do\/wp-content\/uploads\/2025\/07\/robert.jpg?resize=350%2C200&ssl=1 1x, https:\/\/i0.wp.com\/lasprimeras.com.do\/wp-content\/uploads\/2025\/07\/robert.jpg?resize=525%2C300&ssl=1 1.5x, https:\/\/i0.wp.com\/lasprimeras.com.do\/wp-content\/uploads\/2025\/07\/robert.jpg?resize=700%2C400&ssl=1 2x"},"classes":[]},{"id":123316,"url":"https:\/\/lasprimeras.com.do\/index.php\/2026\/02\/27\/directora-del-infotep-valora-como-positiva-rendicion-de-cuentas-del-presidente-abinader\/","url_meta":{"origin":94296,"position":5},"title":"Directora del INFOTEP valora como positiva rendici\u00f3n de cuentas del presidente Abinader","author":"Nelson Feliz","date":"27 de febrero de 2026","format":false,"excerpt":"Maira Morla Pineda afirma que el discurso reafirma la apuesta por el capital humano como eje estrat\u00e9gico para la productividad y la reducci\u00f3n de la pobreza. La directora general del INFOTEP, Maira Morla Pineda, valor\u00f3 como \u201cintegral, responsable y orientada a resultados\u201d la rendici\u00f3n de cuentas presentada ante la Asamblea\u2026","rel":"","context":"En \u00abNACIONALES\u00bb","block_context":{"text":"NACIONALES","link":"https:\/\/lasprimeras.com.do\/index.php\/category\/nacionales\/"},"img":{"alt_text":"Maira Morla Pineda","src":"https:\/\/i0.wp.com\/lasprimeras.com.do\/wp-content\/uploads\/2026\/02\/Maira-Morla-Pineda-1.jpg?resize=350%2C200&ssl=1","width":350,"height":200,"srcset":"https:\/\/i0.wp.com\/lasprimeras.com.do\/wp-content\/uploads\/2026\/02\/Maira-Morla-Pineda-1.jpg?resize=350%2C200&ssl=1 1x, https:\/\/i0.wp.com\/lasprimeras.com.do\/wp-content\/uploads\/2026\/02\/Maira-Morla-Pineda-1.jpg?resize=525%2C300&ssl=1 1.5x, https:\/\/i0.wp.com\/lasprimeras.com.do\/wp-content\/uploads\/2026\/02\/Maira-Morla-Pineda-1.jpg?resize=700%2C400&ssl=1 2x"},"classes":[]}],"jetpack_sharing_enabled":true,"jetpack_featured_media_url":"https:\/\/lasprimeras.com.do\/wp-content\/uploads\/2025\/02\/Luis-Abinader-10.jpg","_links":{"self":[{"href":"https:\/\/lasprimeras.com.do\/index.php\/wp-json\/wp\/v2\/posts\/94296","targetHints":{"allow":["GET"]}}],"collection":[{"href":"https:\/\/lasprimeras.com.do\/index.php\/wp-json\/wp\/v2\/posts"}],"about":[{"href":"https:\/\/lasprimeras.com.do\/index.php\/wp-json\/wp\/v2\/types\/post"}],"author":[{"embeddable":true,"href":"https:\/\/lasprimeras.com.do\/index.php\/wp-json\/wp\/v2\/users\/2"}],"replies":[{"embeddable":true,"href":"https:\/\/lasprimeras.com.do\/index.php\/wp-json\/wp\/v2\/comments?post=94296"}],"version-history":[{"count":1,"href":"https:\/\/lasprimeras.com.do\/index.php\/wp-json\/wp\/v2\/posts\/94296\/revisions"}],"predecessor-version":[{"id":94297,"href":"https:\/\/lasprimeras.com.do\/index.php\/wp-json\/wp\/v2\/posts\/94296\/revisions\/94297"}],"wp:featuredmedia":[{"embeddable":true,"href":"https:\/\/lasprimeras.com.do\/index.php\/wp-json\/wp\/v2\/media\/94286"}],"wp:attachment":[{"href":"https:\/\/lasprimeras.com.do\/index.php\/wp-json\/wp\/v2\/media?parent=94296"}],"wp:term":[{"taxonomy":"category","embeddable":true,"href":"https:\/\/lasprimeras.com.do\/index.php\/wp-json\/wp\/v2\/categories?post=94296"},{"taxonomy":"post_tag","embeddable":true,"href":"https:\/\/lasprimeras.com.do\/index.php\/wp-json\/wp\/v2\/tags?post=94296"}],"curies":[{"name":"wp","href":"https:\/\/api.w.org\/{rel}","templated":true}]}}