{"id":94316,"date":"2025-02-27T10:40:00","date_gmt":"2025-02-27T14:40:00","guid":{"rendered":"https:\/\/lasprimeras.com.do\/?p=94316"},"modified":"2025-02-27T16:45:30","modified_gmt":"2025-02-27T20:45:30","slug":"dirigentes-prm-de-sdo-se-concentran-en-congreso-en-apoyo-a-gestion-presidente-abinader","status":"publish","type":"post","link":"https:\/\/lasprimeras.com.do\/index.php\/2025\/02\/27\/dirigentes-prm-de-sdo-se-concentran-en-congreso-en-apoyo-a-gestion-presidente-abinader\/","title":{"rendered":"Dirigentes PRM de SDO se concentran en Congreso en apoyo a gesti\u00f3n presidente Abinader"},"content":{"rendered":"\n<p class=\"wp-block-paragraph\">El dirigente pol\u00edtico Radham\u00e9s Gonz\u00e1lez, junto a militantes del Partido Revolucionario Moderno (PRM), se concentraron este jueves 27 de febrero en los alrededores del Congreso Nacional en apoyo a las ejecutorias del presidente Luis Abinader.<\/p>\n\n\n\n<p class=\"wp-block-paragraph\">Gonz\u00e1lez, se\u00f1al\u00f3 que en este primer a\u00f1o de su segunda gesti\u00f3n gubernamental, el presidente Abinader puede exhibir avances significativos en \u00e1reas clave como salud, educaci\u00f3n, seguridad, inversi\u00f3n extranjera, desarrollo del turismo, estabilidad econ\u00f3mica, infraestructura y pol\u00edtica exterior, demostrando un gobierno enfocado en el bienestar y progreso de la Rep\u00fablica Dominicana.<\/p>\n\n\n\n<p class=\"wp-block-paragraph\">En ese orden, destac\u00f3 adem\u00e1s, importantes obras en el Distrito Nacional y el Gran Santo Domingo que ejecuta el Gobierno como los proyectos de soluci\u00f3n vial de las avenidas 27 de Febrero con Isabel Aguiar (Pintura), y el kil\u00f3metro 9 de la autopista Duarte. Asimismo la extensi\u00f3n del Metro hacia Los Alcarrizos, la reparaci\u00f3n de la autopista Duarte, entre otras.<\/p>\n\n\n\n<p class=\"wp-block-paragraph\">\u00abEn este discurso de rendici\u00f3n de cuentas, el Mandatario no solo reflejar\u00e1 el compromiso y la transparencia de la administraci\u00f3n actual, sino que tambi\u00e9n, proyectar\u00e1 una visi\u00f3n de futuro donde los mejores d\u00edas est\u00e1n por venir\u00bb, afirm\u00f3.<\/p>\n\n\n\n<p class=\"wp-block-paragraph\">El grupo de dirigentes del PRM lleg\u00f3 al Centro de los H\u00e9roes con pancartas en mano a defender la obra de gobierno de Abinader, procedentes del municipio Santo Domingo Oeste.<\/p>\n","protected":false},"excerpt":{"rendered":"<p>El dirigente pol\u00edtico Radham\u00e9s Gonz\u00e1lez, junto a militantes del Partido Revolucionario Moderno (PRM), se concentraron este jueves 27 de febrero en los alrededores del Congreso Nacional en apoyo a las&hellip;<\/p>\n","protected":false},"author":2,"featured_media":94317,"comment_status":"open","ping_status":"open","sticky":false,"template":"","format":"standard","meta":{"content-type":"","_jetpack_newsletter_access":"","_jetpack_dont_email_post_to_subs":false,"_jetpack_newsletter_tier_id":0,"_jetpack_memberships_contains_paywalled_content":false,"_jetpack_feature_clip_id":0,"_jetpack_memberships_contains_paid_content":false,"footnotes":"","jetpack_post_was_ever_published":false},"categories":[16559,25],"tags":[530,983,67,31,8095],"class_list":["post-94316","post","type-post","status-publish","format-standard","has-post-thumbnail","hentry","category-politica","category-portada","tag-congreso","tag-dirigentes","tag-luis-abinader","tag-prm","tag-sdo"],"jetpack-related-posts":[{"id":134099,"url":"https:\/\/lasprimeras.com.do\/index.php\/2026\/07\/06\/fellito-subervi-el-reto-del-prm-es-mantener-unidad-y-responder-a-expectativas-de-la-poblacion\/","url_meta":{"origin":94316,"position":0},"title":"Fellito Suberv\u00ed: &#8220;El reto del PRM es mantener unidad y responder a expectativas de la poblaci\u00f3n&#8221;","author":"Nelson Feliz","date":"6 de julio de 2026","format":false,"excerpt":"Santo Domingo. - El presidente del Partido Revolucionario Moderno (PRM) en el Distrito Nacional, ingeniero Felipe - Fellito- Suberv\u00ed, afirm\u00f3 que el principal desaf\u00edo de la organizaci\u00f3n oficialista es preservar la unidad interna y continuar ofreciendo resultados desde el Gobierno para responder a las expectativas de la poblaci\u00f3n. Durante una\u2026","rel":"","context":"En \u00abPOLITICA\u00bb","block_context":{"text":"POLITICA","link":"https:\/\/lasprimeras.com.do\/index.php\/category\/politica\/"},"img":{"alt_text":"","src":"https:\/\/i0.wp.com\/lasprimeras.com.do\/wp-content\/uploads\/2026\/07\/IMG-20260706-WA0285.jpg?resize=350%2C200&ssl=1","width":350,"height":200,"srcset":"https:\/\/i0.wp.com\/lasprimeras.com.do\/wp-content\/uploads\/2026\/07\/IMG-20260706-WA0285.jpg?resize=350%2C200&ssl=1 1x, https:\/\/i0.wp.com\/lasprimeras.com.do\/wp-content\/uploads\/2026\/07\/IMG-20260706-WA0285.jpg?resize=525%2C300&ssl=1 1.5x, https:\/\/i0.wp.com\/lasprimeras.com.do\/wp-content\/uploads\/2026\/07\/IMG-20260706-WA0285.jpg?resize=700%2C400&ssl=1 2x, https:\/\/i0.wp.com\/lasprimeras.com.do\/wp-content\/uploads\/2026\/07\/IMG-20260706-WA0285.jpg?resize=1050%2C600&ssl=1 3x, https:\/\/i0.wp.com\/lasprimeras.com.do\/wp-content\/uploads\/2026\/07\/IMG-20260706-WA0285.jpg?resize=1400%2C800&ssl=1 4x"},"classes":[]},{"id":138968,"url":"https:\/\/lasprimeras.com.do\/index.php\/2026\/09\/03\/juan-garrigo-renuncia-a-sus-funciones-gubernamentalesse-concentra-en-fortalecer-el-prm\/","url_meta":{"origin":94316,"position":1},"title":"Juan Garrig\u00f3 renuncia a sus funciones gubernamentales;se concentra en fortalecer el PRM","author":"Nelson Feliz","date":"3 de septiembre de 2026","format":false,"excerpt":"El electo secretario general renuncia a sus funciones en el Gobierno para dedicarse plenamente al fortalecimiento, la unidad y la modernizaci\u00f3n del partido SANTO DOMINGO.\u2013 Juan Garrig\u00f3 Mej\u00eda present\u00f3 formalmente su renuncia al cargo de viceministro de Gesti\u00f3n Social y Comunitaria, con el prop\u00f3sito de dedicarse plenamente a las responsabilidades\u2026","rel":"","context":"En \u00abPORTADA\u00bb","block_context":{"text":"PORTADA","link":"https:\/\/lasprimeras.com.do\/index.php\/category\/portada\/"},"img":{"alt_text":"Juan Garrig\u00f3","src":"https:\/\/i0.wp.com\/lasprimeras.com.do\/wp-content\/uploads\/2026\/09\/Juan-Garrigo.jpg?resize=350%2C200&ssl=1","width":350,"height":200,"srcset":"https:\/\/i0.wp.com\/lasprimeras.com.do\/wp-content\/uploads\/2026\/09\/Juan-Garrigo.jpg?resize=350%2C200&ssl=1 1x, https:\/\/i0.wp.com\/lasprimeras.com.do\/wp-content\/uploads\/2026\/09\/Juan-Garrigo.jpg?resize=525%2C300&ssl=1 1.5x, https:\/\/i0.wp.com\/lasprimeras.com.do\/wp-content\/uploads\/2026\/09\/Juan-Garrigo.jpg?resize=700%2C400&ssl=1 2x, https:\/\/i0.wp.com\/lasprimeras.com.do\/wp-content\/uploads\/2026\/09\/Juan-Garrigo.jpg?resize=1050%2C600&ssl=1 3x"},"classes":[]},{"id":121305,"url":"https:\/\/lasprimeras.com.do\/index.php\/2026\/02\/03\/franklin-romero-unico-senador-del-prm-que-ostenta-una-presidencia-provincial\/","url_meta":{"origin":94316,"position":2},"title":"Franklin Romero \u00fanico senador del PRM que ostenta una presidencia provincial","author":"Nelson Feliz","date":"3 de febrero de 2026","format":false,"excerpt":"Franklin Romero","rel":"","context":"En \u00abPOLITICA\u00bb","block_context":{"text":"POLITICA","link":"https:\/\/lasprimeras.com.do\/index.php\/category\/politica\/"},"img":{"alt_text":"","src":"https:\/\/i0.wp.com\/lasprimeras.com.do\/wp-content\/uploads\/2026\/02\/IMG-20260203-WA0222.jpg?resize=350%2C200&ssl=1","width":350,"height":200,"srcset":"https:\/\/i0.wp.com\/lasprimeras.com.do\/wp-content\/uploads\/2026\/02\/IMG-20260203-WA0222.jpg?resize=350%2C200&ssl=1 1x, https:\/\/i0.wp.com\/lasprimeras.com.do\/wp-content\/uploads\/2026\/02\/IMG-20260203-WA0222.jpg?resize=525%2C300&ssl=1 1.5x, https:\/\/i0.wp.com\/lasprimeras.com.do\/wp-content\/uploads\/2026\/02\/IMG-20260203-WA0222.jpg?resize=700%2C400&ssl=1 2x"},"classes":[]},{"id":120228,"url":"https:\/\/lasprimeras.com.do\/index.php\/2026\/01\/21\/candidatos-plancha-unitaria-de-la-seccional-del-prm-en-la-florida-central-reafirman-apoyo-al-gobierno-de-abinader\/","url_meta":{"origin":94316,"position":3},"title":"Candidatos plancha &#8220;Unitaria de la seccional del PRM&#8221; en la Florida Central reafirman apoyo al gobierno de Abinader","author":"Nelson Feliz","date":"21 de enero de 2026","format":false,"excerpt":"Por Jos\u00e9 Beato Florida Central, Estados Unidos- Los aspirantes a dirigir la seccional del Partido Revolucionario Moderno (PRM), agrupados en la Plancha Unitaria Jos\u00e9 Francisco Pe\u00f1a G\u00f3mez, anunciaron su respaldo total a la gesti\u00f3n de gobierno del presidente Luis Abinader. El Dr. Luis Arzeno, candidato a la presidencia, Leonardo Erickson,\u2026","rel":"","context":"En \u00abPOLITICA\u00bb","block_context":{"text":"POLITICA","link":"https:\/\/lasprimeras.com.do\/index.php\/category\/politica\/"},"img":{"alt_text":"Unitaria de la seccional del PRM","src":"https:\/\/i0.wp.com\/lasprimeras.com.do\/wp-content\/uploads\/2026\/01\/PRM.jpg?resize=350%2C200&ssl=1","width":350,"height":200,"srcset":"https:\/\/i0.wp.com\/lasprimeras.com.do\/wp-content\/uploads\/2026\/01\/PRM.jpg?resize=350%2C200&ssl=1 1x, https:\/\/i0.wp.com\/lasprimeras.com.do\/wp-content\/uploads\/2026\/01\/PRM.jpg?resize=525%2C300&ssl=1 1.5x, https:\/\/i0.wp.com\/lasprimeras.com.do\/wp-content\/uploads\/2026\/01\/PRM.jpg?resize=700%2C400&ssl=1 2x"},"classes":[]},{"id":100177,"url":"https:\/\/lasprimeras.com.do\/index.php\/2025\/06\/02\/denuncian-incumplimientos-del-prm-y-luis-abinader-en-temas-elementales-a-cinco-anos-de-gestion\/","url_meta":{"origin":94316,"position":4},"title":"Denuncian incumplimientos del PRM y Luis Abinader en temas elementales a cinco a\u00f1os de gesti\u00f3n","author":"Nelson Feliz","date":"2 de junio de 2025","format":false,"excerpt":"El miembro del Comit\u00e9 Central del Partido de la Liberaci\u00f3n Dominicana (PLD), Luis Alberto Pel\u00e1ez, critic\u00f3 lo que considera ineficiencia del gobierno del Partido Revolucionario Moderno (PRM) y del presidente Luis Abinader, en una gesti\u00f3n que , tras cinco a\u00f1os en el poder, no han resuelto problemas elementales que prometieron\u2026","rel":"","context":"En \u00abECONOM\u00cdA\u00bb","block_context":{"text":"ECONOM\u00cdA","link":"https:\/\/lasprimeras.com.do\/index.php\/category\/economia\/"},"img":{"alt_text":"","src":"https:\/\/i0.wp.com\/lasprimeras.com.do\/wp-content\/uploads\/2025\/06\/pELAEZ-22.jpg?resize=350%2C200&ssl=1","width":350,"height":200,"srcset":"https:\/\/i0.wp.com\/lasprimeras.com.do\/wp-content\/uploads\/2025\/06\/pELAEZ-22.jpg?resize=350%2C200&ssl=1 1x, https:\/\/i0.wp.com\/lasprimeras.com.do\/wp-content\/uploads\/2025\/06\/pELAEZ-22.jpg?resize=525%2C300&ssl=1 1.5x, https:\/\/i0.wp.com\/lasprimeras.com.do\/wp-content\/uploads\/2025\/06\/pELAEZ-22.jpg?resize=700%2C400&ssl=1 2x"},"classes":[]},{"id":101358,"url":"https:\/\/lasprimeras.com.do\/index.php\/2025\/06\/20\/ricardo-de-los-santos-rechaza-inicio-de-campana-politica-a-destiempo\/","url_meta":{"origin":94316,"position":5},"title":"Ricardo de los Santos rechaza inicio de campa\u00f1a pol\u00edtica a destiempo","author":"Nelson Feliz","date":"20 de junio de 2025","format":false,"excerpt":"El Presidente del Senado exhorta a precandidatos respaldar gobierno del PRM. El presidente del Senado de la Rep\u00fablica, Ricardo de los Santos, rechaz\u00f3 este mi\u00e9rcoles el inicio de una campa\u00f1a pol\u00edtica a destiempo dentro del Partido Revolucionario Moderno (PRM). Exhort\u00f3 a los dirigentes del Partido Revolucionario Moderno (PRM) a respaldar\u2026","rel":"","context":"En \u00abPOLITICA\u00bb","block_context":{"text":"POLITICA","link":"https:\/\/lasprimeras.com.do\/index.php\/category\/politica\/"},"img":{"alt_text":"Ricardo de los Santos","src":"https:\/\/i0.wp.com\/lasprimeras.com.do\/wp-content\/uploads\/2025\/06\/Ricardo-de-los-Santos.jpg?resize=350%2C200&ssl=1","width":350,"height":200,"srcset":"https:\/\/i0.wp.com\/lasprimeras.com.do\/wp-content\/uploads\/2025\/06\/Ricardo-de-los-Santos.jpg?resize=350%2C200&ssl=1 1x, https:\/\/i0.wp.com\/lasprimeras.com.do\/wp-content\/uploads\/2025\/06\/Ricardo-de-los-Santos.jpg?resize=525%2C300&ssl=1 1.5x, https:\/\/i0.wp.com\/lasprimeras.com.do\/wp-content\/uploads\/2025\/06\/Ricardo-de-los-Santos.jpg?resize=700%2C400&ssl=1 2x"},"classes":[]}],"jetpack_sharing_enabled":true,"jetpack_featured_media_url":"https:\/\/lasprimeras.com.do\/wp-content\/uploads\/2025\/02\/PRM-1.jpg","_links":{"self":[{"href":"https:\/\/lasprimeras.com.do\/index.php\/wp-json\/wp\/v2\/posts\/94316","targetHints":{"allow":["GET"]}}],"collection":[{"href":"https:\/\/lasprimeras.com.do\/index.php\/wp-json\/wp\/v2\/posts"}],"about":[{"href":"https:\/\/lasprimeras.com.do\/index.php\/wp-json\/wp\/v2\/types\/post"}],"author":[{"embeddable":true,"href":"https:\/\/lasprimeras.com.do\/index.php\/wp-json\/wp\/v2\/users\/2"}],"replies":[{"embeddable":true,"href":"https:\/\/lasprimeras.com.do\/index.php\/wp-json\/wp\/v2\/comments?post=94316"}],"version-history":[{"count":1,"href":"https:\/\/lasprimeras.com.do\/index.php\/wp-json\/wp\/v2\/posts\/94316\/revisions"}],"predecessor-version":[{"id":94318,"href":"https:\/\/lasprimeras.com.do\/index.php\/wp-json\/wp\/v2\/posts\/94316\/revisions\/94318"}],"wp:featuredmedia":[{"embeddable":true,"href":"https:\/\/lasprimeras.com.do\/index.php\/wp-json\/wp\/v2\/media\/94317"}],"wp:attachment":[{"href":"https:\/\/lasprimeras.com.do\/index.php\/wp-json\/wp\/v2\/media?parent=94316"}],"wp:term":[{"taxonomy":"category","embeddable":true,"href":"https:\/\/lasprimeras.com.do\/index.php\/wp-json\/wp\/v2\/categories?post=94316"},{"taxonomy":"post_tag","embeddable":true,"href":"https:\/\/lasprimeras.com.do\/index.php\/wp-json\/wp\/v2\/tags?post=94316"}],"curies":[{"name":"wp","href":"https:\/\/api.w.org\/{rel}","templated":true}]}}