{"id":94319,"date":"2025-02-27T09:47:00","date_gmt":"2025-02-27T13:47:00","guid":{"rendered":"https:\/\/lasprimeras.com.do\/?p=94319"},"modified":"2025-02-27T17:03:36","modified_gmt":"2025-02-27T21:03:36","slug":"presidente-del-senado-reafirma-compromiso-de-legislar-con-transparencia-responsabilidad-y-vision-a-favor-del-pais","status":"publish","type":"post","link":"https:\/\/lasprimeras.com.do\/index.php\/2025\/02\/27\/presidente-del-senado-reafirma-compromiso-de-legislar-con-transparencia-responsabilidad-y-vision-a-favor-del-pais\/","title":{"rendered":"Presidente del Senado reafirma compromiso de legislar con transparencia, responsabilidad y visi\u00f3n a favor del pa\u00eds"},"content":{"rendered":"\n<p class=\"wp-block-paragraph\"><strong>Dentro de las tareas pendientes, Ricardo de los Santos, se\u00f1al\u00f3 que busca reducir significativamente la mora legislativa con la determinaci\u00f3n, energ\u00eda, entrega y voluntad de los legisladores y asesores.<\/strong><\/p>\n\n\n\n<p class=\"wp-block-paragraph\">El presidente del Senado de la Rep\u00fablica, Ricardo de los Santos, defini\u00f3 como inquebrantable su compromiso con la institucionalidad y resalt\u00f3 que en su gesti\u00f3n ha legislado con transparencia, responsabilidad y visi\u00f3n con la finalidad de construir un pa\u00eds fuerte sobre la base de instituciones s\u00f3lidas al servicio de la poblaci\u00f3n.<\/p>\n\n\n\n<p class=\"wp-block-paragraph\">En su discurso desde del Sal\u00f3n de la Asamblea Nacional, previo a escuchar el discurso de rendici\u00f3n de cuentas del presidente de la Rep\u00fablica, Luis Abinader, en el 181 aniversario de la Independencia Nacional, De Los Santos afirm\u00f3 que el Poder Legislativo continuar\u00e1 ejecutando su tarea como misi\u00f3n de Estado.<\/p>\n\n\n\n<p class=\"wp-block-paragraph\">\u201cNuestra obligaci\u00f3n de fiscalizar se mantendr\u00e1 latente, para que cada entidad cumpla su cometido, con responsabilidad, apegada a nuestra Carta Magna, poniendo el inter\u00e9s general por encima del inter\u00e9s particular; teniendo el bien com\u00fan y la tranquilidad de los dominicanos, como nuestra aspiraci\u00f3n suprema, en un marco normativo que incentive el crecimiento econ\u00f3mico, sin descuidar el bienestar social, la inclusi\u00f3n y la subsidiaridad a los m\u00e1s vulnerables\u201d, expres\u00f3.<\/p>\n\n\n\n<p class=\"wp-block-paragraph\">Al dirigirse a los presentes, De los Santos, describi\u00f3 como un gran reto la legislatura que inicia este jueves, escenario donde aprovech\u00f3 para resaltar la armon\u00eda entre la C\u00e1mara de Diputados y el Senado para procurar lograr el mayor consenso posible para sancionar leyes pendientes.<\/p>\n\n\n\n<p class=\"wp-block-paragraph\">Dentro de las tareas pendientes, el presidente del Senado, dijo que busca reducir significativamente la mora legislativa con la determinaci\u00f3n, energ\u00eda, entrega y voluntad de los legisladores y asesores.<\/p>\n\n\n\n<p class=\"wp-block-paragraph\">Al renovar su compromiso con el pa\u00eds y el pueblo, destac\u00f3 la estabilidad pol\u00edtica, social y econ\u00f3mica que vive la Rep\u00fablica Dominicana e invit\u00f3 a los dominicanos a seguir trabajando por una naci\u00f3n con m\u00e1s oportunidades.<\/p>\n\n\n\n<p class=\"wp-block-paragraph\">\u201cExhortamos a todos los dominicanos a seguir trabajando con el mismo fervor que nuestros patriotas, por los ideales que los movieron: la libertad, la justicia y la igualdad como nuestra aspiraci\u00f3n suprema\u201d, expres\u00f3.<\/p>\n\n\n\n<p class=\"wp-block-paragraph\">El tambi\u00e9n senador por la provincia S\u00e1nchez Ram\u00edrez resalt\u00f3 parte de sus \u00e9xitos y logros durante esta legislatura, mencion\u00f3 la celebraci\u00f3n en el congreso del evento internacional \u201cParlamentos y Prosperidad\u201d en el que participaron Uruguay, Panam\u00e1, Chile y Rep\u00fablica Dominicana, con la finalidad de promover reformas que necesita el hemisferio y procurar que la legislaci\u00f3n sea en conjunto de evidencia cient\u00edfica para garantizar gobernanza anticipatoria.<\/p>\n\n\n\n<p class=\"wp-block-paragraph\">En su discurso, el presidente de la C\u00e1mara Alta, Ricardo de los Santos, tambi\u00e9n exalt\u00f3 a los dominicanos que lucharon por la Independencia Nacional, al celebrarse hoy, el 181 aniversario de la Independencia dominicana, \u201chonramos a nuestros h\u00e9roes, recordando su gesta patri\u00f3tica y manifestando nuestra profunda gratitud\u201d.<\/p>\n\n\n\n<p class=\"wp-block-paragraph\">\u201cSentimos gran satisfacci\u00f3n por los avances que podemos exhibir como naci\u00f3n y por las metas que juntos hemos alcanzado, lo que nos proyecta hacia un futuro m\u00e1s optimista y esperanzador\u201d, concluy\u00f3 De los Santos previo al discurso de rendici\u00f3n de cuentas del presidente Luis Abinader ante la reuni\u00f3n conjunta del Senado de la Rep\u00fablica y la C\u00e1mara de Diputados.<\/p>\n\n\n\n<p class=\"wp-block-paragraph\">Durante su alocuci\u00f3n, el presidente Abinader destac\u00f3 lo solemne de la festividad \u201ceste acto de rendici\u00f3n de cuentas, es m\u00e1s que un ejercicio de transparencia y democracia; es tambi\u00e9n un tributo a nuestra historia, pues en esta fecha conmemoramos la gesta heroica que dio nacimiento a la Rep\u00fablica Dominicana\u201d.<\/p>\n\n\n\n<p class=\"wp-block-paragraph\">Abinader subray\u00f3 el \u00e9xito alcanzado durante el a\u00f1o 2024, consider\u00e1ndolo como un hito hist\u00f3rico, \u201cEn 2024, logramos el mejor a\u00f1o en la historia de las exportaciones dominicanas, que alcanzaron m\u00e1s de US$13,852 millones de d\u00f3lares, lo que representa un crecimiento del 7.1% con respecto a 2023 y un aumento sustancial del 23.8% en comparaci\u00f3n con el a\u00f1o pre-pandemia 2019, seg\u00fan datos publicados por el Banco Central\u201d.<\/p>\n\n\n\n<p class=\"wp-block-paragraph\">En el primer discurso de su segundo mandato, el mandatario recalc\u00f3 los logros que ha alcanzado en materia de educaci\u00f3n, salud, trabajo, econom\u00eda, responsabilidad social y pol\u00edticas sociales.<\/p>\n","protected":false},"excerpt":{"rendered":"<p>Dentro de las tareas pendientes, Ricardo de los Santos, se\u00f1al\u00f3 que busca reducir significativamente la mora legislativa con la determinaci\u00f3n, energ\u00eda, entrega y voluntad de los legisladores y asesores. El&hellip;<\/p>\n","protected":false},"author":2,"featured_media":94320,"comment_status":"open","ping_status":"open","sticky":false,"template":"","format":"standard","meta":{"content-type":"","_jetpack_newsletter_access":"","_jetpack_dont_email_post_to_subs":false,"_jetpack_newsletter_tier_id":0,"_jetpack_memberships_contains_paywalled_content":false,"_jetpack_feature_clip_id":0,"_jetpack_memberships_contains_paid_content":false,"footnotes":"","jetpack_post_was_ever_published":false},"categories":[35,25],"tags":[562,13976,2849,413,898,5094],"class_list":["post-94319","post","type-post","status-publish","format-standard","has-post-thumbnail","hentry","category-nacionales","category-portada","tag-compromiso","tag-legislar","tag-responsabilidad","tag-senado","tag-transparencia","tag-vision"],"jetpack-related-posts":[{"id":77923,"url":"https:\/\/lasprimeras.com.do\/index.php\/2024\/02\/27\/presidente-del-senado-destaca-labor-del-poder-legislativo-y-reitera-compromiso-con-la-democracia\/","url_meta":{"origin":94319,"position":0},"title":"Presidente del Senado destaca labor del Poder Legislativo y reitera compromiso con la democracia","author":"Nelson Feliz","date":"27 de febrero de 2024","format":false,"excerpt":"Ricardo de los Santos, asegur\u00f3 que continuaran trabajando unidos, impulsando leyes orientadas a lograr las grandes transformaciones que requiere la sociedad dominicana como garant\u00eda de la institucionalidad. El presidente del Senado, Ricardo de los Santos, destac\u00f3 la labor que realiza el poder legislativo, y valor\u00f3 como positivo que la C\u00e1mara\u2026","rel":"","context":"En \u00abNACIONALES\u00bb","block_context":{"text":"NACIONALES","link":"https:\/\/lasprimeras.com.do\/index.php\/category\/nacionales\/"},"img":{"alt_text":"Ricardo de los Santos","src":"https:\/\/i0.wp.com\/lasprimeras.com.do\/wp-content\/uploads\/2024\/02\/Ricardo-de-los-Santos-5-1.jpg?resize=350%2C200&ssl=1","width":350,"height":200,"srcset":"https:\/\/i0.wp.com\/lasprimeras.com.do\/wp-content\/uploads\/2024\/02\/Ricardo-de-los-Santos-5-1.jpg?resize=350%2C200&ssl=1 1x, https:\/\/i0.wp.com\/lasprimeras.com.do\/wp-content\/uploads\/2024\/02\/Ricardo-de-los-Santos-5-1.jpg?resize=525%2C300&ssl=1 1.5x, https:\/\/i0.wp.com\/lasprimeras.com.do\/wp-content\/uploads\/2024\/02\/Ricardo-de-los-Santos-5-1.jpg?resize=700%2C400&ssl=1 2x"},"classes":[]},{"id":105320,"url":"https:\/\/lasprimeras.com.do\/index.php\/2025\/08\/01\/ricardo-de-los-santos-resalta-aprobacion-del-nuevo-codigo-penal-como-un-paso-historico\/","url_meta":{"origin":94319,"position":1},"title":"Ricardo de los Santos resalta aprobaci\u00f3n del nuevo C\u00f3digo Penal como un paso hist\u00f3rico","author":"Nelson Feliz","date":"1 de agosto de 2025","format":false,"excerpt":"El presidente del Senado de la Rep\u00fablica, Ricardo de los Santos, calific\u00f3 como un paso hist\u00f3rico y necesario para el pa\u00eds la aprobaci\u00f3n del nuevo C\u00f3digo Penal de la Rep\u00fablica Dominicana en el d\u00eda de ayer por el Senado Dominicano, al tiempo que reafirm\u00f3 el compromiso de esta instituci\u00f3n con\u2026","rel":"","context":"En \u00abNACIONALES\u00bb","block_context":{"text":"NACIONALES","link":"https:\/\/lasprimeras.com.do\/index.php\/category\/nacionales\/"},"img":{"alt_text":"","src":"https:\/\/i0.wp.com\/lasprimeras.com.do\/wp-content\/uploads\/2025\/08\/RICARDO-DE-LOS-SANTOS.jpg?resize=350%2C200&ssl=1","width":350,"height":200,"srcset":"https:\/\/i0.wp.com\/lasprimeras.com.do\/wp-content\/uploads\/2025\/08\/RICARDO-DE-LOS-SANTOS.jpg?resize=350%2C200&ssl=1 1x, https:\/\/i0.wp.com\/lasprimeras.com.do\/wp-content\/uploads\/2025\/08\/RICARDO-DE-LOS-SANTOS.jpg?resize=525%2C300&ssl=1 1.5x, https:\/\/i0.wp.com\/lasprimeras.com.do\/wp-content\/uploads\/2025\/08\/RICARDO-DE-LOS-SANTOS.jpg?resize=700%2C400&ssl=1 2x"},"classes":[]},{"id":100115,"url":"https:\/\/lasprimeras.com.do\/index.php\/2025\/06\/01\/aird-destaca-importancia-del-marco-legislativo-para-el-fortalecimiento-industria\/","url_meta":{"origin":94319,"position":2},"title":"AIRD destaca importancia del marco legislativo para el fortalecimiento industria","author":"Nelson Feliz","date":"1 de junio de 2025","format":false,"excerpt":"Durante el encuentro de la AIRD y el presidente del Senado valor\u00f3 el rol del presidente Ricardo de los Santos como ente de di\u00e1logo y consenso. Una delegaci\u00f3n de alto nivel de la Asociaci\u00f3n de Industrias de la Rep\u00fablica Dominicana (AIRD), realiz\u00f3 una visita institucional al presidente del Senado, Ricardo\u2026","rel":"","context":"En \u00abECONOM\u00cdA\u00bb","block_context":{"text":"ECONOM\u00cdA","link":"https:\/\/lasprimeras.com.do\/index.php\/category\/economia\/"},"img":{"alt_text":"","src":"https:\/\/i0.wp.com\/lasprimeras.com.do\/wp-content\/uploads\/2025\/06\/senado.jpg?resize=350%2C200&ssl=1","width":350,"height":200,"srcset":"https:\/\/i0.wp.com\/lasprimeras.com.do\/wp-content\/uploads\/2025\/06\/senado.jpg?resize=350%2C200&ssl=1 1x, https:\/\/i0.wp.com\/lasprimeras.com.do\/wp-content\/uploads\/2025\/06\/senado.jpg?resize=525%2C300&ssl=1 1.5x, https:\/\/i0.wp.com\/lasprimeras.com.do\/wp-content\/uploads\/2025\/06\/senado.jpg?resize=700%2C400&ssl=1 2x"},"classes":[]},{"id":57891,"url":"https:\/\/lasprimeras.com.do\/index.php\/2023\/08\/16\/presidente-del-senado-afirma-garantizara-institucionalidad-y-trabajara-por-el-bienestar-rd\/","url_meta":{"origin":94319,"position":3},"title":"Presidente del Senado afirma garantizar\u00e1 institucionalidad y trabajar\u00e1 por el bienestar RD","author":"Nelson Feliz","date":"16 de agosto de 2023","format":false,"excerpt":"Con el compromiso de garantizar la institucionalidad del Estado, del Senado, trabajar por los mejores intereses de la Patria, por el desarrollo y bienestar del pa\u00eds, asumi\u00f3 este mi\u00e9rcoles la presidencia del Senado de la Rep\u00fablica, el senador Ricardo de los Santos, junto a Faride Raful, vicepresidenta; adem\u00e1s de los\u2026","rel":"","context":"En \u00abNACIONALES\u00bb","block_context":{"text":"NACIONALES","link":"https:\/\/lasprimeras.com.do\/index.php\/category\/nacionales\/"},"img":{"alt_text":"Ricardo de los Santos","src":"https:\/\/i0.wp.com\/lasprimeras.com.do\/wp-content\/uploads\/2023\/08\/Ricardo-de-los-Santos.jpg?resize=350%2C200&ssl=1","width":350,"height":200,"srcset":"https:\/\/i0.wp.com\/lasprimeras.com.do\/wp-content\/uploads\/2023\/08\/Ricardo-de-los-Santos.jpg?resize=350%2C200&ssl=1 1x, https:\/\/i0.wp.com\/lasprimeras.com.do\/wp-content\/uploads\/2023\/08\/Ricardo-de-los-Santos.jpg?resize=525%2C300&ssl=1 1.5x"},"classes":[]},{"id":123221,"url":"https:\/\/lasprimeras.com.do\/index.php\/2026\/02\/27\/presidente-de-la-asamblea-nacional-reafirma-ejercicio-solido-del-cn-en-favor-de-la-institucionalidad-y-la-democracia\/","url_meta":{"origin":94319,"position":4},"title":"Presidente de la Asamblea Nacional reafirma ejercicio solido del CN en favor de la institucionalidad y la democracia\u00a0","author":"Nelson Feliz","date":"27 de febrero de 2026","format":false,"excerpt":"Al reflexionar sobre su gesti\u00f3n al frente del Senado de la Rep\u00fablica, declar\u00f3 que asumi\u00f3 su rol con la conciencia clara de que, la administraci\u00f3n de recursos ajenos es un acto de confianza que exige rectitud absoluta. Por Elvis Castro Hern\u00e1ndez\u00a0En ocasi\u00f3n del 182 aniversario de la Independencia Nacional, el\u2026","rel":"","context":"En \u00abNACIONALES\u00bb","block_context":{"text":"NACIONALES","link":"https:\/\/lasprimeras.com.do\/index.php\/category\/nacionales\/"},"img":{"alt_text":"","src":"https:\/\/i0.wp.com\/lasprimeras.com.do\/wp-content\/uploads\/2026\/02\/Ricardo-de-los-Santos-1.jpg?resize=350%2C200&ssl=1","width":350,"height":200,"srcset":"https:\/\/i0.wp.com\/lasprimeras.com.do\/wp-content\/uploads\/2026\/02\/Ricardo-de-los-Santos-1.jpg?resize=350%2C200&ssl=1 1x, https:\/\/i0.wp.com\/lasprimeras.com.do\/wp-content\/uploads\/2026\/02\/Ricardo-de-los-Santos-1.jpg?resize=525%2C300&ssl=1 1.5x, https:\/\/i0.wp.com\/lasprimeras.com.do\/wp-content\/uploads\/2026\/02\/Ricardo-de-los-Santos-1.jpg?resize=700%2C400&ssl=1 2x"},"classes":[]},{"id":82808,"url":"https:\/\/lasprimeras.com.do\/index.php\/2024\/05\/07\/senado-y-oei-firman-acuerdo-para-capacitar-nuevos-senadores-y-formar-a-sus-colaboradores\/","url_meta":{"origin":94319,"position":5},"title":"Senado y OEI firman acuerdo para capacitar nuevos senadores y formar a sus colaboradores","author":"Esteffany Vargas","date":"7 de mayo de 2024","format":false,"excerpt":"El Senado de la Rep\u00fablica y la Organizaci\u00f3n de los Estados Iberoamericanos para la Educaci\u00f3n, la Ciencia y la Cultura (OEI), firmaron un acuerdo para desarrollar iniciativas de fortalecimiento y asesoramiento t\u00e9cnico en \u00e1reas como democracia, derechos humanos, educaci\u00f3n, ciencia y cultura, para la capacitaci\u00f3n de los nuevos legisladores y\u2026","rel":"","context":"En \u00abNACIONALES\u00bb","block_context":{"text":"NACIONALES","link":"https:\/\/lasprimeras.com.do\/index.php\/category\/nacionales\/"},"img":{"alt_text":"Ricardo de los Santos y Mariano Jabonero","src":"https:\/\/i0.wp.com\/lasprimeras.com.do\/wp-content\/uploads\/2024\/05\/Ricardo-de-los-Santos-y-Mariano-Jabonero-1.jpg?resize=350%2C200&ssl=1","width":350,"height":200,"srcset":"https:\/\/i0.wp.com\/lasprimeras.com.do\/wp-content\/uploads\/2024\/05\/Ricardo-de-los-Santos-y-Mariano-Jabonero-1.jpg?resize=350%2C200&ssl=1 1x, https:\/\/i0.wp.com\/lasprimeras.com.do\/wp-content\/uploads\/2024\/05\/Ricardo-de-los-Santos-y-Mariano-Jabonero-1.jpg?resize=525%2C300&ssl=1 1.5x"},"classes":[]}],"jetpack_sharing_enabled":true,"jetpack_featured_media_url":"https:\/\/lasprimeras.com.do\/wp-content\/uploads\/2025\/02\/Ricardo-De-Los-Santos-1.jpg","_links":{"self":[{"href":"https:\/\/lasprimeras.com.do\/index.php\/wp-json\/wp\/v2\/posts\/94319","targetHints":{"allow":["GET"]}}],"collection":[{"href":"https:\/\/lasprimeras.com.do\/index.php\/wp-json\/wp\/v2\/posts"}],"about":[{"href":"https:\/\/lasprimeras.com.do\/index.php\/wp-json\/wp\/v2\/types\/post"}],"author":[{"embeddable":true,"href":"https:\/\/lasprimeras.com.do\/index.php\/wp-json\/wp\/v2\/users\/2"}],"replies":[{"embeddable":true,"href":"https:\/\/lasprimeras.com.do\/index.php\/wp-json\/wp\/v2\/comments?post=94319"}],"version-history":[{"count":1,"href":"https:\/\/lasprimeras.com.do\/index.php\/wp-json\/wp\/v2\/posts\/94319\/revisions"}],"predecessor-version":[{"id":94321,"href":"https:\/\/lasprimeras.com.do\/index.php\/wp-json\/wp\/v2\/posts\/94319\/revisions\/94321"}],"wp:featuredmedia":[{"embeddable":true,"href":"https:\/\/lasprimeras.com.do\/index.php\/wp-json\/wp\/v2\/media\/94320"}],"wp:attachment":[{"href":"https:\/\/lasprimeras.com.do\/index.php\/wp-json\/wp\/v2\/media?parent=94319"}],"wp:term":[{"taxonomy":"category","embeddable":true,"href":"https:\/\/lasprimeras.com.do\/index.php\/wp-json\/wp\/v2\/categories?post=94319"},{"taxonomy":"post_tag","embeddable":true,"href":"https:\/\/lasprimeras.com.do\/index.php\/wp-json\/wp\/v2\/tags?post=94319"}],"curies":[{"name":"wp","href":"https:\/\/api.w.org\/{rel}","templated":true}]}}