{"id":94561,"date":"2025-03-02T21:42:45","date_gmt":"2025-03-03T01:42:45","guid":{"rendered":"https:\/\/lasprimeras.com.do\/?p=94561"},"modified":"2025-03-02T21:54:51","modified_gmt":"2025-03-03T01:54:51","slug":"pedro-richardson-modificacion-a-la-ley-de-residuos-solidos-es-fundamental-para-la-sostenibilidad-economica-del-pais","status":"publish","type":"post","link":"https:\/\/lasprimeras.com.do\/index.php\/2025\/03\/02\/pedro-richardson-modificacion-a-la-ley-de-residuos-solidos-es-fundamental-para-la-sostenibilidad-economica-del-pais\/","title":{"rendered":"Pedro Richardson: Modificaci\u00f3n a la ley de residuos s\u00f3lidos es fundamental para la sostenibilidad econ\u00f3mica del pa\u00eds"},"content":{"rendered":"\n<p>El director ejecutivo de la Federaci\u00f3n Dominicana de Distritos Municipales (FEDODIM), Pedro Richardson, destac\u00f3 la urgencia de modificar la Ley 225-20 de Gesti\u00f3n Integral y Coprocesamiento de Residuos S\u00f3lidos, se\u00f1alando que la reforma es fundamental para garantizar la sostenibilidad econ\u00f3mica y lograr un pa\u00eds limpio y libre de basura.<\/p>\n\n\n\n<p>Richardson explic\u00f3 que la normativa actual presenta una falla de origen al establecer financiamiento para los puntos de transferencia y los destinos finales de los residuos, pero sin contemplar recursos para la recolecci\u00f3n de los desechos.<\/p>\n\n\n\n<p>Precis\u00f3 que las alcald\u00edas necesitan recursos para ofrecer un servicio eficiente de recogida de basura, y que esta modificaci\u00f3n permitir\u00e1 que cuenten con mayores fuentes de ingresos.<\/p>\n\n\n\n<figure class=\"wp-block-embed is-type-video is-provider-youtube wp-block-embed-youtube wp-embed-aspect-16-9 wp-has-aspect-ratio\"><div class=\"wp-block-embed__wrapper\">\n<iframe title=\"Richardson dice Modificaci\u00f3n a la ley residuos s\u00f3lidos garantiza econ\u00f3mia de RD\" width=\"500\" height=\"281\" src=\"https:\/\/www.youtube.com\/embed\/IcjhR_Xau5U?feature=oembed\" frameborder=\"0\" allow=\"accelerometer; autoplay; clipboard-write; encrypted-media; gyroscope; picture-in-picture; web-share\" referrerpolicy=\"strict-origin-when-cross-origin\" allowfullscreen><\/iframe>\n<\/div><\/figure>\n\n\n\n<p>\u201cA ti, como ciudadano, lo que te preocupa es que te recojan los residuos de tu casa, de tu apartamento, de tu calle, de tu barrio, que el sector donde t\u00fa est\u00e9s est\u00e9 limpio y eso no se logra si no hay una atenci\u00f3n por parte del Estado a las diversas alcald\u00edas, tanto de municipios como de juntas municipales para que puedan atender servicios de recogida\u201d, subray\u00f3.<\/p>\n\n\n\n<p>Sobre el impacto econ\u00f3mico que tendr\u00e1 esta modificaci\u00f3n para las empresas, Richardson, quien tambi\u00e9n preside la Federaci\u00f3n Iberoamericana de Municipios Verdes, enfatiz\u00f3 que mantener un pa\u00eds limpio tiene un costo y requiere la contribuci\u00f3n de todos. \u201cTener un pa\u00eds limpio cuesta y m\u00e1s cuando t\u00fa eres de los que m\u00e1s genera residuos, pues tu aportaci\u00f3n tiene que ser en consecuencia con la cantidad de residuos que t\u00fa generas y tambi\u00e9n con la cantidad de recursos que manejas\u201d, afirm\u00f3.<\/p>\n\n\n\n<p>Se\u00f1al\u00f3 que la propuesta establece un pago de 30 pesos por ciudadano, lo que representar\u00eda una recaudaci\u00f3n de aproximadamente 3,873 millones de pesos anuales, destinados a mejorar los equipos para la recogida de basura y otros servicios ciudadanos esenciales.<\/p>\n\n\n\n<p>\u201cNosotros transportamos los residuos en equipos inadecuados. La flota vehicular para aseo urbano de todas las municipalidades es una flota antiqu\u00edsima, con 25, 30 y 35 a\u00f1os de servicio, que cuando transita por las v\u00edas va tirando lixiviados; otros camiones vers\u00e1tiles a cielo abierto, que es m\u00e1s los desperdicios, los residuos que tira en las calles, en su camino a los vertederos, que a veces los propios que llegan al vertedero. Entonces necesitamos una flota moderna, como manda la ley\u201d, afirm\u00f3.<\/p>\n\n\n\n<p>Considera que todos debemos aportar para tener un pa\u00eds medioambientalmente sano y limpio porque \u201clos dominicanos merecemos tener un pa\u00eds sin basura\u201d.<\/p>\n\n\n\n<p>Richardson subray\u00f3 que esta reforma se enmarca en un proyecto pa\u00eds enfocado en el desarrollo nacional y como Rep\u00fablica Dominicana vive fundamentalmente del turismo, es urgente enfrentar esta situaci\u00f3n porque la gente no va donde hay basura.<\/p>\n\n\n\n<p>Sobre el mecanismo de pago, indic\u00f3 que la propuesta contempla que los cobros se realicen a trav\u00e9s de la factura el\u00e9ctrica utilizando el catastro de las Empresas Distribuidoras de Electricidad (EDES).<\/p>\n\n\n\n<p>Explic\u00f3 que la administraci\u00f3n de los recursos recaudados estar\u00e1 a cargo del Fideicomiso Do Sostenible, establecido por ley, que distribuir\u00e1 los fondos a las alcald\u00edas seg\u00fan la cantidad de habitantes.<\/p>\n\n\n\n<p>Finalmente, Richardson expres\u00f3 su confianza en que los legisladores aprobar\u00e1n la modificaci\u00f3n de la ley. \u201cEstamos confiados en que los legisladores respaldar\u00e1n esta iniciativa porque todos queremos un pa\u00eds limpio y sin basura\u201d, concluy\u00f3.<\/p>\n","protected":false},"excerpt":{"rendered":"<p>El director ejecutivo de la Federaci\u00f3n Dominicana de Distritos Municipales (FEDODIM), Pedro Richardson, destac\u00f3 la urgencia de modificar la Ley 225-20 de Gesti\u00f3n Integral y Coprocesamiento de Residuos S\u00f3lidos, se\u00f1alando&hellip;<\/p>\n","protected":false},"author":2,"featured_media":94562,"comment_status":"open","ping_status":"open","sticky":false,"template":"","format":"standard","meta":{"content-type":"","jetpack_post_was_ever_published":false,"_jetpack_newsletter_access":"","_jetpack_dont_email_post_to_subs":false,"_jetpack_newsletter_tier_id":0,"_jetpack_memberships_contains_paywalled_content":false,"_jetpack_memberships_contains_paid_content":false,"footnotes":""},"categories":[16559],"tags":[2520,10014,411,6826,17775,3088],"class_list":["post-94561","post","type-post","status-publish","format-standard","has-post-thumbnail","hentry","category-politica","tag-economica","tag-fedodim","tag-ley","tag-modificacion","tag-pedro-richardson","tag-residuos-solidos"],"jetpack_featured_media_url":"https:\/\/lasprimeras.com.do\/wp-content\/uploads\/2025\/03\/Pedro-Richardson-1.jpg","jetpack-related-posts":[{"id":93355,"url":"https:\/\/lasprimeras.com.do\/index.php\/2025\/02\/07\/alcaldes-de-la-region-el-higuamo-apoyan-modificacion-a-ley-de-residuos-solidos\/","url_meta":{"origin":94561,"position":0},"title":"Alcaldes de la regi\u00f3n el Higuamo apoyan modificaci\u00f3n a Ley de Residuos S\u00f3lidos","author":"Nelson Feliz","date":"7 de febrero de 2025","format":false,"excerpt":"Los alcaldes municipales y distritales de la Regi\u00f3n Higuamo integrada por las provinvias San Pedro de Macoris, Monte Plata y Hato Mayor respaldaron este viernes la iniciativa de modificaci\u00f3n a la Ley 225-20 de Gesti\u00f3n Integral y Coprocesamiento de Residuos S\u00f3lidos que cursa en la Camara de Diputados. Los alcaldes\u2026","rel":"","context":"En \u00abNACIONALES\u00bb","block_context":{"text":"NACIONALES","link":"https:\/\/lasprimeras.com.do\/index.php\/category\/nacionales\/"},"img":{"alt_text":"","src":"https:\/\/i0.wp.com\/lasprimeras.com.do\/wp-content\/uploads\/2025\/02\/ALCALDES.jpg?resize=350%2C200&ssl=1","width":350,"height":200,"srcset":"https:\/\/i0.wp.com\/lasprimeras.com.do\/wp-content\/uploads\/2025\/02\/ALCALDES.jpg?resize=350%2C200&ssl=1 1x, https:\/\/i0.wp.com\/lasprimeras.com.do\/wp-content\/uploads\/2025\/02\/ALCALDES.jpg?resize=525%2C300&ssl=1 1.5x"},"classes":[]},{"id":100769,"url":"https:\/\/lasprimeras.com.do\/index.php\/2025\/06\/11\/fedodim-ve-propuesta-de-ley-amenaza-autonomia-y-existencia-de-los-distritos-municipales\/","url_meta":{"origin":94561,"position":1},"title":"FEDODIM ve propuesta de ley amenaza autonom\u00eda y existencia de los Distritos Municipales","author":"Nelson Feliz","date":"11 de junio de 2025","format":false,"excerpt":"La Federaci\u00f3n Dominicana de Distritos Municipales (FEDODIM) expresa su m\u00e1s en\u00e9rgico rechazo a la propuesta de modificaci\u00f3n del Art\u00edculo 24 de la Ley 368-22 de Ordenamiento Territorial, la cual busca crear un \"r\u00e9gimen de planificaci\u00f3n vinculada\". As\u00ed lo consider\u00f3 el director ejecutivo de Fedodim, Pedro Richardson quien ve una grave\u2026","rel":"","context":"En \u00abNACIONALES\u00bb","block_context":{"text":"NACIONALES","link":"https:\/\/lasprimeras.com.do\/index.php\/category\/nacionales\/"},"img":{"alt_text":"","src":"https:\/\/i0.wp.com\/lasprimeras.com.do\/wp-content\/uploads\/2025\/06\/WhatsApp-Image-2025-06-11-at-9.52.59-AM.jpeg?resize=350%2C200&ssl=1","width":350,"height":200,"srcset":"https:\/\/i0.wp.com\/lasprimeras.com.do\/wp-content\/uploads\/2025\/06\/WhatsApp-Image-2025-06-11-at-9.52.59-AM.jpeg?resize=350%2C200&ssl=1 1x, https:\/\/i0.wp.com\/lasprimeras.com.do\/wp-content\/uploads\/2025\/06\/WhatsApp-Image-2025-06-11-at-9.52.59-AM.jpeg?resize=525%2C300&ssl=1 1.5x, https:\/\/i0.wp.com\/lasprimeras.com.do\/wp-content\/uploads\/2025\/06\/WhatsApp-Image-2025-06-11-at-9.52.59-AM.jpeg?resize=700%2C400&ssl=1 2x"},"classes":[]},{"id":93604,"url":"https:\/\/lasprimeras.com.do\/index.php\/2025\/02\/14\/la-ley-de-residuos-solidos-continua-recibiendo-apoyo-de-los-alcaldes-del-pais\/","url_meta":{"origin":94561,"position":2},"title":"La Ley de Residuos S\u00f3lidos contin\u00faa recibiendo apoyo de los alcaldes del pa\u00eds","author":"Nelson Feliz","date":"14 de febrero de 2025","format":false,"excerpt":"El proyecto de Ley 225-20 de Gesti\u00f3n Integral y Coprocesamiento de Residuos S\u00f3lidos, contin\u00faa recibiendo respaldo de los alcaldes y distritos del pa\u00eds, estos se le suman lo que integran la Regi\u00f3n Enriquillo. El encuentro con los alcaldes fue encabezado por el director ejecutivo de Fedodim , Pedro Richardson, donde\u2026","rel":"","context":"En \u00abNACIONALES\u00bb","block_context":{"text":"NACIONALES","link":"https:\/\/lasprimeras.com.do\/index.php\/category\/nacionales\/"},"img":{"alt_text":"","src":"https:\/\/i0.wp.com\/lasprimeras.com.do\/wp-content\/uploads\/2025\/02\/alcaldias.jpg?resize=350%2C200&ssl=1","width":350,"height":200,"srcset":"https:\/\/i0.wp.com\/lasprimeras.com.do\/wp-content\/uploads\/2025\/02\/alcaldias.jpg?resize=350%2C200&ssl=1 1x, https:\/\/i0.wp.com\/lasprimeras.com.do\/wp-content\/uploads\/2025\/02\/alcaldias.jpg?resize=525%2C300&ssl=1 1.5x"},"classes":[]},{"id":94888,"url":"https:\/\/lasprimeras.com.do\/index.php\/2025\/03\/06\/pedro-richardson-todo-el-que-aspire-debe-dejar-el-gobierno\/","url_meta":{"origin":94561,"position":3},"title":"Pedro Richardson: \u201cTodo el que aspire debe dejar el gobierno\u201d","author":"Nelson Feliz","date":"6 de marzo de 2025","format":false,"excerpt":"El Director Ejecutivo de la Federaci\u00f3n Dominicana de Distritos Municipales (FEDODIM), Dr. Pedro Richardson, expres\u00f3 este jueves que cualquier persona que aspire a la presidencia de la Rep\u00fablica debe renunciar a su puesto en el gobierno. Adem\u00e1s, destac\u00f3 que los perreme\u00edstas deben enfocarse en una buena gesti\u00f3n, ya que sin\u2026","rel":"","context":"En \u00abPOLITICA\u00bb","block_context":{"text":"POLITICA","link":"https:\/\/lasprimeras.com.do\/index.php\/category\/politica\/"},"img":{"alt_text":"Pedro Richardson","src":"https:\/\/i0.wp.com\/lasprimeras.com.do\/wp-content\/uploads\/2025\/03\/Pedro-Richardson.png?resize=350%2C200&ssl=1","width":350,"height":200},"classes":[]},{"id":95605,"url":"https:\/\/lasprimeras.com.do\/index.php\/2025\/03\/16\/circe-almanzar-respalda-la-modificacion-a-la-ley-de-residuos-solidos-para-impulsar-la-economia-circular-en-rd\/","url_meta":{"origin":94561,"position":4},"title":"Circe Alm\u00e1nzar respalda la modificaci\u00f3n a la Ley de Residuos S\u00f3lidos para impulsar la econom\u00eda circular en RD","author":"Nelson Feliz","date":"16 de marzo de 2025","format":false,"excerpt":"La exvicepresidenta de la Asociaci\u00f3n de Industrias y consultora privada, Circe Alm\u00e1nzar afirma que la modificaci\u00f3n a la Ley 225-20 de Gesti\u00f3n Integral y Cooprocesamiento de los Residuos S\u00f3lidos, ser\u00e1 un paso trascendental para el desarrollo de los municipios y del pa\u00eds. Alm\u00e1nzar sostiene que la discusi\u00f3n para este proyecto\u2026","rel":"","context":"En \u00abECONOM\u00cdA\u00bb","block_context":{"text":"ECONOM\u00cdA","link":"https:\/\/lasprimeras.com.do\/index.php\/category\/economia\/"},"img":{"alt_text":"Circe Alm\u00e1nzar","src":"https:\/\/i0.wp.com\/lasprimeras.com.do\/wp-content\/uploads\/2025\/03\/Circe_Almanzar_1-removebg-preview.png?resize=350%2C200&ssl=1","width":350,"height":200,"srcset":"https:\/\/i0.wp.com\/lasprimeras.com.do\/wp-content\/uploads\/2025\/03\/Circe_Almanzar_1-removebg-preview.png?resize=350%2C200&ssl=1 1x, https:\/\/i0.wp.com\/lasprimeras.com.do\/wp-content\/uploads\/2025\/03\/Circe_Almanzar_1-removebg-preview.png?resize=525%2C300&ssl=1 1.5x"},"classes":[]},{"id":102219,"url":"https:\/\/lasprimeras.com.do\/index.php\/2025\/07\/02\/fedomu-y-fedodim-buscan-soluciones-junto-al-pleno-de-la-camara-de-cuentas-sobre-alcaldes-sin-declaracion-jurada\/","url_meta":{"origin":94561,"position":5},"title":"Fedomu y Fedodim buscan soluciones junto al Pleno de la C\u00e1mara de Cuentas sobre alcaldes sin Declaraci\u00f3n Jurada","author":"Nelson Feliz","date":"2 de julio de 2025","format":false,"excerpt":"Los directivos de la Federaci\u00f3n Dominicana de Municipios (Fedomu) y Distritos Municipales (Fedodim) acudieron a la sede de la C\u00e1mara de Cuentas de la Rep\u00fablica Dominicana, donde sostuvieron un encuentro con los miembros del Pleno del \u00f3rgano fiscalizador. En la reuni\u00f3n, informaron que disponen de un equipo t\u00e9cnico habilitado para\u2026","rel":"","context":"En \u00abECONOM\u00cdA\u00bb","block_context":{"text":"ECONOM\u00cdA","link":"https:\/\/lasprimeras.com.do\/index.php\/category\/economia\/"},"img":{"alt_text":"","src":"https:\/\/i0.wp.com\/lasprimeras.com.do\/wp-content\/uploads\/2024\/12\/camara-de-cuentas.jpg?resize=350%2C200&ssl=1","width":350,"height":200,"srcset":"https:\/\/i0.wp.com\/lasprimeras.com.do\/wp-content\/uploads\/2024\/12\/camara-de-cuentas.jpg?resize=350%2C200&ssl=1 1x, https:\/\/i0.wp.com\/lasprimeras.com.do\/wp-content\/uploads\/2024\/12\/camara-de-cuentas.jpg?resize=525%2C300&ssl=1 1.5x, https:\/\/i0.wp.com\/lasprimeras.com.do\/wp-content\/uploads\/2024\/12\/camara-de-cuentas.jpg?resize=700%2C400&ssl=1 2x"},"classes":[]}],"jetpack_sharing_enabled":true,"_links":{"self":[{"href":"https:\/\/lasprimeras.com.do\/index.php\/wp-json\/wp\/v2\/posts\/94561","targetHints":{"allow":["GET"]}}],"collection":[{"href":"https:\/\/lasprimeras.com.do\/index.php\/wp-json\/wp\/v2\/posts"}],"about":[{"href":"https:\/\/lasprimeras.com.do\/index.php\/wp-json\/wp\/v2\/types\/post"}],"author":[{"embeddable":true,"href":"https:\/\/lasprimeras.com.do\/index.php\/wp-json\/wp\/v2\/users\/2"}],"replies":[{"embeddable":true,"href":"https:\/\/lasprimeras.com.do\/index.php\/wp-json\/wp\/v2\/comments?post=94561"}],"version-history":[{"count":2,"href":"https:\/\/lasprimeras.com.do\/index.php\/wp-json\/wp\/v2\/posts\/94561\/revisions"}],"predecessor-version":[{"id":94564,"href":"https:\/\/lasprimeras.com.do\/index.php\/wp-json\/wp\/v2\/posts\/94561\/revisions\/94564"}],"wp:featuredmedia":[{"embeddable":true,"href":"https:\/\/lasprimeras.com.do\/index.php\/wp-json\/wp\/v2\/media\/94562"}],"wp:attachment":[{"href":"https:\/\/lasprimeras.com.do\/index.php\/wp-json\/wp\/v2\/media?parent=94561"}],"wp:term":[{"taxonomy":"category","embeddable":true,"href":"https:\/\/lasprimeras.com.do\/index.php\/wp-json\/wp\/v2\/categories?post=94561"},{"taxonomy":"post_tag","embeddable":true,"href":"https:\/\/lasprimeras.com.do\/index.php\/wp-json\/wp\/v2\/tags?post=94561"}],"curies":[{"name":"wp","href":"https:\/\/api.w.org\/{rel}","templated":true}]}}