{"id":94565,"date":"2025-03-02T22:08:20","date_gmt":"2025-03-03T02:08:20","guid":{"rendered":"https:\/\/lasprimeras.com.do\/?p=94565"},"modified":"2025-03-02T22:08:20","modified_gmt":"2025-03-03T02:08:20","slug":"danilo-va-este-miercoles-al-sol-de-la-manana","status":"publish","type":"post","link":"https:\/\/lasprimeras.com.do\/index.php\/2025\/03\/02\/danilo-va-este-miercoles-al-sol-de-la-manana\/","title":{"rendered":"Danilo va este mi\u00e9rcoles al Sol de la Ma\u00f1ana"},"content":{"rendered":"\n<p>Danilo Medina, Presidente del PLD, participar\u00e1 este mi\u00e9rcoles en el Programa Radio-Televisado \u201cEl Sol de la Ma\u00f1ana\u201d.<\/p>\n\n\n\n<p>El ex presidente de la Rep\u00fablica, Danilo Medina, Presidente del Partido de la Liberaci\u00f3n Dominicana (PLD), completa su participaci\u00f3n presidiendo las asambleas provinciales y de Circunscripciones Electorales, lugares en los que viene respondiendo las inquietudes que le formulan los periodistas, con su comparecencia en el programa El Sol de la Ma\u00f1ana, que se transmite por la Estaci\u00f3n radial Zol, el canal de TV, Telefuturo y las redes sociales de la cadena RCC Media el pr\u00f3ximo mi\u00e9rcoles.<\/p>\n\n\n\n<p>Danilo Medina se comprometi\u00f3 con este medio a tener una primera entrevista por all\u00ed y lo cumplir\u00e1 asistiendo a la 7.30 de la ma\u00f1ana para responder preguntas y dialogar con los anfitriones del espacio radio-televisado.<\/p>\n\n\n\n<p>Johnny Pujols, secretario general del PLD, en la Asamblea de Dirigentes de la Circunscripci\u00f3n Tres de la provincia de Santo Domingo fue quien dio la informaci\u00f3n, posteriormente ratificada por el propio ex mandatario.<\/p>\n\n\n\n<p>\u201cEstaremos en el Sol de la Ma\u00f1ana a partir de las 7.30 a.m. del mi\u00e9rcoles.\u201d dijo Medina, adelantando su participaci\u00f3n en el programa matinal de opini\u00f3n y entrevistas.<\/p>\n\n\n\n<p>Para este lunes lo que est\u00e1 pautado en la reuni\u00f3n del Comit\u00e9 Politico del Partido de la Liberaci\u00f3n Dominicana (PLD) la cual Danilo Medina, en su calidad de presidente del PLD, es el director de los debates en las reuniones del Comit\u00e9 Pol\u00edtico.<\/p>\n","protected":false},"excerpt":{"rendered":"<p>Danilo Medina, Presidente del PLD, participar\u00e1 este mi\u00e9rcoles en el Programa Radio-Televisado \u201cEl Sol de la Ma\u00f1ana\u201d. El ex presidente de la Rep\u00fablica, Danilo Medina, Presidente del Partido de la&hellip;<\/p>\n","protected":false},"author":2,"featured_media":94566,"comment_status":"open","ping_status":"open","sticky":false,"template":"","format":"standard","meta":{"content-type":"","jetpack_post_was_ever_published":false,"_jetpack_newsletter_access":"","_jetpack_dont_email_post_to_subs":false,"_jetpack_newsletter_tier_id":0,"_jetpack_memberships_contains_paywalled_content":false,"_jetpack_memberships_contains_paid_content":false,"footnotes":""},"categories":[16559,25],"tags":[501,8408,17776],"class_list":["post-94565","post","type-post","status-publish","format-standard","has-post-thumbnail","hentry","category-politica","category-portada","tag-danilo-medina","tag-este-miercoles","tag-sol-de-la-manana"],"jetpack_featured_media_url":"https:\/\/lasprimeras.com.do\/wp-content\/uploads\/2025\/03\/zol-de-manana.jpg","jetpack-related-posts":[{"id":128698,"url":"https:\/\/lasprimeras.com.do\/index.php\/2026\/04\/25\/danilo-medina-encabezara-actos-de-juramentacion-del-pld-este-domingo\/","url_meta":{"origin":94565,"position":0},"title":"Danilo Medina encabezar\u00e1 actos de juramentaci\u00f3n del PLD este domingo","author":"Nelson Feliz","date":"25 de abril de 2026","format":false,"excerpt":"Danilo Medina encabezar\u00e1 este domingo sendas actividades de juramentaci\u00f3n: la primera en Mao en la ma\u00f1ana y la segunda en Santiago en horas de la tarde. El expresidente Danilo Medina, presidente del Partido de la Liberaci\u00f3n Dominicana (PLD), participar\u00e1 este domingo en sendos actos de juramentaci\u00f3n de ciudadanos que apoyan\u2026","rel":"","context":"En \u00abPOLITICA\u00bb","block_context":{"text":"POLITICA","link":"https:\/\/lasprimeras.com.do\/index.php\/category\/politica\/"},"img":{"alt_text":"Danilo Medina","src":"https:\/\/i0.wp.com\/lasprimeras.com.do\/wp-content\/uploads\/2026\/04\/Danilo-Medina-2.jpg?resize=350%2C200&ssl=1","width":350,"height":200,"srcset":"https:\/\/i0.wp.com\/lasprimeras.com.do\/wp-content\/uploads\/2026\/04\/Danilo-Medina-2.jpg?resize=350%2C200&ssl=1 1x, https:\/\/i0.wp.com\/lasprimeras.com.do\/wp-content\/uploads\/2026\/04\/Danilo-Medina-2.jpg?resize=525%2C300&ssl=1 1.5x, https:\/\/i0.wp.com\/lasprimeras.com.do\/wp-content\/uploads\/2026\/04\/Danilo-Medina-2.jpg?resize=700%2C400&ssl=1 2x"},"classes":[]},{"id":121811,"url":"https:\/\/lasprimeras.com.do\/index.php\/2026\/02\/10\/danilo-medina-renovara-este-miercoles-su-cedula-de-identidad-y-electoral\/","url_meta":{"origin":94565,"position":1},"title":"Danilo Medina renovar\u00e1 este mi\u00e9rcoles su c\u00e9dula de identidad y electoral","author":"Nelson Feliz","date":"10 de febrero de 2026","format":false,"excerpt":"El ex presidente de la Rep\u00fablica, Danilo Medina, presidente del Partido de la Liberaci\u00f3n Dominicana (PLD), asistir\u00e1 este mi\u00e9rcoles (11 febrero) a la sede nacional de la Junta Central Electoral (JCE), para agotar el proceso de renovaci\u00f3n de su c\u00e9dula de identidad y electoral. El secretario general del PLD, Johnny\u2026","rel":"","context":"En \u00abPOLITICA\u00bb","block_context":{"text":"POLITICA","link":"https:\/\/lasprimeras.com.do\/index.php\/category\/politica\/"},"img":{"alt_text":"Danilo Medina renovar\u00e1 este mi\u00e9rcoles su c\u00e9dula de identidad y electoral","src":"https:\/\/i0.wp.com\/lasprimeras.com.do\/wp-content\/uploads\/2026\/02\/Danilo-Medina-1.jpg?resize=350%2C200&ssl=1","width":350,"height":200,"srcset":"https:\/\/i0.wp.com\/lasprimeras.com.do\/wp-content\/uploads\/2026\/02\/Danilo-Medina-1.jpg?resize=350%2C200&ssl=1 1x, https:\/\/i0.wp.com\/lasprimeras.com.do\/wp-content\/uploads\/2026\/02\/Danilo-Medina-1.jpg?resize=525%2C300&ssl=1 1.5x, https:\/\/i0.wp.com\/lasprimeras.com.do\/wp-content\/uploads\/2026\/02\/Danilo-Medina-1.jpg?resize=700%2C400&ssl=1 2x"},"classes":[]},{"id":105311,"url":"https:\/\/lasprimeras.com.do\/index.php\/2025\/08\/01\/danilo-medina-y-johnny-pujols-encabezaran-asamblea-del-pld-en-la-vega-el-domingo\/","url_meta":{"origin":94565,"position":2},"title":"Danilo Medina y Johnny Pujols encabezar\u00e1n asamblea del PLD en La Vega el domingo","author":"Nelson Feliz","date":"1 de agosto de 2025","format":false,"excerpt":"El PLD en La Vega se prepara para la realizaci\u00f3n de la asamblea provincial programada para el pr\u00f3ximo domingo. El Partido de la Liberaci\u00f3n Dominicana (PLD) en La Vega afina los detalles para celebrar este domingo 3 de agosto la asamblea correspondiente a dicha provincia en la que participar\u00e1n miembros\u2026","rel":"","context":"En \u00abPOLITICA\u00bb","block_context":{"text":"POLITICA","link":"https:\/\/lasprimeras.com.do\/index.php\/category\/politica\/"},"img":{"alt_text":"Danilo Medina y Johnny Pujols","src":"https:\/\/i0.wp.com\/lasprimeras.com.do\/wp-content\/uploads\/2025\/08\/Danilo-Medina-y-Johnny-Pujols.jpg?resize=350%2C200&ssl=1","width":350,"height":200,"srcset":"https:\/\/i0.wp.com\/lasprimeras.com.do\/wp-content\/uploads\/2025\/08\/Danilo-Medina-y-Johnny-Pujols.jpg?resize=350%2C200&ssl=1 1x, https:\/\/i0.wp.com\/lasprimeras.com.do\/wp-content\/uploads\/2025\/08\/Danilo-Medina-y-Johnny-Pujols.jpg?resize=525%2C300&ssl=1 1.5x, https:\/\/i0.wp.com\/lasprimeras.com.do\/wp-content\/uploads\/2025\/08\/Danilo-Medina-y-Johnny-Pujols.jpg?resize=700%2C400&ssl=1 2x"},"classes":[]},{"id":125565,"url":"https:\/\/lasprimeras.com.do\/index.php\/2026\/03\/24\/danilo-medina-y-johnny-pujols-se-reunen-con-productores-agropecuarios-y-dirigentes-campesinos\/","url_meta":{"origin":94565,"position":3},"title":"Danilo Medina y Johnny Pujols se re\u00fanen con productores agropecuarios y dirigentes campesinos","author":"Nelson Feliz","date":"24 de marzo de 2026","format":false,"excerpt":"El expresidente de la Rep\u00fablica, Danilo Medina, Presidente del Partido de la Liberaci\u00f3n Dominicana; y Johnny Pujols, Secretario General; recibir\u00e1n este mi\u00e9rcoles representaciones de asociaciones de productores agropecuarios y dirigentes campesinos, con el prop\u00f3sito de escuchar la situaci\u00f3n que les afecta, caracterizada por limitaciones, precariedades y desatenci\u00f3n por parte del\u2026","rel":"","context":"En \u00abPOLITICA\u00bb","block_context":{"text":"POLITICA","link":"https:\/\/lasprimeras.com.do\/index.php\/category\/politica\/"},"img":{"alt_text":"","src":"https:\/\/i0.wp.com\/lasprimeras.com.do\/wp-content\/uploads\/2026\/03\/c9520ebb-2c33-429e-ad03-3a93ba20e11c.jpg?resize=350%2C200&ssl=1","width":350,"height":200,"srcset":"https:\/\/i0.wp.com\/lasprimeras.com.do\/wp-content\/uploads\/2026\/03\/c9520ebb-2c33-429e-ad03-3a93ba20e11c.jpg?resize=350%2C200&ssl=1 1x, https:\/\/i0.wp.com\/lasprimeras.com.do\/wp-content\/uploads\/2026\/03\/c9520ebb-2c33-429e-ad03-3a93ba20e11c.jpg?resize=525%2C300&ssl=1 1.5x, https:\/\/i0.wp.com\/lasprimeras.com.do\/wp-content\/uploads\/2026\/03\/c9520ebb-2c33-429e-ad03-3a93ba20e11c.jpg?resize=700%2C400&ssl=1 2x, https:\/\/i0.wp.com\/lasprimeras.com.do\/wp-content\/uploads\/2026\/03\/c9520ebb-2c33-429e-ad03-3a93ba20e11c.jpg?resize=1050%2C600&ssl=1 3x, https:\/\/i0.wp.com\/lasprimeras.com.do\/wp-content\/uploads\/2026\/03\/c9520ebb-2c33-429e-ad03-3a93ba20e11c.jpg?resize=1400%2C800&ssl=1 4x"},"classes":[]},{"id":105925,"url":"https:\/\/lasprimeras.com.do\/index.php\/2025\/08\/08\/pld-celebrara-asamblea-provincial-este-domingo-en-san-juan\/","url_meta":{"origin":94565,"position":4},"title":"PLD celebrar\u00e1 Asamblea Provincial este domingo en San Juan","author":"Nelson Feliz","date":"8 de agosto de 2025","format":false,"excerpt":"Direcci\u00f3n municipal del PLD en San Juan en los preparativos de la Asamblea Provincial que encabezar\u00e1n Danilo Medina y Johnny Pujols el pr\u00f3ximo domingo. El Partido de la Liberaci\u00f3n Dominicana (PLD) en la provincia San Juan afina los detalles para la celebraci\u00f3n de Asamblea Provincial convocada para el pr\u00f3ximo domingo\u2026","rel":"","context":"En \u00abPOLITICA\u00bb","block_context":{"text":"POLITICA","link":"https:\/\/lasprimeras.com.do\/index.php\/category\/politica\/"},"img":{"alt_text":"","src":"https:\/\/i0.wp.com\/lasprimeras.com.do\/wp-content\/uploads\/2025\/08\/Direccion-municipal-del-PLD-en-San-Juan-1.jpg?resize=350%2C200&ssl=1","width":350,"height":200,"srcset":"https:\/\/i0.wp.com\/lasprimeras.com.do\/wp-content\/uploads\/2025\/08\/Direccion-municipal-del-PLD-en-San-Juan-1.jpg?resize=350%2C200&ssl=1 1x, https:\/\/i0.wp.com\/lasprimeras.com.do\/wp-content\/uploads\/2025\/08\/Direccion-municipal-del-PLD-en-San-Juan-1.jpg?resize=525%2C300&ssl=1 1.5x, https:\/\/i0.wp.com\/lasprimeras.com.do\/wp-content\/uploads\/2025\/08\/Direccion-municipal-del-PLD-en-San-Juan-1.jpg?resize=700%2C400&ssl=1 2x"},"classes":[]},{"id":123121,"url":"https:\/\/lasprimeras.com.do\/index.php\/2026\/02\/26\/danilo-lamenta-la-ocurrencia-de-dos-apagones-generales-en-tres-meses-video\/","url_meta":{"origin":94565,"position":5},"title":"Danilo lamenta la ocurrencia de dos apagones generales en tres meses | Video","author":"Nelson Feliz","date":"26 de febrero de 2026","format":false,"excerpt":"El presidente del PLD se muestra esperanzado de los inconvenientes que han generado los Blackout puedan corregirse, porque representan una mala imagen para el pa\u00eds El ex presidente de la Rep\u00fablica, Danilo Medina, presidente del Partido de la Liberaci\u00f3n Dominicana (PLD), al lamentar la ocurrencia de dos apagones generales en\u2026","rel":"","context":"En \u00abPOLITICA\u00bb","block_context":{"text":"POLITICA","link":"https:\/\/lasprimeras.com.do\/index.php\/category\/politica\/"},"img":{"alt_text":"Danilo Medina","src":"https:\/\/i0.wp.com\/lasprimeras.com.do\/wp-content\/uploads\/2026\/02\/Danilo-Medina-4.jpg?resize=350%2C200&ssl=1","width":350,"height":200,"srcset":"https:\/\/i0.wp.com\/lasprimeras.com.do\/wp-content\/uploads\/2026\/02\/Danilo-Medina-4.jpg?resize=350%2C200&ssl=1 1x, https:\/\/i0.wp.com\/lasprimeras.com.do\/wp-content\/uploads\/2026\/02\/Danilo-Medina-4.jpg?resize=525%2C300&ssl=1 1.5x, https:\/\/i0.wp.com\/lasprimeras.com.do\/wp-content\/uploads\/2026\/02\/Danilo-Medina-4.jpg?resize=700%2C400&ssl=1 2x, https:\/\/i0.wp.com\/lasprimeras.com.do\/wp-content\/uploads\/2026\/02\/Danilo-Medina-4.jpg?resize=1050%2C600&ssl=1 3x, https:\/\/i0.wp.com\/lasprimeras.com.do\/wp-content\/uploads\/2026\/02\/Danilo-Medina-4.jpg?resize=1400%2C800&ssl=1 4x"},"classes":[]}],"jetpack_sharing_enabled":true,"_links":{"self":[{"href":"https:\/\/lasprimeras.com.do\/index.php\/wp-json\/wp\/v2\/posts\/94565","targetHints":{"allow":["GET"]}}],"collection":[{"href":"https:\/\/lasprimeras.com.do\/index.php\/wp-json\/wp\/v2\/posts"}],"about":[{"href":"https:\/\/lasprimeras.com.do\/index.php\/wp-json\/wp\/v2\/types\/post"}],"author":[{"embeddable":true,"href":"https:\/\/lasprimeras.com.do\/index.php\/wp-json\/wp\/v2\/users\/2"}],"replies":[{"embeddable":true,"href":"https:\/\/lasprimeras.com.do\/index.php\/wp-json\/wp\/v2\/comments?post=94565"}],"version-history":[{"count":1,"href":"https:\/\/lasprimeras.com.do\/index.php\/wp-json\/wp\/v2\/posts\/94565\/revisions"}],"predecessor-version":[{"id":94567,"href":"https:\/\/lasprimeras.com.do\/index.php\/wp-json\/wp\/v2\/posts\/94565\/revisions\/94567"}],"wp:featuredmedia":[{"embeddable":true,"href":"https:\/\/lasprimeras.com.do\/index.php\/wp-json\/wp\/v2\/media\/94566"}],"wp:attachment":[{"href":"https:\/\/lasprimeras.com.do\/index.php\/wp-json\/wp\/v2\/media?parent=94565"}],"wp:term":[{"taxonomy":"category","embeddable":true,"href":"https:\/\/lasprimeras.com.do\/index.php\/wp-json\/wp\/v2\/categories?post=94565"},{"taxonomy":"post_tag","embeddable":true,"href":"https:\/\/lasprimeras.com.do\/index.php\/wp-json\/wp\/v2\/tags?post=94565"}],"curies":[{"name":"wp","href":"https:\/\/api.w.org\/{rel}","templated":true}]}}