{"id":94574,"date":"2025-03-02T22:34:42","date_gmt":"2025-03-03T02:34:42","guid":{"rendered":"https:\/\/lasprimeras.com.do\/?p=94574"},"modified":"2025-03-02T22:34:44","modified_gmt":"2025-03-03T02:34:44","slug":"jce-ilumina-sede-con-colores-alusivos-al-dia-mundial-de-las-enfermedades-raras","status":"publish","type":"post","link":"https:\/\/lasprimeras.com.do\/index.php\/2025\/03\/02\/jce-ilumina-sede-con-colores-alusivos-al-dia-mundial-de-las-enfermedades-raras\/","title":{"rendered":"JCE ilumina sede con colores alusivos al &#8220;D\u00eda Mundial de las Enfermedades Raras&#8221;"},"content":{"rendered":"\n<p>A prop\u00f3sito de que el viernes 28 de febrero se conmemor\u00f3 el D\u00eda Mundial de las Enfermedades Raras, la Junta Central Electoral ilumin\u00f3 la sede central con los colores propios de esta causa, para unirse a las entidades que buscan visibilizar esta realidad que afecta a millones de personas en el mundo.<\/p>\n\n\n\n<p>La JCE ilumin\u00f3 su sede central con los colores alusivos a las enfermedades raras: el azul, verde y rosado el edificio, como muestra de apoyo a esta fecha que se celebra a nivel mundial cada 28 o 29 de febrero para generar conciencia sobre las m\u00e1s de 7,000 enfermedades poco comunes que afectan a millones de personas en todo el mundo, con una larga odisea diagn\u00f3stica y sin tratamientos existentes.<\/p>\n\n\n\n<p>Para el \u00f3rgano electoral y salvaguarda del registro civil dominicano, este d\u00eda simboliza el compromiso con las personas que padecen estas condiciones y con sus familias, quienes a menudo enfrentan retos indescriptibles.<\/p>\n\n\n\n<p>La JCE entiende que es necesario contribuir a visibilizar la lucha de quienes padecen enfermedades raras, promoviendo el apoyo y la sensibilizaci\u00f3n en la sociedad e invitando as\u00ed a abrir la conversaci\u00f3n al respecto.<\/p>\n\n\n\n<p>Este d\u00eda fue establecido por la Organizaci\u00f3n Europea para las Enfermedades Raras (EURORDIS, por sus siglas en ingl\u00e9s) y se celebra desde el a\u00f1o 2008. Esta conmemoraci\u00f3n anual fue elegida para celebrarse en febrero porque en los a\u00f1os bisiestos, cada cuatro a\u00f1os, tiene un d\u00eda m\u00e1s.<\/p>\n\n\n\n<p>El objetivo de la celebraci\u00f3n de esta fecha es crear conciencia y apoyar a las personas afectadas a y sus cercanos, buscando tambi\u00e9n posicionar la realidad de estas patolog\u00edas en la agenda p\u00fablica.<\/p>\n","protected":false},"excerpt":{"rendered":"<p>A prop\u00f3sito de que el viernes 28 de febrero se conmemor\u00f3 el D\u00eda Mundial de las Enfermedades Raras, la Junta Central Electoral ilumin\u00f3 la sede central con los colores propios&hellip;<\/p>\n","protected":false},"author":2,"featured_media":94575,"comment_status":"open","ping_status":"open","sticky":false,"template":"","format":"standard","meta":{"content-type":"","jetpack_post_was_ever_published":false,"_jetpack_newsletter_access":"","_jetpack_dont_email_post_to_subs":false,"_jetpack_newsletter_tier_id":0,"_jetpack_memberships_contains_paywalled_content":false,"_jetpack_memberships_contains_paid_content":false,"footnotes":""},"categories":[35,25],"tags":[9653,17780,17779,183,12181],"class_list":["post-94574","post","type-post","status-publish","format-standard","has-post-thumbnail","hentry","category-nacionales","category-portada","tag-colores","tag-dia-mundial-de-las-enfermedades-raras","tag-ilumina","tag-jce","tag-sede"],"jetpack_featured_media_url":"https:\/\/lasprimeras.com.do\/wp-content\/uploads\/2025\/03\/Enfermedades-Raras.jpg","jetpack-related-posts":[{"id":96210,"url":"https:\/\/lasprimeras.com.do\/index.php\/2025\/03\/26\/senado-recibe-anteproyecto-de-atencion-integral-a-enfermedades-raras\/","url_meta":{"origin":94574,"position":0},"title":"Senado recibe anteproyecto de atenci\u00f3n integral a enfermedades raras","author":"Nelson Feliz","date":"26 de marzo de 2025","format":false,"excerpt":"El Senado de la Rep\u00fablica recibi\u00f3 un anteproyecto de ley para la atenci\u00f3n integral de la salud de personas que padecen enfermedades raras, poco frecuentes y de complejo manejo, iniciativa depositada por la Alianza Dominicana de Asociaciones de Pacientes (ADAPA), a trav\u00e9s de la Comisi\u00f3n de Salud P\u00fablica del \u00f3rgano\u2026","rel":"","context":"En \u00abNACIONALES\u00bb","block_context":{"text":"NACIONALES","link":"https:\/\/lasprimeras.com.do\/index.php\/category\/nacionales\/"},"img":{"alt_text":"","src":"https:\/\/i0.wp.com\/lasprimeras.com.do\/wp-content\/uploads\/2025\/03\/anteproyecto-1.jpg?resize=350%2C200&ssl=1","width":350,"height":200,"srcset":"https:\/\/i0.wp.com\/lasprimeras.com.do\/wp-content\/uploads\/2025\/03\/anteproyecto-1.jpg?resize=350%2C200&ssl=1 1x, https:\/\/i0.wp.com\/lasprimeras.com.do\/wp-content\/uploads\/2025\/03\/anteproyecto-1.jpg?resize=525%2C300&ssl=1 1.5x, https:\/\/i0.wp.com\/lasprimeras.com.do\/wp-content\/uploads\/2025\/03\/anteproyecto-1.jpg?resize=700%2C400&ssl=1 2x"},"classes":[]},{"id":121811,"url":"https:\/\/lasprimeras.com.do\/index.php\/2026\/02\/10\/danilo-medina-renovara-este-miercoles-su-cedula-de-identidad-y-electoral\/","url_meta":{"origin":94574,"position":1},"title":"Danilo Medina renovar\u00e1 este mi\u00e9rcoles su c\u00e9dula de identidad y electoral","author":"Nelson Feliz","date":"10 de febrero de 2026","format":false,"excerpt":"El ex presidente de la Rep\u00fablica, Danilo Medina, presidente del Partido de la Liberaci\u00f3n Dominicana (PLD), asistir\u00e1 este mi\u00e9rcoles (11 febrero) a la sede nacional de la Junta Central Electoral (JCE), para agotar el proceso de renovaci\u00f3n de su c\u00e9dula de identidad y electoral. El secretario general del PLD, Johnny\u2026","rel":"","context":"En \u00abPOLITICA\u00bb","block_context":{"text":"POLITICA","link":"https:\/\/lasprimeras.com.do\/index.php\/category\/politica\/"},"img":{"alt_text":"Danilo Medina renovar\u00e1 este mi\u00e9rcoles su c\u00e9dula de identidad y electoral","src":"https:\/\/i0.wp.com\/lasprimeras.com.do\/wp-content\/uploads\/2026\/02\/Danilo-Medina-1.jpg?resize=350%2C200&ssl=1","width":350,"height":200,"srcset":"https:\/\/i0.wp.com\/lasprimeras.com.do\/wp-content\/uploads\/2026\/02\/Danilo-Medina-1.jpg?resize=350%2C200&ssl=1 1x, https:\/\/i0.wp.com\/lasprimeras.com.do\/wp-content\/uploads\/2026\/02\/Danilo-Medina-1.jpg?resize=525%2C300&ssl=1 1.5x, https:\/\/i0.wp.com\/lasprimeras.com.do\/wp-content\/uploads\/2026\/02\/Danilo-Medina-1.jpg?resize=700%2C400&ssl=1 2x"},"classes":[]},{"id":120588,"url":"https:\/\/lasprimeras.com.do\/index.php\/2026\/01\/26\/jce-entregara-hoy-la-nueva-cedula-de-identidad-y-electoral-al-presidente-luis-abinader\/","url_meta":{"origin":94574,"position":2},"title":"JCE entregar\u00e1 hoy la nueva c\u00e9dula de identidad y electoral al presidente Luis Abinader","author":"Nelson Feliz","date":"26 de enero de 2026","format":false,"excerpt":"Este lunes 26 de enero, en el marco de la conmemoraci\u00f3n del natalicio del patricio Juan Pablo Duarte, el Pleno de la Junta Central Electoral (JCE) realiza la entrega oficial de la nueva c\u00e9dula de identidad y electoral al presidente de la Rep\u00fablica, Luis Abinader, convirti\u00e9ndolo en el primer ciudadano\u2026","rel":"","context":"En \u00abNACIONALES\u00bb","block_context":{"text":"NACIONALES","link":"https:\/\/lasprimeras.com.do\/index.php\/category\/nacionales\/"},"img":{"alt_text":"","src":"https:\/\/i0.wp.com\/lasprimeras.com.do\/wp-content\/uploads\/2026\/01\/Luis-Abinader-1-1.jpg?resize=350%2C200&ssl=1","width":350,"height":200,"srcset":"https:\/\/i0.wp.com\/lasprimeras.com.do\/wp-content\/uploads\/2026\/01\/Luis-Abinader-1-1.jpg?resize=350%2C200&ssl=1 1x, https:\/\/i0.wp.com\/lasprimeras.com.do\/wp-content\/uploads\/2026\/01\/Luis-Abinader-1-1.jpg?resize=525%2C300&ssl=1 1.5x, https:\/\/i0.wp.com\/lasprimeras.com.do\/wp-content\/uploads\/2026\/01\/Luis-Abinader-1-1.jpg?resize=700%2C400&ssl=1 2x"},"classes":[]},{"id":114757,"url":"https:\/\/lasprimeras.com.do\/index.php\/2025\/11\/15\/jce-realizo-con-exito-cuarto-simulacro-de-evacuacion-por-sismo-en-su-sede-central\/","url_meta":{"origin":94574,"position":3},"title":"JCE realiz\u00f3 con \u00e9xito cuarto simulacro de evacuaci\u00f3n por sismo en su sede central","author":"Nelson Feliz","date":"15 de noviembre de 2025","format":false,"excerpt":"La Junta Central Electoral (JCE) realiz\u00f3 con \u00e9xito su cuarto ejercicio del plan de evacuaci\u00f3n y simulacro de terremoto. Durante el desarrollo del mismo el personal y usuarios procedieron a salir de los cinco edificios de la sede central tras escuchar la alarma, acci\u00f3n que se ejecut\u00f3 en aproximadamente cinco\u2026","rel":"","context":"En \u00abNACIONALES\u00bb","block_context":{"text":"NACIONALES","link":"https:\/\/lasprimeras.com.do\/index.php\/category\/nacionales\/"},"img":{"alt_text":"","src":"https:\/\/i0.wp.com\/lasprimeras.com.do\/wp-content\/uploads\/2025\/11\/Ensayo-6.jpg?resize=350%2C200&ssl=1","width":350,"height":200,"srcset":"https:\/\/i0.wp.com\/lasprimeras.com.do\/wp-content\/uploads\/2025\/11\/Ensayo-6.jpg?resize=350%2C200&ssl=1 1x, https:\/\/i0.wp.com\/lasprimeras.com.do\/wp-content\/uploads\/2025\/11\/Ensayo-6.jpg?resize=525%2C300&ssl=1 1.5x, https:\/\/i0.wp.com\/lasprimeras.com.do\/wp-content\/uploads\/2025\/11\/Ensayo-6.jpg?resize=700%2C400&ssl=1 2x"},"classes":[]},{"id":81854,"url":"https:\/\/lasprimeras.com.do\/index.php\/2024\/04\/25\/lyssette-cardona-la-vacunacion-es-la-mejor-forma-de-prevenir-el-sarampion\/","url_meta":{"origin":94574,"position":4},"title":"Lyssette Cardona: &#8220;La vacunaci\u00f3n es la mejor forma de prevenir el sarampi\u00f3n&#8221;","author":"Nelson Feliz","date":"25 de abril de 2024","format":false,"excerpt":"Esta enfermedad puede afectar a personas de cualquier edad que no hayan sido vacunadas o que no la padecieran antes. En el marco de la Semana Mundial de la Inmunizaci\u00f3n, especialista de enfermedades infecciosas hace un llamado a la poblaci\u00f3n para vacunarse en contra del sarampi\u00f3n, dada la presencia y\u2026","rel":"","context":"En \u00abSin categor\u00eda\u00bb","block_context":{"text":"Sin categor\u00eda","link":"https:\/\/lasprimeras.com.do\/index.php\/category\/sin-categoria\/"},"img":{"alt_text":"Doctora Lyssette Cardona, especialista en enfermedades infecciosas","src":"https:\/\/i0.wp.com\/lasprimeras.com.do\/wp-content\/uploads\/2024\/04\/Doctora-Lyssette-Cardona-especialista-en-enfermedades-infecciosas.jpg?resize=350%2C200&ssl=1","width":350,"height":200,"srcset":"https:\/\/i0.wp.com\/lasprimeras.com.do\/wp-content\/uploads\/2024\/04\/Doctora-Lyssette-Cardona-especialista-en-enfermedades-infecciosas.jpg?resize=350%2C200&ssl=1 1x, https:\/\/i0.wp.com\/lasprimeras.com.do\/wp-content\/uploads\/2024\/04\/Doctora-Lyssette-Cardona-especialista-en-enfermedades-infecciosas.jpg?resize=525%2C300&ssl=1 1.5x"},"classes":[]},{"id":61660,"url":"https:\/\/lasprimeras.com.do\/index.php\/2023\/09\/29\/enfermedades-cardiovasculares-principal-causa-de-muerte-en-el-mundo-aqui-7-recomendaciones\/","url_meta":{"origin":94574,"position":5},"title":"Enfermedades cardiovasculares principal causa de muerte en el mundo; aqu\u00ed 7 recomendaciones","author":"Nelson Feliz","date":"29 de septiembre de 2023","format":false,"excerpt":"Las enfermedades cardiovasculares (ECV) son la principal causa de muerte en todo el mundo. La mayor\u00eda de estas afecciones pueden prevenirse siguiendo siete recomendaciones principales como: no fumar, hacer ejercicio, seguir una dieta saludable, controlar el peso, dormir lo suficiente, controlar el estr\u00e9s y acudir a revisiones m\u00e9dicas peri\u00f3dicas. Seg\u00fan\u2026","rel":"","context":"En \u00abPORTADA\u00bb","block_context":{"text":"PORTADA","link":"https:\/\/lasprimeras.com.do\/index.php\/category\/portada\/"},"img":{"alt_text":"Aneyis Alc\u00e1ntara","src":"https:\/\/i0.wp.com\/lasprimeras.com.do\/wp-content\/uploads\/2023\/09\/Aneyis-Alcantara.jpg?resize=350%2C200&ssl=1","width":350,"height":200,"srcset":"https:\/\/i0.wp.com\/lasprimeras.com.do\/wp-content\/uploads\/2023\/09\/Aneyis-Alcantara.jpg?resize=350%2C200&ssl=1 1x, https:\/\/i0.wp.com\/lasprimeras.com.do\/wp-content\/uploads\/2023\/09\/Aneyis-Alcantara.jpg?resize=525%2C300&ssl=1 1.5x"},"classes":[]}],"jetpack_sharing_enabled":true,"_links":{"self":[{"href":"https:\/\/lasprimeras.com.do\/index.php\/wp-json\/wp\/v2\/posts\/94574","targetHints":{"allow":["GET"]}}],"collection":[{"href":"https:\/\/lasprimeras.com.do\/index.php\/wp-json\/wp\/v2\/posts"}],"about":[{"href":"https:\/\/lasprimeras.com.do\/index.php\/wp-json\/wp\/v2\/types\/post"}],"author":[{"embeddable":true,"href":"https:\/\/lasprimeras.com.do\/index.php\/wp-json\/wp\/v2\/users\/2"}],"replies":[{"embeddable":true,"href":"https:\/\/lasprimeras.com.do\/index.php\/wp-json\/wp\/v2\/comments?post=94574"}],"version-history":[{"count":1,"href":"https:\/\/lasprimeras.com.do\/index.php\/wp-json\/wp\/v2\/posts\/94574\/revisions"}],"predecessor-version":[{"id":94576,"href":"https:\/\/lasprimeras.com.do\/index.php\/wp-json\/wp\/v2\/posts\/94574\/revisions\/94576"}],"wp:featuredmedia":[{"embeddable":true,"href":"https:\/\/lasprimeras.com.do\/index.php\/wp-json\/wp\/v2\/media\/94575"}],"wp:attachment":[{"href":"https:\/\/lasprimeras.com.do\/index.php\/wp-json\/wp\/v2\/media?parent=94574"}],"wp:term":[{"taxonomy":"category","embeddable":true,"href":"https:\/\/lasprimeras.com.do\/index.php\/wp-json\/wp\/v2\/categories?post=94574"},{"taxonomy":"post_tag","embeddable":true,"href":"https:\/\/lasprimeras.com.do\/index.php\/wp-json\/wp\/v2\/tags?post=94574"}],"curies":[{"name":"wp","href":"https:\/\/api.w.org\/{rel}","templated":true}]}}