{"id":94594,"date":"2025-03-03T08:17:33","date_gmt":"2025-03-03T12:17:33","guid":{"rendered":"https:\/\/lasprimeras.com.do\/?p=94594"},"modified":"2025-03-03T08:17:34","modified_gmt":"2025-03-03T12:17:34","slug":"la-ciudad-en-liza-entre-facciones-del-cartel-de-sinaloa-esperanzada-ante-las-presiones-de-trump","status":"publish","type":"post","link":"https:\/\/lasprimeras.com.do\/index.php\/2025\/03\/03\/la-ciudad-en-liza-entre-facciones-del-cartel-de-sinaloa-esperanzada-ante-las-presiones-de-trump\/","title":{"rendered":"La ciudad en liza entre facciones del C\u00e1rtel de Sinaloa, esperanzada ante las presiones de Trump"},"content":{"rendered":"\n<p>POR MAR\u00cdA VERZA<\/p>\n\n\n\n<p>CULIAC\u00c1N, M\u00e9xico (AP) \u2014 Antes del amanecer, el director de una primaria de la capital de Sinaloa revisa su celular en busca de balaceras o incidentes, eval\u00faa la situaci\u00f3n y, si hay peligro, manda un mensaje a los padres para suspender las clases.cu<\/p>\n\n\n\n<p>No es la \u00fanica nueva rutina de Culiac\u00e1n, un municipio de un mill\u00f3n de habitantes, capital del norte\u00f1o estado de Sinaloa, que desde hace casi seis meses es escenario de una guerra entre las dos principales facciones del c\u00e1rtel del mismo nombre.<\/p>\n\n\n\n<p>La violencia limit\u00f3 horarios para enterrar a los muertos. Las bandas que amenizaban fiestas piden ahora dinero en los sem\u00e1foros. Los ni\u00f1os se esconden ante cualquier ruido fuerte. Y quienes viven en los l\u00edmites de las zonas de control de distintos bandos temen por su vida cada d\u00eda.<\/p>\n\n\n\n<p>Es la primera vez que la delincuencia trastoca la cotidianidad de Culiac\u00e1n durante tanto tiempo. Muchos agradecen la presi\u00f3n ejercida por el presidente Donald Trump para que M\u00e9xico combata con m\u00e1s contundencia a los c\u00e1rteles y algunos son optimistas pensando que, tal vez ahora cambie la visi\u00f3n que todav\u00eda persiste en muchos sectores de la sociedad de ver a los c\u00e1rteles como protectores.<\/p>\n\n\n\n<p>\u201cCansados de estar entre las balas\u201d<\/p>\n\n\n\n<p>Todo comenz\u00f3 septiembre, m\u00e1s de un mes despu\u00e9s de la detenci\u00f3n en Texas de Ismael \u201cEl Mayo\u201d Zambada \u2013el capo mexicano m\u00e1s viejo y astuto &#8211;, y de Joaqu\u00edn Guzm\u00e1n L\u00f3pez, uno de los hijos de Joaqu\u00edn \u201cEl Chapo\u201d Guzm\u00e1n, encarcelado en Estados Unidos.<\/p>\n\n\n\n<p>Seg\u00fan \u201cEl Mayo\u201d, el \u201cChapito\u201d le secuestr\u00f3 para llevarle a Estados Unidos en un vuelo privado y esa supuesta traici\u00f3n desencaden\u00f3 una guerra entre los seguidores de ambas facciones por el control del negocio criminal, cuyo epicentro es Culiac\u00e1n.<\/p>\n\n\n\n<p>El robo de veh\u00edculos, los secuestros, quedar en medio de una balaceras o la revisi\u00f3n de los celulares en busca de informaci\u00f3n de los contrarios pod\u00eda acabar en muerte o desaparici\u00f3n. Desde septiembre, seg\u00fan datos oficiales, ha habido m\u00e1s de 900 asesinatos.<\/p>\n\n\n\n<p>\u201cDe la curva para all\u00e1 mandan los Chapos y de ah\u00ed para ac\u00e1 mandan los Mayos\u201d, resume un hombre en Costa Rica, un poblado agr\u00edcola del sur del municipio de Culiac\u00e1n.<\/p>\n\n\n\n<p>La mayor\u00eda de quienes se atreven a hablar piden el anonimato por miedo porque la delincuencia opera ante sus ojos. Un anciano cuenta c\u00f3mo vio a unos pistoleros arrastrar dos cad\u00e1veres que luego dejaron tirados. Poco despu\u00e9s, los cuerpos desaparecieron.<\/p>\n\n\n\n<p>Otros desaparecen vivos, como Julio H\u00e9ctor Carrillo, de 34 a\u00f1os. Regresaba a su casa en moto a finales de enero despu\u00e9s de visitar a un familiar y no se volvi\u00f3 a saber de \u00e9l. Seg\u00fan su cu\u00f1ado, Mario Beltr\u00e1n, su \u00fanico error fue no respetar el \u201cautotoque de queda\u201d que todos se han impuesto.<\/p>\n\n\n\n<p>Despu\u00e9s de pedir ayuda en redes para localizarlo \u2013en el poblado ni se atrevieron a poner carteles con su foto\u2014un colectivo de madres buscadoras les inform\u00f3 del hallazgo de un cuerpo y ahora esperan los resultados de las pruebas de ADN.<\/p>\n\n\n\n<p>\u201cEn ning\u00fan otro tiempo, en los \u00faltimos 30 o 40 a\u00f1os que tenemos registro de la incidencia delincuencial, hab\u00edamos tenido tantas familias con desaparecidos\u201d, dijo Miguel Calder\u00f3n del Consejo Estatal de Seguridad P\u00fablica, un organismo ciudadano. A algunos se los llevan para sacarles informaci\u00f3n y aparecen vivos despu\u00e9s. De otros solo quedan los carteles pegados junto a la catedral de Culiac\u00e1n.<\/p>\n","protected":false},"excerpt":{"rendered":"<p>POR MAR\u00cdA VERZA CULIAC\u00c1N, M\u00e9xico (AP) \u2014 Antes del amanecer, el director de una primaria de la capital de Sinaloa revisa su celular en busca de balaceras o incidentes, eval\u00faa&hellip;<\/p>\n","protected":false},"author":2,"featured_media":94595,"comment_status":"open","ping_status":"open","sticky":false,"template":"","format":"standard","meta":{"content-type":"","jetpack_post_was_ever_published":false,"_jetpack_newsletter_access":"","_jetpack_dont_email_post_to_subs":false,"_jetpack_newsletter_tier_id":0,"_jetpack_memberships_contains_paywalled_content":false,"_jetpack_memberships_contains_paid_content":false,"footnotes":""},"categories":[16289],"tags":[17785,978,686,3882],"class_list":["post-94594","post","type-post","status-publish","format-standard","has-post-thumbnail","hentry","category-internacionales","tag-cartel-de-sinaloa-2","tag-donald-trump","tag-muertos","tag-violencia"],"jetpack_featured_media_url":"https:\/\/lasprimeras.com.do\/wp-content\/uploads\/2025\/03\/cartel.png","jetpack-related-posts":[{"id":86469,"url":"https:\/\/lasprimeras.com.do\/index.php\/2024\/07\/25\/ee-uu-arresta-a-2-lideres-del-cartel-de-sinaloa-en-mexico-el-mayo-zambada-e-hijo-de-el-chapo\/","url_meta":{"origin":94594,"position":0},"title":"EE.UU. arresta a 2 l\u00edderes del cartel de Sinaloa en M\u00e9xico: &#8216;El Mayo&#8217; Zambada e hijo de &#8216;El Chapo&#8217;","author":"Nelson Feliz","date":"25 de julio de 2024","format":false,"excerpt":"POR ALANNA DURKIN RICHER, MAR\u00cdA VERZA Y CHRISTOPHER SHERMAN WASHINGTON (AP) \u2014 Ismael \u201cEl Mayo\u201d Zambada, antiguo l\u00edder del c\u00e1rtel de Sinaloa de M\u00e9xico, y Joaqu\u00edn Guzm\u00e1n L\u00f3pez, hijo de otro infame l\u00edder del c\u00e1rtel, fueron arrestados por autoridades estadounidenses en Texas el jueves, dijo el Departamento de Justicia de\u2026","rel":"","context":"En \u00abSin categor\u00eda\u00bb","block_context":{"text":"Sin categor\u00eda","link":"https:\/\/lasprimeras.com.do\/index.php\/category\/sin-categoria\/"},"img":{"alt_text":"","src":"https:\/\/i0.wp.com\/lasprimeras.com.do\/wp-content\/uploads\/2024\/07\/CHAPITO.png?resize=350%2C200&ssl=1","width":350,"height":200},"classes":[]},{"id":129356,"url":"https:\/\/lasprimeras.com.do\/index.php\/2026\/05\/02\/gobernador-de-sinaloa-se-separa-del-cargo-para-facilitar-proceso-en-mexico-sobre-acusaciones-de-eeuu\/","url_meta":{"origin":94594,"position":1},"title":"Gobernador de Sinaloa se separa del cargo para facilitar proceso en M\u00e9xico sobre acusaciones de EEUU","author":"Nelson Feliz","date":"2 de mayo de 2026","format":false,"excerpt":"CIUDAD DE M\u00c9XICO (AP) \u2014 El gobernador de Sinaloa y el alcalde de la capital de ese estado anunciaron su separaci\u00f3n del cargo temporalmente mientras la Fiscal\u00eda General de M\u00e9xico avanza en las investigaciones sobre las acusaciones que hizo la fiscal\u00eda de Nueva York por narcotr\u00e1fico y tenencia il\u00edcita de\u2026","rel":"","context":"En \u00abINTERNACIONALES\u00bb","block_context":{"text":"INTERNACIONALES","link":"https:\/\/lasprimeras.com.do\/index.php\/category\/sin-categoria\/internacionales\/"},"img":{"alt_text":"Rub\u00e9n Rocha Moya","src":"https:\/\/i0.wp.com\/lasprimeras.com.do\/wp-content\/uploads\/2026\/05\/Ruben-Rocha-Moya.jpg?resize=350%2C200&ssl=1","width":350,"height":200,"srcset":"https:\/\/i0.wp.com\/lasprimeras.com.do\/wp-content\/uploads\/2026\/05\/Ruben-Rocha-Moya.jpg?resize=350%2C200&ssl=1 1x, https:\/\/i0.wp.com\/lasprimeras.com.do\/wp-content\/uploads\/2026\/05\/Ruben-Rocha-Moya.jpg?resize=525%2C300&ssl=1 1.5x, https:\/\/i0.wp.com\/lasprimeras.com.do\/wp-content\/uploads\/2026\/05\/Ruben-Rocha-Moya.jpg?resize=700%2C400&ssl=1 2x"},"classes":[]},{"id":90297,"url":"https:\/\/lasprimeras.com.do\/index.php\/2024\/10\/18\/la-sip-condena-el-ataque-al-diario-mexicano-el-debate-y-pide-justicia-a-las-autoridades\/","url_meta":{"origin":94594,"position":2},"title":"La SIP condena el ataque al diario mexicano El Debate y pide justicia a las autoridades","author":"Nelson Feliz","date":"18 de octubre de 2024","format":false,"excerpt":"C\u00f3rdoba (Argentina), (EFE).- La Sociedad Interamericana de Prensa (SIP) conden\u00f3 este viernes el ataque a balazos contra la sede del peri\u00f3dico mexicano El Debate, en su sede de Culiac\u00e1n, capital del estado de Sinaloa. La organizaci\u00f3n dedicada a la defensa y promoci\u00f3n de la libertad de prensa y de expresi\u00f3n\u2026","rel":"","context":"En \u00abSin categor\u00eda\u00bb","block_context":{"text":"Sin categor\u00eda","link":"https:\/\/lasprimeras.com.do\/index.php\/category\/sin-categoria\/"},"img":{"alt_text":"","src":"https:\/\/i0.wp.com\/lasprimeras.com.do\/wp-content\/uploads\/2024\/10\/SIP.jpg?resize=350%2C200&ssl=1","width":350,"height":200,"srcset":"https:\/\/i0.wp.com\/lasprimeras.com.do\/wp-content\/uploads\/2024\/10\/SIP.jpg?resize=350%2C200&ssl=1 1x, https:\/\/i0.wp.com\/lasprimeras.com.do\/wp-content\/uploads\/2024\/10\/SIP.jpg?resize=525%2C300&ssl=1 1.5x, https:\/\/i0.wp.com\/lasprimeras.com.do\/wp-content\/uploads\/2024\/10\/SIP.jpg?resize=700%2C400&ssl=1 2x"},"classes":[]},{"id":96550,"url":"https:\/\/lasprimeras.com.do\/index.php\/2025\/04\/02\/eeuu-revoca-visas-de-grupo-musical-mexicano-que-proyecto-rostro-del-lider-de-un-cartel-en-concierto\/","url_meta":{"origin":94594,"position":3},"title":"EEUU revoca visas de grupo musical mexicano que proyect\u00f3 rostro del l\u00edder de un c\u00e1rtel en concierto","author":"Nelson Feliz","date":"2 de abril de 2025","format":false,"excerpt":"POR MEGAN JANETSKY CIUDAD DE M\u00c9XICO (AP) \u2014 El Departamento de Estado de Estados Unidos revoc\u00f3 las visas de los miembros de un grupo musical mexicano despu\u00e9s de que proyect\u00f3 la imagen del rostro de un capo del narcotr\u00e1fico en la pantalla gigante durante su concierto en el estado de\u2026","rel":"","context":"En \u00abINTERNACIONALES\u00bb","block_context":{"text":"INTERNACIONALES","link":"https:\/\/lasprimeras.com.do\/index.php\/category\/sin-categoria\/internacionales\/"},"img":{"alt_text":"","src":"https:\/\/i0.wp.com\/lasprimeras.com.do\/wp-content\/uploads\/2025\/04\/Christopher-Landau.jpg?resize=350%2C200&ssl=1","width":350,"height":200,"srcset":"https:\/\/i0.wp.com\/lasprimeras.com.do\/wp-content\/uploads\/2025\/04\/Christopher-Landau.jpg?resize=350%2C200&ssl=1 1x, https:\/\/i0.wp.com\/lasprimeras.com.do\/wp-content\/uploads\/2025\/04\/Christopher-Landau.jpg?resize=525%2C300&ssl=1 1.5x, https:\/\/i0.wp.com\/lasprimeras.com.do\/wp-content\/uploads\/2025\/04\/Christopher-Landau.jpg?resize=700%2C400&ssl=1 2x"},"classes":[]},{"id":86523,"url":"https:\/\/lasprimeras.com.do\/index.php\/2024\/07\/26\/presidente-de-mexico-minimiza-violencia-que-hizo-que-casi-600-mexicanos-se-refugiaran-en-guatemala\/","url_meta":{"origin":94594,"position":4},"title":"Presidente de M\u00e9xico minimiza violencia que hizo que casi 600 mexicanos se refugiaran en Guatemala","author":"Nelson Feliz","date":"26 de julio de 2024","format":false,"excerpt":"CIUDAD DE M\u00c9XICO (AP) \u2014 El presidente de M\u00e9xico, Andr\u00e9s Manuel L\u00f3pez Obrador, agradeci\u00f3 el viernes a Guatemala la ayuda prestada a los cerca de 600 mexicanos que han cruzado a su pa\u00eds para huir de la violencia de los c\u00e1rteles de la droga, pero tambi\u00e9n minimiz\u00f3 la violencia que\u2026","rel":"","context":"En \u00abSin categor\u00eda\u00bb","block_context":{"text":"Sin categor\u00eda","link":"https:\/\/lasprimeras.com.do\/index.php\/category\/sin-categoria\/"},"img":{"alt_text":"","src":"https:\/\/i0.wp.com\/lasprimeras.com.do\/wp-content\/uploads\/2024\/07\/mexicanos.png?resize=350%2C200&ssl=1","width":350,"height":200,"srcset":"https:\/\/i0.wp.com\/lasprimeras.com.do\/wp-content\/uploads\/2024\/07\/mexicanos.png?resize=350%2C200&ssl=1 1x, https:\/\/i0.wp.com\/lasprimeras.com.do\/wp-content\/uploads\/2024\/07\/mexicanos.png?resize=525%2C300&ssl=1 1.5x, https:\/\/i0.wp.com\/lasprimeras.com.do\/wp-content\/uploads\/2024\/07\/mexicanos.png?resize=700%2C400&ssl=1 2x"},"classes":[]},{"id":103058,"url":"https:\/\/lasprimeras.com.do\/index.php\/2025\/07\/11\/hijo-de-el-chapo-guzman-se-declararia-culpable-de-narcotrafico-en-audiencia-reprogramada\/","url_meta":{"origin":94594,"position":5},"title":"Hijo de \u2018El Chapo\u2019 Guzm\u00e1n se declarar\u00eda culpable de narcotr\u00e1fico en audiencia reprogramada","author":"Nelson Feliz","date":"11 de julio de 2025","format":false,"excerpt":"POR CHRISTINE FERNANDO CHICAGO (AP) \u2014 Se tiene previsto que un hijo del reconocido capo mexicano Joaqu\u00edn \u201cEl Chapo\u201d Guzm\u00e1n se declare culpable en un caso de narcotr\u00e1fico durante una audiencia programada para el viernes en Estados Unidos. La audiencia para Ovidio Guzm\u00e1n L\u00f3pez, que originalmente estaba programada para el\u2026","rel":"","context":"En \u00abINTERNACIONALES\u00bb","block_context":{"text":"INTERNACIONALES","link":"https:\/\/lasprimeras.com.do\/index.php\/category\/sin-categoria\/internacionales\/"},"img":{"alt_text":"Ovidio Guzm\u00e1n L\u00f3pez","src":"https:\/\/i0.wp.com\/lasprimeras.com.do\/wp-content\/uploads\/2025\/07\/Ovidio-Guzman-Lopez.jpg?resize=350%2C200&ssl=1","width":350,"height":200,"srcset":"https:\/\/i0.wp.com\/lasprimeras.com.do\/wp-content\/uploads\/2025\/07\/Ovidio-Guzman-Lopez.jpg?resize=350%2C200&ssl=1 1x, https:\/\/i0.wp.com\/lasprimeras.com.do\/wp-content\/uploads\/2025\/07\/Ovidio-Guzman-Lopez.jpg?resize=525%2C300&ssl=1 1.5x, https:\/\/i0.wp.com\/lasprimeras.com.do\/wp-content\/uploads\/2025\/07\/Ovidio-Guzman-Lopez.jpg?resize=700%2C400&ssl=1 2x"},"classes":[]}],"jetpack_sharing_enabled":true,"_links":{"self":[{"href":"https:\/\/lasprimeras.com.do\/index.php\/wp-json\/wp\/v2\/posts\/94594","targetHints":{"allow":["GET"]}}],"collection":[{"href":"https:\/\/lasprimeras.com.do\/index.php\/wp-json\/wp\/v2\/posts"}],"about":[{"href":"https:\/\/lasprimeras.com.do\/index.php\/wp-json\/wp\/v2\/types\/post"}],"author":[{"embeddable":true,"href":"https:\/\/lasprimeras.com.do\/index.php\/wp-json\/wp\/v2\/users\/2"}],"replies":[{"embeddable":true,"href":"https:\/\/lasprimeras.com.do\/index.php\/wp-json\/wp\/v2\/comments?post=94594"}],"version-history":[{"count":1,"href":"https:\/\/lasprimeras.com.do\/index.php\/wp-json\/wp\/v2\/posts\/94594\/revisions"}],"predecessor-version":[{"id":94596,"href":"https:\/\/lasprimeras.com.do\/index.php\/wp-json\/wp\/v2\/posts\/94594\/revisions\/94596"}],"wp:featuredmedia":[{"embeddable":true,"href":"https:\/\/lasprimeras.com.do\/index.php\/wp-json\/wp\/v2\/media\/94595"}],"wp:attachment":[{"href":"https:\/\/lasprimeras.com.do\/index.php\/wp-json\/wp\/v2\/media?parent=94594"}],"wp:term":[{"taxonomy":"category","embeddable":true,"href":"https:\/\/lasprimeras.com.do\/index.php\/wp-json\/wp\/v2\/categories?post=94594"},{"taxonomy":"post_tag","embeddable":true,"href":"https:\/\/lasprimeras.com.do\/index.php\/wp-json\/wp\/v2\/tags?post=94594"}],"curies":[{"name":"wp","href":"https:\/\/api.w.org\/{rel}","templated":true}]}}