{"id":94656,"date":"2025-03-04T07:25:46","date_gmt":"2025-03-04T11:25:46","guid":{"rendered":"https:\/\/lasprimeras.com.do\/?p=94656"},"modified":"2025-03-04T07:25:46","modified_gmt":"2025-03-04T11:25:46","slug":"interior-y-policia-informa-836-sospechosos-se-han-entregado-en-dos-anos","status":"publish","type":"post","link":"https:\/\/lasprimeras.com.do\/index.php\/2025\/03\/04\/interior-y-policia-informa-836-sospechosos-se-han-entregado-en-dos-anos\/","title":{"rendered":"Interior y Polic\u00eda informa 836 sospechosos se han entregado en dos a\u00f1os"},"content":{"rendered":"\n<p>El Ministerio de Interior y Polic\u00eda inform\u00f3 que, desde noviembre de 2023, un total de 836 personas en conflicto con la ley han optado por entregarse voluntariamente a la Polic\u00eda Nacional.<\/p>\n\n\n\n<p>De estas, 123 lo hicieron entre enero y febrero de 2025, mientras que 659 se acogieron a esta medida durante el periodo de enero a diciembre del 2024, marcando un hito hist\u00f3rico en la lucha por la seguridad ciudadana.<\/p>\n\n\n\n<p>En cuanto al combate contra la tenencia ilegal de armas, la ministra Faride Raful destac\u00f3 que, en solo dos meses (enero y febrero de 2025), se han incautado 299 armas de fuego, entre las que se encuentran pistolas, rev\u00f3lveres, escopetas, fusiles y rifles. Estas intervenciones forman parte de las acciones semanales ejecutadas por las autoridades.<\/p>\n\n\n\n<p>Durante la rueda de prensa, tras la reuni\u00f3n n\u00famero 81 de seguimiento al Plan de Seguridad Ciudadana, encabezada por el presidente de la Rep\u00fablica Luis Abinader, la funcionaria resalt\u00f3 adem\u00e1s que mantienen una vigilancia permanente a los casos criminales y de personas desaparecidas mediante la Direcci\u00f3n Central de Investigaci\u00f3n (Dicrim) y los organismos de investigaciones, para dar respuesta a los familiares.<\/p>\n\n\n\n<p>Reiter\u00f3 que la transformaci\u00f3n del cuerpo del orden mejorar\u00e1 el rol de los agentes en estructura, manejo y abordaje hacia los ciudadanos con mayores capacidades y eficientizar\u00e1 la labor.<\/p>\n\n\n\n<p>\u201cEs significativo decir que la Polic\u00eda Nacional ha tenido la mayor capacidad de respuesta con esta Fuerza de Tarea, donde ning\u00fan caso ha quedado en la impunidad, incluso los que involucran a polic\u00edas han sido llevados al Ministerio P\u00fablico para ser procesados\u201d, precis\u00f3.<\/p>\n\n\n\n<p>En cuanto a la tasa acumulada de homicidios, Raful destac\u00f3 que sigue por debajo de dos d\u00edgitos y est\u00e1 en 8.2 por cada 100 mil habitantes, como resultado de las intervenciones de las entidades que conforman la Fuerza de Tarea y las jornadas mediante la Operaci\u00f3n Garant\u00eda de Paz.<\/p>\n\n\n\n<p>Detall\u00f3 que el trabajo de control para combatir este flagelo mantiene 16 provincias en un d\u00edgito y seis en tasa cero, y afirm\u00f3 que las fuerzas del orden seguir\u00e1n de manera permanente y preventiva el aumento del patrullaje en las demarcaciones en las que el mapa de calor lo indique necesario.<\/p>\n","protected":false},"excerpt":{"rendered":"<p>El Ministerio de Interior y Polic\u00eda inform\u00f3 que, desde noviembre de 2023, un total de 836 personas en conflicto con la ley han optado por entregarse voluntariamente a la Polic\u00eda&hellip;<\/p>\n","protected":false},"author":2,"featured_media":94657,"comment_status":"open","ping_status":"open","sticky":false,"template":"","format":"standard","meta":{"content-type":"","jetpack_post_was_ever_published":false,"_jetpack_newsletter_access":"","_jetpack_dont_email_post_to_subs":false,"_jetpack_newsletter_tier_id":0,"_jetpack_memberships_contains_paywalled_content":false,"_jetpack_memberships_contains_paid_content":false,"footnotes":""},"categories":[3057],"tags":[854,4774,9309],"class_list":["post-94656","post","type-post","status-publish","format-standard","has-post-thumbnail","hentry","category-militares","tag-interior-y-policia","tag-seguridad-ciudadana","tag-sospechosos"],"jetpack_featured_media_url":"https:\/\/lasprimeras.com.do\/wp-content\/uploads\/2025\/03\/Faride-Raful.png","jetpack-related-posts":[{"id":94891,"url":"https:\/\/lasprimeras.com.do\/index.php\/2025\/03\/06\/diputado-stalin-vasquez-somete-proyecto-de-ley-que-cambiaria-interior-y-policia\/","url_meta":{"origin":94656,"position":0},"title":"Diputado Stalin V\u00e1squez somete proyecto de ley que cambiar\u00eda Interior y Polic\u00eda","author":"Nelson Feliz","date":"6 de marzo de 2025","format":false,"excerpt":"El presidente de la Comisi\u00f3n Permanente de Administraci\u00f3n P\u00fablica en la C\u00e1mara de Diputados, Stalin V\u00e1squez, someti\u00f3 por Secretar\u00eda un proyecto de ley para la transformaci\u00f3n del Ministerio de Interior y Polic\u00eda en el nuevo Ministerio de Seguridad Ciudadana. \u201cEl objetivo es fortalecer la gesti\u00f3n de la seguridad p\u00fablica y\u2026","rel":"","context":"En \u00abPOLITICA\u00bb","block_context":{"text":"POLITICA","link":"https:\/\/lasprimeras.com.do\/index.php\/category\/politica\/"},"img":{"alt_text":"Stalin V\u00e1squez","src":"https:\/\/i0.wp.com\/lasprimeras.com.do\/wp-content\/uploads\/2025\/03\/Stalin-Vasquez.jpg?resize=350%2C200&ssl=1","width":350,"height":200,"srcset":"https:\/\/i0.wp.com\/lasprimeras.com.do\/wp-content\/uploads\/2025\/03\/Stalin-Vasquez.jpg?resize=350%2C200&ssl=1 1x, https:\/\/i0.wp.com\/lasprimeras.com.do\/wp-content\/uploads\/2025\/03\/Stalin-Vasquez.jpg?resize=525%2C300&ssl=1 1.5x, https:\/\/i0.wp.com\/lasprimeras.com.do\/wp-content\/uploads\/2025\/03\/Stalin-Vasquez.jpg?resize=700%2C400&ssl=1 2x"},"classes":[]},{"id":79846,"url":"https:\/\/lasprimeras.com.do\/index.php\/2024\/03\/31\/turba-mata-a-dos-sospechosos-de-comprar-armas-para-pandillas-en-haiti-afirma-la-policia\/","url_meta":{"origin":94656,"position":1},"title":"Turba mata a dos sospechosos de comprar armas para pandillas en Hait\u00ed, afirma la polic\u00eda","author":"Nelson Feliz","date":"31 de marzo de 2024","format":false,"excerpt":"Estos asesinatos subrayan cu\u00e1n superada est\u00e1 la polic\u00eda en Hait\u00ed y la ira de los haitianos tras varios meses de asesinatos. Puerto Pr\u00edncipe,AP - Dos hombres fueron asesinados a machetazos en Hait\u00ed por una turba que crey\u00f3 que iban a comprar municiones o armas para las pandillas que han aterrorizado\u2026","rel":"","context":"En \u00abSin categor\u00eda\u00bb","block_context":{"text":"Sin categor\u00eda","link":"https:\/\/lasprimeras.com.do\/index.php\/category\/sin-categoria\/"},"img":{"alt_text":"Guardias Haiti","src":"https:\/\/i0.wp.com\/lasprimeras.com.do\/wp-content\/uploads\/2024\/03\/Guardias-Haiti.jpg?resize=350%2C200&ssl=1","width":350,"height":200,"srcset":"https:\/\/i0.wp.com\/lasprimeras.com.do\/wp-content\/uploads\/2024\/03\/Guardias-Haiti.jpg?resize=350%2C200&ssl=1 1x, https:\/\/i0.wp.com\/lasprimeras.com.do\/wp-content\/uploads\/2024\/03\/Guardias-Haiti.jpg?resize=525%2C300&ssl=1 1.5x, https:\/\/i0.wp.com\/lasprimeras.com.do\/wp-content\/uploads\/2024\/03\/Guardias-Haiti.jpg?resize=700%2C400&ssl=1 2x"},"classes":[]},{"id":59672,"url":"https:\/\/lasprimeras.com.do\/index.php\/2023\/09\/06\/ministro-de-interior-confirma-se-han-incautado-15-mil-600-armas-de-fuego\/","url_meta":{"origin":94656,"position":2},"title":"Ministro de Interior confirma se han incautado 15 mil 600 armas de fuego","author":"Nelson Feliz","date":"6 de septiembre de 2023","format":false,"excerpt":"Por Mart\u00edn Restituyo El ministro de Interior y Polic\u00eda, Jes\u00fas V\u00e1squez Mart\u00ednez, inform\u00f3 que en los tres a\u00f1os de su gesti\u00f3n se han incautado 15 mil 600 armas de fuego. V\u00e1squez Mart\u00ednez, anunci\u00f3 que en los pr\u00f3ximos d\u00edas Interior y Polic\u00eda, el Ministerio P\u00fablico, realizar\u00e1n operativos en distintos puntos del\u2026","rel":"","context":"En \u00abNACIONALES\u00bb","block_context":{"text":"NACIONALES","link":"https:\/\/lasprimeras.com.do\/index.php\/category\/nacionales\/"},"img":{"alt_text":"Jes\u00fas V\u00e1squez Mart\u00ednez","src":"https:\/\/i0.wp.com\/lasprimeras.com.do\/wp-content\/uploads\/2023\/09\/Jesus-Vasquez-Martinez.jpg?resize=350%2C200&ssl=1","width":350,"height":200,"srcset":"https:\/\/i0.wp.com\/lasprimeras.com.do\/wp-content\/uploads\/2023\/09\/Jesus-Vasquez-Martinez.jpg?resize=350%2C200&ssl=1 1x, https:\/\/i0.wp.com\/lasprimeras.com.do\/wp-content\/uploads\/2023\/09\/Jesus-Vasquez-Martinez.jpg?resize=525%2C300&ssl=1 1.5x, https:\/\/i0.wp.com\/lasprimeras.com.do\/wp-content\/uploads\/2023\/09\/Jesus-Vasquez-Martinez.jpg?resize=700%2C400&ssl=1 2x"},"classes":[]},{"id":95891,"url":"https:\/\/lasprimeras.com.do\/index.php\/2025\/03\/21\/pn-puso-a-disposicion-de-la-justicia-a-ocho-hombres-utilizaban-ropa-tipo-militar\/","url_meta":{"origin":94656,"position":3},"title":"PN puso a disposici\u00f3n de la justicia a ocho hombres utilizaban ropa tipo militar","author":"Nelson Feliz","date":"21 de marzo de 2025","format":false,"excerpt":"-Portaban armas de fuego y usurpaban funciones relacionadas con el orden p\u00fablico SDO. -Cuatro de los detenidos usurpaban funciones militares y\/o policiales, y otros cuatro impart\u00edan alegados entrenamientos t\u00e1cticos no regulados. La Polic\u00eda Nacional inform\u00f3 este viernes que en enero pasado fueron detenidos y sometidos a la justicia ocho hombres\u2026","rel":"","context":"En \u00abMILITARES\u00bb","block_context":{"text":"MILITARES","link":"https:\/\/lasprimeras.com.do\/index.php\/category\/militares\/"},"img":{"alt_text":"","src":"https:\/\/i0.wp.com\/lasprimeras.com.do\/wp-content\/uploads\/2025\/03\/ropas.jpg?resize=350%2C200&ssl=1","width":350,"height":200,"srcset":"https:\/\/i0.wp.com\/lasprimeras.com.do\/wp-content\/uploads\/2025\/03\/ropas.jpg?resize=350%2C200&ssl=1 1x, https:\/\/i0.wp.com\/lasprimeras.com.do\/wp-content\/uploads\/2025\/03\/ropas.jpg?resize=525%2C300&ssl=1 1.5x, https:\/\/i0.wp.com\/lasprimeras.com.do\/wp-content\/uploads\/2025\/03\/ropas.jpg?resize=700%2C400&ssl=1 2x"},"classes":[]},{"id":96077,"url":"https:\/\/lasprimeras.com.do\/index.php\/2025\/03\/25\/interior-y-policia-asegura-control-del-territorio-dominicano-y-refuerza-seguridad-ciudadana\/","url_meta":{"origin":94656,"position":4},"title":"Interior y Polic\u00eda asegura control del territorio dominicano y refuerza seguridad ciudadana","author":"Nelson Feliz","date":"25 de marzo de 2025","format":false,"excerpt":"El Ministerio de Interior y Polic\u00eda asegur\u00f3 que el territorio dominicano est\u00e1 bajo control total de las autoridades y que las instituciones cuentan con los agentes necesarios para garantizar la seguridad ciudadana. En ese sentido, la ministra Faride Raful inform\u00f3 que la cartera otorg\u00f3 una \u201cNo Objeci\u00f3n\u201d al movimiento Antigua\u2026","rel":"","context":"En \u00abNACIONALES\u00bb","block_context":{"text":"NACIONALES","link":"https:\/\/lasprimeras.com.do\/index.php\/category\/nacionales\/"},"img":{"alt_text":"","src":"https:\/\/i0.wp.com\/lasprimeras.com.do\/wp-content\/uploads\/2025\/03\/Faride-Raful-1.jpg?resize=350%2C200&ssl=1","width":350,"height":200,"srcset":"https:\/\/i0.wp.com\/lasprimeras.com.do\/wp-content\/uploads\/2025\/03\/Faride-Raful-1.jpg?resize=350%2C200&ssl=1 1x, https:\/\/i0.wp.com\/lasprimeras.com.do\/wp-content\/uploads\/2025\/03\/Faride-Raful-1.jpg?resize=525%2C300&ssl=1 1.5x"},"classes":[]},{"id":117173,"url":"https:\/\/lasprimeras.com.do\/index.php\/2025\/12\/08\/nueva-resolucion-de-interior-y-policia-bebidas-alcoholicas-hasta-las-4-a-m-en-fiestas\/","url_meta":{"origin":94656,"position":5},"title":"Nueva resoluci\u00f3n de Interior y Polic\u00eda: Bebidas alcoh\u00f3licas hasta las 4 a.m. en fiestas","author":"Nelson Feliz","date":"8 de diciembre de 2025","format":false,"excerpt":"El Ministerio de Interior y Polic\u00eda anunci\u00f3 la emisi\u00f3n de la Resoluci\u00f3n MIP-RR-0009-2025, mediante la cual se ampl\u00eda de manera temporal el horario para el expendio de bebidas alcoh\u00f3licas durante las festividades navide\u00f1as y de fin de a\u00f1o. La medida estar\u00e1 vigente del 10 de diciembre de 2025 al 5\u2026","rel":"","context":"En \u00abNACIONALES\u00bb","block_context":{"text":"NACIONALES","link":"https:\/\/lasprimeras.com.do\/index.php\/category\/nacionales\/"},"img":{"alt_text":"","src":"https:\/\/i0.wp.com\/lasprimeras.com.do\/wp-content\/uploads\/2025\/10\/Faride-Raful-1.jpg?resize=350%2C200&ssl=1","width":350,"height":200,"srcset":"https:\/\/i0.wp.com\/lasprimeras.com.do\/wp-content\/uploads\/2025\/10\/Faride-Raful-1.jpg?resize=350%2C200&ssl=1 1x, https:\/\/i0.wp.com\/lasprimeras.com.do\/wp-content\/uploads\/2025\/10\/Faride-Raful-1.jpg?resize=525%2C300&ssl=1 1.5x, https:\/\/i0.wp.com\/lasprimeras.com.do\/wp-content\/uploads\/2025\/10\/Faride-Raful-1.jpg?resize=700%2C400&ssl=1 2x"},"classes":[]}],"jetpack_sharing_enabled":true,"_links":{"self":[{"href":"https:\/\/lasprimeras.com.do\/index.php\/wp-json\/wp\/v2\/posts\/94656","targetHints":{"allow":["GET"]}}],"collection":[{"href":"https:\/\/lasprimeras.com.do\/index.php\/wp-json\/wp\/v2\/posts"}],"about":[{"href":"https:\/\/lasprimeras.com.do\/index.php\/wp-json\/wp\/v2\/types\/post"}],"author":[{"embeddable":true,"href":"https:\/\/lasprimeras.com.do\/index.php\/wp-json\/wp\/v2\/users\/2"}],"replies":[{"embeddable":true,"href":"https:\/\/lasprimeras.com.do\/index.php\/wp-json\/wp\/v2\/comments?post=94656"}],"version-history":[{"count":1,"href":"https:\/\/lasprimeras.com.do\/index.php\/wp-json\/wp\/v2\/posts\/94656\/revisions"}],"predecessor-version":[{"id":94658,"href":"https:\/\/lasprimeras.com.do\/index.php\/wp-json\/wp\/v2\/posts\/94656\/revisions\/94658"}],"wp:featuredmedia":[{"embeddable":true,"href":"https:\/\/lasprimeras.com.do\/index.php\/wp-json\/wp\/v2\/media\/94657"}],"wp:attachment":[{"href":"https:\/\/lasprimeras.com.do\/index.php\/wp-json\/wp\/v2\/media?parent=94656"}],"wp:term":[{"taxonomy":"category","embeddable":true,"href":"https:\/\/lasprimeras.com.do\/index.php\/wp-json\/wp\/v2\/categories?post=94656"},{"taxonomy":"post_tag","embeddable":true,"href":"https:\/\/lasprimeras.com.do\/index.php\/wp-json\/wp\/v2\/tags?post=94656"}],"curies":[{"name":"wp","href":"https:\/\/api.w.org\/{rel}","templated":true}]}}