{"id":94659,"date":"2025-03-04T07:35:00","date_gmt":"2025-03-04T11:35:00","guid":{"rendered":"https:\/\/lasprimeras.com.do\/?p=94659"},"modified":"2025-03-04T07:35:02","modified_gmt":"2025-03-04T11:35:02","slug":"marcell-ozuna-dice-no-a-dominicana-para-clasico","status":"publish","type":"post","link":"https:\/\/lasprimeras.com.do\/index.php\/2025\/03\/04\/marcell-ozuna-dice-no-a-dominicana-para-clasico\/","title":{"rendered":"Marcell Ozuna dice \u201cno\u201d a Dominicana para Cl\u00e1sico"},"content":{"rendered":"\n<p><strong>Marcell expres\u00f3 que el torneo no lo hace un mejor jugador y que lamentablemente, no tiene inter\u00e9s de ir<\/strong><\/p>\n\n\n\n<p>Las recientes declaraciones de Marcell Ozuna, bateador designado titular de los Bravos de Atlanta, sobre una posible participaci\u00f3n con Rep\u00fablica Dominicana en el Cl\u00e1sico Mundial de B\u00e9isbol del 2026, dejan claro que el jugador no tiene inter\u00e9s alguno por uniformarse con la selecci\u00f3n de su pa\u00eds.<\/p>\n\n\n\n<p>En una entrevista para Leonte Landino de Diamante 23, al ser cuestionado sobre si aceptar\u00eda una invitaci\u00f3n para representar a su pa\u00eds en la pr\u00f3xima edici\u00f3n del Cl\u00e1sico Mundial, Ozuna fue tajante con su respuesta, explicando que no tiene intenci\u00f3n de jugar con el equipo caribe\u00f1o.<\/p>\n\n\n\n<p>\u201cNo, yo no voy\u201d, inici\u00f3 diciendo Ozuna ante la pregunta de Landino. \u201cDesde mi coraz\u00f3n y mi alma, yo dije que yo no iba a un Cl\u00e1sico. Perd\u00f3n mi pa\u00eds que no voy a representar la bandera, pero yo dije que no iba al Cl\u00e1sico y no voy a ir\u201d, sentenci\u00f3 el jugador.<\/p>\n\n\n\n<p>\u201cSon decisiones m\u00edas. Cuando yo quise ir, hice todas las gestiones para poder ir y no fui elegido para ir al Cl\u00e1sico, cuando yo pens\u00e9 que merec\u00eda estar ah\u00ed, pero no me invitaron y dije \u2018ah, no me invitaron\u2019, entonces tuve una de las mejores temporadas de mi carrera, y de ah\u00ed dije \u2018el Cl\u00e1sico no me hace ser mejor de lo que yo soy\u2019\u201d, agreg\u00f3 Ozuna al ped\u00edrsele explicaci\u00f3n sobre por qu\u00e9 tom\u00f3 esa decisi\u00f3n.<\/p>\n\n\n\n<p>Las palabras de Ozuna llegan como una sorpresa para un equipo dominicano que quiere ir en busca de la redenci\u00f3n, tras ser eliminados en la primera ronda de la pasada edici\u00f3n del torneo.<\/p>\n\n\n\n<p>Ozuna, siendo uno de los mejores bates de la Rep\u00fablica Dominicana est\u00e1 dentro de esos jugadores que muchos vislumbraban como un posible miembro del equipo.<\/p>\n\n\n\n<p>Tomando en cuenta que tras la temporada 2025, Ozuna se convertir\u00e1 en agente libre y viendo c\u00f3mo se ha comportado el mercado en los \u00faltimos a\u00f1os con los jugadores veteranos, perder la oportunidad de estar en el Cl\u00e1sico Mundial de B\u00e9isbol, probablemente el mayor escenario que tiene la disciplina ser\u00eda una movida sin sentido para alguien que busque un contrato, si a esa altura de los entrenamientos, a\u00fan no tiene contrato, especialmente para un jugador veterano.<\/p>\n\n\n\n<p>El Cl\u00e1sico Mundial de B\u00e9isbol, que organizan conjuntamente la Major League Baseball, la Asociaci\u00f3n de Peloteros de las Grandes Ligas (MLBPA) y la Confederaci\u00f3n Mundial de B\u00e9isbol y Softbol (WBSC), tendr\u00e1 su sexta versi\u00f3n en marzo del pr\u00f3ximo a\u00f1o en Miami y Houston de Estados Unidos; San Juan, Puerto Rico, y Tokio, en Jap\u00f3n.<\/p>\n\n\n\n<p>En la primera ronda, la Rep\u00fablica Dominicana jugar\u00e1 sus partidos en Miami como parte del Grupo D del 6 al 11 de marzo contra Israel, Venezuela, Pa\u00edses Bajos y un \u00faltimo clasificado por determinar.ESPN.com<\/p>\n","protected":false},"excerpt":{"rendered":"<p>Marcell expres\u00f3 que el torneo no lo hace un mejor jugador y que lamentablemente, no tiene inter\u00e9s de ir Las recientes declaraciones de Marcell Ozuna, bateador designado titular de los&hellip;<\/p>\n","protected":false},"author":2,"featured_media":94660,"comment_status":"open","ping_status":"open","sticky":false,"template":"","format":"standard","meta":{"content-type":"","jetpack_post_was_ever_published":false,"_jetpack_newsletter_access":"","_jetpack_dont_email_post_to_subs":false,"_jetpack_newsletter_tier_id":0,"_jetpack_memberships_contains_paywalled_content":false,"_jetpack_memberships_contains_paid_content":false,"footnotes":""},"categories":[630],"tags":[17811,549,2359],"class_list":["post-94659","post","type-post","status-publish","format-standard","has-post-thumbnail","hentry","category-deportes","tag-clasico-mundial-de-beisbol","tag-dominicana","tag-marcell-ozuna"],"jetpack_featured_media_url":"https:\/\/lasprimeras.com.do\/wp-content\/uploads\/2025\/03\/marcell.png","jetpack-related-posts":[{"id":82906,"url":"https:\/\/lasprimeras.com.do\/index.php\/2024\/05\/08\/marcell-ozuna-pega-dos-jonrones-y-vuelve-a-ser-el-lider-en-mlb\/","url_meta":{"origin":94659,"position":0},"title":"Marcell Ozuna pega dos jonrones y vuelve a ser  el l\u00edder en MLB","author":"Nelson Feliz","date":"8 de mayo de 2024","format":false,"excerpt":"Marcell Ozuna mantuvo su t\u00f3rrido comienzo con dos jonrones m\u00e1s y Chris Sale lanz\u00f3 seis entradas contra su ex equipo, guiando a los Bravos de Atlanta a una victoria de 5-0 sobre los Medias Rojas de Boston y a barrer su serie de dos juegos. serie interliga el mi\u00e9rcoles por\u2026","rel":"","context":"En \u00abSin categor\u00eda\u00bb","block_context":{"text":"Sin categor\u00eda","link":"https:\/\/lasprimeras.com.do\/index.php\/category\/sin-categoria\/"},"img":{"alt_text":"Marcell Ozuna logra un jonr\u00f3n en la tercera entrada de un juego de b\u00e9isbol contra los Medias Rojas de Boston.","src":"https:\/\/i0.wp.com\/lasprimeras.com.do\/wp-content\/uploads\/2024\/05\/Marcell-Ozuna.jpeg?resize=350%2C200&ssl=1","width":350,"height":200,"srcset":"https:\/\/i0.wp.com\/lasprimeras.com.do\/wp-content\/uploads\/2024\/05\/Marcell-Ozuna.jpeg?resize=350%2C200&ssl=1 1x, https:\/\/i0.wp.com\/lasprimeras.com.do\/wp-content\/uploads\/2024\/05\/Marcell-Ozuna.jpeg?resize=525%2C300&ssl=1 1.5x, https:\/\/i0.wp.com\/lasprimeras.com.do\/wp-content\/uploads\/2024\/05\/Marcell-Ozuna.jpeg?resize=700%2C400&ssl=1 2x"},"classes":[]},{"id":59018,"url":"https:\/\/lasprimeras.com.do\/index.php\/2023\/08\/30\/marcell-ozuna-batea-cuadrangular-30-en-el-triunfo-de-los-bravos-ante-rockies\/","url_meta":{"origin":94659,"position":1},"title":"Marcell Ozuna batea cuadrangular 30 en el triunfo de los Bravos ante Rockies","author":"Nelson Feliz","date":"30 de agosto de 2023","format":false,"excerpt":"AGENCIA AP Marcell Ozuna bate\u00f3 su trig\u00e9simo jonr\u00f3n de la campa\u00f1a, Charlie Morton labor\u00f3 seis entradas con pelota de una carrera y los Bravos de Atlanta se impusieron el martes 3-1 sobre los Rockies de Colorado para lograr su 16to triunfo en 21 duelos. Atlanta, el mejor equipo de la\u2026","rel":"","context":"En \u00abSin categor\u00eda\u00bb","block_context":{"text":"Sin categor\u00eda","link":"https:\/\/lasprimeras.com.do\/index.php\/category\/sin-categoria\/"},"img":{"alt_text":"Marcell Ozuna, de los Bravos de Atlanta, inicia el recorrido por las bases tras conectar su cuadrangular n\u00famero 30 de la temporada.AP","src":"https:\/\/i0.wp.com\/lasprimeras.com.do\/wp-content\/uploads\/2023\/08\/Marcell-Ozuna.jpeg?resize=350%2C200&ssl=1","width":350,"height":200,"srcset":"https:\/\/i0.wp.com\/lasprimeras.com.do\/wp-content\/uploads\/2023\/08\/Marcell-Ozuna.jpeg?resize=350%2C200&ssl=1 1x, https:\/\/i0.wp.com\/lasprimeras.com.do\/wp-content\/uploads\/2023\/08\/Marcell-Ozuna.jpeg?resize=525%2C300&ssl=1 1.5x, https:\/\/i0.wp.com\/lasprimeras.com.do\/wp-content\/uploads\/2023\/08\/Marcell-Ozuna.jpeg?resize=700%2C400&ssl=1 2x"},"classes":[]},{"id":58477,"url":"https:\/\/lasprimeras.com.do\/index.php\/2023\/08\/24\/marcell-ozuna-remolca-4-y-jonronea-los-bravos-blanquean-a-los-mets\/","url_meta":{"origin":94659,"position":2},"title":"Marcell Ozuna remolca 4 y jonronea; los Bravos blanquean a los Mets","author":"Nelson Feliz","date":"24 de agosto de 2023","format":false,"excerpt":"El dominicano Marcell Ozuna empuj\u00f3 cuatro carreras mediante tres hits, incluido un jonr\u00f3n de dos vueltas, y los Bravos de Atlanta vapulearon el mi\u00e9rcoles 7-0 a los Mets de Nueva York. Charlie Morton toler\u00f3 s\u00f3lo dos imparables en siete innings y no permiti\u00f3 carrera por tercera apertura seguida. Los Bravos,\u2026","rel":"","context":"En \u00abSin categor\u00eda\u00bb","block_context":{"text":"Sin categor\u00eda","link":"https:\/\/lasprimeras.com.do\/index.php\/category\/sin-categoria\/"},"img":{"alt_text":"El venezolano Ronald Acu\u00f1a Jr. y el dominicano Marcell Ozuna festejan la victoria de los Bravos de Atlanta sobre los Mets de Nueva York.AP","src":"https:\/\/i0.wp.com\/lasprimeras.com.do\/wp-content\/uploads\/2023\/08\/Ronald-Acuna-Jr.-y-Marcell-Ozuna.jpeg?resize=350%2C200&ssl=1","width":350,"height":200,"srcset":"https:\/\/i0.wp.com\/lasprimeras.com.do\/wp-content\/uploads\/2023\/08\/Ronald-Acuna-Jr.-y-Marcell-Ozuna.jpeg?resize=350%2C200&ssl=1 1x, https:\/\/i0.wp.com\/lasprimeras.com.do\/wp-content\/uploads\/2023\/08\/Ronald-Acuna-Jr.-y-Marcell-Ozuna.jpeg?resize=525%2C300&ssl=1 1.5x, https:\/\/i0.wp.com\/lasprimeras.com.do\/wp-content\/uploads\/2023\/08\/Ronald-Acuna-Jr.-y-Marcell-Ozuna.jpeg?resize=700%2C400&ssl=1 2x"},"classes":[]},{"id":61970,"url":"https:\/\/lasprimeras.com.do\/index.php\/2023\/10\/02\/ozuna-pego-dos-jonrones-para-llegar-a-40-y-remolco-4-para-terminar-con-100\/","url_meta":{"origin":94659,"position":3},"title":"Ozuna peg\u00f3 dos jonrones para llegar a 40 y remolc\u00f3 4 para terminar con 100","author":"Nelson Feliz","date":"2 de octubre de 2023","format":false,"excerpt":"Los Bravos empatan r\u00e9cord con 307 jonrones en la campa\u00f1a. ATLANTA (AP) \u2014 Los Bravos de Atlanta sacudieron tres jonrones para empatar el r\u00e9cord de las mayores en una campa\u00f1a al alcanzar los 307, pero cerraron la temporada regular con una derrota 10-9 ante los Nacionales de Washington el domingo.\u2026","rel":"","context":"En \u00abSin categor\u00eda\u00bb","block_context":{"text":"Sin categor\u00eda","link":"https:\/\/lasprimeras.com.do\/index.php\/category\/sin-categoria\/"},"img":{"alt_text":"Marcell Ozuna termina el swing con el que dispar\u00f3 su cuadrangular 40 de la campa\u00f1a. (AP)","src":"https:\/\/i0.wp.com\/lasprimeras.com.do\/wp-content\/uploads\/2023\/10\/Marcell-Ozuna.jpg?resize=350%2C200&ssl=1","width":350,"height":200,"srcset":"https:\/\/i0.wp.com\/lasprimeras.com.do\/wp-content\/uploads\/2023\/10\/Marcell-Ozuna.jpg?resize=350%2C200&ssl=1 1x, https:\/\/i0.wp.com\/lasprimeras.com.do\/wp-content\/uploads\/2023\/10\/Marcell-Ozuna.jpg?resize=525%2C300&ssl=1 1.5x, https:\/\/i0.wp.com\/lasprimeras.com.do\/wp-content\/uploads\/2023\/10\/Marcell-Ozuna.jpg?resize=700%2C400&ssl=1 2x"},"classes":[]},{"id":98394,"url":"https:\/\/lasprimeras.com.do\/index.php\/2025\/05\/07\/harris-y-ozuna-conectan-hits-clave-y-bravos-vencen-2-1-a-rojos-en-diez-entradas\/","url_meta":{"origin":94659,"position":4},"title":"Harris y Ozuna conectan hits clave y Bravos vencen 2-1 a Rojos en diez entradas","author":"Nelson Feliz","date":"7 de mayo de 2025","format":false,"excerpt":"ATLANTA (AP) \u2014 Michael Harris II conect\u00f3 un doble que empat\u00f3 el juego en la novena entrada y el dominicano Marcell Ozuna impuls\u00f3 la carrera de la victoria con un sencillo en la d\u00e9cima, mientras los Bravos de Atlanta se impusieron la noche del martes 2-1 a los Rojos de\u2026","rel":"","context":"En \u00abDEPORTES\u00bb","block_context":{"text":"DEPORTES","link":"https:\/\/lasprimeras.com.do\/index.php\/category\/deportes\/"},"img":{"alt_text":"","src":"https:\/\/i0.wp.com\/lasprimeras.com.do\/wp-content\/uploads\/2025\/05\/Marcell-Ozuna.jpg?resize=350%2C200&ssl=1","width":350,"height":200,"srcset":"https:\/\/i0.wp.com\/lasprimeras.com.do\/wp-content\/uploads\/2025\/05\/Marcell-Ozuna.jpg?resize=350%2C200&ssl=1 1x, https:\/\/i0.wp.com\/lasprimeras.com.do\/wp-content\/uploads\/2025\/05\/Marcell-Ozuna.jpg?resize=525%2C300&ssl=1 1.5x, https:\/\/i0.wp.com\/lasprimeras.com.do\/wp-content\/uploads\/2025\/05\/Marcell-Ozuna.jpg?resize=700%2C400&ssl=1 2x"},"classes":[]},{"id":94851,"url":"https:\/\/lasprimeras.com.do\/index.php\/2025\/03\/06\/nelson-cruz-y-albert-pujols-aseguran-no-hay-ego-en-equipo-rd-clasico-beisbol\/","url_meta":{"origin":94659,"position":5},"title":"Nelson Cruz y Albert Pujols aseguran \u201cno hay ego\u201d en equipo RD Cl\u00e1sico Beisbol","author":"Nelson Feliz","date":"6 de marzo de 2025","format":false,"excerpt":"La palabra ego fue muy redundante este mi\u00e9rcoles en la rueda de prensa virtual del equipo dominicano para el Cl\u00e1sico Mundial de B\u00e9isbol 2026. \u201cAqu\u00ed no hay ego\u201d, manifestaron con certeza Nelson Cruz y Albert Pujols, gerente y dirigente del equipo criollo. \u201cEl que quiere estar, que se ponga disponible,\u2026","rel":"","context":"En \u00abDEPORTES\u00bb","block_context":{"text":"DEPORTES","link":"https:\/\/lasprimeras.com.do\/index.php\/category\/deportes\/"},"img":{"alt_text":"Albert Pujols","src":"https:\/\/i0.wp.com\/lasprimeras.com.do\/wp-content\/uploads\/2025\/03\/Albert-Pujols-1.jpg?resize=350%2C200&ssl=1","width":350,"height":200,"srcset":"https:\/\/i0.wp.com\/lasprimeras.com.do\/wp-content\/uploads\/2025\/03\/Albert-Pujols-1.jpg?resize=350%2C200&ssl=1 1x, https:\/\/i0.wp.com\/lasprimeras.com.do\/wp-content\/uploads\/2025\/03\/Albert-Pujols-1.jpg?resize=525%2C300&ssl=1 1.5x, https:\/\/i0.wp.com\/lasprimeras.com.do\/wp-content\/uploads\/2025\/03\/Albert-Pujols-1.jpg?resize=700%2C400&ssl=1 2x"},"classes":[]}],"jetpack_sharing_enabled":true,"_links":{"self":[{"href":"https:\/\/lasprimeras.com.do\/index.php\/wp-json\/wp\/v2\/posts\/94659","targetHints":{"allow":["GET"]}}],"collection":[{"href":"https:\/\/lasprimeras.com.do\/index.php\/wp-json\/wp\/v2\/posts"}],"about":[{"href":"https:\/\/lasprimeras.com.do\/index.php\/wp-json\/wp\/v2\/types\/post"}],"author":[{"embeddable":true,"href":"https:\/\/lasprimeras.com.do\/index.php\/wp-json\/wp\/v2\/users\/2"}],"replies":[{"embeddable":true,"href":"https:\/\/lasprimeras.com.do\/index.php\/wp-json\/wp\/v2\/comments?post=94659"}],"version-history":[{"count":1,"href":"https:\/\/lasprimeras.com.do\/index.php\/wp-json\/wp\/v2\/posts\/94659\/revisions"}],"predecessor-version":[{"id":94661,"href":"https:\/\/lasprimeras.com.do\/index.php\/wp-json\/wp\/v2\/posts\/94659\/revisions\/94661"}],"wp:featuredmedia":[{"embeddable":true,"href":"https:\/\/lasprimeras.com.do\/index.php\/wp-json\/wp\/v2\/media\/94660"}],"wp:attachment":[{"href":"https:\/\/lasprimeras.com.do\/index.php\/wp-json\/wp\/v2\/media?parent=94659"}],"wp:term":[{"taxonomy":"category","embeddable":true,"href":"https:\/\/lasprimeras.com.do\/index.php\/wp-json\/wp\/v2\/categories?post=94659"},{"taxonomy":"post_tag","embeddable":true,"href":"https:\/\/lasprimeras.com.do\/index.php\/wp-json\/wp\/v2\/tags?post=94659"}],"curies":[{"name":"wp","href":"https:\/\/api.w.org\/{rel}","templated":true}]}}