{"id":94662,"date":"2025-03-04T07:54:24","date_gmt":"2025-03-04T11:54:24","guid":{"rendered":"https:\/\/lasprimeras.com.do\/?p=94662"},"modified":"2025-03-04T07:54:26","modified_gmt":"2025-03-04T11:54:26","slug":"rafael-devers-sera-designado-hoy-ante-rays","status":"publish","type":"post","link":"https:\/\/lasprimeras.com.do\/index.php\/2025\/03\/04\/rafael-devers-sera-designado-hoy-ante-rays\/","title":{"rendered":"Rafael Devers ser\u00e1 designado hoy ante Rays"},"content":{"rendered":"\n<p>El estelar toletero dominicano de los Medias Rojas de Boston, Rafael Devers, fungir\u00e1 como bateador designado en su debut en la actual temporada de exhibici\u00f3n ma\u00f1ana contra Tampa Bay.<\/p>\n\n\n\n<p>El m\u00e1nager de los Medias Rojas, Alex Cora, dijo que Devers podr\u00eda jugar defensa, por primera vez, a mediados de la pr\u00f3xima semana. \u201cAhora es tratar de darle la mayor cantidad posible de juegos esta semana.<\/p>\n\n\n\n<p>Como no ha hecho mucho en el terreno, ser\u00e1 bateador designado, y poquito a poco seguir\u00e1 a\u00f1adiendo\u201d, dijo ayer Cora a ESPN Digital luego del juego de pretemporada contra los Orioles de Baltimore en Sarasota.<\/p>\n\n\n\n<p>\u201cEsta semana es complicada para nosotros. Juego en Bradenton el martes (hoy); vamos a Dunedin el jueves; tenemos un d\u00eda libre la pr\u00f3xima semana.<\/p>\n\n\n\n<p>Veremos c\u00f3mo trabaja lo del fin de semana\u201d, agreg\u00f3. Devers fue limitado en las primeras semanas de los entrenamientos de Grandes Ligas mientras completaba la recuperaci\u00f3n de las lesiones que sufri\u00f3 en ambos hombros la temporada pasada.<\/p>\n\n\n\n<p>Fuente ElCaribe<\/p>\n","protected":false},"excerpt":{"rendered":"<p>El estelar toletero dominicano de los Medias Rojas de Boston, Rafael Devers, fungir\u00e1 como bateador designado en su debut en la actual temporada de exhibici\u00f3n ma\u00f1ana contra Tampa Bay. El&hellip;<\/p>\n","protected":false},"author":2,"featured_media":94663,"comment_status":"open","ping_status":"open","sticky":false,"template":"","format":"standard","meta":{"content-type":"","jetpack_post_was_ever_published":false,"_jetpack_newsletter_access":"","_jetpack_dont_email_post_to_subs":false,"_jetpack_newsletter_tier_id":0,"_jetpack_memberships_contains_paywalled_content":false,"_jetpack_memberships_contains_paid_content":false,"footnotes":""},"categories":[630],"tags":[17812,570,5741],"class_list":["post-94662","post","type-post","status-publish","format-standard","has-post-thumbnail","hentry","category-deportes","tag-medias-rojas-de-boston","tag-rafael-devers","tag-rays-de-tampa-bay"],"jetpack_featured_media_url":"https:\/\/lasprimeras.com.do\/wp-content\/uploads\/2025\/03\/Rafael-Devers.png","jetpack-related-posts":[{"id":100817,"url":"https:\/\/lasprimeras.com.do\/index.php\/2025\/06\/12\/marcelo-mayer-conecta-sus-2-primeros-jonrones-en-fenway-park-y-ayuda-en-triunfo-de-medias-rojas\/","url_meta":{"origin":94662,"position":0},"title":"Marcelo Mayer conecta sus 2 primeros jonrones en Fenway Park y ayuda en triunfo de Medias Rojas","author":"Nelson Feliz","date":"12 de junio de 2025","format":false,"excerpt":"POR KYLE HIGHTOWER BOSTON (AP) \u2014 La banda sonora del primer jonr\u00f3n de Marcelo Mayer en las Grandes Ligas fue un coro de abucheos mientras recorr\u00eda las bases en el Yankee Stadium de Nueva York la semana pasada. El novato de los Medias Rojas a\u00f1adi\u00f3 otros dos vuelacercas en un\u2026","rel":"","context":"En \u00abDEPORTES\u00bb","block_context":{"text":"DEPORTES","link":"https:\/\/lasprimeras.com.do\/index.php\/category\/deportes\/"},"img":{"alt_text":"","src":"https:\/\/i0.wp.com\/lasprimeras.com.do\/wp-content\/uploads\/2025\/06\/Marcelo-Mayer.jpg?resize=350%2C200&ssl=1","width":350,"height":200,"srcset":"https:\/\/i0.wp.com\/lasprimeras.com.do\/wp-content\/uploads\/2025\/06\/Marcelo-Mayer.jpg?resize=350%2C200&ssl=1 1x, https:\/\/i0.wp.com\/lasprimeras.com.do\/wp-content\/uploads\/2025\/06\/Marcelo-Mayer.jpg?resize=525%2C300&ssl=1 1.5x, https:\/\/i0.wp.com\/lasprimeras.com.do\/wp-content\/uploads\/2025\/06\/Marcelo-Mayer.jpg?resize=700%2C400&ssl=1 2x"},"classes":[]},{"id":101196,"url":"https:\/\/lasprimeras.com.do\/index.php\/2025\/06\/17\/boston-y-su-error-con-devers-un-desaire-con-consecuencias\/","url_meta":{"origin":94662,"position":1},"title":"Boston y su error con Devers: un desaire con consecuencias","author":"Nelson Feliz","date":"17 de junio de 2025","format":false,"excerpt":"Por: Jos\u00e9 Armando Toribio En las \u00faltimas semanas, varios comunicadores de la cr\u00f3nica deportiva, tanto a nivel nacional como internacional y de manera destacada en Santiago de los Caballeros han reaccionado con sorpresa, cr\u00edticas y en algunos casos con un evidente sesgo, a la reacci\u00f3n del pelotero dominicano Rafael Devers\u2026","rel":"","context":"En \u00abOPINI\u00d3N\u00bb","block_context":{"text":"OPINI\u00d3N","link":"https:\/\/lasprimeras.com.do\/index.php\/category\/opinion\/"},"img":{"alt_text":"","src":"https:\/\/i0.wp.com\/lasprimeras.com.do\/wp-content\/uploads\/2025\/06\/Jose-Armando-Toribio-780x470-1.jpg?resize=350%2C200&ssl=1","width":350,"height":200,"srcset":"https:\/\/i0.wp.com\/lasprimeras.com.do\/wp-content\/uploads\/2025\/06\/Jose-Armando-Toribio-780x470-1.jpg?resize=350%2C200&ssl=1 1x, https:\/\/i0.wp.com\/lasprimeras.com.do\/wp-content\/uploads\/2025\/06\/Jose-Armando-Toribio-780x470-1.jpg?resize=525%2C300&ssl=1 1.5x, https:\/\/i0.wp.com\/lasprimeras.com.do\/wp-content\/uploads\/2025\/06\/Jose-Armando-Toribio-780x470-1.jpg?resize=700%2C400&ssl=1 2x"},"classes":[]},{"id":101271,"url":"https:\/\/lasprimeras.com.do\/index.php\/2025\/06\/18\/gabriel-arias-y-guardianes-arruinan-el-debut-de-rafael-devers-con-los-gigantes-al-imponerse-por-3-2\/","url_meta":{"origin":94662,"position":2},"title":"Gabriel Arias y Guardianes arruinan el debut de Rafael Devers con los Gigantes, al imponerse por 3-2","author":"Nelson Feliz","date":"18 de junio de 2025","format":false,"excerpt":"POR JANIE McCAULEY SAN FRANCISCO (AP) \u2014 El venezolano Gabriel Arias conect\u00f3 un jonr\u00f3n que signific\u00f3 la ventaja en la sexta entrada y a\u00f1adi\u00f3 un doble en la novena para que los Guardianes de Cleveland superaran el martes 3-2 a los Gigantes de San Francisco. Cleveland arruin\u00f3 as\u00ed el debut\u2026","rel":"","context":"En \u00abDEPORTES\u00bb","block_context":{"text":"DEPORTES","link":"https:\/\/lasprimeras.com.do\/index.php\/category\/deportes\/"},"img":{"alt_text":"","src":"https:\/\/i0.wp.com\/lasprimeras.com.do\/wp-content\/uploads\/2025\/06\/Gabriel-Arias-izquierda-recibe-la-felicitacion-del-dominicano-Angel-Martinez.jpg?resize=350%2C200&ssl=1","width":350,"height":200,"srcset":"https:\/\/i0.wp.com\/lasprimeras.com.do\/wp-content\/uploads\/2025\/06\/Gabriel-Arias-izquierda-recibe-la-felicitacion-del-dominicano-Angel-Martinez.jpg?resize=350%2C200&ssl=1 1x, https:\/\/i0.wp.com\/lasprimeras.com.do\/wp-content\/uploads\/2025\/06\/Gabriel-Arias-izquierda-recibe-la-felicitacion-del-dominicano-Angel-Martinez.jpg?resize=525%2C300&ssl=1 1.5x, https:\/\/i0.wp.com\/lasprimeras.com.do\/wp-content\/uploads\/2025\/06\/Gabriel-Arias-izquierda-recibe-la-felicitacion-del-dominicano-Angel-Martinez.jpg?resize=700%2C400&ssl=1 2x"},"classes":[]},{"id":48901,"url":"https:\/\/lasprimeras.com.do\/index.php\/2023\/05\/05\/dominicano-rafael-devers-pega-jonron-150-en-su-carrera-en-las-gl\/","url_meta":{"origin":94662,"position":3},"title":"Dominicano Rafael Devers pega jonr\u00f3n 150 en su carrera en las GL","author":"prenxa100","date":"5 de mayo de 2023","format":false,"excerpt":"Por ESPNDeportes.com BOSTON.- Rafael Devers y Masataka Yoshida sacudieron sendos jonrones, y los Medias Rojas de Boston completaron una barrida de cuatro juegos sobre los Azulejos de Toronto al vencerles por 11-5. Boston gan\u00f3 su sexto partido consecutivos y rebas\u00f3 a Toronto por el tercer puesto en el Este de\u2026","rel":"","context":"En \u00abSin categor\u00eda\u00bb","block_context":{"text":"Sin categor\u00eda","link":"https:\/\/lasprimeras.com.do\/index.php\/category\/sin-categoria\/"},"img":{"alt_text":"","src":"","width":0,"height":0},"classes":[]},{"id":99618,"url":"https:\/\/lasprimeras.com.do\/index.php\/2025\/05\/23\/devers-fija-record-personal-con-8-empujadas-en-paliza-de-medias-rojas-sobre-orioles\/","url_meta":{"origin":94662,"position":4},"title":"Devers fija r\u00e9cord personal con 8 empujadas en paliza de Medias Rojas sobre Orioles","author":"Nelson Feliz","date":"23 de mayo de 2025","format":false,"excerpt":"Por Ian Browne\/MLB.com @IanMBrowne Boston.-Cierta preocupaci\u00f3n crec\u00eda en el dugout local del Fenway Park cuando Alex Bregman, el jugador m\u00e1s consistente en lo que ha sido una temporada irregular para los Medias Rojas, tuvo que abandonar el encuentro en la parte baja de la quinta entrada por una molestia en\u2026","rel":"","context":"En \u00abDEPORTES\u00bb","block_context":{"text":"DEPORTES","link":"https:\/\/lasprimeras.com.do\/index.php\/category\/deportes\/"},"img":{"alt_text":"","src":"https:\/\/i0.wp.com\/lasprimeras.com.do\/wp-content\/uploads\/2025\/05\/Rafael-Devers.jpg?resize=350%2C200&ssl=1","width":350,"height":200,"srcset":"https:\/\/i0.wp.com\/lasprimeras.com.do\/wp-content\/uploads\/2025\/05\/Rafael-Devers.jpg?resize=350%2C200&ssl=1 1x, https:\/\/i0.wp.com\/lasprimeras.com.do\/wp-content\/uploads\/2025\/05\/Rafael-Devers.jpg?resize=525%2C300&ssl=1 1.5x, https:\/\/i0.wp.com\/lasprimeras.com.do\/wp-content\/uploads\/2025\/05\/Rafael-Devers.jpg?resize=700%2C400&ssl=1 2x"},"classes":[]},{"id":60604,"url":"https:\/\/lasprimeras.com.do\/index.php\/2023\/09\/16\/merrifield-logra-hit-decisivo-en-la-13ra-azulejos-ganan-guerrero-jr-y-devers-cuadrangulares\/","url_meta":{"origin":94662,"position":5},"title":"Merrifield logra hit decisivo en la 13ra.; Azulejos ganan, Guerrero Jr. y Devers, cuadrangulares","author":"Nelson Feliz","date":"16 de septiembre de 2023","format":false,"excerpt":"Whit Merrifield conect\u00f3 un sencillo decisivo en la 13ra entrada, y los Azulejos de Toronto remontaron para superar el s\u00e1bado 4-3 a los Medias Rojas de Boston. El sencillo de Merrifield dentro del cuadro ante el venezolano Mauricio Llovera (1-3) empuj\u00f3 al dominicano Vladimir Guerrero Jr. desde la antesala. Chad\u2026","rel":"","context":"En \u00abSin categor\u00eda\u00bb","block_context":{"text":"Sin categor\u00eda","link":"https:\/\/lasprimeras.com.do\/index.php\/category\/sin-categoria\/"},"img":{"alt_text":"Daulton Varsho, de los Azulejos de Toronto, festeja tras conectar un triple en el juego del s\u00e1bado ante los Medias Rojas de Boston.AP","src":"https:\/\/i0.wp.com\/lasprimeras.com.do\/wp-content\/uploads\/2023\/09\/Daulton-Varsho.jpeg?resize=350%2C200&ssl=1","width":350,"height":200,"srcset":"https:\/\/i0.wp.com\/lasprimeras.com.do\/wp-content\/uploads\/2023\/09\/Daulton-Varsho.jpeg?resize=350%2C200&ssl=1 1x, https:\/\/i0.wp.com\/lasprimeras.com.do\/wp-content\/uploads\/2023\/09\/Daulton-Varsho.jpeg?resize=525%2C300&ssl=1 1.5x, https:\/\/i0.wp.com\/lasprimeras.com.do\/wp-content\/uploads\/2023\/09\/Daulton-Varsho.jpeg?resize=700%2C400&ssl=1 2x"},"classes":[]}],"jetpack_sharing_enabled":true,"_links":{"self":[{"href":"https:\/\/lasprimeras.com.do\/index.php\/wp-json\/wp\/v2\/posts\/94662","targetHints":{"allow":["GET"]}}],"collection":[{"href":"https:\/\/lasprimeras.com.do\/index.php\/wp-json\/wp\/v2\/posts"}],"about":[{"href":"https:\/\/lasprimeras.com.do\/index.php\/wp-json\/wp\/v2\/types\/post"}],"author":[{"embeddable":true,"href":"https:\/\/lasprimeras.com.do\/index.php\/wp-json\/wp\/v2\/users\/2"}],"replies":[{"embeddable":true,"href":"https:\/\/lasprimeras.com.do\/index.php\/wp-json\/wp\/v2\/comments?post=94662"}],"version-history":[{"count":1,"href":"https:\/\/lasprimeras.com.do\/index.php\/wp-json\/wp\/v2\/posts\/94662\/revisions"}],"predecessor-version":[{"id":94664,"href":"https:\/\/lasprimeras.com.do\/index.php\/wp-json\/wp\/v2\/posts\/94662\/revisions\/94664"}],"wp:featuredmedia":[{"embeddable":true,"href":"https:\/\/lasprimeras.com.do\/index.php\/wp-json\/wp\/v2\/media\/94663"}],"wp:attachment":[{"href":"https:\/\/lasprimeras.com.do\/index.php\/wp-json\/wp\/v2\/media?parent=94662"}],"wp:term":[{"taxonomy":"category","embeddable":true,"href":"https:\/\/lasprimeras.com.do\/index.php\/wp-json\/wp\/v2\/categories?post=94662"},{"taxonomy":"post_tag","embeddable":true,"href":"https:\/\/lasprimeras.com.do\/index.php\/wp-json\/wp\/v2\/tags?post=94662"}],"curies":[{"name":"wp","href":"https:\/\/api.w.org\/{rel}","templated":true}]}}