{"id":94675,"date":"2025-03-04T08:38:51","date_gmt":"2025-03-04T12:38:51","guid":{"rendered":"https:\/\/lasprimeras.com.do\/?p=94675"},"modified":"2025-03-04T08:38:52","modified_gmt":"2025-03-04T12:38:52","slug":"marc-anthony-enfurece-tras-recibir-botellazo-en-concierto-en-barranquilla","status":"publish","type":"post","link":"https:\/\/lasprimeras.com.do\/index.php\/2025\/03\/04\/marc-anthony-enfurece-tras-recibir-botellazo-en-concierto-en-barranquilla\/","title":{"rendered":"Marc Anthony enfurece tras recibir botellazo en concierto en Barranquilla"},"content":{"rendered":"\n<p><strong>Un asistente lanz\u00f3 una botella al escenario que termin\u00f3 golpeando la pierna de Marc Anthony, situaci\u00f3n que de inmediato enfureci\u00f3 al salsero.<\/strong><\/p>\n\n\n\n<p>Por Jos\u00e9 Antonio Casta\u00f1eda<\/p>\n\n\n\n<p>Lo que parec\u00eda ser una noche perfecta para el cantante Marc Anthony durante la presentaci\u00f3n que ofreci\u00f3 en Barranquilla, Colombia, como parte de la Feria de las Flores, termin\u00f3 convirti\u00e9ndose un momento inesperado que dej\u00f3 a todos con el ojo cuadrado.<\/p>\n\n\n\n<p>En medio del furor de su presentaci\u00f3n, un asistente del concierto decidi\u00f3 lanzar una botella al escenario que termin\u00f3 golpeando la pierna de Marc Anthony, situaci\u00f3n que de inmediato enfureci\u00f3 al salsero.<\/p>\n\n\n\n<p>En varios videos que circulan en redes sociales, se puede ver la reacci\u00f3n del artista, dejando claro que no est\u00e1 dispuesto a tolerar este tipo de actos. Visiblemente molesto, el cantante detuvo su presentaci\u00f3n y, con micr\u00f3fono en mano, lanz\u00f3 una advertencia al responsable.<\/p>\n\n\n\n<p>\u201cLes voy a decir algo. A ver, el que me tir\u00f3 la botella, que tenga los cojones de decirme qui\u00e9n es. O\u00edste, aqu\u00ed no. Yo siempre los he respetado, amo a Colombia, pero si me tiran algo, pa\u2019l carajo\u201c, expres\u00f3, ante la ovaci\u00f3n de los fan\u00e1ticos que estuvieron de acuerdo con su postura.<\/p>\n\n\n\n<p>Aunque era evidente que el incidente dej\u00f3 un sabor amargo, Marc no dej\u00f3 que este lamentable episodio opacara su entusiasmo y, tras la confrontaci\u00f3n, retom\u00f3 su para deleitar a las personas que verdaderamente quer\u00edan disfrutar de su m\u00fasica.<\/p>\n\n\n\n<p>Hasta el momento, no se ha identificado al responsable del incidente, pero la situaci\u00f3n gener\u00f3 debate en redes sobre el comportamiento del p\u00fablico en los conciertos.<\/p>\n\n\n\n<p>Cabe mencionar que esta no es la primera vez que Marc Anthony vive un momento inc\u00f3modo. En 2022, unas im\u00e1genes del artista recibiendo un botellazo en plena actuaci\u00f3n, dieron la vuelta al mundo.<\/p>\n","protected":false},"excerpt":{"rendered":"<p>Un asistente lanz\u00f3 una botella al escenario que termin\u00f3 golpeando la pierna de Marc Anthony, situaci\u00f3n que de inmediato enfureci\u00f3 al salsero. Por Jos\u00e9 Antonio Casta\u00f1eda Lo que parec\u00eda ser&hellip;<\/p>\n","protected":false},"author":2,"featured_media":94676,"comment_status":"open","ping_status":"open","sticky":false,"template":"","format":"standard","meta":{"content-type":"","jetpack_post_was_ever_published":false,"_jetpack_newsletter_access":"","_jetpack_dont_email_post_to_subs":false,"_jetpack_newsletter_tier_id":0,"_jetpack_memberships_contains_paywalled_content":false,"_jetpack_memberships_contains_paid_content":false,"footnotes":""},"categories":[84],"tags":[17816,17815,2112,17814,7866],"class_list":["post-94675","post","type-post","status-publish","format-standard","has-post-thumbnail","hentry","category-entretenimiento","tag-barranquilla","tag-botellazo","tag-concierto","tag-enfurece","tag-marc-anthony"],"jetpack_featured_media_url":"https:\/\/lasprimeras.com.do\/wp-content\/uploads\/2025\/03\/Marc-Anthony.png","jetpack-related-posts":[{"id":88262,"url":"https:\/\/lasprimeras.com.do\/index.php\/2024\/08\/25\/marc-anthony-manuel-medrano-y-manny-cruz-unen-la-salsa-el-pop-y-el-merengue-en-el-estadio-quisqueya\/","url_meta":{"origin":94675,"position":0},"title":"Marc Anthony, Manuel Medrano y Manny Cruz unen la salsa, el pop y el merengue en el Estadio Quisqueya","author":"Nelson Feliz","date":"25 de agosto de 2024","format":false,"excerpt":"Cuatro horas de m\u00fasica a cargo de tres artistas de g\u00e9neros diferentes pusieron a cantar y a bailar a los dominicanos la noche del s\u00e1bado. Al ritmo del cencerro con la contagiosa salsa de Marc Anthony, la g\u00fcira y tambora en el merengue de Manny Cruz y el rasgueo de\u2026","rel":"","context":"En \u00abENTRETENIMIENTO\u00bb","block_context":{"text":"ENTRETENIMIENTO","link":"https:\/\/lasprimeras.com.do\/index.php\/category\/entretenimiento\/"},"img":{"alt_text":"Marc Anthony","src":"https:\/\/i0.wp.com\/lasprimeras.com.do\/wp-content\/uploads\/2024\/08\/Marc-Anthony.jpeg?resize=350%2C200&ssl=1","width":350,"height":200,"srcset":"https:\/\/i0.wp.com\/lasprimeras.com.do\/wp-content\/uploads\/2024\/08\/Marc-Anthony.jpeg?resize=350%2C200&ssl=1 1x, https:\/\/i0.wp.com\/lasprimeras.com.do\/wp-content\/uploads\/2024\/08\/Marc-Anthony.jpeg?resize=525%2C300&ssl=1 1.5x, https:\/\/i0.wp.com\/lasprimeras.com.do\/wp-content\/uploads\/2024\/08\/Marc-Anthony.jpeg?resize=700%2C400&ssl=1 2x"},"classes":[]},{"id":61378,"url":"https:\/\/lasprimeras.com.do\/index.php\/2023\/09\/26\/marc-anthony-y-nadia-ferreira-celebran-el-bautismo-de-su-hijo-en-mexico\/","url_meta":{"origin":94675,"position":1},"title":"Marc Anthony y Nadia Ferreira celebran el bautismo de su hijo en M\u00e9xico","author":"Nelson Feliz","date":"26 de septiembre de 2023","format":false,"excerpt":"El beb\u00e9 habr\u00eda sido llamado igual que su famoso padre. Marc Anthony y Nadia Ferreira celebraron este fin de semana el bautismo de su hijo en la Catedral Metropolitana tres meses despu\u00e9s de su nacimiento. El empresario mexicano y uno de los hombres m\u00e1s ricos del mundo, Carlos Slim Domit,\u2026","rel":"","context":"En \u00abENTRETENIMIENTO\u00bb","block_context":{"text":"ENTRETENIMIENTO","link":"https:\/\/lasprimeras.com.do\/index.php\/category\/entretenimiento\/"},"img":{"alt_text":"Marc Anthony, Nadia Ferreira, celebran, bautismo, hijo, M\u00e9xico","src":"https:\/\/i0.wp.com\/lasprimeras.com.do\/wp-content\/uploads\/2023\/09\/Carlos-Slim-Domit-Nadia-Ferreira-Muniz-Baby-Muniz-Marc-Anthony-y-Maria-Elena-Torruco.jpg?resize=350%2C200&ssl=1","width":350,"height":200,"srcset":"https:\/\/i0.wp.com\/lasprimeras.com.do\/wp-content\/uploads\/2023\/09\/Carlos-Slim-Domit-Nadia-Ferreira-Muniz-Baby-Muniz-Marc-Anthony-y-Maria-Elena-Torruco.jpg?resize=350%2C200&ssl=1 1x, https:\/\/i0.wp.com\/lasprimeras.com.do\/wp-content\/uploads\/2023\/09\/Carlos-Slim-Domit-Nadia-Ferreira-Muniz-Baby-Muniz-Marc-Anthony-y-Maria-Elena-Torruco.jpg?resize=525%2C300&ssl=1 1.5x, https:\/\/i0.wp.com\/lasprimeras.com.do\/wp-content\/uploads\/2023\/09\/Carlos-Slim-Domit-Nadia-Ferreira-Muniz-Baby-Muniz-Marc-Anthony-y-Maria-Elena-Torruco.jpg?resize=700%2C400&ssl=1 2x"},"classes":[]},{"id":74800,"url":"https:\/\/lasprimeras.com.do\/index.php\/2024\/01\/26\/marc-anthony-lanza-su-primera-bachata-punta-cana\/","url_meta":{"origin":94675,"position":2},"title":"Marc Anthony lanza su primera bachata \u201cPunta Cana\u201d","author":"BIMARY DE JES\u00daS Matos","date":"26 de enero de 2024","format":false,"excerpt":"Marc Anthony inicia el 2024 con un nuevo sencillo y video de su primera incursi\u00f3n en el contagioso g\u00e9nero de Bachata titulado \u201cPunta Cana\u201d. En esta nueva canci\u00f3n, Marc Anthony muestra una exploraci\u00f3n cautivadora de uno de los g\u00e9neros m\u00e1s famosos de la m\u00fasica tropical, donde combina h\u00e1bilmente elementos tradicionales\u2026","rel":"","context":"En \u00abENTRETENIMIENTO\u00bb","block_context":{"text":"ENTRETENIMIENTO","link":"https:\/\/lasprimeras.com.do\/index.php\/category\/entretenimiento\/"},"img":{"alt_text":"","src":"https:\/\/i0.wp.com\/lasprimeras.com.do\/wp-content\/uploads\/2024\/01\/WhatsApp-Image-2024-01-26-at-10.18.59-AM-1.webp?resize=350%2C200&ssl=1","width":350,"height":200,"srcset":"https:\/\/i0.wp.com\/lasprimeras.com.do\/wp-content\/uploads\/2024\/01\/WhatsApp-Image-2024-01-26-at-10.18.59-AM-1.webp?resize=350%2C200&ssl=1 1x, https:\/\/i0.wp.com\/lasprimeras.com.do\/wp-content\/uploads\/2024\/01\/WhatsApp-Image-2024-01-26-at-10.18.59-AM-1.webp?resize=525%2C300&ssl=1 1.5x, https:\/\/i0.wp.com\/lasprimeras.com.do\/wp-content\/uploads\/2024\/01\/WhatsApp-Image-2024-01-26-at-10.18.59-AM-1.webp?resize=700%2C400&ssl=1 2x, https:\/\/i0.wp.com\/lasprimeras.com.do\/wp-content\/uploads\/2024\/01\/WhatsApp-Image-2024-01-26-at-10.18.59-AM-1.webp?resize=1050%2C600&ssl=1 3x"},"classes":[]},{"id":107755,"url":"https:\/\/lasprimeras.com.do\/index.php\/2025\/08\/30\/hector-gonz-celebra-20-anos-de-trayectoria-musical-con-un-concierto-inolvidable-en-hard-rock-cafe\/","url_meta":{"origin":94675,"position":3},"title":"H\u00e9ctor Gonz celebra 20 a\u00f1os de trayectoria musical con un concierto inolvidable en Hard Rock Caf\u00e9","author":"Nelson Feliz","date":"30 de agosto de 2025","format":false,"excerpt":"\u00a1Una noche para celebrar juntos el legado musical de un artista dominicano que ha conquistado el mundo! El pr\u00f3ximo 06 de septiembre, el escenario del Hard Rock Caf\u00e9 Santo Domingo se llenar\u00e1 de m\u00fasica, energ\u00eda y emociones para conmemorar los 20 a\u00f1os de carrera art\u00edstica de H\u00e9ctor Gonz, un dominicano\u2026","rel":"","context":"En \u00abENTRETENIMIENTO\u00bb","block_context":{"text":"ENTRETENIMIENTO","link":"https:\/\/lasprimeras.com.do\/index.php\/category\/entretenimiento\/"},"img":{"alt_text":"","src":"https:\/\/i0.wp.com\/lasprimeras.com.do\/wp-content\/uploads\/2025\/08\/Hector-Gonz.jpg?resize=350%2C200&ssl=1","width":350,"height":200,"srcset":"https:\/\/i0.wp.com\/lasprimeras.com.do\/wp-content\/uploads\/2025\/08\/Hector-Gonz.jpg?resize=350%2C200&ssl=1 1x, https:\/\/i0.wp.com\/lasprimeras.com.do\/wp-content\/uploads\/2025\/08\/Hector-Gonz.jpg?resize=525%2C300&ssl=1 1.5x, https:\/\/i0.wp.com\/lasprimeras.com.do\/wp-content\/uploads\/2025\/08\/Hector-Gonz.jpg?resize=700%2C400&ssl=1 2x"},"classes":[]},{"id":82117,"url":"https:\/\/lasprimeras.com.do\/index.php\/2024\/04\/28\/marc-anthony-se-convierte-en-blanco-de-criticas-por-supuesto-desplante-con-su-esposa-nadia-ferreira\/","url_meta":{"origin":94675,"position":4},"title":"Marc Anthony se convierte en blanco de cr\u00edticas por supuesto desplante con su esposa Nadia Ferreira","author":"Nelson Feliz","date":"28 de abril de 2024","format":false,"excerpt":"Marc Anthony se present\u00f3 en la pasada ceremonia de los Latin American Music Awards 2024. Por Miguel \u00c1ngel Escudero La exitosa presentaci\u00f3n de Marc Anthony durante la pasada entrega de los Latin American Music Awards 2024, en donde present\u00f3 su nuevo tema \u201cAl\u00e9, Al\u00e9\u201d, no evit\u00f3 que el cantante se\u2026","rel":"","context":"En \u00abENTRETENIMIENTO\u00bb","block_context":{"text":"ENTRETENIMIENTO","link":"https:\/\/lasprimeras.com.do\/index.php\/category\/entretenimiento\/"},"img":{"alt_text":"Marc Anthony y Nadia Ferreira","src":"https:\/\/i0.wp.com\/lasprimeras.com.do\/wp-content\/uploads\/2024\/04\/Marc-Anthony-y-Nadia-Ferreira-1.jpg?resize=350%2C200&ssl=1","width":350,"height":200,"srcset":"https:\/\/i0.wp.com\/lasprimeras.com.do\/wp-content\/uploads\/2024\/04\/Marc-Anthony-y-Nadia-Ferreira-1.jpg?resize=350%2C200&ssl=1 1x, https:\/\/i0.wp.com\/lasprimeras.com.do\/wp-content\/uploads\/2024\/04\/Marc-Anthony-y-Nadia-Ferreira-1.jpg?resize=525%2C300&ssl=1 1.5x, https:\/\/i0.wp.com\/lasprimeras.com.do\/wp-content\/uploads\/2024\/04\/Marc-Anthony-y-Nadia-Ferreira-1.jpg?resize=700%2C400&ssl=1 2x"},"classes":[]},{"id":55712,"url":"https:\/\/lasprimeras.com.do\/index.php\/2023\/07\/24\/kamilolf-rinde-homenaje-al-mayimbe-anthony-santos-en-usa\/","url_meta":{"origin":94675,"position":5},"title":"Kamilolf rinde homenaje al Mayimbe Anthony Santos en USA","author":"Nelson Feliz","date":"24 de julio de 2023","format":false,"excerpt":"El artista dominicano Kamilolf se encuentra realizando una gira de presentaciones en territorio americano, en un tributo musical al Bachat\u00fa, Anthony Santos. El tributo cuenta con una presentaci\u00f3n exclusiva, pautada para este viernes 28 de julio en la Casa del Mofongo de la 207, junto a varios m\u00fasicos, amigos y\u2026","rel":"","context":"En \u00abENTRETENIMIENTO\u00bb","block_context":{"text":"ENTRETENIMIENTO","link":"https:\/\/lasprimeras.com.do\/index.php\/category\/entretenimiento\/"},"img":{"alt_text":"Kamilolf","src":"https:\/\/i0.wp.com\/lasprimeras.com.do\/wp-content\/uploads\/2023\/07\/Kamilolf.png?resize=350%2C200&ssl=1","width":350,"height":200},"classes":[]}],"jetpack_sharing_enabled":true,"_links":{"self":[{"href":"https:\/\/lasprimeras.com.do\/index.php\/wp-json\/wp\/v2\/posts\/94675","targetHints":{"allow":["GET"]}}],"collection":[{"href":"https:\/\/lasprimeras.com.do\/index.php\/wp-json\/wp\/v2\/posts"}],"about":[{"href":"https:\/\/lasprimeras.com.do\/index.php\/wp-json\/wp\/v2\/types\/post"}],"author":[{"embeddable":true,"href":"https:\/\/lasprimeras.com.do\/index.php\/wp-json\/wp\/v2\/users\/2"}],"replies":[{"embeddable":true,"href":"https:\/\/lasprimeras.com.do\/index.php\/wp-json\/wp\/v2\/comments?post=94675"}],"version-history":[{"count":1,"href":"https:\/\/lasprimeras.com.do\/index.php\/wp-json\/wp\/v2\/posts\/94675\/revisions"}],"predecessor-version":[{"id":94677,"href":"https:\/\/lasprimeras.com.do\/index.php\/wp-json\/wp\/v2\/posts\/94675\/revisions\/94677"}],"wp:featuredmedia":[{"embeddable":true,"href":"https:\/\/lasprimeras.com.do\/index.php\/wp-json\/wp\/v2\/media\/94676"}],"wp:attachment":[{"href":"https:\/\/lasprimeras.com.do\/index.php\/wp-json\/wp\/v2\/media?parent=94675"}],"wp:term":[{"taxonomy":"category","embeddable":true,"href":"https:\/\/lasprimeras.com.do\/index.php\/wp-json\/wp\/v2\/categories?post=94675"},{"taxonomy":"post_tag","embeddable":true,"href":"https:\/\/lasprimeras.com.do\/index.php\/wp-json\/wp\/v2\/tags?post=94675"}],"curies":[{"name":"wp","href":"https:\/\/api.w.org\/{rel}","templated":true}]}}