{"id":94690,"date":"2025-03-04T09:30:10","date_gmt":"2025-03-04T13:30:10","guid":{"rendered":"https:\/\/lasprimeras.com.do\/?p=94690"},"modified":"2025-03-04T09:30:12","modified_gmt":"2025-03-04T13:30:12","slug":"un-problema-tecnico-impide-la-repeticion-de-video-de-un-derribo-fallido-en-la-pelea-davis-roach","status":"publish","type":"post","link":"https:\/\/lasprimeras.com.do\/index.php\/2025\/03\/04\/un-problema-tecnico-impide-la-repeticion-de-video-de-un-derribo-fallido-en-la-pelea-davis-roach\/","title":{"rendered":"Un \u2018problema t\u00e9cnico\u2019 impide la repetici\u00f3n de video de un derribo fallido en la pelea Davis-Roach"},"content":{"rendered":"\n<p>NUEVA YORK (AP) \u2014 La Comisi\u00f3n Atl\u00e9tica del estado de Nueva York inform\u00f3 que un \u201cproblema t\u00e9cnico\u201d impidi\u00f3 a los oficiales ver la repetici\u00f3n de Gervonta Davis arrodill\u00e1ndose en el noveno asalto de su pelea contra Lamont Roach, seg\u00fan reportaron ESPN y otros medios el lunes.<\/p>\n\n\n\n<p>Si los oficiales hubieran visto la ca\u00edda que el \u00e1rbitro Steve Willis no sancion\u00f3, Davis habr\u00eda perdido un punto en ese asalto y el resultado habr\u00eda permitido a Roach ganar la pelea y el t\u00edtulo de peso ligero de Davis. En cambio, la pelea termin\u00f3 en un empate mayoritario.<\/p>\n\n\n\n<p>\u201cDurante el asalto en cuesti\u00f3n, tras la solicitud de la comisi\u00f3n para el video de repetici\u00f3n, hubo un problema t\u00e9cnico que impidi\u00f3 a la comisi\u00f3n recibirlo dentro del tiempo asignado para la revisi\u00f3n. Por lo tanto, se confi\u00f3 en la decisi\u00f3n del \u00e1rbitro en el ring y la pelea continu\u00f3\u201d, indic\u00f3 la comisi\u00f3n en su comunicado.<\/p>\n\n\n\n<p>Roach pareci\u00f3 conectar un jab en el ojo de Davis cuando el campe\u00f3n de repente se dio la vuelta y se arrodill\u00f3 en la lona, antes de levantarse y inclinarse sobre las cuerdas para que su esquina pudiera limpiar el \u00e1rea alrededor de su ojo con una toalla.<\/p>\n\n\n\n<p>Davis, quien explic\u00f3 despu\u00e9s que le entr\u00f3 grasa en el ojo tras hacerse el peinado durante la semana, gan\u00f3 el asalto 10-9 en dos de las tarjetas de los jueces. Roach lo habr\u00eda ganado 10-8 si se le hubiera acreditado la ca\u00edda.<\/p>\n\n\n\n<p>Un juez puntu\u00f3 la pelea 115-113 a favor de Davis y los otros dos la tuvieron 114-114.<\/p>\n\n\n\n<p>Davis y Roach, quien posee un t\u00edtulo de 130 libras, podr\u00edan pelear nuevamente. Davis escribi\u00f3 el lunes en X que estaba \u201cpresionando por la revancha.\u201d<\/p>\n","protected":false},"excerpt":{"rendered":"<p>NUEVA YORK (AP) \u2014 La Comisi\u00f3n Atl\u00e9tica del estado de Nueva York inform\u00f3 que un \u201cproblema t\u00e9cnico\u201d impidi\u00f3 a los oficiales ver la repetici\u00f3n de Gervonta Davis arrodill\u00e1ndose en el&hellip;<\/p>\n","protected":false},"author":2,"featured_media":94691,"comment_status":"open","ping_status":"open","sticky":false,"template":"","format":"standard","meta":{"content-type":"","jetpack_post_was_ever_published":false,"_jetpack_newsletter_access":"","_jetpack_dont_email_post_to_subs":false,"_jetpack_newsletter_tier_id":0,"_jetpack_memberships_contains_paywalled_content":false,"_jetpack_memberships_contains_paid_content":false,"footnotes":""},"categories":[630],"tags":[17828,17829,17827,17826,1857],"class_list":["post-94690","post","type-post","status-publish","format-standard","has-post-thumbnail","hentry","category-deportes","tag-gervonta-davis","tag-lamont-roach","tag-problema-tecnico","tag-repeticion","tag-video"],"jetpack_featured_media_url":"https:\/\/lasprimeras.com.do\/wp-content\/uploads\/2025\/03\/Lamont-Roach-y-Gervonta-Davis.png","jetpack-related-posts":[{"id":91217,"url":"https:\/\/lasprimeras.com.do\/index.php\/2024\/11\/14\/preocupa-la-imagen-de-mike-tyson-de-cara-a-su-pelea-contra-jake-paul\/","url_meta":{"origin":94690,"position":0},"title":"Preocupa la imagen de Mike Tyson de cara a su pelea contra Jake Paul","author":"Nelson Feliz","date":"14 de noviembre de 2024","format":false,"excerpt":"Historia de Carlos Bola\u00f1os A poco de 24 horas para una pelea hist\u00f3rica, Jake Paul y Mike Tyson cumplieron con el pesaje para lo que ser\u00e1 la pugna de ocho asaltos en el AT&T Arena en Texas. Un detalle que muchos se percataron es el nivel f\u00edsico del excampe\u00f3n de\u2026","rel":"","context":"En \u00abSin categor\u00eda\u00bb","block_context":{"text":"Sin categor\u00eda","link":"https:\/\/lasprimeras.com.do\/index.php\/category\/sin-categoria\/"},"img":{"alt_text":"","src":"https:\/\/i0.wp.com\/lasprimeras.com.do\/wp-content\/uploads\/2024\/11\/Mike-Tyson.jpg?resize=350%2C200&ssl=1","width":350,"height":200,"srcset":"https:\/\/i0.wp.com\/lasprimeras.com.do\/wp-content\/uploads\/2024\/11\/Mike-Tyson.jpg?resize=350%2C200&ssl=1 1x, https:\/\/i0.wp.com\/lasprimeras.com.do\/wp-content\/uploads\/2024\/11\/Mike-Tyson.jpg?resize=525%2C300&ssl=1 1.5x"},"classes":[]},{"id":48685,"url":"https:\/\/lasprimeras.com.do\/index.php\/2023\/05\/03\/con-30-puntos-y-23-rebotes-de-anthony-davis-los-lakers-se-llevan-por-delante-a-golden-state\/","url_meta":{"origin":94690,"position":1},"title":"Con 30 puntos y 23 rebotes de Anthony Davis, los Lakers se llevan por delante a Golden State","author":"prenxa100","date":"3 de mayo de 2023","format":false,"excerpt":"Por Andrea Montolivo Un Anthony Davis dominante, con un doble doble de 30 puntos y 23 rebotes, lider\u00f3 este martes el vibrante triunfo por 117-112 de Los \u00c1ngeles Lakers en San Francisco contra los Golden State Warriors para tomar ventaja 1-0 en las semifinales de la Conferencia Oeste de la\u2026","rel":"","context":"En \u00abSin categor\u00eda\u00bb","block_context":{"text":"Sin categor\u00eda","link":"https:\/\/lasprimeras.com.do\/index.php\/category\/sin-categoria\/"},"img":{"alt_text":"","src":"","width":0,"height":0},"classes":[]},{"id":51872,"url":"https:\/\/lasprimeras.com.do\/index.php\/2023\/06\/04\/heroe-latino-premian-a-trabajador-mta-que-rescato-a-pasajero-empujado-a-los-rieles-del-metro-de-nueva-york\/","url_meta":{"origin":94690,"position":2},"title":"H\u00e9roe latino: premian a trabajador MTA que rescat\u00f3 a pasajero empujado a los rieles del Metro de Nueva York","author":"prenxa100","date":"4 de junio de 2023","format":false,"excerpt":"El trabajador de la MTA, \u00c1ngel Oquendo fue honrado como h\u00e9roe por saltar a la acci\u00f3n para salvar a un hombre que fue empujado a las v\u00edas del Metro de Nueva York en Brooklyn segundos antes de que un tren arribara. El incidente ocurri\u00f3 en la parada 25th Street de\u2026","rel":"","context":"En \u00abSin categor\u00eda\u00bb","block_context":{"text":"Sin categor\u00eda","link":"https:\/\/lasprimeras.com.do\/index.php\/category\/sin-categoria\/"},"img":{"alt_text":"","src":"https:\/\/i0.wp.com\/atento.com.do\/wp-content\/uploads\/2023\/06\/Heroe-Latino.jpg?resize=350%2C200&ssl=1","width":350,"height":200,"srcset":"https:\/\/i0.wp.com\/atento.com.do\/wp-content\/uploads\/2023\/06\/Heroe-Latino.jpg?resize=350%2C200&ssl=1 1x, https:\/\/i0.wp.com\/atento.com.do\/wp-content\/uploads\/2023\/06\/Heroe-Latino.jpg?resize=525%2C300&ssl=1 1.5x, https:\/\/i0.wp.com\/atento.com.do\/wp-content\/uploads\/2023\/06\/Heroe-Latino.jpg?resize=700%2C400&ssl=1 2x"},"classes":[]},{"id":60185,"url":"https:\/\/lasprimeras.com.do\/index.php\/2023\/09\/11\/javier-fortuna-vence-por-nocaut-a-olvin-medina-y-anuncia-que-ira-por-tercer-titulo-mundial\/","url_meta":{"origin":94690,"position":3},"title":"Javier Fortuna vence por nocaut a Olvin Medina y anuncia que ir\u00e1 por tercer t\u00edtulo mundial","author":"Nelson Feliz","date":"11 de septiembre de 2023","format":false,"excerpt":"El dominicano Javier \u201cEl Abej\u00f3n\u201d Fortuna, ex doble campe\u00f3n mundial, derrot\u00f3 por nocaut en dos asaltos a su compatriota Olvin Medina en el marco de la cartelera de boxeo internacional celebrada el pasado domingo en el Hotel Dominican Fiesta de Santo Domingo. El triunfo fue el n\u00famero 38, con 27\u2026","rel":"","context":"En \u00abSin categor\u00eda\u00bb","block_context":{"text":"Sin categor\u00eda","link":"https:\/\/lasprimeras.com.do\/index.php\/category\/sin-categoria\/"},"img":{"alt_text":"Javier Fortuna se retira a su esquina despu\u00e9s de dejar tendido en la lona a Olvin Medina en el combate que protagonizaron en el Hotel Dominican Fiesta.","src":"https:\/\/i0.wp.com\/lasprimeras.com.do\/wp-content\/uploads\/2023\/09\/Javier-Fortuna.jpeg?resize=350%2C200&ssl=1","width":350,"height":200,"srcset":"https:\/\/i0.wp.com\/lasprimeras.com.do\/wp-content\/uploads\/2023\/09\/Javier-Fortuna.jpeg?resize=350%2C200&ssl=1 1x, https:\/\/i0.wp.com\/lasprimeras.com.do\/wp-content\/uploads\/2023\/09\/Javier-Fortuna.jpeg?resize=525%2C300&ssl=1 1.5x, https:\/\/i0.wp.com\/lasprimeras.com.do\/wp-content\/uploads\/2023\/09\/Javier-Fortuna.jpeg?resize=700%2C400&ssl=1 2x"},"classes":[]},{"id":116529,"url":"https:\/\/lasprimeras.com.do\/index.php\/2025\/12\/02\/fallecio-nicola-pietrangeli-el-maximo-tenista-italiano-antes-de-jannik-sinner-tenia-92-anos\/","url_meta":{"origin":94690,"position":4},"title":"Falleci\u00f3 Nicola Pietrangeli, el m\u00e1ximo tenista italiano antes de Jannik Sinner. Ten\u00eda 92 a\u00f1os","author":"Nelson Feliz","date":"2 de diciembre de 2025","format":false,"excerpt":"POR ANDREW DAMPF ROMA (AP) \u2014 Nicola Pietrangeli, el campe\u00f3n italiano de tenis de las d\u00e9cadas de 1950 y 1960 cuyos r\u00e9cords fueron recientemente superados por Jannik Sinner, pero que sigue siendo el jugador con m\u00e1s victorias en la Copa Davis de todos los tiempos, ha fallecido. Ten\u00eda 92 a\u00f1os.\u2026","rel":"","context":"En \u00abDEPORTES\u00bb","block_context":{"text":"DEPORTES","link":"https:\/\/lasprimeras.com.do\/index.php\/category\/deportes\/"},"img":{"alt_text":"Nicola Pietrangeli","src":"https:\/\/i0.wp.com\/lasprimeras.com.do\/wp-content\/uploads\/2025\/12\/Nicola-Pietrangeli.jpg?resize=350%2C200&ssl=1","width":350,"height":200,"srcset":"https:\/\/i0.wp.com\/lasprimeras.com.do\/wp-content\/uploads\/2025\/12\/Nicola-Pietrangeli.jpg?resize=350%2C200&ssl=1 1x, https:\/\/i0.wp.com\/lasprimeras.com.do\/wp-content\/uploads\/2025\/12\/Nicola-Pietrangeli.jpg?resize=525%2C300&ssl=1 1.5x, https:\/\/i0.wp.com\/lasprimeras.com.do\/wp-content\/uploads\/2025\/12\/Nicola-Pietrangeli.jpg?resize=700%2C400&ssl=1 2x"},"classes":[]},{"id":99752,"url":"https:\/\/lasprimeras.com.do\/index.php\/2025\/05\/26\/pelea-presidencial-macron-es-abofeteado-en-la-cara-por-su-esposa-ante-las-camaras-video\/","url_meta":{"origin":94690,"position":5},"title":"\u00bfPelea presidencial?: Macron es abofeteado en la cara por su esposa ante las c\u00e1maras (VIDEO)","author":"Nelson Feliz","date":"26 de mayo de 2025","format":false,"excerpt":"El propio mandatario franc\u00e9s neg\u00f3 cualquier disputa dom\u00e9stica en la pareja. \"Mi esposa y yo brome\u00e1bamos, como solemos hacer\", asever\u00f3. El presidente de Francia, Emmanuel Macron, fue aparentemente abofeteado por su esposa, Brigitte Macron, antes de salir del avi\u00f3n presidencial la noche del pasado domingo durante el inicio de su\u2026","rel":"","context":"En \u00abINTERNACIONALES\u00bb","block_context":{"text":"INTERNACIONALES","link":"https:\/\/lasprimeras.com.do\/index.php\/category\/sin-categoria\/internacionales\/"},"img":{"alt_text":"","src":"https:\/\/i0.wp.com\/lasprimeras.com.do\/wp-content\/uploads\/2025\/05\/MACRON.jpg?resize=350%2C200&ssl=1","width":350,"height":200,"srcset":"https:\/\/i0.wp.com\/lasprimeras.com.do\/wp-content\/uploads\/2025\/05\/MACRON.jpg?resize=350%2C200&ssl=1 1x, https:\/\/i0.wp.com\/lasprimeras.com.do\/wp-content\/uploads\/2025\/05\/MACRON.jpg?resize=525%2C300&ssl=1 1.5x, https:\/\/i0.wp.com\/lasprimeras.com.do\/wp-content\/uploads\/2025\/05\/MACRON.jpg?resize=700%2C400&ssl=1 2x"},"classes":[]}],"jetpack_sharing_enabled":true,"_links":{"self":[{"href":"https:\/\/lasprimeras.com.do\/index.php\/wp-json\/wp\/v2\/posts\/94690","targetHints":{"allow":["GET"]}}],"collection":[{"href":"https:\/\/lasprimeras.com.do\/index.php\/wp-json\/wp\/v2\/posts"}],"about":[{"href":"https:\/\/lasprimeras.com.do\/index.php\/wp-json\/wp\/v2\/types\/post"}],"author":[{"embeddable":true,"href":"https:\/\/lasprimeras.com.do\/index.php\/wp-json\/wp\/v2\/users\/2"}],"replies":[{"embeddable":true,"href":"https:\/\/lasprimeras.com.do\/index.php\/wp-json\/wp\/v2\/comments?post=94690"}],"version-history":[{"count":1,"href":"https:\/\/lasprimeras.com.do\/index.php\/wp-json\/wp\/v2\/posts\/94690\/revisions"}],"predecessor-version":[{"id":94692,"href":"https:\/\/lasprimeras.com.do\/index.php\/wp-json\/wp\/v2\/posts\/94690\/revisions\/94692"}],"wp:featuredmedia":[{"embeddable":true,"href":"https:\/\/lasprimeras.com.do\/index.php\/wp-json\/wp\/v2\/media\/94691"}],"wp:attachment":[{"href":"https:\/\/lasprimeras.com.do\/index.php\/wp-json\/wp\/v2\/media?parent=94690"}],"wp:term":[{"taxonomy":"category","embeddable":true,"href":"https:\/\/lasprimeras.com.do\/index.php\/wp-json\/wp\/v2\/categories?post=94690"},{"taxonomy":"post_tag","embeddable":true,"href":"https:\/\/lasprimeras.com.do\/index.php\/wp-json\/wp\/v2\/tags?post=94690"}],"curies":[{"name":"wp","href":"https:\/\/api.w.org\/{rel}","templated":true}]}}