{"id":94714,"date":"2025-03-04T11:36:14","date_gmt":"2025-03-04T15:36:14","guid":{"rendered":"https:\/\/lasprimeras.com.do\/?p=94714"},"modified":"2025-03-04T11:36:15","modified_gmt":"2025-03-04T15:36:15","slug":"fundacion-los-mina-unidos-por-siempre-impulsa-el-baloncesto-en-san-francisco-de-macoris","status":"publish","type":"post","link":"https:\/\/lasprimeras.com.do\/index.php\/2025\/03\/04\/fundacion-los-mina-unidos-por-siempre-impulsa-el-baloncesto-en-san-francisco-de-macoris\/","title":{"rendered":"Fundaci\u00f3n Los Mina Unidos por Siempre impulsa el baloncesto en San Francisco de Macor\u00eds"},"content":{"rendered":"\n<p>La Fundaci\u00f3n Los Mina Unidos por Siempre celebr\u00f3 un exitoso intercambio amistoso con la participaci\u00f3n de 4 clubes de la provincia, en una jornada deportiva realizada en el Club San Mart\u00edn de San Francisco de Macor\u00eds, provincia Duarte.<\/p>\n\n\n\n<p>El torneo cont\u00f3 con la participaci\u00f3n de los equipos Club Gregorio Luper\u00f3n, Escuela David D\u00edaz, Club San Mart\u00edn y Club Santa Ana, los cuales se enfrentaron en partidos amistosos, definidos mediante sorteo previo.<\/p>\n\n\n\n<p>A primera hora jugaron los clubes: Gregorio Luper\u00f3n Vs Escuela David D\u00edaz, y a Segunda hora jugaron el Club San Mart\u00edn vs el Club Santa Ana, en una jornada caracterizada por el esp\u00edritu deportivo y la camarader\u00eda.<\/p>\n\n\n\n<p>Nueve a\u00f1os apoyando a la ni\u00f1ez<\/p>\n\n\n\n<p>Julio D\u2019Oleo, presidente de la Fundaci\u00f3n Los Mina Unidos por Siempre, destac\u00f3 el impacto positivo que ha tenido la organizaci\u00f3n a lo largo de sus nueve a\u00f1os de existencia, beneficiando a decenas de ni\u00f1os de escasos recursos mediante la entrega de \u00fatiles escolares y equipamiento deportivo.<\/p>\n\n\n\n<p>Como parte de esta iniciativa, la fundaci\u00f3n distribuy\u00f3 a cada ni\u00f1o participante uniformes, calzado deportivo, adem\u00e1s de premiar a los jugadores con notas sobresalientes de cada equipo con tabletas electr\u00f3nicas. En esta ocasi\u00f3n, m\u00e1s de 140 ni\u00f1os recibieron herramientas esenciales para su formaci\u00f3n en el baloncesto.<\/p>\n\n\n\n<p>Reconocen labor social y deportiva<\/p>\n\n\n\n<p>Durante el evento, la Fundaci\u00f3n Los Mina Unidos por Siempre fue reconocida por los clubes participantes, en muestra de agradecimiento por su labor en la promoci\u00f3n del deporte infantil y juvenil.<\/p>\n\n\n\n<p>Asimismo, fue homenajeado por la fundaci\u00f3n LMUXS, por su trayectoria en el baloncesto y sus aportes a la formaci\u00f3n de j\u00f3venes en este deporte, el Sr. David D\u00edaz, coordinador del torneo, quien adem\u00e1s es parte de la fundaci\u00f3n; est\u00e9 resalt\u00f3 la importancia de estas iniciativas en el pa\u00eds.<\/p>\n\n\n\n<p>&#8220;Hemos llevado este proyecto a diversas localidades como San Juan de la Maguana y Bayaguana. Este a\u00f1o toc\u00f3 en San Francisco de Macor\u00eds, y seguiremos expandi\u00e9ndonos. En estos nueve a\u00f1os, hemos impactado a m\u00e1s de 3,000 ni\u00f1os en todo el pa\u00eds&#8221;, expres\u00f3 D\u00edaz.<\/p>\n\n\n\n<p>Por su parte, Oscar Garc\u00eda, presidente de la Asociaci\u00f3n de Baloncesto de la provincia Duarte, elogi\u00f3 la iniciativa, destacando su valor para el desarrollo deportivo en la juventud.<\/p>\n\n\n\n<p>&#8220;Felicitamos esta gran labor. Todos debemos sentirnos identificados con este esfuerzo y tomarlo como ejemplo para que m\u00e1s personas se sumen a este camino&#8221;, afirm\u00f3.<\/p>\n\n\n\n<p>Aranaldys Ram\u00edrez, secretaria general de la fundaci\u00f3n, record\u00f3 que el proyecto comenz\u00f3 en Santo Domingo Este, con actividades similares realizadas en diferentes clubes y liceos del Gran Santo Domingo, y que han seguido creciendo e integrando clubes del Gran Santo Domingo a las actividades, as\u00ed como diferente pueblos del interior del pa\u00eds.<\/p>\n\n\n\n<p>En cada jornada, los ni\u00f1os reciben uniformes, tenis, medias, medalla por su participaci\u00f3n en el evento y los clubes balones, mallas entre otros art\u00edculos deportivo, con un enfoque en su formaci\u00f3n integral a trav\u00e9s del deporte.<\/p>\n\n\n\n<p>La jornada concluy\u00f3 con aplausos y mensajes de motivaci\u00f3n para los j\u00f3venes atletas, destacando la importancia de este tipo de eventos como plataforma de crecimiento e inspiraci\u00f3n para las futuras generaciones del baloncesto dominicano.<\/p>\n\n\n\n<p>La junta directiva de la entidad est\u00e1 integrada por Julio D\u2019Oleo, presidente; Leo Canela, vicepresidente; Aranaldys Ram\u00edrez, secretaria general; Sugey Hern\u00e1ndez, tesorera, y los vocales Yudelka Pe\u00f1a, Delvin Roa y Vanesa Pereira.<\/p>\n","protected":false},"excerpt":{"rendered":"<p>La Fundaci\u00f3n Los Mina Unidos por Siempre celebr\u00f3 un exitoso intercambio amistoso con la participaci\u00f3n de 4 clubes de la provincia, en una jornada deportiva realizada en el Club San&hellip;<\/p>\n","protected":false},"author":2,"featured_media":94715,"comment_status":"open","ping_status":"open","sticky":false,"template":"","format":"standard","meta":{"content-type":"","jetpack_post_was_ever_published":false,"_jetpack_newsletter_access":"","_jetpack_dont_email_post_to_subs":false,"_jetpack_newsletter_tier_id":0,"_jetpack_memberships_contains_paywalled_content":false,"_jetpack_memberships_contains_paid_content":false,"footnotes":""},"categories":[630],"tags":[5260,3461,17837,3530],"class_list":["post-94714","post","type-post","status-publish","format-standard","has-post-thumbnail","hentry","category-deportes","tag-baloncesto","tag-fundacion","tag-los-mina-unidos","tag-san-francisco-de-macoris"],"jetpack_featured_media_url":"https:\/\/lasprimeras.com.do\/wp-content\/uploads\/2025\/03\/Fundacion-Los-Mina-Unidos-1.jpg","jetpack-related-posts":[{"id":58338,"url":"https:\/\/lasprimeras.com.do\/index.php\/2023\/08\/22\/concluyen-con-gran-exito-xviii-juegos-deportivos-los-mina-2023\/","url_meta":{"origin":94714,"position":0},"title":"Concluyen con gran \u00e9xito XVIII Juegos Deportivos Los Mina 2023","author":"Nelson Feliz","date":"22 de agosto de 2023","format":false,"excerpt":"Por: Le\u00f3n Felipe Rodriguez Las competencias de los \u00a0XVIII Juegos Deportivos de Los Mina 2023, que fueron dedicados al lanzador dominicano de las Grandes Ligas, Enny Romero y al empresario y gran colaborador del deporte, Luis Alberto Tejeda, ambos oriundo de la barriada, culminaron \u00a0con gran \u00e9xito y honores de\u2026","rel":"","context":"En \u00abSin categor\u00eda\u00bb","block_context":{"text":"Sin categor\u00eda","link":"https:\/\/lasprimeras.com.do\/index.php\/category\/sin-categoria\/"},"img":{"alt_text":"","src":"https:\/\/i0.wp.com\/lasprimeras.com.do\/wp-content\/uploads\/2023\/08\/deporte.jpg?resize=350%2C200&ssl=1","width":350,"height":200,"srcset":"https:\/\/i0.wp.com\/lasprimeras.com.do\/wp-content\/uploads\/2023\/08\/deporte.jpg?resize=350%2C200&ssl=1 1x, https:\/\/i0.wp.com\/lasprimeras.com.do\/wp-content\/uploads\/2023\/08\/deporte.jpg?resize=525%2C300&ssl=1 1.5x, https:\/\/i0.wp.com\/lasprimeras.com.do\/wp-content\/uploads\/2023\/08\/deporte.jpg?resize=700%2C400&ssl=1 2x"},"classes":[]},{"id":82724,"url":"https:\/\/lasprimeras.com.do\/index.php\/2024\/05\/07\/gobierno-ha-entregado-46-polideportivos-nuevos-y-reconstruidos\/","url_meta":{"origin":94714,"position":1},"title":"Gobierno ha entregado 46 polideportivos nuevos y reconstruidos","author":"BIMARY DE JES\u00daS Matos","date":"7 de mayo de 2024","format":false,"excerpt":"Santo Domingo.- El Gobierno del presidente Luis Abinader, a trav\u00e9s del Ministerio de Deportes y Recreaci\u00f3n (Miderec), ha entregado en menos de cuatro a\u00f1os 46 polideportivos, nuevos y reconstruidos, con una inversi\u00f3n de 461 millones, 716 mil 350 pesos. En la actualidad, por instrucciones del presidente Abinader, el Miderec trabaja\u2026","rel":"","context":"En \u00abSin categor\u00eda\u00bb","block_context":{"text":"Sin categor\u00eda","link":"https:\/\/lasprimeras.com.do\/index.php\/category\/sin-categoria\/"},"img":{"alt_text":"","src":"https:\/\/i0.wp.com\/lasprimeras.com.do\/wp-content\/uploads\/2024\/05\/6a0c8a05-4f4b-48f5-a1d9-1ad180753c4a-4.webp?resize=350%2C200&ssl=1","width":350,"height":200,"srcset":"https:\/\/i0.wp.com\/lasprimeras.com.do\/wp-content\/uploads\/2024\/05\/6a0c8a05-4f4b-48f5-a1d9-1ad180753c4a-4.webp?resize=350%2C200&ssl=1 1x, https:\/\/i0.wp.com\/lasprimeras.com.do\/wp-content\/uploads\/2024\/05\/6a0c8a05-4f4b-48f5-a1d9-1ad180753c4a-4.webp?resize=525%2C300&ssl=1 1.5x, https:\/\/i0.wp.com\/lasprimeras.com.do\/wp-content\/uploads\/2024\/05\/6a0c8a05-4f4b-48f5-a1d9-1ad180753c4a-4.webp?resize=700%2C400&ssl=1 2x, https:\/\/i0.wp.com\/lasprimeras.com.do\/wp-content\/uploads\/2024\/05\/6a0c8a05-4f4b-48f5-a1d9-1ad180753c4a-4.webp?resize=1050%2C600&ssl=1 3x"},"classes":[]},{"id":93125,"url":"https:\/\/lasprimeras.com.do\/index.php\/2025\/01\/25\/abinader-inaugura-varias-obras-en-san-francisco-de-macoris\/","url_meta":{"origin":94714,"position":2},"title":"Abinader inaugura varias obras en San Francisco de Macor\u00eds","author":"Nelson Feliz","date":"25 de enero de 2025","format":false,"excerpt":"El presidente Luis Abinader dej\u00f3 inauguradas varias obras el\u00e9ctricas, as\u00ed como la construcci\u00f3n y el reasfaltado de 14 kil\u00f3metros de las calles principales del casco urbano de San Francisco de Macor\u00eds y la rehabilitaci\u00f3n del Club Olimpia. El mandatario sostuvo, adem\u00e1s, un almuerzo con las diferentes comunidades y juntas de\u2026","rel":"","context":"En \u00abECONOM\u00cdA\u00bb","block_context":{"text":"ECONOM\u00cdA","link":"https:\/\/lasprimeras.com.do\/index.php\/category\/economia\/"},"img":{"alt_text":"","src":"https:\/\/i0.wp.com\/lasprimeras.com.do\/wp-content\/uploads\/2025\/01\/Luis-Abinader-8.jpg?resize=350%2C200&ssl=1","width":350,"height":200,"srcset":"https:\/\/i0.wp.com\/lasprimeras.com.do\/wp-content\/uploads\/2025\/01\/Luis-Abinader-8.jpg?resize=350%2C200&ssl=1 1x, https:\/\/i0.wp.com\/lasprimeras.com.do\/wp-content\/uploads\/2025\/01\/Luis-Abinader-8.jpg?resize=525%2C300&ssl=1 1.5x"},"classes":[]},{"id":84824,"url":"https:\/\/lasprimeras.com.do\/index.php\/2024\/06\/16\/gobierno-aporta-rd161-millones-a-diversas-instituciones-de-puerto-plata\/","url_meta":{"origin":94714,"position":3},"title":"Gobierno aporta RD$161 millones a diversas instituciones de Puerto Plata","author":"Nelson Feliz","date":"16 de junio de 2024","format":false,"excerpt":"Presidente Abinader trabaja para continuar aportando al desarrollo integral del pa\u00eds. El ministro administrativo de la presidencia (interino), Igor Rodr\u00edguez Dur\u00e1n, entreg\u00f3 fondos por RD$161, 415,297.88 a distintas instituciones del sector religioso, salud y deportivo para de Puerto Plata. \u201cEstamos entregando estos recursos a instituciones que d\u00eda a d\u00eda realizan\u2026","rel":"","context":"En \u00abECONOM\u00cdA\u00bb","block_context":{"text":"ECONOM\u00cdA","link":"https:\/\/lasprimeras.com.do\/index.php\/category\/economia\/"},"img":{"alt_text":"Igor Rodr\u00edguez Dur\u00e1n","src":"https:\/\/i0.wp.com\/lasprimeras.com.do\/wp-content\/uploads\/2024\/06\/Igor-Rodriguez-Duran-1.jpg?resize=350%2C200&ssl=1","width":350,"height":200,"srcset":"https:\/\/i0.wp.com\/lasprimeras.com.do\/wp-content\/uploads\/2024\/06\/Igor-Rodriguez-Duran-1.jpg?resize=350%2C200&ssl=1 1x, https:\/\/i0.wp.com\/lasprimeras.com.do\/wp-content\/uploads\/2024\/06\/Igor-Rodriguez-Duran-1.jpg?resize=525%2C300&ssl=1 1.5x"},"classes":[]},{"id":108092,"url":"https:\/\/lasprimeras.com.do\/index.php\/2025\/09\/03\/senado-designa-con-el-nombre-de-edison-rodriguez-paulino-el-multiuso-de-villa-la-mata\/","url_meta":{"origin":94714,"position":4},"title":"Senado designa con el nombre de Edison Rodr\u00edguez Paulino el multiuso de Villa La Mata","author":"Nelson Feliz","date":"3 de septiembre de 2025","format":false,"excerpt":"El Senado de la Rep\u00fablica aprob\u00f3 en primera lectura el proyecto de ley que designa con el nombre de Edison Rodr\u00edguez Paulino el multiuso del municipio Villa La Mata, provincia S\u00e1nchez Ram\u00edrez. La pieza presentada por el presidente del Senado, Ricardo de los Santos, fue sancionada a unanimidad por los\u2026","rel":"","context":"En \u00abNACIONALES\u00bb","block_context":{"text":"NACIONALES","link":"https:\/\/lasprimeras.com.do\/index.php\/category\/nacionales\/"},"img":{"alt_text":"","src":"https:\/\/i0.wp.com\/lasprimeras.com.do\/wp-content\/uploads\/2025\/09\/SENA-1.jpg?resize=350%2C200&ssl=1","width":350,"height":200,"srcset":"https:\/\/i0.wp.com\/lasprimeras.com.do\/wp-content\/uploads\/2025\/09\/SENA-1.jpg?resize=350%2C200&ssl=1 1x, https:\/\/i0.wp.com\/lasprimeras.com.do\/wp-content\/uploads\/2025\/09\/SENA-1.jpg?resize=525%2C300&ssl=1 1.5x, https:\/\/i0.wp.com\/lasprimeras.com.do\/wp-content\/uploads\/2025\/09\/SENA-1.jpg?resize=700%2C400&ssl=1 2x"},"classes":[]},{"id":102857,"url":"https:\/\/lasprimeras.com.do\/index.php\/2025\/07\/09\/fundacion-y-club-mauricio-baez-inician-tradicional-campamento-de-verano-2025\/","url_meta":{"origin":94714,"position":5},"title":"Fundaci\u00f3n y Club Mauricio B\u00e1ez inician tradicional Campamento de Verano 2025","author":"Nelson Feliz","date":"9 de julio de 2025","format":false,"excerpt":"Bajo el lema \u201cFormando en Valores\u201d, 930 campistas tendr\u00e1n 3 semanas de diversi\u00f3n y aprendizaje. La fiesta infantil de Villa Juana y sectores aleda\u00f1os inici\u00f3 esta semana con la apertura del Campamento de Verano de la Fundaci\u00f3n y el Club Mauricio B\u00e1ez, en su versi\u00f3n n\u00famero 13, que se estar\u00e1\u2026","rel":"","context":"En \u00abNACIONALES\u00bb","block_context":{"text":"NACIONALES","link":"https:\/\/lasprimeras.com.do\/index.php\/category\/nacionales\/"},"img":{"alt_text":"","src":"https:\/\/i0.wp.com\/lasprimeras.com.do\/wp-content\/uploads\/2025\/07\/Fundacion-y-Club-Mauricio-Baez.jpg?resize=350%2C200&ssl=1","width":350,"height":200,"srcset":"https:\/\/i0.wp.com\/lasprimeras.com.do\/wp-content\/uploads\/2025\/07\/Fundacion-y-Club-Mauricio-Baez.jpg?resize=350%2C200&ssl=1 1x, https:\/\/i0.wp.com\/lasprimeras.com.do\/wp-content\/uploads\/2025\/07\/Fundacion-y-Club-Mauricio-Baez.jpg?resize=525%2C300&ssl=1 1.5x, https:\/\/i0.wp.com\/lasprimeras.com.do\/wp-content\/uploads\/2025\/07\/Fundacion-y-Club-Mauricio-Baez.jpg?resize=700%2C400&ssl=1 2x"},"classes":[]}],"jetpack_sharing_enabled":true,"_links":{"self":[{"href":"https:\/\/lasprimeras.com.do\/index.php\/wp-json\/wp\/v2\/posts\/94714","targetHints":{"allow":["GET"]}}],"collection":[{"href":"https:\/\/lasprimeras.com.do\/index.php\/wp-json\/wp\/v2\/posts"}],"about":[{"href":"https:\/\/lasprimeras.com.do\/index.php\/wp-json\/wp\/v2\/types\/post"}],"author":[{"embeddable":true,"href":"https:\/\/lasprimeras.com.do\/index.php\/wp-json\/wp\/v2\/users\/2"}],"replies":[{"embeddable":true,"href":"https:\/\/lasprimeras.com.do\/index.php\/wp-json\/wp\/v2\/comments?post=94714"}],"version-history":[{"count":1,"href":"https:\/\/lasprimeras.com.do\/index.php\/wp-json\/wp\/v2\/posts\/94714\/revisions"}],"predecessor-version":[{"id":94716,"href":"https:\/\/lasprimeras.com.do\/index.php\/wp-json\/wp\/v2\/posts\/94714\/revisions\/94716"}],"wp:featuredmedia":[{"embeddable":true,"href":"https:\/\/lasprimeras.com.do\/index.php\/wp-json\/wp\/v2\/media\/94715"}],"wp:attachment":[{"href":"https:\/\/lasprimeras.com.do\/index.php\/wp-json\/wp\/v2\/media?parent=94714"}],"wp:term":[{"taxonomy":"category","embeddable":true,"href":"https:\/\/lasprimeras.com.do\/index.php\/wp-json\/wp\/v2\/categories?post=94714"},{"taxonomy":"post_tag","embeddable":true,"href":"https:\/\/lasprimeras.com.do\/index.php\/wp-json\/wp\/v2\/tags?post=94714"}],"curies":[{"name":"wp","href":"https:\/\/api.w.org\/{rel}","templated":true}]}}