{"id":94727,"date":"2025-03-04T12:18:23","date_gmt":"2025-03-04T16:18:23","guid":{"rendered":"https:\/\/lasprimeras.com.do\/?p=94727"},"modified":"2025-03-04T12:18:25","modified_gmt":"2025-03-04T16:18:25","slug":"luis-el-gallo-respalda-discurso-abinader","status":"publish","type":"post","link":"https:\/\/lasprimeras.com.do\/index.php\/2025\/03\/04\/luis-el-gallo-respalda-discurso-abinader\/","title":{"rendered":"Luis \u201cEl Gallo\u201d respalda discurso Abinader"},"content":{"rendered":"\n<p>La Uni\u00f3n Dem\u00f3crata Cristiana _UDC- consider\u00f3 positivo y forjado en el trabajo y el consenso la l\u00ednea de desarrollo presentada por el presidente Luis Abinader, en su mensaje desde la Asamblea General.<\/p>\n\n\n\n<p>Luis Acosta Moreta, Luis \u201cEl Gallo\u201d, presidente de la UDC, manifest\u00f3 que hasta en los m\u00e1s virulentos cr\u00edticos del gobierno tiene que calar lo dicho por Abinader en un mensaje que busca cortar todas la limitaciones del sub-desarrollo.<\/p>\n\n\n\n<p>La oposici\u00f3n tuvo su gran oportunidad. al realizar cambios que se perdieron en el paquete, por lo que ahora, ni tienen un punto de seriedad por lo cual lo mejor que pueden haccr es callarse la boca.<\/p>\n\n\n\n<p>Luis \u201cEl Gallo\u201d dijo que uno de los principales puntos de compromiso con los pobres, fue lograr fijar un salario m\u00ednimo para todos los trabajadores. Fue una negociaci\u00f3n dif\u00edcil entre el gobierno, los empresarios y los sindicalistas.<\/p>\n\n\n\n<p>Asegur\u00f3 si que bien el nuevo salario m\u00ednimo no atajar\u00e1 totalmente a la especulaci\u00f3n y el dolo de los comestibles, si ser\u00e1 un auxilio para todos los dominicanos.<\/p>\n\n\n\n<p>Fue una buena meta el aumento de un 20 por ciento, lo negativo es que en el acto habr\u00e1 un reajuste del 12 por ciento y se dejar\u00e1 un ocho por ciento para el a\u00f1o venidero.<\/p>\n\n\n\n<p>En lo referente a la escuela, el gobierno ha invertido millones de pesos en la construcci\u00f3n y reconstrucci\u00f3n de aulas en todo el pa\u00eds. Ahora, hay que poner normas en el material humano, en los maestros, que vayan con ganas de hacer carrera en la docencia, y tengan vocaci\u00f3n de servicio.<\/p>\n\n\n\n<p>Los programas oficiales desarrollados por el Ministerio de Educaci\u00f3n son obstaculizados por la Asociaci\u00f3n Dominicana de Profesores, con la realizaci\u00f3n de paros impopulares en distintas regiones del pa\u00eds.<\/p>\n\n\n\n<p>Lo maestros ganan hoy un salario envidiable, por lo que no tienen raz\u00f3n cuando constantemente hacen paros, que perjudican a los j\u00f3venes estudiantes.<\/p>\n\n\n\n<p>En el tema la inseguridad nacional present\u00f3 el cuadro de ayuda econ\u00f3mica y t\u00e9cnica que reciben las autoridades, por lo que los hechos de violencia bajan paulatinamente.<\/p>\n\n\n\n<p>En la ayuda econ\u00f3mica y social el gobierno invierte millones de pesos destinado a mejorar la vida de los pobres, por lo que este sector deber\u00e1 trabajar con la mayor tranquilidad y transparencia.<\/p>\n\n\n\n<p>Donde el presidente Abinader se\u00f1al\u00f3 que no hay que preocuparse, dijo Luis \u201cEl Gallo\u201d, es en la seguridad nacional para evitar por todos los medios que pueda avanzar el crimen y la violencia.<\/p>\n","protected":false},"excerpt":{"rendered":"<p>La Uni\u00f3n Dem\u00f3crata Cristiana _UDC- consider\u00f3 positivo y forjado en el trabajo y el consenso la l\u00ednea de desarrollo presentada por el presidente Luis Abinader, en su mensaje desde la&hellip;<\/p>\n","protected":false},"author":2,"featured_media":94728,"comment_status":"open","ping_status":"open","sticky":false,"template":"","format":"standard","meta":{"content-type":"","jetpack_post_was_ever_published":false,"_jetpack_newsletter_access":"","_jetpack_dont_email_post_to_subs":false,"_jetpack_newsletter_tier_id":0,"_jetpack_memberships_contains_paywalled_content":false,"_jetpack_memberships_contains_paid_content":false,"footnotes":""},"categories":[16559],"tags":[190,67,561],"class_list":["post-94727","post","type-post","status-publish","format-standard","has-post-thumbnail","hentry","category-politica","tag-discurso","tag-luis-abinader","tag-luis-acosta-moreta"],"jetpack_featured_media_url":"https:\/\/lasprimeras.com.do\/wp-content\/uploads\/2025\/03\/Luis-Acosta-Moreta.jpg","jetpack-related-posts":[{"id":120393,"url":"https:\/\/lasprimeras.com.do\/index.php\/2026\/01\/23\/luis-el-gallo-destaca-presidente-abinader-trabaja-para-acabar-con-la-miseria-y-la-corrupcion\/","url_meta":{"origin":94727,"position":0},"title":"Luis \u201cEl Gallo\u201d destaca presidente Abinader trabaja para acabar con la miseria y la corrupci\u00f3n","author":"Nelson Feliz","date":"23 de enero de 2026","format":false,"excerpt":"El l\u00edder de la Uni\u00f3n Dem\u00f3crata Cristiana \u2013UDC-, Luis Acosta Moreta, Luis \u201cEl Gallo\u201d, consider\u00f3 hoy que el presidente Luis Abinader est\u00e1 trabajando a tiempo completo para acabar con la marginalidad social, y mejorar los niveles de vida de la poblaci\u00f3n. Asimismo, se\u00f1al\u00f3 que el mandatario ha dicho en varias\u2026","rel":"","context":"En \u00abPOLITICA\u00bb","block_context":{"text":"POLITICA","link":"https:\/\/lasprimeras.com.do\/index.php\/category\/politica\/"},"img":{"alt_text":"Luis Acosta Moreta","src":"https:\/\/i0.wp.com\/lasprimeras.com.do\/wp-content\/uploads\/2025\/06\/Luis-Acosta-Moreta-1.jpg?resize=350%2C200&ssl=1","width":350,"height":200,"srcset":"https:\/\/i0.wp.com\/lasprimeras.com.do\/wp-content\/uploads\/2025\/06\/Luis-Acosta-Moreta-1.jpg?resize=350%2C200&ssl=1 1x, https:\/\/i0.wp.com\/lasprimeras.com.do\/wp-content\/uploads\/2025\/06\/Luis-Acosta-Moreta-1.jpg?resize=525%2C300&ssl=1 1.5x, https:\/\/i0.wp.com\/lasprimeras.com.do\/wp-content\/uploads\/2025\/06\/Luis-Acosta-Moreta-1.jpg?resize=700%2C400&ssl=1 2x"},"classes":[]},{"id":126950,"url":"https:\/\/lasprimeras.com.do\/index.php\/2026\/04\/07\/luis-el-gallo-respalda-propuesta-presidente-abinader-de-un-gran-acuerdo-nacional\/","url_meta":{"origin":94727,"position":1},"title":"Luis \u201cEl Gallo\u201d respalda propuesta presidente Abinader de un gran acuerdo nacional","author":"Nelson Feliz","date":"7 de abril de 2026","format":false,"excerpt":"El l\u00edder de la Uni\u00f3n Dem\u00f3crata Cristiana \u2013UDC-, Luis Acosta Moreta, Luis \u201cEl Gallo\u201d, apoy\u00f3 hoy la propuesta del presidente Luis Abinader de propiciar un gran acuerdo nacional para prevenir una crisis econ\u00f3mica, impulsada por problemas internacionales. Felicit\u00f3 y se adhiri\u00f3 a la propuesta del presidente Abinader, e hizo un\u2026","rel":"","context":"En \u00abPOLITICA\u00bb","block_context":{"text":"POLITICA","link":"https:\/\/lasprimeras.com.do\/index.php\/category\/politica\/"},"img":{"alt_text":"Luis Acosta Moreta","src":"https:\/\/i0.wp.com\/lasprimeras.com.do\/wp-content\/uploads\/2025\/07\/Luis-Acosta-Moreta.png?resize=350%2C200&ssl=1","width":350,"height":200},"classes":[]},{"id":116103,"url":"https:\/\/lasprimeras.com.do\/index.php\/2025\/11\/27\/luis-el-gallo-demanda-en-navidad-fin-de-la-usura-en-los-precios-de-los-comestibles\/","url_meta":{"origin":94727,"position":2},"title":"Luis \u201cEl Gallo\u201d demanda en navidad fin de la usura en los precios de los comestibles","author":"Nelson Feliz","date":"27 de noviembre de 2025","format":false,"excerpt":"El presidente de la Uni\u00f3n Dem\u00f3crata Cristiana \u2013UDC-, Luis Acosta Moreta, Luis \u201cEl Gallo\u201d pidi\u00f3 hoy que se establezca una estricta vigilancia en esta etapa final del a\u00f1o, para evitar que se aumenten los precios de los productos de primera necesidad. Indic\u00f3 que a diario los agiotistas reajustan los precios\u2026","rel":"","context":"En \u00abPOLITICA\u00bb","block_context":{"text":"POLITICA","link":"https:\/\/lasprimeras.com.do\/index.php\/category\/politica\/"},"img":{"alt_text":"Luis Acosta Moreta","src":"https:\/\/i0.wp.com\/lasprimeras.com.do\/wp-content\/uploads\/2024\/02\/Luis-Acosta-Moreta-2.jpg?resize=350%2C200&ssl=1","width":350,"height":200,"srcset":"https:\/\/i0.wp.com\/lasprimeras.com.do\/wp-content\/uploads\/2024\/02\/Luis-Acosta-Moreta-2.jpg?resize=350%2C200&ssl=1 1x, https:\/\/i0.wp.com\/lasprimeras.com.do\/wp-content\/uploads\/2024\/02\/Luis-Acosta-Moreta-2.jpg?resize=525%2C300&ssl=1 1.5x, https:\/\/i0.wp.com\/lasprimeras.com.do\/wp-content\/uploads\/2024\/02\/Luis-Acosta-Moreta-2.jpg?resize=700%2C400&ssl=1 2x"},"classes":[]},{"id":128108,"url":"https:\/\/lasprimeras.com.do\/index.php\/2026\/04\/19\/luis-el-gallo-pide-unidad-para-controlar-precios-de-alimentos\/","url_meta":{"origin":94727,"position":3},"title":"Luis \u201cEl Gallo\u201d pide unidad para controlar precios de alimentos","author":"Nelson Feliz","date":"19 de abril de 2026","format":false,"excerpt":"El presidente de la Uni\u00f3n Dem\u00f3crata Cristiana -UDC-, Luis Acosta Moreta, Luis \u201cEl Gallo\u201d, pidi\u00f3 hoy al sector empresarial que una sus esfuerzos con el gobierno, para establecer precios asequibles a los comestibles de la canasta familiar. A\u00f1adi\u00f3 que los precios de los art\u00edculos se mantienen por las nubes, alejando\u2026","rel":"","context":"En \u00abPOLITICA\u00bb","block_context":{"text":"POLITICA","link":"https:\/\/lasprimeras.com.do\/index.php\/category\/politica\/"},"img":{"alt_text":"Luis Acosta Moreta","src":"https:\/\/i0.wp.com\/lasprimeras.com.do\/wp-content\/uploads\/2026\/04\/Luis-Acosta-Moreta.jpg?resize=350%2C200&ssl=1","width":350,"height":200,"srcset":"https:\/\/i0.wp.com\/lasprimeras.com.do\/wp-content\/uploads\/2026\/04\/Luis-Acosta-Moreta.jpg?resize=350%2C200&ssl=1 1x, https:\/\/i0.wp.com\/lasprimeras.com.do\/wp-content\/uploads\/2026\/04\/Luis-Acosta-Moreta.jpg?resize=525%2C300&ssl=1 1.5x, https:\/\/i0.wp.com\/lasprimeras.com.do\/wp-content\/uploads\/2026\/04\/Luis-Acosta-Moreta.jpg?resize=700%2C400&ssl=1 2x"},"classes":[]},{"id":105188,"url":"https:\/\/lasprimeras.com.do\/index.php\/2025\/07\/31\/luis-el-gallo-pide-puno-de-hierro-contra-agiotistas-y-especuladores\/","url_meta":{"origin":94727,"position":4},"title":"Luis \u201cEl Gallo\u201d pide pu\u00f1o de hierro contra agiotistas y especuladores","author":"Nelson Feliz","date":"31 de julio de 2025","format":false,"excerpt":"El presidente de la Uni\u00f3n Dem\u00f3crata Cristiana \u2013UDC, Luis Acosta Moreta, Luis \u201cEl Gallo\u201d, abog\u00f3 hoy por una pol\u00edtica de pu\u00f1o de hierro contra los especuladores de productos de la canasta b\u00e1sica. Se\u00f1al\u00f3 que al pueblo no se le puede dejar morir de hambre, debido a que comerciantes aumentan los\u2026","rel":"","context":"En \u00abPOLITICA\u00bb","block_context":{"text":"POLITICA","link":"https:\/\/lasprimeras.com.do\/index.php\/category\/politica\/"},"img":{"alt_text":"Luis Acosta Moreta","src":"https:\/\/i0.wp.com\/lasprimeras.com.do\/wp-content\/uploads\/2025\/07\/Luis-Acosta-Moreta.png?resize=350%2C200&ssl=1","width":350,"height":200},"classes":[]},{"id":105583,"url":"https:\/\/lasprimeras.com.do\/index.php\/2025\/08\/05\/luis-el-gallo-pide-a-oposicion-guarde-criticas-incendiarias-al-gobierno\/","url_meta":{"origin":94727,"position":5},"title":"Luis \u201cEl Gallo\u201d pide a oposici\u00f3n guarde cr\u00edticas incendiarias al gobierno","author":"Nelson Feliz","date":"5 de agosto de 2025","format":false,"excerpt":"El presidente de la Uni\u00f3n Dem\u00f3crata Cristiana UDC, Luis Acosta Moreta, Luis \u201cEl Gallo\u201d, pidi\u00f3 hoy a los sectores de oposici\u00f3n que favorezcan una l\u00ednea de unidad nacional y dejen de estar pensando en la tea incendiaria, en sus cr\u00edticas al gobierno. Tambi\u00e9n hizo un llamado a las tendencias dentro\u2026","rel":"","context":"En \u00abPOLITICA\u00bb","block_context":{"text":"POLITICA","link":"https:\/\/lasprimeras.com.do\/index.php\/category\/politica\/"},"img":{"alt_text":"Luis Acosta Moreta","src":"https:\/\/i0.wp.com\/lasprimeras.com.do\/wp-content\/uploads\/2025\/05\/WhatsApp-Image-2025-05-21-at-7.04.41-AM.jpeg?resize=350%2C200&ssl=1","width":350,"height":200,"srcset":"https:\/\/i0.wp.com\/lasprimeras.com.do\/wp-content\/uploads\/2025\/05\/WhatsApp-Image-2025-05-21-at-7.04.41-AM.jpeg?resize=350%2C200&ssl=1 1x, https:\/\/i0.wp.com\/lasprimeras.com.do\/wp-content\/uploads\/2025\/05\/WhatsApp-Image-2025-05-21-at-7.04.41-AM.jpeg?resize=525%2C300&ssl=1 1.5x, https:\/\/i0.wp.com\/lasprimeras.com.do\/wp-content\/uploads\/2025\/05\/WhatsApp-Image-2025-05-21-at-7.04.41-AM.jpeg?resize=700%2C400&ssl=1 2x"},"classes":[]}],"jetpack_sharing_enabled":true,"_links":{"self":[{"href":"https:\/\/lasprimeras.com.do\/index.php\/wp-json\/wp\/v2\/posts\/94727","targetHints":{"allow":["GET"]}}],"collection":[{"href":"https:\/\/lasprimeras.com.do\/index.php\/wp-json\/wp\/v2\/posts"}],"about":[{"href":"https:\/\/lasprimeras.com.do\/index.php\/wp-json\/wp\/v2\/types\/post"}],"author":[{"embeddable":true,"href":"https:\/\/lasprimeras.com.do\/index.php\/wp-json\/wp\/v2\/users\/2"}],"replies":[{"embeddable":true,"href":"https:\/\/lasprimeras.com.do\/index.php\/wp-json\/wp\/v2\/comments?post=94727"}],"version-history":[{"count":1,"href":"https:\/\/lasprimeras.com.do\/index.php\/wp-json\/wp\/v2\/posts\/94727\/revisions"}],"predecessor-version":[{"id":94729,"href":"https:\/\/lasprimeras.com.do\/index.php\/wp-json\/wp\/v2\/posts\/94727\/revisions\/94729"}],"wp:featuredmedia":[{"embeddable":true,"href":"https:\/\/lasprimeras.com.do\/index.php\/wp-json\/wp\/v2\/media\/94728"}],"wp:attachment":[{"href":"https:\/\/lasprimeras.com.do\/index.php\/wp-json\/wp\/v2\/media?parent=94727"}],"wp:term":[{"taxonomy":"category","embeddable":true,"href":"https:\/\/lasprimeras.com.do\/index.php\/wp-json\/wp\/v2\/categories?post=94727"},{"taxonomy":"post_tag","embeddable":true,"href":"https:\/\/lasprimeras.com.do\/index.php\/wp-json\/wp\/v2\/tags?post=94727"}],"curies":[{"name":"wp","href":"https:\/\/api.w.org\/{rel}","templated":true}]}}