{"id":94752,"date":"2025-03-05T07:42:59","date_gmt":"2025-03-05T11:42:59","guid":{"rendered":"https:\/\/lasprimeras.com.do\/?p=94752"},"modified":"2025-03-05T07:43:00","modified_gmt":"2025-03-05T11:43:00","slug":"pete-rose-vaticino-que-ingresaria-al-salon-de-la-fama-de-forma-postuma","status":"publish","type":"post","link":"https:\/\/lasprimeras.com.do\/index.php\/2025\/03\/05\/pete-rose-vaticino-que-ingresaria-al-salon-de-la-fama-de-forma-postuma\/","title":{"rendered":"Pete Rose vaticin\u00f3 que ingresar\u00eda al Sal\u00f3n de la Fama de forma p\u00f3stuma"},"content":{"rendered":"\n<p><strong>En una entrevista con John Condit, el expelotero cuestion\u00f3 el sentido de entrar en Cooperstown p\u00f3stumamente sus primeros 43 d\u00edas en el gobierno.<\/strong><\/p>\n\n\n\n<p>Por Joiner Mart\u00ednez<\/p>\n\n\n\n<p>El 30 de septiembre de 2024 en la que se cree que fue su \u00faltima entrevista antes de morir a los 83 a\u00f1os, Pete Rose, dijo: \u201centrar\u00e9 al Sal\u00f3n de la Fama despu\u00e9s de morir\u201d.<\/p>\n\n\n\n<p>Rose cuestion\u00f3 el sentido de entrar en Cooperstown p\u00f3stumamente en una entrevista en video con el locutor deportivo de Dayton, Ohio, John Condit, el 20 de septiembre para un documental no revelado, seg\u00fan revel\u00f3 el NY Post.<\/p>\n\n\n\n<p>\u201cHe llegado a la conclusi\u00f3n, espero estar equivocado, de que entrar\u00e9 al Sal\u00f3n de la Fama despu\u00e9s de morir\u201d, dijo Rose en la entrevista, que tuvo lugar 10 d\u00edas antes de su muerte.<\/p>\n\n\n\n<p>Y aclar\u00f3: \u201cCon lo que estoy totalmente en desacuerdo, porque el Sal\u00f3n de la Fama es por dos razones: tus fan\u00e1ticos y tu familia. Para eso est\u00e1 el Sal\u00f3n de la Fama. Tus fan\u00e1ticos y tu familia. Y es para tu familia si est\u00e1s aqu\u00ed. Es para tus fan\u00e1ticos si est\u00e1s aqu\u00ed. No si est\u00e1s a 10 pies bajo tierra. \u00bfEntiendes lo que digo?.<\/p>\n\n\n\n<p>Rose fue colocado en la lista permanente de inelegibles del beisbol por el entonces comisionado A. Bartlett Giamatti en 1989 por apostar en el beisbol. El comisionado Rob Manfred rechaz\u00f3 en 2015 la propuesta de Rose para su reincorporaci\u00f3n.<\/p>\n\n\n\n<p>MLB revisar\u00e1 ingreso al Sal\u00f3n de la Fama de Pete Rose<\/p>\n\n\n\n<p>El comisionado de MLB Rob Manfred est\u00e1 revisando una petici\u00f3n de la familia para eliminar p\u00f3stumamente al l\u00edder de hits de la MLB de la lista de inelegibles despu\u00e9s de reunirse con Fawn Rose, la hija mayor de Pete Rose, y el abogado de Los \u00c1ngeles Jeffrey Lenkov, quien represent\u00f3 a Rose antes de su muerte.<\/p>\n\n\n\n<p>En 2020, ESPN inform\u00f3 que, a todos los efectos pr\u00e1cticos, Manfred ve\u00eda la lista de jugadores prohibidos del beisbol como un castigo a los jugadores durante su vida pero que terminaba con su muerte.<\/p>\n\n\n\n<p>Rose, quien pas\u00f3 la mayor parte de sus 24 a\u00f1os de carrera con los Cincinnati Reds, gan\u00f3 la Serie Mundial tres veces y sigue siendo el l\u00edder de hits de las Grandes Ligas, juegos jugados, turnos al bat, sencillos y outs. Su nombre nunca ha aparecido en una boleta del Sal\u00f3n de la Fama.<\/p>\n\n\n\n<p>\u201cEl Sal\u00f3n de la Fama es por lo que hiciste en el terreno, no por lo que hiciste fuera de \u00e9l\u201d, dijo Rose en la entrevista con Condit. \u201cYa sabes, en los a\u00f1os 20 y 30, hab\u00eda algunos personajes que jugaban al beisbol. Ty Cobb era un personaje, se sal\u00eda con la suya en muchas cosas. Babe Ruth beb\u00eda mucho. Pero a la gente no le importaba mientras jugaras\u201d.<\/p>\n","protected":false},"excerpt":{"rendered":"<p>En una entrevista con John Condit, el expelotero cuestion\u00f3 el sentido de entrar en Cooperstown p\u00f3stumamente sus primeros 43 d\u00edas en el gobierno. Por Joiner Mart\u00ednez El 30 de septiembre&hellip;<\/p>\n","protected":false},"author":2,"featured_media":94753,"comment_status":"open","ping_status":"open","sticky":false,"template":"","format":"standard","meta":{"content-type":"","jetpack_post_was_ever_published":false,"_jetpack_newsletter_access":"","_jetpack_dont_email_post_to_subs":false,"_jetpack_newsletter_tier_id":0,"_jetpack_memberships_contains_paywalled_content":false,"_jetpack_memberships_contains_paid_content":false,"footnotes":""},"categories":[630],"tags":[17849,3111,8274],"class_list":["post-94752","post","type-post","status-publish","format-standard","has-post-thumbnail","hentry","category-deportes","tag-pete-rose","tag-postuma","tag-salon-de-la-fama"],"jetpack_featured_media_url":"https:\/\/lasprimeras.com.do\/wp-content\/uploads\/2025\/03\/Pete-Rose.png","jetpack-related-posts":[{"id":74490,"url":"https:\/\/lasprimeras.com.do\/index.php\/2024\/01\/23\/adrian-beltre-es-elegido-al-salon-de-la-fama-del-cooperstown\/","url_meta":{"origin":94752,"position":0},"title":"Adri\u00e1n Beltr\u00e9 es elegido al Sal\u00f3n de la Fama del Cooperstown","author":"BIMARY DE JES\u00daS Matos","date":"23 de enero de 2024","format":false,"excerpt":"Santo Domingo.-El dominicano Adri\u00e1n Beltr\u00e9 fue electo este martes al Sal\u00f3n de la Fama de Cooperstown, considerado como el templo de los inmortales en el mundo del b\u00e9isbol. Beltr\u00e9 ser\u00e1 exaltado en la ceremonia del Sal\u00f3n de la Fama del 2024, que est\u00e1 programada para celebrarse el domingo 21 de\u2026","rel":"","context":"En \u00abSin categor\u00eda\u00bb","block_context":{"text":"Sin categor\u00eda","link":"https:\/\/lasprimeras.com.do\/index.php\/category\/sin-categoria\/"},"img":{"alt_text":"","src":"https:\/\/i0.wp.com\/lasprimeras.com.do\/wp-content\/uploads\/2024\/01\/WhatsApp-Image-2024-01-22-at-9.27.36-AM-2.webp?resize=350%2C200&ssl=1","width":350,"height":200,"srcset":"https:\/\/i0.wp.com\/lasprimeras.com.do\/wp-content\/uploads\/2024\/01\/WhatsApp-Image-2024-01-22-at-9.27.36-AM-2.webp?resize=350%2C200&ssl=1 1x, https:\/\/i0.wp.com\/lasprimeras.com.do\/wp-content\/uploads\/2024\/01\/WhatsApp-Image-2024-01-22-at-9.27.36-AM-2.webp?resize=525%2C300&ssl=1 1.5x"},"classes":[]},{"id":74144,"url":"https:\/\/lasprimeras.com.do\/index.php\/2024\/01\/19\/adrian-beltre-en-camino-a-ser-tercera-base-del-salon-de-la-fama\/","url_meta":{"origin":94752,"position":1},"title":"Adri\u00e1n Beltr\u00e9 en camino a ser tercera base del Sal\u00f3n de la Fama","author":"BIMARY DE JES\u00daS Matos","date":"19 de enero de 2024","format":false,"excerpt":"Santo Domingo.-Cuando los Rangers de Texas retiraron la camiseta n\u00famero 29 de Adri\u00e1n Beltr\u00e9 la temporada despu\u00e9s de que el antesalista jug\u00f3 su \u00faltimo partido, la celebraci\u00f3n incluy\u00f3 mensajes de George Brett, Mike Schmidt y Chipper Jones. Todos esos tercera base del Sal\u00f3n de la Fama le dijeron a Beltr\u00e9\u2026","rel":"","context":"En \u00abSin categor\u00eda\u00bb","block_context":{"text":"Sin categor\u00eda","link":"https:\/\/lasprimeras.com.do\/index.php\/category\/sin-categoria\/"},"img":{"alt_text":"","src":"https:\/\/i0.wp.com\/lasprimeras.com.do\/wp-content\/uploads\/2024\/01\/Demostenes-Martinez-Al-PRM-le-queda-poco-tiempo-en-el-poder-6-1.webp?resize=350%2C200&ssl=1","width":350,"height":200,"srcset":"https:\/\/i0.wp.com\/lasprimeras.com.do\/wp-content\/uploads\/2024\/01\/Demostenes-Martinez-Al-PRM-le-queda-poco-tiempo-en-el-poder-6-1.webp?resize=350%2C200&ssl=1 1x, https:\/\/i0.wp.com\/lasprimeras.com.do\/wp-content\/uploads\/2024\/01\/Demostenes-Martinez-Al-PRM-le-queda-poco-tiempo-en-el-poder-6-1.webp?resize=525%2C300&ssl=1 1.5x"},"classes":[]},{"id":121265,"url":"https:\/\/lasprimeras.com.do\/index.php\/2026\/02\/02\/jce-entrega-nueva-cedula-a-personas-con-discapacidad-y-miembros-del-salon-de-la-fama\/","url_meta":{"origin":94752,"position":2},"title":"JCE entrega nueva c\u00e9dula a personas con discapacidad y miembros del Sal\u00f3n de la Fama","author":"Nelson Feliz","date":"2 de febrero de 2026","format":false,"excerpt":"Hirayda Marcelle Fern\u00e1ndez Guzm\u00e1n, David Ortiz, Juan Marichal, el presidente de la JCE, Rom\u00e1n Andr\u00e9s J\u00e1quez Liranzo; Pedro Mart\u00ednez y Dolores Altagracia Fern\u00e1ndez S\u00e1nchez. (FUENTE EXTERNA)","rel":"","context":"En \u00abNACIONALES\u00bb","block_context":{"text":"NACIONALES","link":"https:\/\/lasprimeras.com.do\/index.php\/category\/nacionales\/"},"img":{"alt_text":"Hirayda Marcelle Fern\u00e1ndez Guzm\u00e1n, David Ortiz, Juan Marichal, el presidente de la JCE, Rom\u00e1n Andr\u00e9s J\u00e1quez Liranzo; Pedro Mart\u00ednez y Dolores Altagracia Fern\u00e1ndez S\u00e1nchez. (FUENTE EXTERNA)","src":"https:\/\/i0.wp.com\/lasprimeras.com.do\/wp-content\/uploads\/2026\/02\/FAMA.jpg?resize=350%2C200&ssl=1","width":350,"height":200,"srcset":"https:\/\/i0.wp.com\/lasprimeras.com.do\/wp-content\/uploads\/2026\/02\/FAMA.jpg?resize=350%2C200&ssl=1 1x, https:\/\/i0.wp.com\/lasprimeras.com.do\/wp-content\/uploads\/2026\/02\/FAMA.jpg?resize=525%2C300&ssl=1 1.5x, https:\/\/i0.wp.com\/lasprimeras.com.do\/wp-content\/uploads\/2026\/02\/FAMA.jpg?resize=700%2C400&ssl=1 2x"},"classes":[]},{"id":74525,"url":"https:\/\/lasprimeras.com.do\/index.php\/2024\/01\/24\/presidente-abinader-felicita-a-adrian-beltre-por-ingreso-a-cooperstown\/","url_meta":{"origin":94752,"position":3},"title":"Presidente Abinader felicita a Adri\u00e1n Beltr\u00e9 por ingreso a Cooperstown","author":"BIMARY DE JES\u00daS Matos","date":"24 de enero de 2024","format":false,"excerpt":"SANTO DOMINGO.- El mandatario de la naci\u00f3n, Luis Abinader, extern\u00f3 sus felicitaciones este martes al expelotero dominicano Adri\u00e1n Beltr\u00e9 por convertirse en el quinto pelotero del pa\u00eds en ser electo al Sal\u00f3n de la Fama de Cooperstown. En su cuenta de X, anteriormente Twitter, el gobernante public\u00f3 el mensaje siguiente:\u2026","rel":"","context":"En \u00abSin categor\u00eda\u00bb","block_context":{"text":"Sin categor\u00eda","link":"https:\/\/lasprimeras.com.do\/index.php\/category\/sin-categoria\/"},"img":{"alt_text":"","src":"https:\/\/i0.wp.com\/lasprimeras.com.do\/wp-content\/uploads\/2024\/01\/WhatsApp-Image-2024-01-22-at-9.27.36-AM-2-1.jpg?resize=350%2C200&ssl=1","width":350,"height":200,"srcset":"https:\/\/i0.wp.com\/lasprimeras.com.do\/wp-content\/uploads\/2024\/01\/WhatsApp-Image-2024-01-22-at-9.27.36-AM-2-1.jpg?resize=350%2C200&ssl=1 1x, https:\/\/i0.wp.com\/lasprimeras.com.do\/wp-content\/uploads\/2024\/01\/WhatsApp-Image-2024-01-22-at-9.27.36-AM-2-1.jpg?resize=525%2C300&ssl=1 1.5x"},"classes":[]},{"id":120114,"url":"https:\/\/lasprimeras.com.do\/index.php\/2026\/01\/20\/carlos-beltran-y-andruw-jones-son-elegidos-al-salon-de-la-fama-tras-esperar-a-cuentagotas\/","url_meta":{"origin":94752,"position":4},"title":"Carlos Beltr\u00e1n y Andruw Jones son elegidos al Sal\u00f3n de la Fama tras esperar a cuentagotas","author":"Nelson Feliz","date":"20 de enero de 2026","format":false,"excerpt":"Carlos Beltr\u00e1n","rel":"","context":"En \u00abDEPORTES\u00bb","block_context":{"text":"DEPORTES","link":"https:\/\/lasprimeras.com.do\/index.php\/category\/deportes\/"},"img":{"alt_text":"Carlos Beltr\u00e1n","src":"https:\/\/i0.wp.com\/lasprimeras.com.do\/wp-content\/uploads\/2026\/01\/Carlos-Beltran.jpg?resize=350%2C200&ssl=1","width":350,"height":200,"srcset":"https:\/\/i0.wp.com\/lasprimeras.com.do\/wp-content\/uploads\/2026\/01\/Carlos-Beltran.jpg?resize=350%2C200&ssl=1 1x, https:\/\/i0.wp.com\/lasprimeras.com.do\/wp-content\/uploads\/2026\/01\/Carlos-Beltran.jpg?resize=525%2C300&ssl=1 1.5x, https:\/\/i0.wp.com\/lasprimeras.com.do\/wp-content\/uploads\/2026\/01\/Carlos-Beltran.jpg?resize=700%2C400&ssl=1 2x, https:\/\/i0.wp.com\/lasprimeras.com.do\/wp-content\/uploads\/2026\/01\/Carlos-Beltran.jpg?resize=1050%2C600&ssl=1 3x, https:\/\/i0.wp.com\/lasprimeras.com.do\/wp-content\/uploads\/2026\/01\/Carlos-Beltran.jpg?resize=1400%2C800&ssl=1 4x"},"classes":[]},{"id":83931,"url":"https:\/\/lasprimeras.com.do\/index.php\/2024\/05\/27\/exjugador-del-salon-de-la-fama-bill-walton-muere-de-cancer-a-los-71-anos\/","url_meta":{"origin":94752,"position":5},"title":"Exjugador del Sal\u00f3n de la Fama Bill Walton muere de c\u00e1ncer a los 71 a\u00f1os","author":"Nelson Feliz","date":"27 de mayo de 2024","format":false,"excerpt":"POR TIM REYNOLDS Bill Walton nunca tuvo miedo de ser \u00e9l mismo. M\u00e1s grande que la vida, s\u00f3lo en parte debido a su estructura de casi 7 pies, Walton fue dos veces campe\u00f3n de la NCAA en UCLA, dos veces campe\u00f3n de la NBA, miembro del Sal\u00f3n de la Fama\u2026","rel":"","context":"En \u00abSin categor\u00eda\u00bb","block_context":{"text":"Sin categor\u00eda","link":"https:\/\/lasprimeras.com.do\/index.php\/category\/sin-categoria\/"},"img":{"alt_text":"Bill Walton","src":"https:\/\/i0.wp.com\/lasprimeras.com.do\/wp-content\/uploads\/2024\/05\/Bill-Walton.jpg?resize=350%2C200&ssl=1","width":350,"height":200,"srcset":"https:\/\/i0.wp.com\/lasprimeras.com.do\/wp-content\/uploads\/2024\/05\/Bill-Walton.jpg?resize=350%2C200&ssl=1 1x, https:\/\/i0.wp.com\/lasprimeras.com.do\/wp-content\/uploads\/2024\/05\/Bill-Walton.jpg?resize=525%2C300&ssl=1 1.5x"},"classes":[]}],"jetpack_sharing_enabled":true,"_links":{"self":[{"href":"https:\/\/lasprimeras.com.do\/index.php\/wp-json\/wp\/v2\/posts\/94752","targetHints":{"allow":["GET"]}}],"collection":[{"href":"https:\/\/lasprimeras.com.do\/index.php\/wp-json\/wp\/v2\/posts"}],"about":[{"href":"https:\/\/lasprimeras.com.do\/index.php\/wp-json\/wp\/v2\/types\/post"}],"author":[{"embeddable":true,"href":"https:\/\/lasprimeras.com.do\/index.php\/wp-json\/wp\/v2\/users\/2"}],"replies":[{"embeddable":true,"href":"https:\/\/lasprimeras.com.do\/index.php\/wp-json\/wp\/v2\/comments?post=94752"}],"version-history":[{"count":1,"href":"https:\/\/lasprimeras.com.do\/index.php\/wp-json\/wp\/v2\/posts\/94752\/revisions"}],"predecessor-version":[{"id":94754,"href":"https:\/\/lasprimeras.com.do\/index.php\/wp-json\/wp\/v2\/posts\/94752\/revisions\/94754"}],"wp:featuredmedia":[{"embeddable":true,"href":"https:\/\/lasprimeras.com.do\/index.php\/wp-json\/wp\/v2\/media\/94753"}],"wp:attachment":[{"href":"https:\/\/lasprimeras.com.do\/index.php\/wp-json\/wp\/v2\/media?parent=94752"}],"wp:term":[{"taxonomy":"category","embeddable":true,"href":"https:\/\/lasprimeras.com.do\/index.php\/wp-json\/wp\/v2\/categories?post=94752"},{"taxonomy":"post_tag","embeddable":true,"href":"https:\/\/lasprimeras.com.do\/index.php\/wp-json\/wp\/v2\/tags?post=94752"}],"curies":[{"name":"wp","href":"https:\/\/api.w.org\/{rel}","templated":true}]}}