{"id":94767,"date":"2025-03-05T09:30:00","date_gmt":"2025-03-05T13:30:00","guid":{"rendered":"https:\/\/lasprimeras.com.do\/?p=94767"},"modified":"2025-03-05T09:30:00","modified_gmt":"2025-03-05T13:30:00","slug":"el-kremlin-afirma-que-una-ley-ucraniana-de-2022-prohibe-a-zelenski-conversar-con-putin","status":"publish","type":"post","link":"https:\/\/lasprimeras.com.do\/index.php\/2025\/03\/05\/el-kremlin-afirma-que-una-ley-ucraniana-de-2022-prohibe-a-zelenski-conversar-con-putin\/","title":{"rendered":"El Kremlin afirma que una ley ucraniana de 2022 proh\u00edbe a Zelenski conversar con Putin"},"content":{"rendered":"\n<p>Por LA PRENSA ASOCIADA<\/p>\n\n\n\n<p>Un decreto ucraniano de 2022 que descarta las negociaciones con el presidente ruso, Vladimir Putin, plantea la cuesti\u00f3n de qui\u00e9n podr\u00eda sentarse a la mesa en posibles conversaciones de paz destinadas a poner fin a su guerra de tres a\u00f1os , dijo el mi\u00e9rcoles el portavoz del Kremlin, Dmitry Peskov.<\/p>\n\n\n\n<p>El presidente ucraniano, Volodymyr Zelenskyy, \u201ctodav\u00eda tiene prohibido legalmente negociar con la parte rusa\u201d, se\u00f1al\u00f3 Peskov durante su conferencia telef\u00f3nica diaria con periodistas.<\/p>\n\n\n\n<p>Peskov consider\u00f3 \u201cpositivo\u201d que Zelenski haya expresado el martes su disposici\u00f3n a negociar la paz con Rusia lo antes posible. \u201cPero los detalles a\u00fan no han cambiado\u201d, a\u00f1adi\u00f3, aparentemente refiri\u00e9ndose al decreto ucraniano.<\/p>\n\n\n\n<p>Ni los funcionarios ucranianos ni los occidentales han mencionado recientemente el decreto presidencial de septiembre de 2022, firmado siete meses despu\u00e9s de la invasi\u00f3n transfronteriza de Rusia, en el contexto de los esfuerzos del presidente estadounidense Donald Trump para detener los combates .<\/p>\n\n\n\n<p>El gobierno de Trump suspendi\u00f3 el lunes su crucial ayuda militar a Ucrania, en un intento de Estados Unidos de presionar a Zelensky para que negocie el fin de la guerra. No qued\u00f3 claro de inmediato si el apoyo se reanudar\u00eda despu\u00e9s del aparente esfuerzo de Zelensky por aplacar a Trump.<\/p>\n\n\n\n<p>Las fuerzas ucranianas est\u00e1n trabajando arduamente para frenar los avances del ej\u00e9rcito ruso, m\u00e1s grande, a lo largo de la l\u00ednea del frente de 1.000 kil\u00f3metros (600 millas), especialmente en la regi\u00f3n oriental de Donetsk.<\/p>\n\n\n\n<p>La ofensiva rusa, que ha sido costosa para sus tropas, a\u00fan no ha supuesto un avance estrat\u00e9gico significativo para el Kremlin. La guerra de desgaste ha matado a decenas de miles de soldados y a m\u00e1s de 12.000 civiles ucranianos.<\/p>\n\n\n\n<p>Zelenski, el presidente franc\u00e9s, Emmanuel Macron, y el primer ministro brit\u00e1nico, Keir Starmer, podr\u00edan viajar juntos a Washington, dijo el mi\u00e9rcoles el portavoz del gobierno franc\u00e9s.<\/p>\n\n\n\n<p>\u201cSe prev\u00e9 que el presidente Macron pueda volver a viajar a Washington con el presidente Zelenski y su hom\u00f3logo brit\u00e1nico\u201d, dijo a los periodistas la portavoz Sophie Primas, que no dio m\u00e1s detalles.<\/p>\n\n\n\n<p>Macron ten\u00eda previsto pronunciar un discurso televisado a la naci\u00f3n m\u00e1s tarde el mi\u00e9rcoles sobre lo que llam\u00f3 la \u201cgran incertidumbre\u201d en los asuntos mundiales.<\/p>\n\n\n\n<p>Los tres l\u00edderes viajaron por separado a Washington la semana pasada para reunirse con Trump.<\/p>\n\n\n\n<p>En los primeros meses de la guerra, Zelenski pidi\u00f3 repetidamente una reuni\u00f3n personal con Putin, pero fue rechazado. Despu\u00e9s de la decisi\u00f3n del Kremlin en septiembre de 2022 de anexionarse ilegalmente cuatro regiones de Ucrania (Donetsk, Luhansk, Kherson y Zaporizhia), Zelenski promulg\u00f3 un decreto que declaraba imposible mantener negociaciones con Putin.<\/p>\n\n\n\n<p>El decreto promulg\u00f3 una decisi\u00f3n del Consejo de Seguridad Nacional y Defensa de Ucrania de reforzar las defensas ucranianas y buscar m\u00e1s armas de los aliados occidentales del pa\u00eds.<\/p>\n\n\n\n<p>El Kremlin dijo entonces que esperar\u00eda a que Ucrania se sentara a negociar para poner fin al conflicto, se\u00f1alando que tal paso podr\u00eda no ocurrir hasta que un nuevo presidente ucraniano asuma el cargo.<\/p>\n","protected":false},"excerpt":{"rendered":"<p>Por LA PRENSA ASOCIADA Un decreto ucraniano de 2022 que descarta las negociaciones con el presidente ruso, Vladimir Putin, plantea la cuesti\u00f3n de qui\u00e9n podr\u00eda sentarse a la mesa en&hellip;<\/p>\n","protected":false},"author":2,"featured_media":94768,"comment_status":"open","ping_status":"open","sticky":false,"template":"","format":"standard","meta":{"content-type":"","jetpack_post_was_ever_published":false,"_jetpack_newsletter_access":"","_jetpack_dont_email_post_to_subs":false,"_jetpack_newsletter_tier_id":0,"_jetpack_memberships_contains_paywalled_content":false,"_jetpack_memberships_contains_paid_content":false,"footnotes":""},"categories":[16289],"tags":[3859,17859,4700,421,11941],"class_list":["post-94767","post","type-post","status-publish","format-standard","has-post-thumbnail","hentry","category-internacionales","tag-el-kremlin","tag-ley-ucraniana-de-2022","tag-prohibe","tag-vladimir-putin","tag-volodymyr-zelenskyy"],"jetpack_featured_media_url":"https:\/\/lasprimeras.com.do\/wp-content\/uploads\/2025\/03\/decreto-ucraniano.png","jetpack-related-posts":[{"id":99002,"url":"https:\/\/lasprimeras.com.do\/index.php\/2025\/05\/15\/zelenskyy-llega-a-turquia-para-conversaciones-de-paz-sobre-ucrania-pero-putin-no-acude\/","url_meta":{"origin":94767,"position":0},"title":"Zelenskyy llega a Turqu\u00eda para conversaciones de paz sobre Ucrania, pero Putin no acude","author":"Nelson Feliz","date":"15 de mayo de 2025","format":false,"excerpt":"POR MEHMET GUZEL ESTAMBUL, Turqu\u00eda (AP) \u2014 El presidente de Rusia, Vlad\u00edmir Putin, no se present\u00f3 en Turqu\u00eda el jueves para las conversaciones de paz directas propuestas con el l\u00edder ucraniano Volodymyr Zelenskyy, quien lo esperaba en la capital de Ankara tras desafiar al l\u00edder del Kremlin a reunirse cara\u2026","rel":"","context":"En \u00abINTERNACIONALES\u00bb","block_context":{"text":"INTERNACIONALES","link":"https:\/\/lasprimeras.com.do\/index.php\/category\/sin-categoria\/internacionales\/"},"img":{"alt_text":"","src":"https:\/\/i0.wp.com\/lasprimeras.com.do\/wp-content\/uploads\/2025\/05\/ARMADOS.jpg?resize=350%2C200&ssl=1","width":350,"height":200,"srcset":"https:\/\/i0.wp.com\/lasprimeras.com.do\/wp-content\/uploads\/2025\/05\/ARMADOS.jpg?resize=350%2C200&ssl=1 1x, https:\/\/i0.wp.com\/lasprimeras.com.do\/wp-content\/uploads\/2025\/05\/ARMADOS.jpg?resize=525%2C300&ssl=1 1.5x, https:\/\/i0.wp.com\/lasprimeras.com.do\/wp-content\/uploads\/2025\/05\/ARMADOS.jpg?resize=700%2C400&ssl=1 2x"},"classes":[]},{"id":98841,"url":"https:\/\/lasprimeras.com.do\/index.php\/2025\/05\/13\/zelenskyy-dice-que-esperara-a-putin-en-ankara-el-jueves\/","url_meta":{"origin":94767,"position":1},"title":"Zelenskyy dice que esperar\u00e1 a Putin en Ankara el jueves","author":"Nelson Feliz","date":"13 de mayo de 2025","format":false,"excerpt":"POR ILLIA NOVIKOV KIEV, Ucrania (AP) \u2014 El presidente ucraniano Volodymyr Zelenskyy dijo el martes que esperar\u00e1 a su hom\u00f3logo ruso Vlad\u00edmir Putin en la capital turca esta semana para llevar a cabo conversaciones cara a cara sobre la guerra, en medio de una fuerte presi\u00f3n de los l\u00edderes de\u2026","rel":"","context":"En \u00abINTERNACIONALES\u00bb","block_context":{"text":"INTERNACIONALES","link":"https:\/\/lasprimeras.com.do\/index.php\/category\/sin-categoria\/internacionales\/"},"img":{"alt_text":"","src":"https:\/\/i0.wp.com\/lasprimeras.com.do\/wp-content\/uploads\/2025\/05\/Volodymyr-Zelenskyy.jpg?resize=350%2C200&ssl=1","width":350,"height":200,"srcset":"https:\/\/i0.wp.com\/lasprimeras.com.do\/wp-content\/uploads\/2025\/05\/Volodymyr-Zelenskyy.jpg?resize=350%2C200&ssl=1 1x, https:\/\/i0.wp.com\/lasprimeras.com.do\/wp-content\/uploads\/2025\/05\/Volodymyr-Zelenskyy.jpg?resize=525%2C300&ssl=1 1.5x, https:\/\/i0.wp.com\/lasprimeras.com.do\/wp-content\/uploads\/2025\/05\/Volodymyr-Zelenskyy.jpg?resize=700%2C400&ssl=1 2x"},"classes":[]},{"id":93539,"url":"https:\/\/lasprimeras.com.do\/index.php\/2025\/02\/13\/rusia-celebra-llamada-entre-trump-y-putin-zelenskyy-advierte-que-no-aceptara-acuerdo-sin-consulta\/","url_meta":{"origin":94767,"position":2},"title":"Rusia celebra llamada entre Trump y Putin; Zelenskyy advierte que no aceptar\u00e1 acuerdo sin consulta","author":"Nelson Feliz","date":"13 de febrero de 2025","format":false,"excerpt":"KHMELNYTSKI, Ucrania (AP) \u2014 Funcionarios rusos y medios estatales adoptaron un tono triunfante el jueves despu\u00e9s que el presidente de Estados Unidos, Donald Trump, desechara tres a\u00f1os de pol\u00edtica estadounidense y anunciara que probablemente se reunir\u00e1 pronto con el presidente ruso Vlad\u00edmir Putin para negociar un acuerdo de paz en\u2026","rel":"","context":"En \u00abINTERNACIONALES\u00bb","block_context":{"text":"INTERNACIONALES","link":"https:\/\/lasprimeras.com.do\/index.php\/category\/sin-categoria\/internacionales\/"},"img":{"alt_text":"","src":"https:\/\/i0.wp.com\/lasprimeras.com.do\/wp-content\/uploads\/2025\/02\/PUTIN.jpg?resize=350%2C200&ssl=1","width":350,"height":200,"srcset":"https:\/\/i0.wp.com\/lasprimeras.com.do\/wp-content\/uploads\/2025\/02\/PUTIN.jpg?resize=350%2C200&ssl=1 1x, https:\/\/i0.wp.com\/lasprimeras.com.do\/wp-content\/uploads\/2025\/02\/PUTIN.jpg?resize=525%2C300&ssl=1 1.5x, https:\/\/i0.wp.com\/lasprimeras.com.do\/wp-content\/uploads\/2025\/02\/PUTIN.jpg?resize=700%2C400&ssl=1 2x"},"classes":[]},{"id":104150,"url":"https:\/\/lasprimeras.com.do\/index.php\/2025\/07\/22\/zelenskyy-renueva-la-oferta-de-reunirse-con-putin\/","url_meta":{"origin":94767,"position":3},"title":"Zelenskyy renueva la oferta de reunirse con Putin","author":"Nelson Feliz","date":"22 de julio de 2025","format":false,"excerpt":"POR ILLIA NOVIKOV KIEV, Ucrania (AP) \u2014 El presidente de Ucrania, Volodymyr Zelenskyy, renov\u00f3 el martes su oferta de reunirse con el l\u00edder ruso, Vlad\u00edmir Putin y negociar el fin de la guerra en Ucrania, pero las esperanzas de progresos eran bajas mientras las delegaciones de ambos gobiernos se preparaban\u2026","rel":"","context":"En \u00abINTERNACIONALES\u00bb","block_context":{"text":"INTERNACIONALES","link":"https:\/\/lasprimeras.com.do\/index.php\/category\/sin-categoria\/internacionales\/"},"img":{"alt_text":"","src":"https:\/\/i0.wp.com\/lasprimeras.com.do\/wp-content\/uploads\/2025\/07\/ataque.jpg?resize=350%2C200&ssl=1","width":350,"height":200,"srcset":"https:\/\/i0.wp.com\/lasprimeras.com.do\/wp-content\/uploads\/2025\/07\/ataque.jpg?resize=350%2C200&ssl=1 1x, https:\/\/i0.wp.com\/lasprimeras.com.do\/wp-content\/uploads\/2025\/07\/ataque.jpg?resize=525%2C300&ssl=1 1.5x, https:\/\/i0.wp.com\/lasprimeras.com.do\/wp-content\/uploads\/2025\/07\/ataque.jpg?resize=700%2C400&ssl=1 2x"},"classes":[]},{"id":95724,"url":"https:\/\/lasprimeras.com.do\/index.php\/2025\/03\/18\/trump-y-putin-hablaran-por-telefono-sobre-alto-el-fuego-pero-zelenskyy-se-muestra-esceptico\/","url_meta":{"origin":94767,"position":4},"title":"Trump y Putin hablar\u00e1n por tel\u00e9fono sobre alto el fuego, pero Zelenskyy se muestra esc\u00e9ptico","author":"Nelson Feliz","date":"18 de marzo de 2025","format":false,"excerpt":"POR AAMER MADHANI WASHINGTON (AP) \u2014 Donald Trump, mantendr\u00e1 conversaciones el martes con su hom\u00f3logo ruso, Vlad\u00edmir Putin, en su intento por obtener apoyos para la propuesta de alto el fuego de Estados Unidos que espera que pueda crear una v\u00eda para poner fin a la devastadora guerra de Rusia\u2026","rel":"","context":"En \u00abINTERNACIONALES\u00bb","block_context":{"text":"INTERNACIONALES","link":"https:\/\/lasprimeras.com.do\/index.php\/category\/sin-categoria\/internacionales\/"},"img":{"alt_text":"Vlad\u00edmir Putin y Donald Trump","src":"https:\/\/i0.wp.com\/lasprimeras.com.do\/wp-content\/uploads\/2025\/03\/Vladimir-Putin-y-Donald-Trump.jpg?resize=350%2C200&ssl=1","width":350,"height":200,"srcset":"https:\/\/i0.wp.com\/lasprimeras.com.do\/wp-content\/uploads\/2025\/03\/Vladimir-Putin-y-Donald-Trump.jpg?resize=350%2C200&ssl=1 1x, https:\/\/i0.wp.com\/lasprimeras.com.do\/wp-content\/uploads\/2025\/03\/Vladimir-Putin-y-Donald-Trump.jpg?resize=525%2C300&ssl=1 1.5x, https:\/\/i0.wp.com\/lasprimeras.com.do\/wp-content\/uploads\/2025\/03\/Vladimir-Putin-y-Donald-Trump.jpg?resize=700%2C400&ssl=1 2x"},"classes":[]},{"id":97585,"url":"https:\/\/lasprimeras.com.do\/index.php\/2025\/04\/24\/zelenskyy-de-ucrania-llega-a-sudafrica-para-visita-oficial-tras-nuevas-criticas-de-trump\/","url_meta":{"origin":94767,"position":5},"title":"Zelenskyy de Ucrania llega a Sud\u00e1frica para visita oficial tras nuevas cr\u00edticas de Trump","author":"Nelson Feliz","date":"24 de abril de 2025","format":false,"excerpt":"PRETORIA, Sud\u00e1frica (AP) \u2014 El presidente de Ucrania, Volodymyr Zelenskyy, lleg\u00f3 a Sud\u00e1frica el jueves para una visita de Estado tras las nuevas acusaciones de Donald Trump de que est\u00e1 prolongando la guerra contra Rusia al oponerse a cualquier plan que implique ceder territorio en un acuerdo de paz. Zelenskyy,\u2026","rel":"","context":"En \u00abINTERNACIONALES\u00bb","block_context":{"text":"INTERNACIONALES","link":"https:\/\/lasprimeras.com.do\/index.php\/category\/sin-categoria\/internacionales\/"},"img":{"alt_text":"Volodymyr Zelenskyy","src":"https:\/\/i0.wp.com\/lasprimeras.com.do\/wp-content\/uploads\/2025\/04\/Volodymyr-Zelenskyy.jpg?resize=350%2C200&ssl=1","width":350,"height":200,"srcset":"https:\/\/i0.wp.com\/lasprimeras.com.do\/wp-content\/uploads\/2025\/04\/Volodymyr-Zelenskyy.jpg?resize=350%2C200&ssl=1 1x, https:\/\/i0.wp.com\/lasprimeras.com.do\/wp-content\/uploads\/2025\/04\/Volodymyr-Zelenskyy.jpg?resize=525%2C300&ssl=1 1.5x, https:\/\/i0.wp.com\/lasprimeras.com.do\/wp-content\/uploads\/2025\/04\/Volodymyr-Zelenskyy.jpg?resize=700%2C400&ssl=1 2x"},"classes":[]}],"jetpack_sharing_enabled":true,"_links":{"self":[{"href":"https:\/\/lasprimeras.com.do\/index.php\/wp-json\/wp\/v2\/posts\/94767","targetHints":{"allow":["GET"]}}],"collection":[{"href":"https:\/\/lasprimeras.com.do\/index.php\/wp-json\/wp\/v2\/posts"}],"about":[{"href":"https:\/\/lasprimeras.com.do\/index.php\/wp-json\/wp\/v2\/types\/post"}],"author":[{"embeddable":true,"href":"https:\/\/lasprimeras.com.do\/index.php\/wp-json\/wp\/v2\/users\/2"}],"replies":[{"embeddable":true,"href":"https:\/\/lasprimeras.com.do\/index.php\/wp-json\/wp\/v2\/comments?post=94767"}],"version-history":[{"count":1,"href":"https:\/\/lasprimeras.com.do\/index.php\/wp-json\/wp\/v2\/posts\/94767\/revisions"}],"predecessor-version":[{"id":94769,"href":"https:\/\/lasprimeras.com.do\/index.php\/wp-json\/wp\/v2\/posts\/94767\/revisions\/94769"}],"wp:featuredmedia":[{"embeddable":true,"href":"https:\/\/lasprimeras.com.do\/index.php\/wp-json\/wp\/v2\/media\/94768"}],"wp:attachment":[{"href":"https:\/\/lasprimeras.com.do\/index.php\/wp-json\/wp\/v2\/media?parent=94767"}],"wp:term":[{"taxonomy":"category","embeddable":true,"href":"https:\/\/lasprimeras.com.do\/index.php\/wp-json\/wp\/v2\/categories?post=94767"},{"taxonomy":"post_tag","embeddable":true,"href":"https:\/\/lasprimeras.com.do\/index.php\/wp-json\/wp\/v2\/tags?post=94767"}],"curies":[{"name":"wp","href":"https:\/\/api.w.org\/{rel}","templated":true}]}}