{"id":94786,"date":"2025-03-05T11:26:46","date_gmt":"2025-03-05T15:26:46","guid":{"rendered":"https:\/\/lasprimeras.com.do\/?p=94786"},"modified":"2025-03-05T11:26:47","modified_gmt":"2025-03-05T15:26:47","slug":"senado-aprueba-resolucion-solicita-agilizar-y-priorizar-construccion-de-la-autovia-del-sur","status":"publish","type":"post","link":"https:\/\/lasprimeras.com.do\/index.php\/2025\/03\/05\/senado-aprueba-resolucion-solicita-agilizar-y-priorizar-construccion-de-la-autovia-del-sur\/","title":{"rendered":"Senado aprueba resoluci\u00f3n solicita agilizar y priorizar construcci\u00f3n de la autov\u00eda del Sur"},"content":{"rendered":"\n<p>El pleno del Senado de la Rep\u00fablica aprob\u00f3 a unanimidad una resoluci\u00f3n en la que se solicita al presidente Luis Abinader agilizar y priorizar la construcci\u00f3n de la autov\u00eda del Sur de cuatro carriles Ban\u00ed-Azua-Barahona, Azua-San Juan.<\/p>\n\n\n\n<p>El presidente del Senado se uni\u00f3 a este pedido, considerando que Hait\u00ed es uno de los socios m\u00e1s importante que tiene la Rep\u00fablica Dominicana, y para llegar hasta ese destino se utilizan cinco v\u00edas por las provincias Jiman\u00ed, Dajab\u00f3n, El\u00edas Pi\u00f1a y Pedro Santana, conjuntamente con Pedernales \u201cHait\u00ed es nuestro segundo socio m\u00e1s importante y tenemos la esperanza de que estas v\u00edas sean construidas\u201d, exclam\u00f3 Ricardo de los Santos.<\/p>\n\n\n\n<p>Los senadores de las provincias del Sur profundo y de otras provincias del pa\u00eds, de manera unificada agotaron turnos de ponencia, y plasmaron sus firmas en apoyo a la propuesta presentada, debido a la necesidad de la construcci\u00f3n de la v\u00eda de tr\u00e1nsito y el crecimiento de esta zona por el gran desarrollo tur\u00edstico que posee.<\/p>\n\n\n\n<p>Los proponentes de esta iniciativa son los legisladores Mois\u00e9s Ayala P\u00e9rez, Gustavo Lara Salazar, Julito Fulcar Encarnaci\u00f3n, Milc\u00edades Aneudy Ortiz Sajiun, L\u00eda Ynocencia D\u00edaz Santana, F\u00e9lix Ram\u00f3n Bautista Rosario, Andr\u00e9s Guillermo Lama P\u00e9rez, Dagoberto Rodr\u00edguez Adames, Secundino Vel\u00e1zquez Pimentel, Jonhson Encarnaci\u00f3n D\u00edaz, Ram\u00f3n Rogelio Genao Dur\u00e1n, y Omar Leonel Fern\u00e1ndez Dom\u00ednguez.<\/p>\n\n\n\n<p>Reconocimiento a Zoe Salda\u00f1a<\/p>\n\n\n\n<p>Los senadores aprobaron a unanimidad una resoluci\u00f3n para reconocer a la actriz de origen dominicano, Zoe Yadira Salda\u00f1a Perego, por obtener un Oscar como \u201cMejor actriz de reparto\u201d.<\/p>\n\n\n\n<p>La iniciativa legislativa fue presentada por los senadores Ricardo de los Santos Polanco; Franklin Mart\u00edn Romero Morillo; Mar\u00eda Mercedes Ortiz Dilon\u00e9; y L\u00eda Ynocencia D\u00edaz Santana.<\/p>\n\n\n\n<p>Ratifican nombramientos diplom\u00e1ticos<\/p>\n\n\n\n<p>El Senado de la Rep\u00fablica aprob\u00f3 en \u00fanica lectura la ratificaci\u00f3n de once nombramientos diplom\u00e1ticos, extraordinarios y plenipotenciarios remitidos por el Poder Ejecutivo.<\/p>\n\n\n\n<p>Entre las ratificaciones de nombramientos aprobados por el Pleno Senatorial se destaca el del embajador Tony Raful Tejada, ante el Reino de Espa\u00f1a; Rafael Antonio Lantigua Ciriaco, ante la Rep\u00fablica Italiana; as\u00ed como la ratificaci\u00f3n del nombramiento de Juan Bol\u00edvar D\u00edaz Santana, como embajador dominicano ante los Estados Unidos Mexicanos.<\/p>\n\n\n\n<p>En los trabajos legislativos, tambi\u00e9n se ratificaron los nombramientos diplom\u00e1ticos de Raquel Josefina Jacobo Jaar, como embajadora ante la Rep\u00fablica de Trinidad y Tobago; y el de Mar\u00eda Isabel Castillo B\u00e1ez, como embajadora dominicana ante los Estados Unidos. De igual modo, se aprob\u00f3 el nombramiento diplom\u00e1tico de Jerjes Fleming Suriel Mota, como embajador ante la Rep\u00fablica de Cuba.<\/p>\n\n\n\n<p>Los senadores ratificaron, adem\u00e1s, los nombramientos de Francisco Manuel Compr\u00e9s Hern\u00e1ndez, ante la Rep\u00fablica de la India; tambi\u00e9n, Sara Emilia Altagracia Paulino C\u00e1rdenas, en el Estado Plurinacional de Bolivia; y Renso Antonio Herrera Franco, ante la Rep\u00fablica Isl\u00e1mica de Pakist\u00e1n con sede en los Emiratos \u00c1rabes Unidos.<\/p>\n\n\n\n<p>El Pleno ratific\u00f3 a Patricia Selma Villegas de Jorge como embajadora en la Rep\u00fablica Portuguesa; a Edward An\u00edbal P\u00e9rez Reyes, como embajador en Jap\u00f3n; y a Robert Mikey Takata Pimentel, como embajador en la Rep\u00fablica Federativa de Brasil.<\/p>\n\n\n\n<p>En primera lectura<\/p>\n\n\n\n<p>Los senadores sancionaron en primera lectura el Proyecto de ley que define la ubicaci\u00f3n territorial del Parque Nacional Salto de la Jalda, dentro de las provincias Hato Mayor y el Seibo y lo adiciona a la Ley 202-04, Ley sectorial de \u00e1reas protegidas, iniciativa del senador Crist\u00f3bal Castillo.<\/p>\n\n\n\n<p>Minuto de silencio<\/p>\n\n\n\n<p>Los senadores guardaron un minuto de silencio por el fallecimiento de Elba Regus Vda. Shepard, madre de Noelia Shepard directora del Despacho del presidente Luis Abinader. La se\u00f1ora fallecida era una distinguida mun\u00edcipe del municipio S\u00e1nchez, provincia de Saman\u00e1.<\/p>\n","protected":false},"excerpt":{"rendered":"<p>El pleno del Senado de la Rep\u00fablica aprob\u00f3 a unanimidad una resoluci\u00f3n en la que se solicita al presidente Luis Abinader agilizar y priorizar la construcci\u00f3n de la autov\u00eda del&hellip;<\/p>\n","protected":false},"author":2,"featured_media":94787,"comment_status":"open","ping_status":"open","sticky":false,"template":"","format":"standard","meta":{"content-type":"","jetpack_post_was_ever_published":false,"_jetpack_newsletter_access":"","_jetpack_dont_email_post_to_subs":false,"_jetpack_newsletter_tier_id":0,"_jetpack_memberships_contains_paywalled_content":false,"_jetpack_memberships_contains_paid_content":false,"footnotes":""},"categories":[35],"tags":[17863,970,370,413],"class_list":["post-94786","post","type-post","status-publish","format-standard","has-post-thumbnail","hentry","category-nacionales","tag-autovia-del-sur","tag-construccion","tag-resolucion","tag-senado"],"jetpack_featured_media_url":"https:\/\/lasprimeras.com.do\/wp-content\/uploads\/2025\/03\/Senado.jpg","jetpack-related-posts":[{"id":92587,"url":"https:\/\/lasprimeras.com.do\/index.php\/2025\/01\/08\/senador-solicita-al-presidente-abinader-priorizar-una-autovia-para-el-sur\/","url_meta":{"origin":94786,"position":0},"title":"Senador solicita al presidente Abinader priorizar una autov\u00eda para el Sur","author":"Nelson Feliz","date":"8 de enero de 2025","format":false,"excerpt":"El senador Mois\u00e9s Ayala, en su discurso ante el honorable bufete directivo y los senadores y senadoras de la Rep\u00fablica, hizo un llamado al presidente Luis Abinader para incluir en su agenda la construcci\u00f3n de una autov\u00eda que conecte y modernice la regi\u00f3n sur del pa\u00eds. Durante su intervenci\u00f3n, Ayala\u2026","rel":"","context":"En \u00abNACIONALES\u00bb","block_context":{"text":"NACIONALES","link":"https:\/\/lasprimeras.com.do\/index.php\/category\/nacionales\/"},"img":{"alt_text":"","src":"https:\/\/i0.wp.com\/lasprimeras.com.do\/wp-content\/uploads\/2025\/01\/Moises-Ayala.jpg?resize=350%2C200&ssl=1","width":350,"height":200,"srcset":"https:\/\/i0.wp.com\/lasprimeras.com.do\/wp-content\/uploads\/2025\/01\/Moises-Ayala.jpg?resize=350%2C200&ssl=1 1x, https:\/\/i0.wp.com\/lasprimeras.com.do\/wp-content\/uploads\/2025\/01\/Moises-Ayala.jpg?resize=525%2C300&ssl=1 1.5x"},"classes":[]},{"id":97434,"url":"https:\/\/lasprimeras.com.do\/index.php\/2025\/04\/20\/tapones-reviven-la-necesidad-de-ampliacion-de-la-carretera-sanchez-desde-bani-hasta-azua\/","url_meta":{"origin":94786,"position":1},"title":"Tapones reviven la necesidad de ampliaci\u00f3n de la carretera S\u00e1nchez desde Ban\u00ed hasta Azua","author":"Nelson Feliz","date":"20 de abril de 2025","format":false,"excerpt":"En abril del 2024, Abinader dijo que la ampliaci\u00f3n ser\u00eda fijada en el presupuesto del 2025, pero no se hizo. Desde hace varios a\u00f1os, los tapones agobian a los miles de personas que se desplazan en Semana Santa y otras fechas festivas hacia el Sur por la carretera S\u00e1nchez, una\u2026","rel":"","context":"En \u00abNACIONALES\u00bb","block_context":{"text":"NACIONALES","link":"https:\/\/lasprimeras.com.do\/index.php\/category\/nacionales\/"},"img":{"alt_text":"","src":"https:\/\/i0.wp.com\/lasprimeras.com.do\/wp-content\/uploads\/2025\/04\/tapones.jpg?resize=350%2C200&ssl=1","width":350,"height":200,"srcset":"https:\/\/i0.wp.com\/lasprimeras.com.do\/wp-content\/uploads\/2025\/04\/tapones.jpg?resize=350%2C200&ssl=1 1x, https:\/\/i0.wp.com\/lasprimeras.com.do\/wp-content\/uploads\/2025\/04\/tapones.jpg?resize=525%2C300&ssl=1 1.5x, https:\/\/i0.wp.com\/lasprimeras.com.do\/wp-content\/uploads\/2025\/04\/tapones.jpg?resize=700%2C400&ssl=1 2x"},"classes":[]},{"id":114334,"url":"https:\/\/lasprimeras.com.do\/index.php\/2025\/11\/12\/senado-estudiara-las-observaciones-del-ejecutivo-a-la-ley-de-residuos\/","url_meta":{"origin":94786,"position":2},"title":"Senado estudiar\u00e1 las observaciones del Ejecutivo a la Ley de Residuos","author":"Nelson Feliz","date":"12 de noviembre de 2025","format":false,"excerpt":"El presidente de la C\u00e1mara Alta fij\u00f3 un plazo de una semana para el estudio de las modificaciones realizadas por el Ejecutivo. El Senado de la Rep\u00fablica conform\u00f3 una Comisi\u00f3n Especial para el an\u00e1lisis y estudio de las observaciones presentadas por el Poder Ejecutivo al proyecto de Ley General de\u2026","rel":"","context":"En \u00abPOLITICA\u00bb","block_context":{"text":"POLITICA","link":"https:\/\/lasprimeras.com.do\/index.php\/category\/politica\/"},"img":{"alt_text":"","src":"https:\/\/i0.wp.com\/lasprimeras.com.do\/wp-content\/uploads\/2025\/11\/Senado.jpg?resize=350%2C200&ssl=1","width":350,"height":200,"srcset":"https:\/\/i0.wp.com\/lasprimeras.com.do\/wp-content\/uploads\/2025\/11\/Senado.jpg?resize=350%2C200&ssl=1 1x, https:\/\/i0.wp.com\/lasprimeras.com.do\/wp-content\/uploads\/2025\/11\/Senado.jpg?resize=525%2C300&ssl=1 1.5x, https:\/\/i0.wp.com\/lasprimeras.com.do\/wp-content\/uploads\/2025\/11\/Senado.jpg?resize=700%2C400&ssl=1 2x"},"classes":[]},{"id":112477,"url":"https:\/\/lasprimeras.com.do\/index.php\/2025\/10\/22\/senado-aprueba-resolucion-que-declara-de-emergencia-construccion-del-puente-don-juan-monte-plata\/","url_meta":{"origin":94786,"position":3},"title":"Senado aprueba resoluci\u00f3n que declara de emergencia construcci\u00f3n del Puente Don Juan- Monte Plata","author":"Nelson Feliz","date":"22 de octubre de 2025","format":false,"excerpt":"El Senado de la Rep\u00fablica aprob\u00f3 en \u00fanica lectura la resoluci\u00f3n que solicita al presidente Luis Abinader declarar de urgencia el proceso de licitaci\u00f3n para la construcci\u00f3n del Puente que comunica a Don Juan-Monte Plata y el municipio de Yamas\u00e1, en la provincia Monte Plata. La iniciativa legislativa, presentada por\u2026","rel":"","context":"En \u00abNACIONALES\u00bb","block_context":{"text":"NACIONALES","link":"https:\/\/lasprimeras.com.do\/index.php\/category\/nacionales\/"},"img":{"alt_text":"","src":"https:\/\/i0.wp.com\/lasprimeras.com.do\/wp-content\/uploads\/2025\/10\/Ricardo-de-los-Santos-3.jpg?resize=350%2C200&ssl=1","width":350,"height":200,"srcset":"https:\/\/i0.wp.com\/lasprimeras.com.do\/wp-content\/uploads\/2025\/10\/Ricardo-de-los-Santos-3.jpg?resize=350%2C200&ssl=1 1x, https:\/\/i0.wp.com\/lasprimeras.com.do\/wp-content\/uploads\/2025\/10\/Ricardo-de-los-Santos-3.jpg?resize=525%2C300&ssl=1 1.5x, https:\/\/i0.wp.com\/lasprimeras.com.do\/wp-content\/uploads\/2025\/10\/Ricardo-de-los-Santos-3.jpg?resize=700%2C400&ssl=1 2x"},"classes":[]},{"id":108904,"url":"https:\/\/lasprimeras.com.do\/index.php\/2025\/09\/11\/senado-sesiona-en-san-pedro-de-macoris-al-conmemorarse-el-143-aniversario-de-la-ciudad\/","url_meta":{"origin":94786,"position":4},"title":"Senado sesiona en San Pedro de Macor\u00eds al conmemorarse el 143 aniversario de la ciudad","author":"Nelson Feliz","date":"11 de septiembre de 2025","format":false,"excerpt":"El Senado de la Rep\u00fablica celebr\u00f3 una sesi\u00f3n hist\u00f3rica en la provincia de San Pedro de Macor\u00eds en el 143 aniversario de la ciudad y en la conmemoraci\u00f3n del 118 aniversario de su designaci\u00f3n como provincia. El pleno del Senado se traslad\u00f3 a la sede de la Universidad Central del\u2026","rel":"","context":"En \u00abNACIONALES\u00bb","block_context":{"text":"NACIONALES","link":"https:\/\/lasprimeras.com.do\/index.php\/category\/nacionales\/"},"img":{"alt_text":"","src":"https:\/\/i0.wp.com\/lasprimeras.com.do\/wp-content\/uploads\/2025\/09\/senado.jpg?resize=350%2C200&ssl=1","width":350,"height":200,"srcset":"https:\/\/i0.wp.com\/lasprimeras.com.do\/wp-content\/uploads\/2025\/09\/senado.jpg?resize=350%2C200&ssl=1 1x, https:\/\/i0.wp.com\/lasprimeras.com.do\/wp-content\/uploads\/2025\/09\/senado.jpg?resize=525%2C300&ssl=1 1.5x, https:\/\/i0.wp.com\/lasprimeras.com.do\/wp-content\/uploads\/2025\/09\/senado.jpg?resize=700%2C400&ssl=1 2x"},"classes":[]},{"id":112814,"url":"https:\/\/lasprimeras.com.do\/index.php\/2025\/10\/27\/senado-aprueba-resolucion-que-busca-designar-profesionales-de-salud-mental-a-nivel-nacional\/","url_meta":{"origin":94786,"position":5},"title":"Senado aprueba resoluci\u00f3n que busca designar profesionales de salud mental a nivel nacional","author":"Nelson Feliz","date":"27 de octubre de 2025","format":false,"excerpt":"El Senado dominicano aprob\u00f3 este lunes, en \u00fanica lectura, una resoluci\u00f3n que solicita al presidente Luis Abinader instruir al director del Servicio Nacional de Salud (SNS) para gestionar el nombramiento de profesionales de la conducta a nivel nacional. La pieza establece que se debe facilitar el ingreso de especialistas en\u2026","rel":"","context":"En \u00abNACIONALES\u00bb","block_context":{"text":"NACIONALES","link":"https:\/\/lasprimeras.com.do\/index.php\/category\/nacionales\/"},"img":{"alt_text":"","src":"https:\/\/i0.wp.com\/lasprimeras.com.do\/wp-content\/uploads\/2025\/06\/senado-7.jpg?resize=350%2C200&ssl=1","width":350,"height":200,"srcset":"https:\/\/i0.wp.com\/lasprimeras.com.do\/wp-content\/uploads\/2025\/06\/senado-7.jpg?resize=350%2C200&ssl=1 1x, https:\/\/i0.wp.com\/lasprimeras.com.do\/wp-content\/uploads\/2025\/06\/senado-7.jpg?resize=525%2C300&ssl=1 1.5x, https:\/\/i0.wp.com\/lasprimeras.com.do\/wp-content\/uploads\/2025\/06\/senado-7.jpg?resize=700%2C400&ssl=1 2x"},"classes":[]}],"jetpack_sharing_enabled":true,"_links":{"self":[{"href":"https:\/\/lasprimeras.com.do\/index.php\/wp-json\/wp\/v2\/posts\/94786","targetHints":{"allow":["GET"]}}],"collection":[{"href":"https:\/\/lasprimeras.com.do\/index.php\/wp-json\/wp\/v2\/posts"}],"about":[{"href":"https:\/\/lasprimeras.com.do\/index.php\/wp-json\/wp\/v2\/types\/post"}],"author":[{"embeddable":true,"href":"https:\/\/lasprimeras.com.do\/index.php\/wp-json\/wp\/v2\/users\/2"}],"replies":[{"embeddable":true,"href":"https:\/\/lasprimeras.com.do\/index.php\/wp-json\/wp\/v2\/comments?post=94786"}],"version-history":[{"count":1,"href":"https:\/\/lasprimeras.com.do\/index.php\/wp-json\/wp\/v2\/posts\/94786\/revisions"}],"predecessor-version":[{"id":94788,"href":"https:\/\/lasprimeras.com.do\/index.php\/wp-json\/wp\/v2\/posts\/94786\/revisions\/94788"}],"wp:featuredmedia":[{"embeddable":true,"href":"https:\/\/lasprimeras.com.do\/index.php\/wp-json\/wp\/v2\/media\/94787"}],"wp:attachment":[{"href":"https:\/\/lasprimeras.com.do\/index.php\/wp-json\/wp\/v2\/media?parent=94786"}],"wp:term":[{"taxonomy":"category","embeddable":true,"href":"https:\/\/lasprimeras.com.do\/index.php\/wp-json\/wp\/v2\/categories?post=94786"},{"taxonomy":"post_tag","embeddable":true,"href":"https:\/\/lasprimeras.com.do\/index.php\/wp-json\/wp\/v2\/tags?post=94786"}],"curies":[{"name":"wp","href":"https:\/\/api.w.org\/{rel}","templated":true}]}}