{"id":94799,"date":"2025-03-05T23:43:37","date_gmt":"2025-03-06T03:43:37","guid":{"rendered":"https:\/\/lasprimeras.com.do\/?p=94799"},"modified":"2025-03-05T23:43:38","modified_gmt":"2025-03-06T03:43:38","slug":"joel-rodriguez-se-une-como-panelista-al-equipo-de-una-nueva-manana","status":"publish","type":"post","link":"https:\/\/lasprimeras.com.do\/index.php\/2025\/03\/05\/joel-rodriguez-se-une-como-panelista-al-equipo-de-una-nueva-manana\/","title":{"rendered":"Joel Rodr\u00edguez se une como panelista al equipo de \u201dUna Nueva Ma\u00f1ana\u201d"},"content":{"rendered":"\n<p>El presidente de la Asociaci\u00f3n Nacional Seguridad Social, Joel Rodr\u00edguez, Joel Rodr\u00edguez, se integr\u00f3 hoy como panelista al programa \u201cUna Nueva Ma\u00f1ana\u201d, espacio liderado por la reconocida periodista Colombia Alc\u00e1ntara.<\/p>\n\n\n\n<p>El experto seguridad social es egresado de la Universidad Dominicana O&amp;M, donde obtuvo su licenciatura en Mercadotecnia, con especialidad en negocios y seguridad social.<\/p>\n\n\n\n<p>Con 20 a\u00f1os de experiencia en el sector salud y pensiones de la Rep\u00fablica Dominicana se ha destacado como un referente en la materia.<\/p>\n\n\n\n<p>Adem\u00e1s, es presidente de Jen Media &amp; Consulting, una empresa especializada en relaciones p\u00fablicas y asesor\u00eda en Seguridad Social. Tambi\u00e9n es productor y conductor del programa Rep\u00fablica Informativa transmitida por AltantoTv y lidera Jen Investment Group, firma dedicada a las inversiones inmobiliarias y de veh\u00edculos.<\/p>\n\n\n\n<p>Joel Rodr\u00edguez naci\u00f3 en las entra\u00f1as de la circunscripci\u00f3n n\u00famero #3 del Distrito Nacional. A temprana edad se inclin\u00f3 por las labores sociales y comunitarias de toda la parte alta de la ciudad capital.<\/p>\n\n\n\n<p>Actualmente el joven pol\u00edtico maneja una fundaci\u00f3n que lleva su mismo nombre, cuyo radio de acci\u00f3n se centra en todos los barrios de la circunscripci\u00f3n que lo vio crecer.<\/p>\n\n\n\n<p>En el a\u00f1o 2016 Joel Rodr\u00edguez decidi\u00f3 ser candidato a diputado del Partido Fuerza del Pueblo por la circunscripci\u00f3n #3 en la boleta n\u00famero siete.<\/p>\n\n\n\n<p>Entre otros temas la inspiraci\u00f3n estuvo motivada por el inter\u00e9s de la membres\u00eda de algunas fundaciones y otras personalidades.<\/p>\n\n\n\n<p>En actualidad las acciones del joven emprendedor ha crecido de manera exorbitante que camin\u00f3 junto a los comunitarios para llevar sus propuestas al electorado.<\/p>\n\n\n\n<p>Con su incorporaci\u00f3n a \u201cUna Nueva Ma\u00f1ana\u201d, Rodr\u00edguez aport\u00f3 su amplio conocimiento en Seguridad Social, adem\u00e1s como comentarista pol\u00edtico contribuyendo con an\u00e1lisis y orientaciones clave para el p\u00fablico dominicano.<\/p>\n","protected":false},"excerpt":{"rendered":"<p>El presidente de la Asociaci\u00f3n Nacional Seguridad Social, Joel Rodr\u00edguez, Joel Rodr\u00edguez, se integr\u00f3 hoy como panelista al programa \u201cUna Nueva Ma\u00f1ana\u201d, espacio liderado por la reconocida periodista Colombia Alc\u00e1ntara.&hellip;<\/p>\n","protected":false},"author":2,"featured_media":94800,"comment_status":"open","ping_status":"open","sticky":false,"template":"","format":"standard","meta":{"content-type":"","jetpack_post_was_ever_published":false,"_jetpack_newsletter_access":"","_jetpack_dont_email_post_to_subs":false,"_jetpack_newsletter_tier_id":0,"_jetpack_memberships_contains_paywalled_content":false,"_jetpack_memberships_contains_paid_content":false,"footnotes":""},"categories":[84],"tags":[17867,17868,17869],"class_list":["post-94799","post","type-post","status-publish","format-standard","has-post-thumbnail","hentry","category-entretenimiento","tag-joel-rodriguez","tag-panelista","tag-una-nueva-manana"],"jetpack_featured_media_url":"https:\/\/lasprimeras.com.do\/wp-content\/uploads\/2025\/03\/joel.jpg","jetpack-related-posts":[{"id":102967,"url":"https:\/\/lasprimeras.com.do\/index.php\/2025\/07\/10\/asociacion-de-afiliados-a-la-seguridad-social-resalta-impacto-de-senasa\/","url_meta":{"origin":94799,"position":0},"title":"Asociaci\u00f3n de afiliados a la seguridad social resalta impacto de Senasa","author":"Nelson Feliz","date":"10 de julio de 2025","format":false,"excerpt":"Llama a garantizar su sostenibilidad. La Asociaci\u00f3n Nacional de Afiliados a la Seguridad Social(ASONAFISS) destac\u00f3 el papel fundamental que ha desempe\u00f1ado el Seguro Nacional de Salud (Senasa) en la ampliaci\u00f3n del acceso a los servicios de salud en Rep\u00fablica Dominicana, al tiempo que hizo un llamado al gobierno a seguir\u2026","rel":"","context":"En \u00abPORTADA\u00bb","block_context":{"text":"PORTADA","link":"https:\/\/lasprimeras.com.do\/index.php\/category\/portada\/"},"img":{"alt_text":"Joel Rodr\u00edguez","src":"https:\/\/i0.wp.com\/lasprimeras.com.do\/wp-content\/uploads\/2025\/07\/Joel-Rodriguez-1.jpg?resize=350%2C200&ssl=1","width":350,"height":200,"srcset":"https:\/\/i0.wp.com\/lasprimeras.com.do\/wp-content\/uploads\/2025\/07\/Joel-Rodriguez-1.jpg?resize=350%2C200&ssl=1 1x, https:\/\/i0.wp.com\/lasprimeras.com.do\/wp-content\/uploads\/2025\/07\/Joel-Rodriguez-1.jpg?resize=525%2C300&ssl=1 1.5x, https:\/\/i0.wp.com\/lasprimeras.com.do\/wp-content\/uploads\/2025\/07\/Joel-Rodriguez-1.jpg?resize=700%2C400&ssl=1 2x"},"classes":[]},{"id":114868,"url":"https:\/\/lasprimeras.com.do\/index.php\/2025\/11\/17\/alfonso-rodriguez-tejada-asume-la-administracion-con-foco-en-el-fortalecimiento-del-sistema-electrico\/","url_meta":{"origin":94799,"position":1},"title":"Alfonso Rodr\u00edguez Tejada asume la administraci\u00f3n con foco en el fortalecimiento del sistema el\u00e9ctrico","author":"Nelson Feliz","date":"17 de noviembre de 2025","format":false,"excerpt":"Fue juramentado este lunes por el ministro de Energ\u00eda y Minas, Joel Santos La Empresa de Transmisi\u00f3n El\u00e9ctrica Dominicana (ETED) inform\u00f3 que recibi\u00f3 formalmente a su nuevo administrador general, el ingeniero el\u00e9ctrico Alfonso Rodr\u00edguez Tejada, designado mediante el Decreto 653-25, emitido por el presidente de la Rep\u00fablica, Luis Abinader. La\u2026","rel":"","context":"En \u00abNACIONALES\u00bb","block_context":{"text":"NACIONALES","link":"https:\/\/lasprimeras.com.do\/index.php\/category\/nacionales\/"},"img":{"alt_text":"","src":"https:\/\/i0.wp.com\/lasprimeras.com.do\/wp-content\/uploads\/2025\/11\/Alfonso-Rodriguez-Tejada-1.jpg?resize=350%2C200&ssl=1","width":350,"height":200,"srcset":"https:\/\/i0.wp.com\/lasprimeras.com.do\/wp-content\/uploads\/2025\/11\/Alfonso-Rodriguez-Tejada-1.jpg?resize=350%2C200&ssl=1 1x, https:\/\/i0.wp.com\/lasprimeras.com.do\/wp-content\/uploads\/2025\/11\/Alfonso-Rodriguez-Tejada-1.jpg?resize=525%2C300&ssl=1 1.5x, https:\/\/i0.wp.com\/lasprimeras.com.do\/wp-content\/uploads\/2025\/11\/Alfonso-Rodriguez-Tejada-1.jpg?resize=700%2C400&ssl=1 2x"},"classes":[]},{"id":109866,"url":"https:\/\/lasprimeras.com.do\/index.php\/2025\/09\/23\/felix-joel-almonte-agradece-al-cnss-por-incluirlo-en-terna-y-felicita-nueva-gerente-general\/","url_meta":{"origin":94799,"position":2},"title":"F\u00e9lix Joel Almonte agradece al CNSS por incluirlo en Terna y felicita nueva gerente general","author":"Nelson Feliz","date":"23 de septiembre de 2025","format":false,"excerpt":"El subdirector General de la Direcci\u00f3n General de Jubilaciones y Pensiones (DGJP)Lic. F\u00e9lix Joel Almonte Inoa, expresa su m\u00e1s sincero agradecimiento al Consejo Nacional de la Seguridad Social, en la persona de su presidente, el doctor Eddy Olivares, Ministro de Trabajo, por haber considerado su perfil profesional dentro de la\u2026","rel":"","context":"En \u00abNACIONALES\u00bb","block_context":{"text":"NACIONALES","link":"https:\/\/lasprimeras.com.do\/index.php\/category\/nacionales\/"},"img":{"alt_text":"","src":"https:\/\/i0.wp.com\/lasprimeras.com.do\/wp-content\/uploads\/2025\/09\/Felix-Joel-Almonte.jpg?resize=350%2C200&ssl=1","width":350,"height":200,"srcset":"https:\/\/i0.wp.com\/lasprimeras.com.do\/wp-content\/uploads\/2025\/09\/Felix-Joel-Almonte.jpg?resize=350%2C200&ssl=1 1x, https:\/\/i0.wp.com\/lasprimeras.com.do\/wp-content\/uploads\/2025\/09\/Felix-Joel-Almonte.jpg?resize=525%2C300&ssl=1 1.5x"},"classes":[]},{"id":101175,"url":"https:\/\/lasprimeras.com.do\/index.php\/2025\/06\/17\/directora-de-inaipi-revela-que-joel-santos-aspirara-a-la-presidencia-en-el-2028\/","url_meta":{"origin":94799,"position":3},"title":"Directora de INAIPI revela que Joel Santos aspirara a la presidencia en el 2028","author":"Nelson Feliz","date":"17 de junio de 2025","format":false,"excerpt":"La directora ejecutiva del Instituto Nacional de Atenci\u00f3n Integral a la Primera Infancia (INAIPI), Josefa Castillo Rodr\u00edguez, revel\u00f3 que el ministro de Energ\u00eda y Minas, Joel Santos, presentar\u00e1 su proyecto presidencial para las elecciones del 2028. Al ser entrevistada en el programa A Diario que se transmite por Sentido 89.3\u2026","rel":"","context":"En \u00abPOLITICA\u00bb","block_context":{"text":"POLITICA","link":"https:\/\/lasprimeras.com.do\/index.php\/category\/politica\/"},"img":{"alt_text":"","src":"https:\/\/i0.wp.com\/lasprimeras.com.do\/wp-content\/uploads\/2025\/06\/josefa-castillo.png?resize=350%2C200&ssl=1","width":350,"height":200,"srcset":"https:\/\/i0.wp.com\/lasprimeras.com.do\/wp-content\/uploads\/2025\/06\/josefa-castillo.png?resize=350%2C200&ssl=1 1x, https:\/\/i0.wp.com\/lasprimeras.com.do\/wp-content\/uploads\/2025\/06\/josefa-castillo.png?resize=525%2C300&ssl=1 1.5x, https:\/\/i0.wp.com\/lasprimeras.com.do\/wp-content\/uploads\/2025\/06\/josefa-castillo.png?resize=700%2C400&ssl=1 2x"},"classes":[]},{"id":76129,"url":"https:\/\/lasprimeras.com.do\/index.php\/2024\/02\/07\/gobierno-refuerza-seguridad-fronteriza-en-respuesta-a-la-situacion-en-haiti\/","url_meta":{"origin":94799,"position":4},"title":"Gobierno refuerza seguridad fronteriza en respuesta a la situaci\u00f3n en Hait\u00ed","author":"Nelson Feliz","date":"7 de febrero de 2024","format":false,"excerpt":"El ministro de la Presidencia, Joel Santos, sostuvo que han tomado medidas de rigor a corto y largo plazo. El ministro de la Presidencia, Joel Santos, inform\u00f3 que el Gobierno dominicano ha reforzado la seguridad en los alrededores de la verja fronteriza, luego que en los \u00faltimos d\u00edas se intensificaran\u2026","rel":"","context":"En \u00abNACIONALES\u00bb","block_context":{"text":"NACIONALES","link":"https:\/\/lasprimeras.com.do\/index.php\/category\/nacionales\/"},"img":{"alt_text":"Joel Santos","src":"https:\/\/i0.wp.com\/lasprimeras.com.do\/wp-content\/uploads\/2023\/07\/Joel-Santos.jpg?resize=350%2C200&ssl=1","width":350,"height":200,"srcset":"https:\/\/i0.wp.com\/lasprimeras.com.do\/wp-content\/uploads\/2023\/07\/Joel-Santos.jpg?resize=350%2C200&ssl=1 1x, https:\/\/i0.wp.com\/lasprimeras.com.do\/wp-content\/uploads\/2023\/07\/Joel-Santos.jpg?resize=525%2C300&ssl=1 1.5x, https:\/\/i0.wp.com\/lasprimeras.com.do\/wp-content\/uploads\/2023\/07\/Joel-Santos.jpg?resize=700%2C400&ssl=1 2x"},"classes":[]},{"id":75880,"url":"https:\/\/lasprimeras.com.do\/index.php\/2024\/02\/05\/joel-santos-mayoria-de-homicidios-ocurridos-en-rd-fueron-por-conflictos-sociales\/","url_meta":{"origin":94799,"position":5},"title":"Joel Santos: \u201cMayor\u00eda de homicidios ocurridos en RD fueron por conflictos sociales\u201d","author":"Nelson Feliz","date":"5 de febrero de 2024","format":false,"excerpt":"Por Martin Restituyo En la reuni\u00f3n de seguimiento de la Seguridad Ciudadana, \u00a0el ministro de la Presidencia, Joel Santos, inform\u00f3 este lunes que la mayor\u00eda de homicidios ocurridos en el pa\u00eds las semanas fueron por conflictos sociales, no por hechos delictivos. De acuerdo al \u00faltimo informe presentado por el Gobierno,\u2026","rel":"","context":"En \u00abNACIONALES\u00bb","block_context":{"text":"NACIONALES","link":"https:\/\/lasprimeras.com.do\/index.php\/category\/nacionales\/"},"img":{"alt_text":"Joel Santos","src":"https:\/\/i0.wp.com\/lasprimeras.com.do\/wp-content\/uploads\/2024\/02\/Joel-Santos.jpg?resize=350%2C200&ssl=1","width":350,"height":200,"srcset":"https:\/\/i0.wp.com\/lasprimeras.com.do\/wp-content\/uploads\/2024\/02\/Joel-Santos.jpg?resize=350%2C200&ssl=1 1x, https:\/\/i0.wp.com\/lasprimeras.com.do\/wp-content\/uploads\/2024\/02\/Joel-Santos.jpg?resize=525%2C300&ssl=1 1.5x"},"classes":[]}],"jetpack_sharing_enabled":true,"_links":{"self":[{"href":"https:\/\/lasprimeras.com.do\/index.php\/wp-json\/wp\/v2\/posts\/94799","targetHints":{"allow":["GET"]}}],"collection":[{"href":"https:\/\/lasprimeras.com.do\/index.php\/wp-json\/wp\/v2\/posts"}],"about":[{"href":"https:\/\/lasprimeras.com.do\/index.php\/wp-json\/wp\/v2\/types\/post"}],"author":[{"embeddable":true,"href":"https:\/\/lasprimeras.com.do\/index.php\/wp-json\/wp\/v2\/users\/2"}],"replies":[{"embeddable":true,"href":"https:\/\/lasprimeras.com.do\/index.php\/wp-json\/wp\/v2\/comments?post=94799"}],"version-history":[{"count":1,"href":"https:\/\/lasprimeras.com.do\/index.php\/wp-json\/wp\/v2\/posts\/94799\/revisions"}],"predecessor-version":[{"id":94801,"href":"https:\/\/lasprimeras.com.do\/index.php\/wp-json\/wp\/v2\/posts\/94799\/revisions\/94801"}],"wp:featuredmedia":[{"embeddable":true,"href":"https:\/\/lasprimeras.com.do\/index.php\/wp-json\/wp\/v2\/media\/94800"}],"wp:attachment":[{"href":"https:\/\/lasprimeras.com.do\/index.php\/wp-json\/wp\/v2\/media?parent=94799"}],"wp:term":[{"taxonomy":"category","embeddable":true,"href":"https:\/\/lasprimeras.com.do\/index.php\/wp-json\/wp\/v2\/categories?post=94799"},{"taxonomy":"post_tag","embeddable":true,"href":"https:\/\/lasprimeras.com.do\/index.php\/wp-json\/wp\/v2\/tags?post=94799"}],"curies":[{"name":"wp","href":"https:\/\/api.w.org\/{rel}","templated":true}]}}