{"id":94802,"date":"2025-03-05T23:52:39","date_gmt":"2025-03-06T03:52:39","guid":{"rendered":"https:\/\/lasprimeras.com.do\/?p=94802"},"modified":"2025-03-05T23:52:39","modified_gmt":"2025-03-06T03:52:39","slug":"cmd-marchara-hacia-salud-publica-por-aumento-salarial-a-medicos-pensionados","status":"publish","type":"post","link":"https:\/\/lasprimeras.com.do\/index.php\/2025\/03\/05\/cmd-marchara-hacia-salud-publica-por-aumento-salarial-a-medicos-pensionados\/","title":{"rendered":"CMD marchar\u00e1 hacia Salud P\u00fablica, por aumento salarial a m\u00e9dicos pensionados"},"content":{"rendered":"\n<p>El presidente del Colegio M\u00e9dico Dominicano, Dr. Waldo Ariel Suero expres\u00f3 que el jueves 13 de marzo, el gremio m\u00e9dico har\u00e1 una marcha hacia el Ministerio de Salud P\u00fablica a las 9 am, partiendo desde el Hospital Salvador B. Gautier.<\/p>\n\n\n\n<p>Suero consider\u00f3 que la situaci\u00f3n socio econ\u00f3mica y emocionante del m\u00e9dico pensionado es intolerante; existen muchos m\u00e9dicos pensionados viviendo en la extrema pobreza, con falta de alimentaci\u00f3n sana, vestimentas, llenos de stres y m\u00faltiples enfermedades, sobre todo enfermedades de alto costo; entre otras situaciones que generan preocupaciones en el m\u00e9dico pensionado.<\/p>\n\n\n\n<p>El presidente del gremio m\u00e9dico, se\u00f1al\u00f3 que en el acuerdo firmado entre el CMD y el gobierno, se cre\u00f3 una comisi\u00f3n integrada por el Ministro de Salud P\u00fablica Dr. Victor Atallah, el Director de Presupuesto Lic. Jos\u00e9 Rijo Prebot, el Ministro de Trabajo Lic. Eddy Olivares, el Director de Pensiones Lic. Juan Rosa y el CMD.<\/p>\n\n\n\n<p>Esta comisi\u00f3n tiene la finalidad de buscarle un soluci\u00f3n a esta problem\u00e1tica y de presentarle la propuesta del CMD y de la Asociaci\u00f3n de M\u00e9dicos Pensionados; sin embargo desde hace casi dos meses esta comisi\u00f3n no se re\u00fane.<\/p>\n\n\n\n<p>El CMD y su presidente el Dr. Waldo Ariel Suero est\u00e1n confiados de que el presidente de la rep\u00fablica Lic. Luis Abinader y la Vicepresidenta Lcda Raquel Pe\u00f1a les buscar\u00e1n una salida razonable a este tema.<\/p>\n","protected":false},"excerpt":{"rendered":"<p>El presidente del Colegio M\u00e9dico Dominicano, Dr. Waldo Ariel Suero expres\u00f3 que el jueves 13 de marzo, el gremio m\u00e9dico har\u00e1 una marcha hacia el Ministerio de Salud P\u00fablica a&hellip;<\/p>\n","protected":false},"author":2,"featured_media":94803,"comment_status":"open","ping_status":"open","sticky":false,"template":"","format":"standard","meta":{"content-type":"","jetpack_post_was_ever_published":false,"_jetpack_newsletter_access":"","_jetpack_dont_email_post_to_subs":false,"_jetpack_newsletter_tier_id":0,"_jetpack_memberships_contains_paywalled_content":false,"_jetpack_memberships_contains_paid_content":false,"footnotes":""},"categories":[16558],"tags":[467,1057,17870,17871,2227],"class_list":["post-94802","post","type-post","status-publish","format-standard","has-post-thumbnail","hentry","category-salud","tag-aumento-salarial","tag-cmd","tag-marchara","tag-medicos-pensionados","tag-salud-publica"],"jetpack_featured_media_url":"https:\/\/lasprimeras.com.do\/wp-content\/uploads\/2025\/03\/Waldo-Ariel-Suero.jpg","jetpack-related-posts":[{"id":99257,"url":"https:\/\/lasprimeras.com.do\/index.php\/2025\/05\/19\/cmd-suspende-marcha-llega-acuerdo-con-el-ministro-de-salud-y-el-director-del-sns\/","url_meta":{"origin":94802,"position":0},"title":"CMD suspende marcha, llega acuerdo con el Ministro de Salud y el Director del SNS","author":"Nelson Feliz","date":"19 de mayo de 2025","format":false,"excerpt":"El presidente del Colegio M\u00e9dico Dominicano Dr. Waldo Ariel Suero, inform\u00f3 hoy que el gremio m\u00e9dico se reuni\u00f3 con el Ministro de Salud P\u00fablica Dr. V\u00edctor Atallah y el Director del SNS Dr. Mario Lama en el Ministerio de Salud; llegando al siguiente acuerdo: 1ero. El CMD suspende la marcha\u2026","rel":"","context":"En \u00abPORTADA\u00bb","block_context":{"text":"PORTADA","link":"https:\/\/lasprimeras.com.do\/index.php\/category\/portada\/"},"img":{"alt_text":"Junta Directiva Nacional del CMD","src":"https:\/\/i0.wp.com\/lasprimeras.com.do\/wp-content\/uploads\/2025\/05\/Junta-Directiva-Nacional-del-CMD.jpg?resize=350%2C200&ssl=1","width":350,"height":200,"srcset":"https:\/\/i0.wp.com\/lasprimeras.com.do\/wp-content\/uploads\/2025\/05\/Junta-Directiva-Nacional-del-CMD.jpg?resize=350%2C200&ssl=1 1x, https:\/\/i0.wp.com\/lasprimeras.com.do\/wp-content\/uploads\/2025\/05\/Junta-Directiva-Nacional-del-CMD.jpg?resize=525%2C300&ssl=1 1.5x, https:\/\/i0.wp.com\/lasprimeras.com.do\/wp-content\/uploads\/2025\/05\/Junta-Directiva-Nacional-del-CMD.jpg?resize=700%2C400&ssl=1 2x"},"classes":[]},{"id":91195,"url":"https:\/\/lasprimeras.com.do\/index.php\/2024\/11\/13\/cmd-no-logra-acuerdo-con-abinader-no-descartan-llamado-a-paro\/","url_meta":{"origin":94802,"position":1},"title":"CMD no logra acuerdo con Abinader; no descartan llamado a paro","author":"Nelson Feliz","date":"13 de noviembre de 2024","format":false,"excerpt":"El presidente del Colegio M\u00e9dico Dominicano (CMD) Waldo Ariel Suero, inform\u00f3 que ese entidad y el Gobierno no llegaron a un acuerdo con relaci\u00f3n a su propuesta de aumento salarial de un 70 % a los m\u00e9dicos pensionados del SNS, MSP, Conape, Hospitales de Autogesti\u00f3n, 911, Legistas, Administrativos, entre otros.\u2026","rel":"","context":"En \u00abNACIONALES\u00bb","block_context":{"text":"NACIONALES","link":"https:\/\/lasprimeras.com.do\/index.php\/category\/nacionales\/"},"img":{"alt_text":"Waldo Ariel Suero","src":"https:\/\/i0.wp.com\/lasprimeras.com.do\/wp-content\/uploads\/2024\/06\/Waldo-Ariel-Suero-1-1.jpg?resize=350%2C200&ssl=1","width":350,"height":200,"srcset":"https:\/\/i0.wp.com\/lasprimeras.com.do\/wp-content\/uploads\/2024\/06\/Waldo-Ariel-Suero-1-1.jpg?resize=350%2C200&ssl=1 1x, https:\/\/i0.wp.com\/lasprimeras.com.do\/wp-content\/uploads\/2024\/06\/Waldo-Ariel-Suero-1-1.jpg?resize=525%2C300&ssl=1 1.5x"},"classes":[]},{"id":120591,"url":"https:\/\/lasprimeras.com.do\/index.php\/2026\/01\/26\/cmd-preocupado-por-falta-del-aumento-salarial-para-la-mayoria-de-los-medicos-pensionados\/","url_meta":{"origin":94802,"position":2},"title":"CMD preocupado por falta del aumento salarial para la mayor\u00eda de los m\u00e9dicos pensionados","author":"Nelson Feliz","date":"26 de enero de 2026","format":false,"excerpt":"Dr. Luis Pe\u00f1a N\u00fa\u00f1ez","rel":"","context":"En \u00abECONOM\u00cdA\u00bb","block_context":{"text":"ECONOM\u00cdA","link":"https:\/\/lasprimeras.com.do\/index.php\/category\/economia\/"},"img":{"alt_text":"Dr. Luis Pe\u00f1a N\u00fa\u00f1ez","src":"https:\/\/i0.wp.com\/lasprimeras.com.do\/wp-content\/uploads\/2026\/01\/Dr.-Luis-Pena-Nunez.jpg?resize=350%2C200&ssl=1","width":350,"height":200,"srcset":"https:\/\/i0.wp.com\/lasprimeras.com.do\/wp-content\/uploads\/2026\/01\/Dr.-Luis-Pena-Nunez.jpg?resize=350%2C200&ssl=1 1x, https:\/\/i0.wp.com\/lasprimeras.com.do\/wp-content\/uploads\/2026\/01\/Dr.-Luis-Pena-Nunez.jpg?resize=525%2C300&ssl=1 1.5x, https:\/\/i0.wp.com\/lasprimeras.com.do\/wp-content\/uploads\/2026\/01\/Dr.-Luis-Pena-Nunez.jpg?resize=700%2C400&ssl=1 2x"},"classes":[]},{"id":111588,"url":"https:\/\/lasprimeras.com.do\/index.php\/2025\/10\/10\/dgpj-y-el-cmd-iniciaron-trabajos-para-implementar-aumento-salarial-a-medicos-pensionados\/","url_meta":{"origin":94802,"position":3},"title":"DGPJ y el CMD iniciaron trabajos para implementar aumento salarial a m\u00e9dicos pensionados","author":"Nelson Feliz","date":"10 de octubre de 2025","format":false,"excerpt":"El Colegio M\u00e9dico Dominicano (CMD) y el Director de Pensiones y Jubilaciones Juan Rosa; iniciaron los trabajos para implementar el aumento salarial para los m\u00e9dicos pensionados; tal y como fue acordado entre el presidente Luis Abinader, el Colegio M\u00e9dico Dominicano y la Asociaci\u00f3n de M\u00e9dicos Pensionados, Jubilados y en Edad\u2026","rel":"","context":"En \u00abECONOM\u00cdA\u00bb","block_context":{"text":"ECONOM\u00cdA","link":"https:\/\/lasprimeras.com.do\/index.php\/category\/economia\/"},"img":{"alt_text":"","src":"https:\/\/i0.wp.com\/lasprimeras.com.do\/wp-content\/uploads\/2025\/10\/CMD-1.jpg?resize=350%2C200&ssl=1","width":350,"height":200,"srcset":"https:\/\/i0.wp.com\/lasprimeras.com.do\/wp-content\/uploads\/2025\/10\/CMD-1.jpg?resize=350%2C200&ssl=1 1x, https:\/\/i0.wp.com\/lasprimeras.com.do\/wp-content\/uploads\/2025\/10\/CMD-1.jpg?resize=525%2C300&ssl=1 1.5x, https:\/\/i0.wp.com\/lasprimeras.com.do\/wp-content\/uploads\/2025\/10\/CMD-1.jpg?resize=700%2C400&ssl=1 2x"},"classes":[]},{"id":74457,"url":"https:\/\/lasprimeras.com.do\/index.php\/2024\/01\/23\/colegio-medico-dominicano-demanda-soluciones-para-nombramientos-y-pensiones\/","url_meta":{"origin":94802,"position":4},"title":"Colegio M\u00e9dico Dominicano demanda soluciones para nombramientos y pensiones","author":"BIMARY DE JES\u00daS Matos","date":"23 de enero de 2024","format":false,"excerpt":"Santo Domingo.-El presidente del Colegio M\u00e9dico Dominicano (CMD), Waldo Ariel Suero, indic\u00f3 que, a casi dos meses de que gremio se reuniera en el despacho del Ministro de Administraci\u00f3n P\u00fablica (MAP), Dar\u00edo Castillo, no han visto avances ni soluciones en torno a sus demandas por nombramientos y pensiones. A trav\u00e9s\u2026","rel":"","context":"En \u00abPORTADA\u00bb","block_context":{"text":"PORTADA","link":"https:\/\/lasprimeras.com.do\/index.php\/category\/portada\/"},"img":{"alt_text":"","src":"https:\/\/i0.wp.com\/lasprimeras.com.do\/wp-content\/uploads\/2024\/01\/WhatsApp-Image-2024-01-22-at-11.36.03-AM-4.jpeg?resize=350%2C200&ssl=1","width":350,"height":200,"srcset":"https:\/\/i0.wp.com\/lasprimeras.com.do\/wp-content\/uploads\/2024\/01\/WhatsApp-Image-2024-01-22-at-11.36.03-AM-4.jpeg?resize=350%2C200&ssl=1 1x, https:\/\/i0.wp.com\/lasprimeras.com.do\/wp-content\/uploads\/2024\/01\/WhatsApp-Image-2024-01-22-at-11.36.03-AM-4.jpeg?resize=525%2C300&ssl=1 1.5x"},"classes":[]},{"id":98632,"url":"https:\/\/lasprimeras.com.do\/index.php\/2025\/05\/09\/cmd-califica-de-ofensa-para-los-medicos-comunicado-del-ministro-de-salud\/","url_meta":{"origin":94802,"position":5},"title":"CMD califica de ofensa para los m\u00e9dicos comunicado del Ministro de Salud","author":"Nelson Feliz","date":"9 de mayo de 2025","format":false,"excerpt":"El presidente de Colegio M\u00e9dico Dominicano, doctor Waldo Ariel Suero y la Junta Directiva Nacional del CMD, expresaron que el comunicado realizado por el Ministro de Salud P\u00fablica Dr. V\u00edctor Atallah, en donde \u00e9l acepta p\u00fablicamente las cancelaciones, es un comunicado altamente deplorable, penoso, lleno de argumentos que violan la\u2026","rel":"","context":"En \u00abPORTADA\u00bb","block_context":{"text":"PORTADA","link":"https:\/\/lasprimeras.com.do\/index.php\/category\/portada\/"},"img":{"alt_text":"Waldo Ariel Suero","src":"https:\/\/i0.wp.com\/lasprimeras.com.do\/wp-content\/uploads\/2025\/05\/Waldo-Ariel-Suero.jpg?resize=350%2C200&ssl=1","width":350,"height":200,"srcset":"https:\/\/i0.wp.com\/lasprimeras.com.do\/wp-content\/uploads\/2025\/05\/Waldo-Ariel-Suero.jpg?resize=350%2C200&ssl=1 1x, https:\/\/i0.wp.com\/lasprimeras.com.do\/wp-content\/uploads\/2025\/05\/Waldo-Ariel-Suero.jpg?resize=525%2C300&ssl=1 1.5x, https:\/\/i0.wp.com\/lasprimeras.com.do\/wp-content\/uploads\/2025\/05\/Waldo-Ariel-Suero.jpg?resize=700%2C400&ssl=1 2x"},"classes":[]}],"jetpack_sharing_enabled":true,"_links":{"self":[{"href":"https:\/\/lasprimeras.com.do\/index.php\/wp-json\/wp\/v2\/posts\/94802","targetHints":{"allow":["GET"]}}],"collection":[{"href":"https:\/\/lasprimeras.com.do\/index.php\/wp-json\/wp\/v2\/posts"}],"about":[{"href":"https:\/\/lasprimeras.com.do\/index.php\/wp-json\/wp\/v2\/types\/post"}],"author":[{"embeddable":true,"href":"https:\/\/lasprimeras.com.do\/index.php\/wp-json\/wp\/v2\/users\/2"}],"replies":[{"embeddable":true,"href":"https:\/\/lasprimeras.com.do\/index.php\/wp-json\/wp\/v2\/comments?post=94802"}],"version-history":[{"count":1,"href":"https:\/\/lasprimeras.com.do\/index.php\/wp-json\/wp\/v2\/posts\/94802\/revisions"}],"predecessor-version":[{"id":94804,"href":"https:\/\/lasprimeras.com.do\/index.php\/wp-json\/wp\/v2\/posts\/94802\/revisions\/94804"}],"wp:featuredmedia":[{"embeddable":true,"href":"https:\/\/lasprimeras.com.do\/index.php\/wp-json\/wp\/v2\/media\/94803"}],"wp:attachment":[{"href":"https:\/\/lasprimeras.com.do\/index.php\/wp-json\/wp\/v2\/media?parent=94802"}],"wp:term":[{"taxonomy":"category","embeddable":true,"href":"https:\/\/lasprimeras.com.do\/index.php\/wp-json\/wp\/v2\/categories?post=94802"},{"taxonomy":"post_tag","embeddable":true,"href":"https:\/\/lasprimeras.com.do\/index.php\/wp-json\/wp\/v2\/tags?post=94802"}],"curies":[{"name":"wp","href":"https:\/\/api.w.org\/{rel}","templated":true}]}}