{"id":94805,"date":"2025-03-05T23:56:19","date_gmt":"2025-03-06T03:56:19","guid":{"rendered":"https:\/\/lasprimeras.com.do\/?p=94805"},"modified":"2025-03-05T23:56:20","modified_gmt":"2025-03-06T03:56:20","slug":"vicealcaldesa-reitera-llamado-a-obras-publicas-ante-deterioro-calles-de-villa-gonzalez","status":"publish","type":"post","link":"https:\/\/lasprimeras.com.do\/index.php\/2025\/03\/05\/vicealcaldesa-reitera-llamado-a-obras-publicas-ante-deterioro-calles-de-villa-gonzalez\/","title":{"rendered":"Vicealcaldesa reitera llamado a Obras P\u00fablicas ante deterioro calles de Villa Gonz\u00e1lez"},"content":{"rendered":"\n<p>La vicealcaldesa de este municipio, Nidia M\u00e9ndez, llam\u00f3 al Ministerio de Obras P\u00fablicas y Comunicaciones (MOPC) para que priorice la reparaci\u00f3n y asfaltado de las calles de Villa Gonz\u00e1lez, en respuesta a la creciente preocupaci\u00f3n de la comunidad ante el avanzado deterioro de las mismas.<\/p>\n\n\n\n<p>A trav\u00e9s de un mensaje dirigido a la poblaci\u00f3n, M\u00e9ndez expres\u00f3 su compromiso inquebrantable con la defensa de las necesidades del municipio, subrayando la falta de acci\u00f3n gubernamental en un tema que afecta directamente la calidad de vida de los ciudadanos.<\/p>\n\n\n\n<p>\u201cComo representante de nuestra gente en Villa Gonz\u00e1lez, no puedo quedarme indiferente ante la preocupaci\u00f3n creciente por el deterioro de nuestras calles. Es evidente que nuestro municipio sigue esperando una intervenci\u00f3n urgente por parte del Ministerio de Obras P\u00fablicas, mientras vemos c\u00f3mo asfaltados van y vienen en otras localidades del pa\u00eds\u201d, afirm\u00f3 la vicealcaldesa.<\/p>\n\n\n\n<p>M\u00e9ndez destac\u00f3 que, desde la Alcald\u00eda, el alcalde C\u00e9sar \u00c1lvarez ha realizado gestiones continuas, tocando puertas y buscando soluciones para que el asfalto llegue a Villa Gonz\u00e1lez. Sin embargo, hasta la fecha, la respuesta ha sido m\u00ednima e insuficiente, con solo tres comunidades intervenidas de manera limitada.<\/p>\n\n\n\n<p>\u201cNuestro alcalde ha hecho todo lo que est\u00e1 a su alcance, gestionando de manera insistente ante las autoridades nacionales. Pero Villa Gonz\u00e1lez no puede seguir esperando. Necesitamos una acci\u00f3n m\u00e1s amplia y efectiva para atender el reclamo leg\u00edtimo de nuestra comunidad\u201d, enfatiz\u00f3.<\/p>\n\n\n\n<p>Entre las comunidades m\u00e1s afectadas, la vicealcaldesa mencion\u00f3 El Garc\u00eda Arriba, donde la v\u00eda se torna intransitable cada vez que llueve debido a las zanjas que se forman, dificultando la movilidad de los residentes.<\/p>\n\n\n\n<p>\u201cReitero mi compromiso con nuestra gente y me sumo al llamado colectivo de nuestros municipes para que el Ministerio de Obras P\u00fablicas agilice las soluciones que tanto esperamos. No se trata de una petici\u00f3n nueva ni de un reclamo infundado, sino de una necesidad urgente para mejorar la calidad de vida de nuestros ciudadanos\u201d, afirm\u00f3 M\u00e9ndez.<\/p>\n\n\n\n<p>Finalmente, la vicealcaldesa asegur\u00f3 que continuar\u00e1 gestionando incansablemente, en conjunto con la Alcald\u00eda y la comunidad, hasta lograr que Villa Gonz\u00e1lez reciba la atenci\u00f3n que merece.<\/p>\n","protected":false},"excerpt":{"rendered":"<p>La vicealcaldesa de este municipio, Nidia M\u00e9ndez, llam\u00f3 al Ministerio de Obras P\u00fablicas y Comunicaciones (MOPC) para que priorice la reparaci\u00f3n y asfaltado de las calles de Villa Gonz\u00e1lez, en&hellip;<\/p>\n","protected":false},"author":2,"featured_media":94806,"comment_status":"open","ping_status":"open","sticky":false,"template":"","format":"standard","meta":{"content-type":"","jetpack_post_was_ever_published":false,"_jetpack_newsletter_access":"","_jetpack_dont_email_post_to_subs":false,"_jetpack_newsletter_tier_id":0,"_jetpack_memberships_contains_paywalled_content":false,"_jetpack_memberships_contains_paid_content":false,"footnotes":""},"categories":[35],"tags":[17873,17872,1569,7052,5248],"class_list":["post-94805","post","type-post","status-publish","format-standard","has-post-thumbnail","hentry","category-nacionales","tag-deterioro-calles","tag-nidia-mendez","tag-obras-publicas","tag-vicealcaldesa","tag-villa-gonzalez"],"jetpack_featured_media_url":"https:\/\/lasprimeras.com.do\/wp-content\/uploads\/2025\/03\/Nidia-Mendez.jpg","jetpack-related-posts":[{"id":101237,"url":"https:\/\/lasprimeras.com.do\/index.php\/2025\/06\/17\/comunidad-de-san-luis-la-manzana-expresa-preocupacion-por-rapido-deterioro-de-su-carretera\/","url_meta":{"origin":94805,"position":0},"title":"Comunidad de San Luis &#8211; La Manzana expresa preocupaci\u00f3n por r\u00e1pido deterioro de su carretera","author":"Nelson Feliz","date":"17 de junio de 2025","format":false,"excerpt":"Por NICOL\u00c1S GRULL\u00d3N UBI\u00d1AS Moradores de la comunidad San Luis - La Manzana, en el municipio de Moca, manifestaron su profunda preocupaci\u00f3n por el visible y acelerado deterioro de la carretera construida recientemente por el gobierno central. Tras m\u00e1s de 25 a\u00f1os de espera, los residentes celebraron la tan anhelada\u2026","rel":"","context":"En \u00abNACIONALES\u00bb","block_context":{"text":"NACIONALES","link":"https:\/\/lasprimeras.com.do\/index.php\/category\/nacionales\/"},"img":{"alt_text":"","src":"https:\/\/i0.wp.com\/lasprimeras.com.do\/wp-content\/uploads\/2025\/06\/carretera-1.jpg?resize=350%2C200&ssl=1","width":350,"height":200,"srcset":"https:\/\/i0.wp.com\/lasprimeras.com.do\/wp-content\/uploads\/2025\/06\/carretera-1.jpg?resize=350%2C200&ssl=1 1x, https:\/\/i0.wp.com\/lasprimeras.com.do\/wp-content\/uploads\/2025\/06\/carretera-1.jpg?resize=525%2C300&ssl=1 1.5x, https:\/\/i0.wp.com\/lasprimeras.com.do\/wp-content\/uploads\/2025\/06\/carretera-1.jpg?resize=700%2C400&ssl=1 2x"},"classes":[]},{"id":105741,"url":"https:\/\/lasprimeras.com.do\/index.php\/2025\/08\/06\/exalcalde-marcial-reyes-lamenta-abandono-de-obras-y-deterioro-urbano-en-la-caleta\/","url_meta":{"origin":94805,"position":1},"title":"Exalcalde Marcial Reyes lamenta abandono de obras y deterioro urbano en La Caleta,","author":"Nelson Feliz","date":"6 de agosto de 2025","format":false,"excerpt":"El exalcalde del municipio La Caleta y dirigente del Partido de la Liberaci\u00f3n Dominicana (PLD), Marcial Reyes Suberv\u00ed, manifest\u00f3 su profunda preocupaci\u00f3n por el estado de abandono en que se encuentra esa comunidad, pese a su importancia estrat\u00e9gica y a la existencia de un contrato multimillonario entre el Estado dominicano\u2026","rel":"","context":"En \u00abPOLITICA\u00bb","block_context":{"text":"POLITICA","link":"https:\/\/lasprimeras.com.do\/index.php\/category\/politica\/"},"img":{"alt_text":"","src":"https:\/\/i0.wp.com\/lasprimeras.com.do\/wp-content\/uploads\/2025\/08\/obras.jpeg?resize=350%2C200&ssl=1","width":350,"height":200,"srcset":"https:\/\/i0.wp.com\/lasprimeras.com.do\/wp-content\/uploads\/2025\/08\/obras.jpeg?resize=350%2C200&ssl=1 1x, https:\/\/i0.wp.com\/lasprimeras.com.do\/wp-content\/uploads\/2025\/08\/obras.jpeg?resize=525%2C300&ssl=1 1.5x, https:\/\/i0.wp.com\/lasprimeras.com.do\/wp-content\/uploads\/2025\/08\/obras.jpeg?resize=700%2C400&ssl=1 2x, https:\/\/i0.wp.com\/lasprimeras.com.do\/wp-content\/uploads\/2025\/08\/obras.jpeg?resize=1050%2C600&ssl=1 3x, https:\/\/i0.wp.com\/lasprimeras.com.do\/wp-content\/uploads\/2025\/08\/obras.jpeg?resize=1400%2C800&ssl=1 4x"},"classes":[]},{"id":105296,"url":"https:\/\/lasprimeras.com.do\/index.php\/2025\/08\/01\/calles-total-abandonada-en-los-mangos-de-cuca-azua\/","url_meta":{"origin":94805,"position":2},"title":"Calles total abandonada en Los Mangos de Cuca-Azua","author":"Nelson Feliz","date":"1 de agosto de 2025","format":false,"excerpt":"En esta comunidad de Villa Coraz\u00f3n de Jes\u00fas, mejor conocida como Los Mangos de Cuca en Azua, las condiciones de las calles siguen empeorando con el paso del tiempo. El deterioro es visible: hoyos, lodo y falta de mantenimiento afectan el entorno y la calidad de vida de quienes aqu\u00ed\u2026","rel":"","context":"En \u00abNACIONALES\u00bb","block_context":{"text":"NACIONALES","link":"https:\/\/lasprimeras.com.do\/index.php\/category\/nacionales\/"},"img":{"alt_text":"","src":"https:\/\/i0.wp.com\/lasprimeras.com.do\/wp-content\/uploads\/2025\/08\/1.jpg?resize=350%2C200&ssl=1","width":350,"height":200,"srcset":"https:\/\/i0.wp.com\/lasprimeras.com.do\/wp-content\/uploads\/2025\/08\/1.jpg?resize=350%2C200&ssl=1 1x, https:\/\/i0.wp.com\/lasprimeras.com.do\/wp-content\/uploads\/2025\/08\/1.jpg?resize=525%2C300&ssl=1 1.5x, https:\/\/i0.wp.com\/lasprimeras.com.do\/wp-content\/uploads\/2025\/08\/1.jpg?resize=700%2C400&ssl=1 2x"},"classes":[]},{"id":110195,"url":"https:\/\/lasprimeras.com.do\/index.php\/2025\/09\/25\/ayuntamiento-de-santo-domingo-este-activo-comite-de-emergencia-ante-alerta-por-vaguada\/","url_meta":{"origin":94805,"position":3},"title":"Ayuntamiento de Santo Domingo Este activ\u00f3 comit\u00e9 de emergencia ante alerta por vaguada","author":"Nelson Feliz","date":"25 de septiembre de 2025","format":false,"excerpt":"Ante el anuncio de la incidencia activa de una onda tropical y una vaguada que afectar\u00e1 varias provincias del pa\u00eds, el Comit\u00e9 Municipal de Prevenci\u00f3n, Mitigaci\u00f3n y Respuesta (CMPR) del Ayuntamiento de Santo Domingo Este, encabezado por la vicealcaldesa \u00c1ngela Henr\u00edquez, se reuni\u00f3 para definir acciones preventivas, tras declararse alerta\u2026","rel":"","context":"En \u00abNACIONALES\u00bb","block_context":{"text":"NACIONALES","link":"https:\/\/lasprimeras.com.do\/index.php\/category\/nacionales\/"},"img":{"alt_text":"","src":"https:\/\/i0.wp.com\/lasprimeras.com.do\/wp-content\/uploads\/2025\/09\/Angela-Henriquez.jpg?resize=350%2C200&ssl=1","width":350,"height":200,"srcset":"https:\/\/i0.wp.com\/lasprimeras.com.do\/wp-content\/uploads\/2025\/09\/Angela-Henriquez.jpg?resize=350%2C200&ssl=1 1x, https:\/\/i0.wp.com\/lasprimeras.com.do\/wp-content\/uploads\/2025\/09\/Angela-Henriquez.jpg?resize=525%2C300&ssl=1 1.5x, https:\/\/i0.wp.com\/lasprimeras.com.do\/wp-content\/uploads\/2025\/09\/Angela-Henriquez.jpg?resize=700%2C400&ssl=1 2x"},"classes":[]},{"id":107752,"url":"https:\/\/lasprimeras.com.do\/index.php\/2025\/08\/30\/yeni-berenice-llama-a-eliminar-imagenes-y-videos-de-victima-de-violacion-en-villa-gonzalez\/","url_meta":{"origin":94805,"position":4},"title":"Yeni Berenice llama a eliminar im\u00e1genes y videos de v\u00edctima de violaci\u00f3n en Villa Gonz\u00e1lez","author":"Nelson Feliz","date":"30 de agosto de 2025","format":false,"excerpt":"Hasta el momento, seis hombres se encuentran detenidos por su vinculaci\u00f3n en el hecho. La Procuradora General de la Rep\u00fablica, Yeni Berenice Reynoso, hizo un llamado a todas las personas en redes sociales y a las plataformas de medios para que \"eliminen inmediatamente\" cualquier foto o video que hayan difundido\u2026","rel":"","context":"En \u00abJUSTICIA\u00bb","block_context":{"text":"JUSTICIA","link":"https:\/\/lasprimeras.com.do\/index.php\/category\/justicia\/"},"img":{"alt_text":"Yeni Berenice Reynoso","src":"https:\/\/i0.wp.com\/lasprimeras.com.do\/wp-content\/uploads\/2025\/08\/Yeni-Berenice-Reynoso.jpg?resize=350%2C200&ssl=1","width":350,"height":200,"srcset":"https:\/\/i0.wp.com\/lasprimeras.com.do\/wp-content\/uploads\/2025\/08\/Yeni-Berenice-Reynoso.jpg?resize=350%2C200&ssl=1 1x, https:\/\/i0.wp.com\/lasprimeras.com.do\/wp-content\/uploads\/2025\/08\/Yeni-Berenice-Reynoso.jpg?resize=525%2C300&ssl=1 1.5x, https:\/\/i0.wp.com\/lasprimeras.com.do\/wp-content\/uploads\/2025\/08\/Yeni-Berenice-Reynoso.jpg?resize=700%2C400&ssl=1 2x"},"classes":[]},{"id":70590,"url":"https:\/\/lasprimeras.com.do\/index.php\/2023\/12\/12\/vicealcaldesa-quita-sueno-renuncia-del-prm\/","url_meta":{"origin":94805,"position":5},"title":"Vicealcaldesa Quita Sue\u00f1o renuncia del PRM","author":"BIMARY DE JES\u00daS Matos","date":"12 de diciembre de 2023","format":false,"excerpt":"San Crist\u00f3bal. La actual vicealcaldesa del Ayuntamiento de Quita Sue\u00f1o, en Haina, Jarlina M\u00e9ndez Vargas, renunci\u00f3 del PRM y de inmediato pas\u00f3 a juramentarse en el Partido de la Liberaci\u00f3n Dominicana (PLD), junto a sus seguidores. M\u00e9ndez Vargas comunic\u00f3 que el PRM le ha fallado al pueblo, por lo que\u2026","rel":"","context":"En \u00abSin categor\u00eda\u00bb","block_context":{"text":"Sin categor\u00eda","link":"https:\/\/lasprimeras.com.do\/index.php\/category\/sin-categoria\/"},"img":{"alt_text":"","src":"https:\/\/i0.wp.com\/lasprimeras.com.do\/wp-content\/uploads\/2023\/12\/WhatsApp-Image-2023-12-12-at-10.09.55-AM.webp?resize=350%2C200&ssl=1","width":350,"height":200},"classes":[]}],"jetpack_sharing_enabled":true,"_links":{"self":[{"href":"https:\/\/lasprimeras.com.do\/index.php\/wp-json\/wp\/v2\/posts\/94805","targetHints":{"allow":["GET"]}}],"collection":[{"href":"https:\/\/lasprimeras.com.do\/index.php\/wp-json\/wp\/v2\/posts"}],"about":[{"href":"https:\/\/lasprimeras.com.do\/index.php\/wp-json\/wp\/v2\/types\/post"}],"author":[{"embeddable":true,"href":"https:\/\/lasprimeras.com.do\/index.php\/wp-json\/wp\/v2\/users\/2"}],"replies":[{"embeddable":true,"href":"https:\/\/lasprimeras.com.do\/index.php\/wp-json\/wp\/v2\/comments?post=94805"}],"version-history":[{"count":1,"href":"https:\/\/lasprimeras.com.do\/index.php\/wp-json\/wp\/v2\/posts\/94805\/revisions"}],"predecessor-version":[{"id":94807,"href":"https:\/\/lasprimeras.com.do\/index.php\/wp-json\/wp\/v2\/posts\/94805\/revisions\/94807"}],"wp:featuredmedia":[{"embeddable":true,"href":"https:\/\/lasprimeras.com.do\/index.php\/wp-json\/wp\/v2\/media\/94806"}],"wp:attachment":[{"href":"https:\/\/lasprimeras.com.do\/index.php\/wp-json\/wp\/v2\/media?parent=94805"}],"wp:term":[{"taxonomy":"category","embeddable":true,"href":"https:\/\/lasprimeras.com.do\/index.php\/wp-json\/wp\/v2\/categories?post=94805"},{"taxonomy":"post_tag","embeddable":true,"href":"https:\/\/lasprimeras.com.do\/index.php\/wp-json\/wp\/v2\/tags?post=94805"}],"curies":[{"name":"wp","href":"https:\/\/api.w.org\/{rel}","templated":true}]}}