{"id":94808,"date":"2025-03-05T23:59:34","date_gmt":"2025-03-06T03:59:34","guid":{"rendered":"https:\/\/lasprimeras.com.do\/?p=94808"},"modified":"2025-03-05T23:59:34","modified_gmt":"2025-03-06T03:59:34","slug":"senador-por-la-romana-somete-14-nuevas-iniciativas-legislativas","status":"publish","type":"post","link":"https:\/\/lasprimeras.com.do\/index.php\/2025\/03\/05\/senador-por-la-romana-somete-14-nuevas-iniciativas-legislativas\/","title":{"rendered":"Senador por La Romana somete 14 nuevas iniciativas legislativas"},"content":{"rendered":"\n<p>El senador por La Romana Eduard Espiritusanto, someti\u00f3 ante el senado de la Rep\u00fablica 14 iniciativas de las cuales 8, son nuevos proyectos de ley, y 5 resoluciones. <\/p>\n\n\n\n<p>Sostuvo que dichas propuestas tienen como objetivo incidir en una mejor calidad de vida del pueblo dominicano y que el pa\u00eds cuente con las herramientas necesarias en materia legislativa, que incidir\u00e1n en una mejor convivencia, y un mayor fortalecimiento democr\u00e1tico e institucional.<\/p>\n\n\n\n<p>Ante proyectos<\/p>\n\n\n\n<p>Ante proyecto que modifica la ley No. 53-07 sobre Cr\u00edmenes y Delitos de Alta Tecnolog\u00eda, incorporando la Prevenci\u00f3n y Sanci\u00f3n de la Ciberestafa y el uso indebido de Inteligencia Artificial. Ley para la creaci\u00f3n del Sistema Nacional de Registro de Informaci\u00f3n hereditaria de Personas Vinculadas a Delitos y Actos Criminales. Ley que establece la educaci\u00f3n pol\u00edtica como eje transversal en el sistema educativo nacional y dispone su implementaci\u00f3n obligatoria.<\/p>\n\n\n\n<p>Tambi\u00e9n, el ante proyecto que modifica la Ley No. 6132 de 1962 de Expresi\u00f3n y Difusi\u00f3n del Pensamiento. Regulaci\u00f3n de Servicios de Telemedicina en la Rep\u00fablica Dominicana. Proyecto de Ley que declara el \u00faltimo domingo de noviembre de cada a\u00f1o, como \u201cD\u00eda Nacional del Pastor\u201d.<\/p>\n\n\n\n<p>De igual modo, la resoluci\u00f3n que solicita al presidente de la Rep\u00fablica instruir al Consejo Nacional de Discapacidad (CONADIS).<\/p>\n\n\n\n<p>Otras iniciativas con impacto en La Romana<\/p>\n\n\n\n<p>Unidad Oncol\u00f3gica en la provincia de La Romana. Construcci\u00f3n de techados deportivos en el municipio de Villa Hermosa y en los distritos municipales de Cumayasa y Caleta.<\/p>\n\n\n\n<p>Proyecto de Ley que crea el Monumento de la Ca\u00f1a y el Az\u00facar. Designar con el nombre :\u201cProfesor Elpidio Encarnaci\u00f3n\u201d, la pista de atletismo ubicada en el complejo deportivo de la provincia de La Romana. Proyecto que Modifica la Ley No. 53-07 sobre Cr\u00edmenes y Delitos de Alta Tecnolog\u00eda.<\/p>\n\n\n\n<p>Tambi\u00e9n, el Proyecto de Ley para la creaci\u00f3n del Sistema Nacional de Registro de Informaci\u00f3n hereditaria de Personas Vinculadas a Delitos y Actos Criminales. Educaci\u00f3n pol\u00edtica como eje transversal en el sistema educativo nacional y dispone su implementaci\u00f3n obligatoria.<\/p>\n\n\n\n<p>Proyecto que modifica la Ley No. 6132 de 1962 de Expresi\u00f3n y Difusi\u00f3n del Pensamiento. Regulaci\u00f3n de Servicios de Telemedicina en la Rep\u00fablica Dominicana. Proyecto de Ley que declara el \u00faltimo domingo de noviembre de cada a\u00f1o, como \u201cD\u00eda Nacional del Pastor\u201d. Resoluci\u00f3n que solicita al presidente de la Rep\u00fablica instruir al Consejo Nacional de Discapacidad (CONADIS).<\/p>\n","protected":false},"excerpt":{"rendered":"<p>El senador por La Romana Eduard Espiritusanto, someti\u00f3 ante el senado de la Rep\u00fablica 14 iniciativas de las cuales 8, son nuevos proyectos de ley, y 5 resoluciones. Sostuvo que&hellip;<\/p>\n","protected":false},"author":2,"featured_media":94809,"comment_status":"open","ping_status":"open","sticky":false,"template":"","format":"standard","meta":{"content-type":"","jetpack_post_was_ever_published":false,"_jetpack_newsletter_access":"","_jetpack_dont_email_post_to_subs":false,"_jetpack_newsletter_tier_id":0,"_jetpack_memberships_contains_paywalled_content":false,"_jetpack_memberships_contains_paid_content":false,"footnotes":""},"categories":[16559],"tags":[9926],"class_list":["post-94808","post","type-post","status-publish","format-standard","has-post-thumbnail","hentry","category-politica","tag-eduard-espiritusanto"],"jetpack_featured_media_url":"https:\/\/lasprimeras.com.do\/wp-content\/uploads\/2025\/03\/Eduard-Espiritusanto.jpg","jetpack-related-posts":[{"id":88430,"url":"https:\/\/lasprimeras.com.do\/index.php\/2024\/08\/28\/senador-por-la-romana-eduard-espiritusanto-somete-11-iniciativas\/","url_meta":{"origin":94808,"position":0},"title":"Senador por La Romana Eduard Espiritusanto somete 11 iniciativas","author":"Nelson Feliz","date":"28 de agosto de 2024","format":false,"excerpt":"A s\u00f3lo doce d\u00edas de ser juramentado el senador por La Romana Eduard Espiritusanto, someti\u00f3 ante el senado de la Rep\u00fablica 11 iniciativas de las cuales 6 son nuevos proyectos de ley, 3 de reintroducci\u00f3n, y una resoluci\u00f3n. Dentro de esas iniciativas se encuentran: el proyecto de ley de educaci\u00f3n,\u2026","rel":"","context":"En \u00abNACIONALES\u00bb","block_context":{"text":"NACIONALES","link":"https:\/\/lasprimeras.com.do\/index.php\/category\/nacionales\/"},"img":{"alt_text":"Eduard Espiritusanto","src":"https:\/\/i0.wp.com\/lasprimeras.com.do\/wp-content\/uploads\/2024\/08\/ESPIRITUSANTO.jpg?resize=350%2C200&ssl=1","width":350,"height":200,"srcset":"https:\/\/i0.wp.com\/lasprimeras.com.do\/wp-content\/uploads\/2024\/08\/ESPIRITUSANTO.jpg?resize=350%2C200&ssl=1 1x, https:\/\/i0.wp.com\/lasprimeras.com.do\/wp-content\/uploads\/2024\/08\/ESPIRITUSANTO.jpg?resize=525%2C300&ssl=1 1.5x, https:\/\/i0.wp.com\/lasprimeras.com.do\/wp-content\/uploads\/2024\/08\/ESPIRITUSANTO.jpg?resize=700%2C400&ssl=1 2x"},"classes":[]},{"id":68991,"url":"https:\/\/lasprimeras.com.do\/index.php\/2023\/11\/29\/eduard-espiritusanto-presenta-su-tercer-informe-de-gestion-legislativa-en-la-romana\/","url_meta":{"origin":94808,"position":1},"title":"Eduard Espiritusanto presenta su tercer informe de gesti\u00f3n legislativa en La Romana","author":"Nelson Feliz","date":"29 de noviembre de 2023","format":false,"excerpt":"En un multitudinario acto donde participaron personas de toda la sociedad de La Romana, el diputado por el partido Fuerza del Pueblo Eduard Espiritusanto, present\u00f3 su tercer informe de gesti\u00f3n legislativa, correspondiente al periodo 2022-2023, siendo el \u00fanico legislador de est\u00e1 provincia que ha rendido su informe de gesti\u00f3n a\u00f1o\u2026","rel":"","context":"En \u00abPORTADA\u00bb","block_context":{"text":"PORTADA","link":"https:\/\/lasprimeras.com.do\/index.php\/category\/portada\/"},"img":{"alt_text":"Eduard Espiritusanto","src":"https:\/\/i0.wp.com\/lasprimeras.com.do\/wp-content\/uploads\/2023\/11\/Eduard-Espiritusanto-1.jpg?resize=350%2C200&ssl=1","width":350,"height":200,"srcset":"https:\/\/i0.wp.com\/lasprimeras.com.do\/wp-content\/uploads\/2023\/11\/Eduard-Espiritusanto-1.jpg?resize=350%2C200&ssl=1 1x, https:\/\/i0.wp.com\/lasprimeras.com.do\/wp-content\/uploads\/2023\/11\/Eduard-Espiritusanto-1.jpg?resize=525%2C300&ssl=1 1.5x, https:\/\/i0.wp.com\/lasprimeras.com.do\/wp-content\/uploads\/2023\/11\/Eduard-Espiritusanto-1.jpg?resize=700%2C400&ssl=1 2x"},"classes":[]},{"id":124997,"url":"https:\/\/lasprimeras.com.do\/index.php\/2026\/03\/18\/comision-especial-revisa-reforma-a-ley-de-partidos\/","url_meta":{"origin":94808,"position":2},"title":"Comisi\u00f3n Especial revisa reforma a Ley de Partidos","author":"Nelson Feliz","date":"18 de marzo de 2026","format":false,"excerpt":"Por Adalgisa S\u00e1nchez Comisi\u00f3n Especial que estudiar\u00e1 la propuesta de modificaci\u00f3n a la Ley de Partidos, Agrupaciones y Movimientos Pol\u00edticos estar\u00e1 presidida por el senador Pedro Catrain e integrada por los senadores Ram\u00f3n Rogelio Genao, Antonio Marte, Odalis Rodr\u00edguez, F\u00e9lix Bautista, Aneudy Ortiz, Julito Fulcar, Aracelis Villanueva, Mar\u00eda Mercedes Ortiz\u2026","rel":"","context":"En \u00abSin categor\u00eda\u00bb","block_context":{"text":"Sin categor\u00eda","link":"https:\/\/lasprimeras.com.do\/index.php\/category\/sin-categoria\/"},"img":{"alt_text":"","src":"https:\/\/i0.wp.com\/lasprimeras.com.do\/wp-content\/uploads\/2025\/12\/Senado-envia-a-Comision-Especial-Anteproyecto-de-Ley-para-la-Reforma-Policial-2.jpg?resize=350%2C200&ssl=1","width":350,"height":200,"srcset":"https:\/\/i0.wp.com\/lasprimeras.com.do\/wp-content\/uploads\/2025\/12\/Senado-envia-a-Comision-Especial-Anteproyecto-de-Ley-para-la-Reforma-Policial-2.jpg?resize=350%2C200&ssl=1 1x, https:\/\/i0.wp.com\/lasprimeras.com.do\/wp-content\/uploads\/2025\/12\/Senado-envia-a-Comision-Especial-Anteproyecto-de-Ley-para-la-Reforma-Policial-2.jpg?resize=525%2C300&ssl=1 1.5x, https:\/\/i0.wp.com\/lasprimeras.com.do\/wp-content\/uploads\/2025\/12\/Senado-envia-a-Comision-Especial-Anteproyecto-de-Ley-para-la-Reforma-Policial-2.jpg?resize=700%2C400&ssl=1 2x"},"classes":[]},{"id":87794,"url":"https:\/\/lasprimeras.com.do\/index.php\/2024\/08\/17\/electo-senador-por-la-romana-edward-espiritusanto-afirma-irse-satisfecho-como-diputado\/","url_meta":{"origin":94808,"position":3},"title":"Electo senador por La Romana Edward Espiritusanto afirma irse satisfecho como diputado","author":"Nelson Feliz","date":"17 de agosto de 2024","format":false,"excerpt":"El reci\u00e9n electo senador Edwar Espiritusanto expres\u00f3 su nivel de satisfacci\u00f3n por los cuatro a\u00f1os que se desempe\u00f1\u00f3 como diputado, al lograr en un alt\u00edsimo porcentaje las metas y objetivos trazados para hacer de La Romana una provincia pr\u00f3spera, incluyente y participativa. El legislador afirm\u00f3 que si como diputado se\u2026","rel":"","context":"En \u00abSin categor\u00eda\u00bb","block_context":{"text":"Sin categor\u00eda","link":"https:\/\/lasprimeras.com.do\/index.php\/category\/sin-categoria\/"},"img":{"alt_text":"Edward Espiritusanto","src":"https:\/\/i0.wp.com\/lasprimeras.com.do\/wp-content\/uploads\/2024\/08\/Edward-Espiritusanto.jpg?resize=350%2C200&ssl=1","width":350,"height":200,"srcset":"https:\/\/i0.wp.com\/lasprimeras.com.do\/wp-content\/uploads\/2024\/08\/Edward-Espiritusanto.jpg?resize=350%2C200&ssl=1 1x, https:\/\/i0.wp.com\/lasprimeras.com.do\/wp-content\/uploads\/2024\/08\/Edward-Espiritusanto.jpg?resize=525%2C300&ssl=1 1.5x"},"classes":[]},{"id":124327,"url":"https:\/\/lasprimeras.com.do\/index.php\/2026\/03\/11\/senado-aprueba-en-segunda-lectura-reforma-a-la-ley-organica-del-regimen-electoral\/","url_meta":{"origin":94808,"position":4},"title":"Senado aprueba en segunda lectura reforma a la Ley Org\u00e1nica del R\u00e9gimen Electoral","author":"Nelson Feliz","date":"11 de marzo de 2026","format":false,"excerpt":"La propuesta legislativa se\u00f1ala que se hace necesaria la intervenci\u00f3n del Congreso a los fines de proceder a suprimir el modelo de candidaturas independientes, lo que evitar\u00eda dificultades y contrariedades al sistema pol\u00edtico e institucional dominicano. Por: Adalgisa S\u00e1nchez El Senado de la Rep\u00fablica aprob\u00f3 en segunda lectura el proyecto\u2026","rel":"","context":"En \u00abPOLITICA\u00bb","block_context":{"text":"POLITICA","link":"https:\/\/lasprimeras.com.do\/index.php\/category\/politica\/"},"img":{"alt_text":"Ricardo de los Santos","src":"https:\/\/i0.wp.com\/lasprimeras.com.do\/wp-content\/uploads\/2026\/03\/Ricardo-de-los-Santos-3.jpg?resize=350%2C200&ssl=1","width":350,"height":200,"srcset":"https:\/\/i0.wp.com\/lasprimeras.com.do\/wp-content\/uploads\/2026\/03\/Ricardo-de-los-Santos-3.jpg?resize=350%2C200&ssl=1 1x, https:\/\/i0.wp.com\/lasprimeras.com.do\/wp-content\/uploads\/2026\/03\/Ricardo-de-los-Santos-3.jpg?resize=525%2C300&ssl=1 1.5x, https:\/\/i0.wp.com\/lasprimeras.com.do\/wp-content\/uploads\/2026\/03\/Ricardo-de-los-Santos-3.jpg?resize=700%2C400&ssl=1 2x"},"classes":[]},{"id":98877,"url":"https:\/\/lasprimeras.com.do\/index.php\/2025\/05\/13\/senado-aprueba-con-modificaciones-proyecto-que-modifica-ley-137-03\/","url_meta":{"origin":94808,"position":5},"title":"Senado aprueba con modificaciones proyecto que modifica Ley 137-03","author":"Nelson Feliz","date":"13 de mayo de 2025","format":false,"excerpt":"El Senado de la Rep\u00fablica aprob\u00f3, a unanimidad y en segunda lectura, el proyecto de ley que modifica la Ley 137-03, sobre Tr\u00e1fico Il\u00edcito de Migrantes y Trata de Personas, remitida por el Poder Ejecutivo. El presidente de la Comisi\u00f3n Especial que tuvo a su cargo analizar y estudiar esta\u2026","rel":"","context":"En \u00abNACIONALES\u00bb","block_context":{"text":"NACIONALES","link":"https:\/\/lasprimeras.com.do\/index.php\/category\/nacionales\/"},"img":{"alt_text":"","src":"https:\/\/i0.wp.com\/lasprimeras.com.do\/wp-content\/uploads\/2025\/05\/Ricardo-de-los-Santos-2.jpg?resize=350%2C200&ssl=1","width":350,"height":200,"srcset":"https:\/\/i0.wp.com\/lasprimeras.com.do\/wp-content\/uploads\/2025\/05\/Ricardo-de-los-Santos-2.jpg?resize=350%2C200&ssl=1 1x, https:\/\/i0.wp.com\/lasprimeras.com.do\/wp-content\/uploads\/2025\/05\/Ricardo-de-los-Santos-2.jpg?resize=525%2C300&ssl=1 1.5x, https:\/\/i0.wp.com\/lasprimeras.com.do\/wp-content\/uploads\/2025\/05\/Ricardo-de-los-Santos-2.jpg?resize=700%2C400&ssl=1 2x"},"classes":[]}],"jetpack_sharing_enabled":true,"_links":{"self":[{"href":"https:\/\/lasprimeras.com.do\/index.php\/wp-json\/wp\/v2\/posts\/94808","targetHints":{"allow":["GET"]}}],"collection":[{"href":"https:\/\/lasprimeras.com.do\/index.php\/wp-json\/wp\/v2\/posts"}],"about":[{"href":"https:\/\/lasprimeras.com.do\/index.php\/wp-json\/wp\/v2\/types\/post"}],"author":[{"embeddable":true,"href":"https:\/\/lasprimeras.com.do\/index.php\/wp-json\/wp\/v2\/users\/2"}],"replies":[{"embeddable":true,"href":"https:\/\/lasprimeras.com.do\/index.php\/wp-json\/wp\/v2\/comments?post=94808"}],"version-history":[{"count":1,"href":"https:\/\/lasprimeras.com.do\/index.php\/wp-json\/wp\/v2\/posts\/94808\/revisions"}],"predecessor-version":[{"id":94810,"href":"https:\/\/lasprimeras.com.do\/index.php\/wp-json\/wp\/v2\/posts\/94808\/revisions\/94810"}],"wp:featuredmedia":[{"embeddable":true,"href":"https:\/\/lasprimeras.com.do\/index.php\/wp-json\/wp\/v2\/media\/94809"}],"wp:attachment":[{"href":"https:\/\/lasprimeras.com.do\/index.php\/wp-json\/wp\/v2\/media?parent=94808"}],"wp:term":[{"taxonomy":"category","embeddable":true,"href":"https:\/\/lasprimeras.com.do\/index.php\/wp-json\/wp\/v2\/categories?post=94808"},{"taxonomy":"post_tag","embeddable":true,"href":"https:\/\/lasprimeras.com.do\/index.php\/wp-json\/wp\/v2\/tags?post=94808"}],"curies":[{"name":"wp","href":"https:\/\/api.w.org\/{rel}","templated":true}]}}